{"id":188821,"date":"2023-06-12T21:35:15","date_gmt":"2023-06-13T00:35:15","guid":{"rendered":"https:\/\/franciscanos.org.br\/conventosantoantonio\/?p=188821"},"modified":"2023-06-13T07:08:48","modified_gmt":"2023-06-13T10:08:48","slug":"frei-gabriel-encerra-a-trezena-convento-do-largo-da-carioca","status":"publish","type":"post","link":"https:\/\/franciscanos.org.br\/conventosantoantonio\/frei-gabriel-encerra-a-trezena-convento-do-largo-da-carioca\/","title":{"rendered":"Frei Gabriel encerra a Trezena no Convento do Largo da Carioca"},"content":{"rendered":"<p><img loading=\"lazy\" class=\"alignnone size-full wp-image-188822\" src=\"https:\/\/franciscanos.org.br\/conventosantoantonio\/wp-content\/uploads\/2023\/06\/encerramento_01.jpg\" alt=\"\" width=\"1280\" height=\"720\" srcset=\"https:\/\/franciscanos.org.br\/conventosantoantonio\/wp-content\/uploads\/2023\/06\/encerramento_01.jpg 1280w, https:\/\/franciscanos.org.br\/conventosantoantonio\/wp-content\/uploads\/2023\/06\/encerramento_01-450x253.jpg 450w, https:\/\/franciscanos.org.br\/conventosantoantonio\/wp-content\/uploads\/2023\/06\/encerramento_01-1024x576.jpg 1024w, https:\/\/franciscanos.org.br\/conventosantoantonio\/wp-content\/uploads\/2023\/06\/encerramento_01-768x432.jpg 768w, https:\/\/franciscanos.org.br\/conventosantoantonio\/wp-content\/uploads\/2023\/06\/encerramento_01-150x84.jpg 150w\" sizes=\"(max-width: 1280px) 100vw, 1280px\" \/><\/p>\n<p>O rec\u00e9m-ordenado presb\u00edtero, Frei Gabriel Dellandrea, cumpriu \u00e0 risca a miss\u00e3o dada a ele como pregador da 341\u00aa edi\u00e7\u00e3o da Trezena e Festa do Convento Santo Ant\u00f4nio do Largo da Carioca, no Rio de Janeiro. Nesta segunda-feira, ele encerrou a Trezena com a 13\u00aa homilia, tendo como tema \u201cSanto Ant\u00f4nio: o Santo do mundo inteiro!\u201d. Ele agradou o povo porque n\u00e3o faltaram palmas diariamente e o seu confrade santo deve ter gostado.<\/p>\n<p><img loading=\"lazy\" class=\"alignnone size-full wp-image-188823\" src=\"https:\/\/franciscanos.org.br\/conventosantoantonio\/wp-content\/uploads\/2023\/06\/encerramento_07.jpg\" alt=\"\" width=\"1280\" height=\"853\" srcset=\"https:\/\/franciscanos.org.br\/conventosantoantonio\/wp-content\/uploads\/2023\/06\/encerramento_07.jpg 1280w, https:\/\/franciscanos.org.br\/conventosantoantonio\/wp-content\/uploads\/2023\/06\/encerramento_07-450x300.jpg 450w, https:\/\/franciscanos.org.br\/conventosantoantonio\/wp-content\/uploads\/2023\/06\/encerramento_07-1024x682.jpg 1024w, https:\/\/franciscanos.org.br\/conventosantoantonio\/wp-content\/uploads\/2023\/06\/encerramento_07-768x512.jpg 768w, https:\/\/franciscanos.org.br\/conventosantoantonio\/wp-content\/uploads\/2023\/06\/encerramento_07-150x100.jpg 150w\" sizes=\"(max-width: 1280px) 100vw, 1280px\" \/><\/p>\n<p>Com desenvoltura, ele marcou com seu estilo de sempre abrir a sua prega\u00e7\u00e3o contextualizando uma situa\u00e7\u00e3o. Desta vez, falou de um termo pouco conhecido dos cariocas e muito comum em Santa Catarina. &#8220;At\u00e9 pouco tempo atr\u00e1s, nas rodovias, n\u00f3s t\u00ednhamos a figura dos chapas. Eles eram pessoas que ficavam oferecendo seus servi\u00e7os para guiar os motoristas a andarem em alguma cidade desconhecida, ajudando os caminhoneiros tamb\u00e9m a descarregar a carga. Eles indicavam o caminho. Hoje, essa fun\u00e7\u00e3o est\u00e1 quase acabada por causa do famoso GPS, que fica nos dizendo para virar \u00e0 direita ou \u00e0 esquerda, a fim de encontrarmos o destino&#8221;, contou.<\/p>\n<p><img loading=\"lazy\" class=\"alignnone size-full wp-image-188824\" src=\"https:\/\/franciscanos.org.br\/conventosantoantonio\/wp-content\/uploads\/2023\/06\/encerramento_08.jpg\" alt=\"\" width=\"1280\" height=\"853\" srcset=\"https:\/\/franciscanos.org.br\/conventosantoantonio\/wp-content\/uploads\/2023\/06\/encerramento_08.jpg 1280w, https:\/\/franciscanos.org.br\/conventosantoantonio\/wp-content\/uploads\/2023\/06\/encerramento_08-450x300.jpg 450w, https:\/\/franciscanos.org.br\/conventosantoantonio\/wp-content\/uploads\/2023\/06\/encerramento_08-1024x682.jpg 1024w, https:\/\/franciscanos.org.br\/conventosantoantonio\/wp-content\/uploads\/2023\/06\/encerramento_08-768x512.jpg 768w, https:\/\/franciscanos.org.br\/conventosantoantonio\/wp-content\/uploads\/2023\/06\/encerramento_08-150x100.jpg 150w\" sizes=\"(max-width: 1280px) 100vw, 1280px\" \/><\/p>\n<p>A met\u00e1fora serviu para explicar que os santos, para n\u00f3s na Igreja Cat\u00f3lica, poderiam ser bem entendidos como os chapas, ou os GPS que indicam o caminho. &#8220;Eles trilharam a sua vida e agora, com seus ensinamentos e pr\u00e1ticas, nos d\u00e3o o rumo e dire\u00e7\u00e3o. Mas para qual lugar? Para Cristo! Mas como podemos viver como Cristo? Realizando as bem-aventuran\u00e7as que ouvimos hoje! E \u00e9 nessa ideia que podemos entender a hist\u00f3ria de Santo Ant\u00f4nio, que viveu as bem-aventuran\u00e7as!&#8221;, desenvolveu.<\/p>\n\n\t\t<style type=\"text\/css\">\n\t\t\t#gallery-1 {\n\t\t\t\tmargin: auto;\n\t\t\t}\n\t\t\t#gallery-1 .gallery-item {\n\t\t\t\tfloat: left;\n\t\t\t\tmargin-top: 10px;\n\t\t\t\ttext-align: center;\n\t\t\t\twidth: 25%;\n\t\t\t}\n\t\t\t#gallery-1 img {\n\t\t\t\tborder: 2px solid #cfcfcf;\n\t\t\t}\n\t\t\t#gallery-1 .gallery-caption {\n\t\t\t\tmargin-left: 0;\n\t\t\t}\n\t\t\t\/* see gallery_shortcode() in wp-includes\/media.php *\/\n\t\t<\/style>\n\t\t<div id='gallery-1' class='gallery galleryid-188821 gallery-columns-4 gallery-size-thumbnail'><dl class='gallery-item'>\n\t\t\t<dt class='gallery-icon landscape'>\n\t\t\t\t<a href='https:\/\/franciscanos.org.br\/conventosantoantonio\/wp-content\/uploads\/2023\/06\/encerramento_02.jpg'><img width=\"300\" height=\"300\" src=\"https:\/\/franciscanos.org.br\/conventosantoantonio\/wp-content\/uploads\/2023\/06\/encerramento_02-300x300.jpg\" class=\"attachment-thumbnail size-thumbnail\" alt=\"\" loading=\"lazy\" srcset=\"https:\/\/franciscanos.org.br\/conventosantoantonio\/wp-content\/uploads\/2023\/06\/encerramento_02-300x300.jpg 300w, https:\/\/franciscanos.org.br\/conventosantoantonio\/wp-content\/uploads\/2023\/06\/encerramento_02-400x400.jpg 400w\" sizes=\"(max-width: 300px) 100vw, 300px\" \/><\/a>\n\t\t\t<\/dt><\/dl><dl class='gallery-item'>\n\t\t\t<dt class='gallery-icon landscape'>\n\t\t\t\t<a href='https:\/\/franciscanos.org.br\/conventosantoantonio\/wp-content\/uploads\/2023\/06\/encerramento_03.jpg'><img width=\"300\" height=\"300\" src=\"https:\/\/franciscanos.org.br\/conventosantoantonio\/wp-content\/uploads\/2023\/06\/encerramento_03-300x300.jpg\" class=\"attachment-thumbnail size-thumbnail\" alt=\"\" loading=\"lazy\" srcset=\"https:\/\/franciscanos.org.br\/conventosantoantonio\/wp-content\/uploads\/2023\/06\/encerramento_03-300x300.jpg 300w, https:\/\/franciscanos.org.br\/conventosantoantonio\/wp-content\/uploads\/2023\/06\/encerramento_03-400x400.jpg 400w\" sizes=\"(max-width: 300px) 100vw, 300px\" \/><\/a>\n\t\t\t<\/dt><\/dl><dl class='gallery-item'>\n\t\t\t<dt class='gallery-icon landscape'>\n\t\t\t\t<a href='https:\/\/franciscanos.org.br\/conventosantoantonio\/wp-content\/uploads\/2023\/06\/encerramento_05.jpg'><img width=\"300\" height=\"300\" src=\"https:\/\/franciscanos.org.br\/conventosantoantonio\/wp-content\/uploads\/2023\/06\/encerramento_05-300x300.jpg\" class=\"attachment-thumbnail size-thumbnail\" alt=\"\" loading=\"lazy\" srcset=\"https:\/\/franciscanos.org.br\/conventosantoantonio\/wp-content\/uploads\/2023\/06\/encerramento_05-300x300.jpg 300w, https:\/\/franciscanos.org.br\/conventosantoantonio\/wp-content\/uploads\/2023\/06\/encerramento_05-400x400.jpg 400w\" sizes=\"(max-width: 300px) 100vw, 300px\" \/><\/a>\n\t\t\t<\/dt><\/dl><dl class='gallery-item'>\n\t\t\t<dt class='gallery-icon landscape'>\n\t\t\t\t<a href='https:\/\/franciscanos.org.br\/conventosantoantonio\/wp-content\/uploads\/2023\/06\/encerramento_10.jpg'><img width=\"300\" height=\"300\" src=\"https:\/\/franciscanos.org.br\/conventosantoantonio\/wp-content\/uploads\/2023\/06\/encerramento_10-300x300.jpg\" class=\"attachment-thumbnail size-thumbnail\" alt=\"\" loading=\"lazy\" srcset=\"https:\/\/franciscanos.org.br\/conventosantoantonio\/wp-content\/uploads\/2023\/06\/encerramento_10-300x300.jpg 300w, https:\/\/franciscanos.org.br\/conventosantoantonio\/wp-content\/uploads\/2023\/06\/encerramento_10-400x400.jpg 400w\" sizes=\"(max-width: 300px) 100vw, 300px\" \/><\/a>\n\t\t\t<\/dt><\/dl><br style=\"clear: both\" \/>\n\t\t<\/div>\n\n<p><em>(toque nas imagens para ampli\u00e1-las)<\/em><\/p>\n<p>Segundo o frade, elas s\u00e3o uma rota certa, &#8220;um ponto de chegada maravilhoso&#8221; para quem quer ser crist\u00e3o. &#8220;Para seguir Jesus, n\u00e3o \u00e9 necess\u00e1rio s\u00f3 fazer a crisma, decorar os mandamentos e participar da Missa. \u00c9 preciso que a pessoa viva as bem-aventuran\u00e7as que \u00e9 uma disposi\u00e7\u00e3o de vida, n\u00e3o s\u00f3 um cumprimento de preceitos! Elas s\u00e3o o destino certo de quem quer ser um verdadeiro seguidor de Jesus&#8221;, acrescentou.<\/p>\n<p><img loading=\"lazy\" class=\"alignnone size-full wp-image-188831\" src=\"https:\/\/franciscanos.org.br\/conventosantoantonio\/wp-content\/uploads\/2023\/06\/encerramento_09.jpg\" alt=\"\" width=\"1280\" height=\"853\" srcset=\"https:\/\/franciscanos.org.br\/conventosantoantonio\/wp-content\/uploads\/2023\/06\/encerramento_09.jpg 1280w, https:\/\/franciscanos.org.br\/conventosantoantonio\/wp-content\/uploads\/2023\/06\/encerramento_09-450x300.jpg 450w, https:\/\/franciscanos.org.br\/conventosantoantonio\/wp-content\/uploads\/2023\/06\/encerramento_09-1024x682.jpg 1024w, https:\/\/franciscanos.org.br\/conventosantoantonio\/wp-content\/uploads\/2023\/06\/encerramento_09-768x512.jpg 768w, https:\/\/franciscanos.org.br\/conventosantoantonio\/wp-content\/uploads\/2023\/06\/encerramento_09-150x100.jpg 150w\" sizes=\"(max-width: 1280px) 100vw, 1280px\" \/><\/p>\n<p>Disse o pregador que a primeira leitura de hoje fala em consola\u00e7\u00e3o. &#8220;Seguir Jesus \u00e9 um modo de vida exigente, que por vezes nos vai desinstalar de nossos ego\u00edsmos e preconceitos. Mas n\u00e3o podemos desanimar. O pr\u00f3prio Cristo nos consola, pois mesmo que por vezes fiquemos aflitos por escolher o lado certo, seremos consolados pelo Senhor que, dia ap\u00f3s dia, est\u00e1 conosco em nossa caminhada&#8221;, animou.<\/p>\n<p><img loading=\"lazy\" class=\"alignnone size-full wp-image-188833\" src=\"https:\/\/franciscanos.org.br\/conventosantoantonio\/wp-content\/uploads\/2023\/06\/encerramento_04.jpg\" alt=\"\" width=\"1280\" height=\"853\" srcset=\"https:\/\/franciscanos.org.br\/conventosantoantonio\/wp-content\/uploads\/2023\/06\/encerramento_04.jpg 1280w, https:\/\/franciscanos.org.br\/conventosantoantonio\/wp-content\/uploads\/2023\/06\/encerramento_04-450x300.jpg 450w, https:\/\/franciscanos.org.br\/conventosantoantonio\/wp-content\/uploads\/2023\/06\/encerramento_04-1024x682.jpg 1024w, https:\/\/franciscanos.org.br\/conventosantoantonio\/wp-content\/uploads\/2023\/06\/encerramento_04-768x512.jpg 768w, https:\/\/franciscanos.org.br\/conventosantoantonio\/wp-content\/uploads\/2023\/06\/encerramento_04-150x100.jpg 150w\" sizes=\"(max-width: 1280px) 100vw, 1280px\" \/><\/p>\n<p>Frei Gabriel, ent\u00e3o, chegou ao tema do dia: Santo Ant\u00f4nio, o santo do mundo inteiro! &#8220;N\u00e3o pensem que a vida dele foi um mar de rosas onde todo mundo gostava dele e de suas a\u00e7\u00f5es. Ele precisou vencer muitas barreiras, pessoais ou de outras pessoas que queriam o mal para ele. Por isso, tornou-se forte, pois consolado pelo Senhor, foi honrado por Ele! E, por isso, ele se tornou o santo universal, do mundo inteiro! Ele nos indica, com o seu modo de vida simples, como tamb\u00e9m devemos viver, dedicados a cultivar em nosso cora\u00e7\u00e3o as virtudes pr\u00f3prias de um seguidor de Cristo!&#8221;, ensinou.<\/p>\n<p>E escolheu para fechar a Trezena, &#8220;alguns trechos do mais famoso\u201d serm\u00e3o de Santo Ant\u00f4nio para o Domingo de Pentecostes&#8221;:<\/p>\n<p><img loading=\"lazy\" class=\"alignnone size-full wp-image-188834\" src=\"https:\/\/franciscanos.org.br\/conventosantoantonio\/wp-content\/uploads\/2023\/06\/encerramento_06.jpg\" alt=\"\" width=\"1280\" height=\"853\" srcset=\"https:\/\/franciscanos.org.br\/conventosantoantonio\/wp-content\/uploads\/2023\/06\/encerramento_06.jpg 1280w, https:\/\/franciscanos.org.br\/conventosantoantonio\/wp-content\/uploads\/2023\/06\/encerramento_06-450x300.jpg 450w, https:\/\/franciscanos.org.br\/conventosantoantonio\/wp-content\/uploads\/2023\/06\/encerramento_06-1024x682.jpg 1024w, https:\/\/franciscanos.org.br\/conventosantoantonio\/wp-content\/uploads\/2023\/06\/encerramento_06-768x512.jpg 768w, https:\/\/franciscanos.org.br\/conventosantoantonio\/wp-content\/uploads\/2023\/06\/encerramento_06-150x100.jpg 150w\" sizes=\"(max-width: 1280px) 100vw, 1280px\" \/><\/p>\n<p>\u201cQuem est\u00e1 repleto do Esp\u00edrito Santo fala v\u00e1rias l\u00ednguas. As v\u00e1rias l\u00ednguas s\u00e3o os v\u00e1rios testemunhos sobre Cristo, a saber: a humildade, a pobreza, a paci\u00eancia e a obedi\u00eancia; falamos estas l\u00ednguas quando os outros as veem em n\u00f3s mesmos. A palavra \u00e9 viva quando s\u00e3o as obras que falam. Cessem, portanto, os discursos e falem as obras. Estamos saturados de palavras, mas vazios de obras. (&#8230;) Falemos, portanto, conforme a linguagem que o Esp\u00edrito Santo nos conceder; e pe\u00e7amos-lhe humilde e devotamente que derrame sobre n\u00f3s a sua gra\u00e7a. (&#8230;) Que sejamos repletos de um profundo esp\u00edrito de contri\u00e7\u00e3o e nos inflamemos com essas l\u00ednguas de fogo que s\u00e3o os louvores divinos. Desse modo, ardentes e iluminados pelos esplendores da santidade, mereceremos ver o Deus\u00a0Uno\u00a0e\u00a0Trino\u201d.<\/p>\n<p><img loading=\"lazy\" class=\"alignnone size-full wp-image-188832\" src=\"https:\/\/franciscanos.org.br\/conventosantoantonio\/wp-content\/uploads\/2023\/06\/encerramento_12.jpg\" alt=\"\" width=\"1280\" height=\"853\" srcset=\"https:\/\/franciscanos.org.br\/conventosantoantonio\/wp-content\/uploads\/2023\/06\/encerramento_12.jpg 1280w, https:\/\/franciscanos.org.br\/conventosantoantonio\/wp-content\/uploads\/2023\/06\/encerramento_12-450x300.jpg 450w, https:\/\/franciscanos.org.br\/conventosantoantonio\/wp-content\/uploads\/2023\/06\/encerramento_12-1024x682.jpg 1024w, https:\/\/franciscanos.org.br\/conventosantoantonio\/wp-content\/uploads\/2023\/06\/encerramento_12-768x512.jpg 768w, https:\/\/franciscanos.org.br\/conventosantoantonio\/wp-content\/uploads\/2023\/06\/encerramento_12-150x100.jpg 150w\" sizes=\"(max-width: 1280px) 100vw, 1280px\" \/><\/p>\n<p>Tendo como base o Ano Vocacional, o tema da 341\u00aa Trezena e Festa est\u00e1 sendo \u201cA Voca\u00e7\u00e3o de Santo Ant\u00f4nio: exemplo de entrega a Deus\u201d.<\/p>\n<p>O presidente da Sociedade dos Amigos da Rua da Carioca e Adjac\u00eancias (SARCA), na pessoa do sr. Roberto Coury, ofereceu um bolo para o Convento Santo Ant\u00f4nio, que neste dia tamb\u00e9m teve como aniversariante Frei R\u00f3ger Brunorio.<\/p>\n<p><strong>PROGRAME-SE<\/strong><\/p>\n<p>Neste dia 13 de junho, dia do Santo, ser\u00e3o celebradas missas a partir das 6h, com b\u00ean\u00e7\u00e3os, distribui\u00e7\u00e3o dos p\u00e3es e barracas com todas as comidas t\u00edpicas das comemora\u00e7\u00f5es juninas. A expectativa \u00e9 de que um grande n\u00famero de fi\u00e9is, tanto do Rio quanto de outras localidades, passe pelo Convento neste per\u00edodo de Trezena e Festa.<\/p>\n<p><img loading=\"lazy\" class=\"alignnone size-full wp-image-188835\" src=\"https:\/\/franciscanos.org.br\/conventosantoantonio\/wp-content\/uploads\/2023\/06\/encerramento_13.jpg\" alt=\"\" width=\"1280\" height=\"1499\" srcset=\"https:\/\/franciscanos.org.br\/conventosantoantonio\/wp-content\/uploads\/2023\/06\/encerramento_13.jpg 1280w, https:\/\/franciscanos.org.br\/conventosantoantonio\/wp-content\/uploads\/2023\/06\/encerramento_13-384x450.jpg 384w, https:\/\/franciscanos.org.br\/conventosantoantonio\/wp-content\/uploads\/2023\/06\/encerramento_13-874x1024.jpg 874w, https:\/\/franciscanos.org.br\/conventosantoantonio\/wp-content\/uploads\/2023\/06\/encerramento_13-768x899.jpg 768w, https:\/\/franciscanos.org.br\/conventosantoantonio\/wp-content\/uploads\/2023\/06\/encerramento_13-150x176.jpg 150w\" sizes=\"(max-width: 1280px) 100vw, 1280px\" \/><\/p>\n<p>As Missas e b\u00ean\u00e7\u00e3os no Convento Santo Ant\u00f4nio ter\u00e3o os seguintes hor\u00e1rios: 6h, 8h, 10h, 12h, 15h, 17h e 18h, ficando para as 11h a Missa de Santo Ant\u00f4nio no Santu\u00e1rio do Cristo Redentor, com b\u00ean\u00e7\u00e3o e distribui\u00e7\u00e3o dos p\u00e3es.<\/p>\n<p>O espa\u00e7o \u201cGastronomia Antoniana\u201d, que funciona no Sal\u00e3o Frei Fabiano de Cristo, no subsolo do Convento, reformado especialmente para a Festa, oferece uma receita de massa com um molho diferente, por um valor acess\u00edvel.<\/p>\n<hr \/>\n<p><em>Moacir Beggo, pela Equipe de Comunica\u00e7\u00e3o da Prov\u00edncia da Imaculada Concei\u00e7\u00e3o<\/em><\/p>\n","protected":false},"excerpt":{"rendered":"<p>Encerramento da Trezena de Santo Ant\u00f4nio<\/p>\n","protected":false},"author":3,"featured_media":188822,"comment_status":"open","ping_status":"open","sticky":false,"template":"","format":"standard","meta":[],"categories":[105],"tags":[347],"yoast_head":"<!-- This site is optimized with the Yoast SEO plugin v19.4 - https:\/\/yoast.com\/wordpress\/plugins\/seo\/ -->\n<title>Frei Gabriel encerra a Trezena no Convento do Largo da Carioca - Convento Santo Ant\u00f4nio- Franciscanos<\/title>\n<meta name=\"robots\" content=\"index, follow, max-snippet:-1, max-image-preview:large, max-video-preview:-1\" \/>\n<link rel=\"canonical\" href=\"https:\/\/franciscanos.org.br\/conventosantoantonio\/frei-gabriel-encerra-a-trezena-convento-do-largo-da-carioca\/\" \/>\n<meta property=\"og:locale\" content=\"pt_BR\" \/>\n<meta property=\"og:type\" content=\"article\" \/>\n<meta property=\"og:title\" content=\"Frei Gabriel encerra a Trezena no Convento do Largo da Carioca - Convento Santo Ant\u00f4nio- Franciscanos\" \/>\n<meta property=\"og:description\" content=\"Encerramento da Trezena de Santo Ant\u00f4nio\" \/>\n<meta property=\"og:url\" content=\"https:\/\/franciscanos.org.br\/conventosantoantonio\/frei-gabriel-encerra-a-trezena-convento-do-largo-da-carioca\/\" \/>\n<meta property=\"og:site_name\" content=\"Convento Santo Ant\u00f4nio- Franciscanos\" \/>\n<meta property=\"article:published_time\" content=\"2023-06-13T00:35:15+00:00\" \/>\n<meta property=\"article:modified_time\" content=\"2023-06-13T10:08:48+00:00\" \/>\n<meta property=\"og:image\" content=\"https:\/\/franciscanos.org.br\/conventosantoantonio\/wp-content\/uploads\/2023\/06\/encerramento_01.jpg\" \/>\n\t<meta property=\"og:image:width\" content=\"1280\" \/>\n\t<meta property=\"og:image:height\" content=\"720\" \/>\n\t<meta property=\"og:image:type\" content=\"image\/jpeg\" \/>\n<meta name=\"author\" content=\"moacir\" \/>\n<meta name=\"twitter:card\" content=\"summary_large_image\" \/>\n<meta name=\"twitter:label1\" content=\"Escrito por\" \/>\n\t<meta name=\"twitter:data1\" content=\"moacir\" \/>\n\t<meta name=\"twitter:label2\" content=\"Est. tempo de leitura\" \/>\n\t<meta name=\"twitter:data2\" content=\"7 minutos\" \/>\n<script type=\"application\/ld+json\" class=\"yoast-schema-graph\">{\"@context\":\"https:\/\/schema.org\",\"@graph\":[{\"@type\":\"WebSite\",\"@id\":\"https:\/\/franciscanos.org.br\/conventosantoantonio\/#website\",\"url\":\"https:\/\/franciscanos.org.br\/conventosantoantonio\/\",\"name\":\"Convento Santo Ant\u00f4nio- Franciscanos\",\"description\":\"Prov\u00edncia Franciscana da Imaculada Concei\u00e7\u00e3o do Brasil - Ordem dos Frades Menores\",\"potentialAction\":[{\"@type\":\"SearchAction\",\"target\":{\"@type\":\"EntryPoint\",\"urlTemplate\":\"https:\/\/franciscanos.org.br\/conventosantoantonio\/?s={search_term_string}\"},\"query-input\":\"required name=search_term_string\"}],\"inLanguage\":\"pt-BR\"},{\"@type\":\"WebPage\",\"@id\":\"https:\/\/franciscanos.org.br\/conventosantoantonio\/frei-gabriel-encerra-a-trezena-convento-do-largo-da-carioca\/\",\"url\":\"https:\/\/franciscanos.org.br\/conventosantoantonio\/frei-gabriel-encerra-a-trezena-convento-do-largo-da-carioca\/\",\"name\":\"Frei Gabriel encerra a Trezena no Convento do Largo da Carioca - Convento Santo Ant\u00f4nio- Franciscanos\",\"isPartOf\":{\"@id\":\"https:\/\/franciscanos.org.br\/conventosantoantonio\/#website\"},\"datePublished\":\"2023-06-13T00:35:15+00:00\",\"dateModified\":\"2023-06-13T10:08:48+00:00\",\"author\":{\"@id\":\"https:\/\/franciscanos.org.br\/conventosantoantonio\/#\/schema\/person\/73421c01c49c32a7bb0a19d9b36df6ad\"},\"breadcrumb\":{\"@id\":\"https:\/\/franciscanos.org.br\/conventosantoantonio\/frei-gabriel-encerra-a-trezena-convento-do-largo-da-carioca\/#breadcrumb\"},\"inLanguage\":\"pt-BR\",\"potentialAction\":[{\"@type\":\"ReadAction\",\"target\":[\"https:\/\/franciscanos.org.br\/conventosantoantonio\/frei-gabriel-encerra-a-trezena-convento-do-largo-da-carioca\/\"]}]},{\"@type\":\"BreadcrumbList\",\"@id\":\"https:\/\/franciscanos.org.br\/conventosantoantonio\/frei-gabriel-encerra-a-trezena-convento-do-largo-da-carioca\/#breadcrumb\",\"itemListElement\":[{\"@type\":\"ListItem\",\"position\":1,\"name\":\"Home\",\"item\":\"https:\/\/franciscanos.org.br\/conventosantoantonio\/\"},{\"@type\":\"ListItem\",\"position\":2,\"name\":\"Frei Gabriel encerra a Trezena no Convento do Largo da Carioca\"}]},{\"@type\":\"Person\",\"@id\":\"https:\/\/franciscanos.org.br\/conventosantoantonio\/#\/schema\/person\/73421c01c49c32a7bb0a19d9b36df6ad\",\"name\":\"moacir\",\"image\":{\"@type\":\"ImageObject\",\"inLanguage\":\"pt-BR\",\"@id\":\"https:\/\/franciscanos.org.br\/conventosantoantonio\/#\/schema\/person\/image\/\",\"url\":\"https:\/\/secure.gravatar.com\/avatar\/d08aa2ce4c8dd416d4479aa8536fcf64?s=96&d=mm&r=g\",\"contentUrl\":\"https:\/\/secure.gravatar.com\/avatar\/d08aa2ce4c8dd416d4479aa8536fcf64?s=96&d=mm&r=g\",\"caption\":\"moacir\"},\"url\":\"https:\/\/franciscanos.org.br\/conventosantoantonio\/author\/moacir\/\"}]}<\/script>\n<!-- \/ Yoast SEO plugin. -->","yoast_head_json":{"title":"Frei Gabriel encerra a Trezena no Convento do Largo da Carioca - Convento Santo Ant\u00f4nio- Franciscanos","robots":{"index":"index","follow":"follow","max-snippet":"max-snippet:-1","max-image-preview":"max-image-preview:large","max-video-preview":"max-video-preview:-1"},"canonical":"https:\/\/franciscanos.org.br\/conventosantoantonio\/frei-gabriel-encerra-a-trezena-convento-do-largo-da-carioca\/","og_locale":"pt_BR","og_type":"article","og_title":"Frei Gabriel encerra a Trezena no Convento do Largo da Carioca - Convento Santo Ant\u00f4nio- Franciscanos","og_description":"Encerramento da Trezena de Santo Ant\u00f4nio","og_url":"https:\/\/franciscanos.org.br\/conventosantoantonio\/frei-gabriel-encerra-a-trezena-convento-do-largo-da-carioca\/","og_site_name":"Convento Santo Ant\u00f4nio- Franciscanos","article_published_time":"2023-06-13T00:35:15+00:00","article_modified_time":"2023-06-13T10:08:48+00:00","og_image":[{"width":1280,"height":720,"url":"https:\/\/franciscanos.org.br\/conventosantoantonio\/wp-content\/uploads\/2023\/06\/encerramento_01.jpg","type":"image\/jpeg"}],"author":"moacir","twitter_card":"summary_large_image","twitter_misc":{"Escrito por":"moacir","Est. tempo de leitura":"7 minutos"},"schema":{"@context":"https:\/\/schema.org","@graph":[{"@type":"WebSite","@id":"https:\/\/franciscanos.org.br\/conventosantoantonio\/#website","url":"https:\/\/franciscanos.org.br\/conventosantoantonio\/","name":"Convento Santo Ant\u00f4nio- Franciscanos","description":"Prov\u00edncia Franciscana da Imaculada Concei\u00e7\u00e3o do Brasil - Ordem dos Frades Menores","potentialAction":[{"@type":"SearchAction","target":{"@type":"EntryPoint","urlTemplate":"https:\/\/franciscanos.org.br\/conventosantoantonio\/?s={search_term_string}"},"query-input":"required name=search_term_string"}],"inLanguage":"pt-BR"},{"@type":"WebPage","@id":"https:\/\/franciscanos.org.br\/conventosantoantonio\/frei-gabriel-encerra-a-trezena-convento-do-largo-da-carioca\/","url":"https:\/\/franciscanos.org.br\/conventosantoantonio\/frei-gabriel-encerra-a-trezena-convento-do-largo-da-carioca\/","name":"Frei Gabriel encerra a Trezena no Convento do Largo da Carioca - Convento Santo Ant\u00f4nio- Franciscanos","isPartOf":{"@id":"https:\/\/franciscanos.org.br\/conventosantoantonio\/#website"},"datePublished":"2023-06-13T00:35:15+00:00","dateModified":"2023-06-13T10:08:48+00:00","author":{"@id":"https:\/\/franciscanos.org.br\/conventosantoantonio\/#\/schema\/person\/73421c01c49c32a7bb0a19d9b36df6ad"},"breadcrumb":{"@id":"https:\/\/franciscanos.org.br\/conventosantoantonio\/frei-gabriel-encerra-a-trezena-convento-do-largo-da-carioca\/#breadcrumb"},"inLanguage":"pt-BR","potentialAction":[{"@type":"ReadAction","target":["https:\/\/franciscanos.org.br\/conventosantoantonio\/frei-gabriel-encerra-a-trezena-convento-do-largo-da-carioca\/"]}]},{"@type":"BreadcrumbList","@id":"https:\/\/franciscanos.org.br\/conventosantoantonio\/frei-gabriel-encerra-a-trezena-convento-do-largo-da-carioca\/#breadcrumb","itemListElement":[{"@type":"ListItem","position":1,"name":"Home","item":"https:\/\/franciscanos.org.br\/conventosantoantonio\/"},{"@type":"ListItem","position":2,"name":"Frei Gabriel encerra a Trezena no Convento do Largo da Carioca"}]},{"@type":"Person","@id":"https:\/\/franciscanos.org.br\/conventosantoantonio\/#\/schema\/person\/73421c01c49c32a7bb0a19d9b36df6ad","name":"moacir","image":{"@type":"ImageObject","inLanguage":"pt-BR","@id":"https:\/\/franciscanos.org.br\/conventosantoantonio\/#\/schema\/person\/image\/","url":"https:\/\/secure.gravatar.com\/avatar\/d08aa2ce4c8dd416d4479aa8536fcf64?s=96&d=mm&r=g","contentUrl":"https:\/\/secure.gravatar.com\/avatar\/d08aa2ce4c8dd416d4479aa8536fcf64?s=96&d=mm&r=g","caption":"moacir"},"url":"https:\/\/franciscanos.org.br\/conventosantoantonio\/author\/moacir\/"}]}},"_links":{"self":[{"href":"https:\/\/franciscanos.org.br\/conventosantoantonio\/wp-json\/wp\/v2\/posts\/188821"}],"collection":[{"href":"https:\/\/franciscanos.org.br\/conventosantoantonio\/wp-json\/wp\/v2\/posts"}],"about":[{"href":"https:\/\/franciscanos.org.br\/conventosantoantonio\/wp-json\/wp\/v2\/types\/post"}],"author":[{"embeddable":true,"href":"https:\/\/franciscanos.org.br\/conventosantoantonio\/wp-json\/wp\/v2\/users\/3"}],"replies":[{"embeddable":true,"href":"https:\/\/franciscanos.org.br\/conventosantoantonio\/wp-json\/wp\/v2\/comments?post=188821"}],"version-history":[{"count":3,"href":"https:\/\/franciscanos.org.br\/conventosantoantonio\/wp-json\/wp\/v2\/posts\/188821\/revisions"}],"predecessor-version":[{"id":188842,"href":"https:\/\/franciscanos.org.br\/conventosantoantonio\/wp-json\/wp\/v2\/posts\/188821\/revisions\/188842"}],"wp:featuredmedia":[{"embeddable":true,"href":"https:\/\/franciscanos.org.br\/conventosantoantonio\/wp-json\/wp\/v2\/media\/188822"}],"wp:attachment":[{"href":"https:\/\/franciscanos.org.br\/conventosantoantonio\/wp-json\/wp\/v2\/media?parent=188821"}],"wp:term":[{"taxonomy":"category","embeddable":true,"href":"https:\/\/franciscanos.org.br\/conventosantoantonio\/wp-json\/wp\/v2\/categories?post=188821"},{"taxonomy":"post_tag","embeddable":true,"href":"https:\/\/franciscanos.org.br\/conventosantoantonio\/wp-json\/wp\/v2\/tags?post=188821"}],"curies":[{"name":"wp","href":"https:\/\/api.w.org\/{rel}","templated":true}]}}