{"id":188728,"date":"2023-06-10T16:35:53","date_gmt":"2023-06-10T19:35:53","guid":{"rendered":"https:\/\/franciscanos.org.br\/conventosantoantonio\/?p=188728"},"modified":"2023-06-11T13:39:51","modified_gmt":"2023-06-11T16:39:51","slug":"viver-o-pao-da-caridade-como-santo-antonio","status":"publish","type":"post","link":"https:\/\/franciscanos.org.br\/conventosantoantonio\/viver-o-pao-da-caridade-como-santo-antonio\/","title":{"rendered":"Viver o p\u00e3o da caridade como Santo Ant\u00f4nio"},"content":{"rendered":"<p><img loading=\"lazy\" class=\"alignnone size-full wp-image-188729\" src=\"https:\/\/franciscanos.org.br\/conventosantoantonio\/wp-content\/uploads\/2023\/06\/sabado_1006_01.jpg\" alt=\"\" width=\"1280\" height=\"720\" srcset=\"https:\/\/franciscanos.org.br\/conventosantoantonio\/wp-content\/uploads\/2023\/06\/sabado_1006_01.jpg 1280w, https:\/\/franciscanos.org.br\/conventosantoantonio\/wp-content\/uploads\/2023\/06\/sabado_1006_01-450x253.jpg 450w, https:\/\/franciscanos.org.br\/conventosantoantonio\/wp-content\/uploads\/2023\/06\/sabado_1006_01-1024x576.jpg 1024w, https:\/\/franciscanos.org.br\/conventosantoantonio\/wp-content\/uploads\/2023\/06\/sabado_1006_01-768x432.jpg 768w, https:\/\/franciscanos.org.br\/conventosantoantonio\/wp-content\/uploads\/2023\/06\/sabado_1006_01-150x84.jpg 150w\" sizes=\"(max-width: 1280px) 100vw, 1280px\" \/><\/p>\n<p>Um tema muito caro a Santo Ant\u00f4nio fez parte do 11\u00ba Dia da Trezena de Santo Ant\u00f4nio neste s\u00e1bado, 10 de junho, no Convento do Largo da Carioca: \u201cSanto Ant\u00f4nio do p\u00e3o e da caridade!\u201d<\/p>\n<p>O pregador da Trezena, Frei Gabriel Dellandrea, que \u00e9 frade animador do Servi\u00e7o Vocacional da Prov\u00edncia da Imaculada presidiu a Eucaristia, \u00e0s 10 horas, e teve como concelebrantes Frei Jos\u00e9 Pereira e Frei Guido Scottini.<\/p>\n<p>A liturgia contou com os cantos do &#8220;Coral Canto de Rua&#8221;, que \u00e9 uma iniciativa da Pastoral do Povo da Rua da cidade do Rio de Janeiro e tem como objetivo transformar a qualidade de vida da popula\u00e7\u00e3o em situa\u00e7\u00e3o de rua.<\/p>\n<p><img loading=\"lazy\" class=\"alignnone size-full wp-image-188731\" src=\"https:\/\/franciscanos.org.br\/conventosantoantonio\/wp-content\/uploads\/2023\/06\/sabado_1006_14.jpg\" alt=\"\" width=\"1280\" height=\"853\" srcset=\"https:\/\/franciscanos.org.br\/conventosantoantonio\/wp-content\/uploads\/2023\/06\/sabado_1006_14.jpg 1280w, https:\/\/franciscanos.org.br\/conventosantoantonio\/wp-content\/uploads\/2023\/06\/sabado_1006_14-450x300.jpg 450w, https:\/\/franciscanos.org.br\/conventosantoantonio\/wp-content\/uploads\/2023\/06\/sabado_1006_14-1024x682.jpg 1024w, https:\/\/franciscanos.org.br\/conventosantoantonio\/wp-content\/uploads\/2023\/06\/sabado_1006_14-768x512.jpg 768w, https:\/\/franciscanos.org.br\/conventosantoantonio\/wp-content\/uploads\/2023\/06\/sabado_1006_14-150x100.jpg 150w\" sizes=\"(max-width: 1280px) 100vw, 1280px\" \/><\/p>\n<p>Frei Gabriel iniciou explicando que a bandeira de Portugal na prociss\u00e3o de entrada n\u00e3o era para homenagear\u00a0 Santo Ant\u00f4nio, mas a sua terra, porque hoje se celebra em Portugal o Dia de Portugal, de Cam\u00f5es e das Comunidades Portuguesas.<\/p>\n<p>Frei Gabriel abriu sua prega\u00e7\u00e3o colocando a seguinte situa\u00e7\u00e3o: &#8220;Imaginem se eu desse um presente para voc\u00eas, mas pedisse de volta depois, n\u00e3o ficaria uma situa\u00e7\u00e3o estranha? Como assim, deu o presente e depois se arrependeu?&#8221;, disse. &#8220;Pois ent\u00e3o, a din\u00e2mica de Deus \u00e9 justamente essa: ele nos d\u00e1 a nossa voca\u00e7\u00e3o, os nossos dons, e pede-nos de volta. Isso porque Ele sabe que para n\u00f3s nos sentirmos realizados em nossa vida, n\u00e3o podemos viver s\u00f3 para n\u00f3s mesmos. A nossa voca\u00e7\u00e3o, os nossos dons, devem ser partilhados&#8221;, ensinou. &#8220;\u00c9 por isso que n\u00f3s, crist\u00e3os, entendemos nossa vida assim, como servi\u00e7o&#8221;, emendou.<\/p>\n<p><img loading=\"lazy\" class=\"alignnone size-full wp-image-188730\" src=\"https:\/\/franciscanos.org.br\/conventosantoantonio\/wp-content\/uploads\/2023\/06\/sabado_1006_15.jpg\" alt=\"\" width=\"1280\" height=\"853\" srcset=\"https:\/\/franciscanos.org.br\/conventosantoantonio\/wp-content\/uploads\/2023\/06\/sabado_1006_15.jpg 1280w, https:\/\/franciscanos.org.br\/conventosantoantonio\/wp-content\/uploads\/2023\/06\/sabado_1006_15-450x300.jpg 450w, https:\/\/franciscanos.org.br\/conventosantoantonio\/wp-content\/uploads\/2023\/06\/sabado_1006_15-1024x682.jpg 1024w, https:\/\/franciscanos.org.br\/conventosantoantonio\/wp-content\/uploads\/2023\/06\/sabado_1006_15-768x512.jpg 768w, https:\/\/franciscanos.org.br\/conventosantoantonio\/wp-content\/uploads\/2023\/06\/sabado_1006_15-150x100.jpg 150w\" sizes=\"(max-width: 1280px) 100vw, 1280px\" \/><\/p>\n<p>Para o frade, comentando o Evangelho, Jesus se admira com a vi\u00fava que deu o pouco que tinha a Deus. &#8220;Ela j\u00e1 est\u00e1 nessa din\u00e2mica de entender a sua vida como um presente dado por Deus e que deve ser ofertado de volta a Ele. Por isso, sem reservas, ela se entrega por inteiro diante daquele Senhor que a deu tudo. Jesus se admira com a mesquinharia dos Doutores da Lei que, ao inv\u00e9s de serem generosos, eram ego\u00edstas, queriam a honra para si e n\u00e3o para Deus&#8221;, explicou o pregador.<\/p>\n<p>Segundo ele, n\u00f3s todos corremos esse risco. &#8220;Por vezes somos apegados a bens, a ideias, a preconceitos, a coisas que n\u00e3o nos ajudam a sair do lugar. Ficamos no ego\u00edsmo de nossas vidas sem partilhar um pouco da nossa voca\u00e7\u00e3o, dos nossos dons, dos nossos talentos, com os outros. E isso pode ser feito numa miss\u00e3o da Igreja, num projeto de voluntariado, numa experi\u00eancia de caridade&#8230;&#8221;, observou.<\/p>\n\n\t\t<style type=\"text\/css\">\n\t\t\t#gallery-1 {\n\t\t\t\tmargin: auto;\n\t\t\t}\n\t\t\t#gallery-1 .gallery-item {\n\t\t\t\tfloat: left;\n\t\t\t\tmargin-top: 10px;\n\t\t\t\ttext-align: center;\n\t\t\t\twidth: 33%;\n\t\t\t}\n\t\t\t#gallery-1 img {\n\t\t\t\tborder: 2px solid #cfcfcf;\n\t\t\t}\n\t\t\t#gallery-1 .gallery-caption {\n\t\t\t\tmargin-left: 0;\n\t\t\t}\n\t\t\t\/* see gallery_shortcode() in wp-includes\/media.php *\/\n\t\t<\/style>\n\t\t<div id='gallery-1' class='gallery galleryid-188728 gallery-columns-3 gallery-size-thumbnail'><dl class='gallery-item'>\n\t\t\t<dt class='gallery-icon landscape'>\n\t\t\t\t<a href='https:\/\/franciscanos.org.br\/conventosantoantonio\/wp-content\/uploads\/2023\/06\/sabado_1006_02.jpg'><img width=\"300\" height=\"300\" src=\"https:\/\/franciscanos.org.br\/conventosantoantonio\/wp-content\/uploads\/2023\/06\/sabado_1006_02-300x300.jpg\" class=\"attachment-thumbnail size-thumbnail\" alt=\"\" loading=\"lazy\" srcset=\"https:\/\/franciscanos.org.br\/conventosantoantonio\/wp-content\/uploads\/2023\/06\/sabado_1006_02-300x300.jpg 300w, https:\/\/franciscanos.org.br\/conventosantoantonio\/wp-content\/uploads\/2023\/06\/sabado_1006_02-400x400.jpg 400w\" sizes=\"(max-width: 300px) 100vw, 300px\" \/><\/a>\n\t\t\t<\/dt><\/dl><dl class='gallery-item'>\n\t\t\t<dt class='gallery-icon landscape'>\n\t\t\t\t<a href='https:\/\/franciscanos.org.br\/conventosantoantonio\/wp-content\/uploads\/2023\/06\/sabado_1006_13.jpg'><img width=\"300\" height=\"300\" src=\"https:\/\/franciscanos.org.br\/conventosantoantonio\/wp-content\/uploads\/2023\/06\/sabado_1006_13-300x300.jpg\" class=\"attachment-thumbnail size-thumbnail\" alt=\"\" loading=\"lazy\" srcset=\"https:\/\/franciscanos.org.br\/conventosantoantonio\/wp-content\/uploads\/2023\/06\/sabado_1006_13-300x300.jpg 300w, https:\/\/franciscanos.org.br\/conventosantoantonio\/wp-content\/uploads\/2023\/06\/sabado_1006_13-400x400.jpg 400w\" sizes=\"(max-width: 300px) 100vw, 300px\" \/><\/a>\n\t\t\t<\/dt><\/dl><dl class='gallery-item'>\n\t\t\t<dt class='gallery-icon landscape'>\n\t\t\t\t<a href='https:\/\/franciscanos.org.br\/conventosantoantonio\/wp-content\/uploads\/2023\/06\/sabado_1006_16.jpg'><img width=\"300\" height=\"300\" src=\"https:\/\/franciscanos.org.br\/conventosantoantonio\/wp-content\/uploads\/2023\/06\/sabado_1006_16-300x300.jpg\" class=\"attachment-thumbnail size-thumbnail\" alt=\"\" loading=\"lazy\" srcset=\"https:\/\/franciscanos.org.br\/conventosantoantonio\/wp-content\/uploads\/2023\/06\/sabado_1006_16-300x300.jpg 300w, https:\/\/franciscanos.org.br\/conventosantoantonio\/wp-content\/uploads\/2023\/06\/sabado_1006_16-400x400.jpg 400w\" sizes=\"(max-width: 300px) 100vw, 300px\" \/><\/a>\n\t\t\t<\/dt><\/dl><br style=\"clear: both\" \/>\n\t\t<\/div>\n\n<p><em>(toque nas imagens para ampli\u00e1-las)<\/em><\/p>\n<p>&#8220;A vi\u00fava n\u00e3o ofereceu s\u00f3 dinheiro, mas tudo o que tinha. Essa \u00e9 a din\u00e2mica que devemos realizar enquanto crist\u00e3os. O presente que recebemos de Deus, a nossa voca\u00e7\u00e3o, os nossos dons, devemos partilhar com Deus e os irm\u00e3os. S\u00f3 faz sentido a nossa vida se oferecermos tudo o que temos&#8221;, disse, lembrando que os coralistas oferecem suas vozes como dons. Servem a liturgia com o que t\u00eam. &#8220;Cada um de voc\u00eas oferece aqui a sua presen\u00e7a, a sua voca\u00e7\u00e3o e o seu amor a Santo Ant\u00f4nio. E fazemos por amor. S\u00f3 poderemos oferecer tudo o que temos se amamos a Deus e queremos oferecer. Ao contr\u00e1rio, seremos ego\u00edstas pensando em n\u00f3s mesmos&#8221;, ressaltou.<\/p>\n<p>Ele citou o poeta Lu\u00eds de Cam\u00f5es, o portugu\u00eas que escreveu o cl\u00e1ssico &#8220;Os Lus\u00edadas&#8221;, que diz assim: &#8220;O amor \u00e9 fogo que arde sem se ver\/ \u00e9 ferida que d\u00f3i, e n\u00e3o se sente;\/ \u00e9 um contentamento descontente,\/ \u00e9 dor que desatina sem doer\/ \u00c9 querer estar preso por vontade&#8221;.<\/p>\n<p><img loading=\"lazy\" class=\"alignnone size-full wp-image-188735\" src=\"https:\/\/franciscanos.org.br\/conventosantoantonio\/wp-content\/uploads\/2023\/06\/sabado_1006_24.jpg\" alt=\"\" width=\"1280\" height=\"682\" srcset=\"https:\/\/franciscanos.org.br\/conventosantoantonio\/wp-content\/uploads\/2023\/06\/sabado_1006_24.jpg 1280w, https:\/\/franciscanos.org.br\/conventosantoantonio\/wp-content\/uploads\/2023\/06\/sabado_1006_24-450x240.jpg 450w, https:\/\/franciscanos.org.br\/conventosantoantonio\/wp-content\/uploads\/2023\/06\/sabado_1006_24-1024x546.jpg 1024w, https:\/\/franciscanos.org.br\/conventosantoantonio\/wp-content\/uploads\/2023\/06\/sabado_1006_24-768x409.jpg 768w, https:\/\/franciscanos.org.br\/conventosantoantonio\/wp-content\/uploads\/2023\/06\/sabado_1006_24-150x80.jpg 150w\" sizes=\"(max-width: 1280px) 100vw, 1280px\" \/><\/p>\n<p><img loading=\"lazy\" class=\"alignnone size-full wp-image-188736\" src=\"https:\/\/franciscanos.org.br\/conventosantoantonio\/wp-content\/uploads\/2023\/06\/sabado_1006_19.jpg\" alt=\"\" width=\"1280\" height=\"853\" srcset=\"https:\/\/franciscanos.org.br\/conventosantoantonio\/wp-content\/uploads\/2023\/06\/sabado_1006_19.jpg 1280w, https:\/\/franciscanos.org.br\/conventosantoantonio\/wp-content\/uploads\/2023\/06\/sabado_1006_19-450x300.jpg 450w, https:\/\/franciscanos.org.br\/conventosantoantonio\/wp-content\/uploads\/2023\/06\/sabado_1006_19-1024x682.jpg 1024w, https:\/\/franciscanos.org.br\/conventosantoantonio\/wp-content\/uploads\/2023\/06\/sabado_1006_19-768x512.jpg 768w, https:\/\/franciscanos.org.br\/conventosantoantonio\/wp-content\/uploads\/2023\/06\/sabado_1006_19-150x100.jpg 150w\" sizes=\"(max-width: 1280px) 100vw, 1280px\" \/><\/p>\n<p>E Frei Gabriel perguntou: &#8220;Algu\u00e9m daqui gosta de estar preso? L\u00e1 no Sul, com muito frio, a gente tem de dormir com muita roupa, todo amarrado. Eu n\u00e3o gosto. Mas quando n\u00f3s entendemos a din\u00e2mica de Deus, queremos nos prender a esse amor e como a vi\u00fava do Evangelho, oferecermos tudo o que temos&#8221;.<\/p>\n<p>Para o frade, Santo Ant\u00f4nio indica uma nova postura: &#8220;Ele entendia que sua vida era um servi\u00e7o total a Deus e por isso se entregava por inteiro em tudo o que fazia. Se era para rezar, rezava com disposi\u00e7\u00e3o total. Se era para trabalhar, n\u00e3o media esfor\u00e7os. Passava horas estudando, servindo, ouvindo, ajudando&#8221;.<\/p>\n<p><img loading=\"lazy\" class=\"alignnone size-full wp-image-188737\" src=\"https:\/\/franciscanos.org.br\/conventosantoantonio\/wp-content\/uploads\/2023\/06\/sabado_1006_20.jpg\" alt=\"\" width=\"1280\" height=\"853\" srcset=\"https:\/\/franciscanos.org.br\/conventosantoantonio\/wp-content\/uploads\/2023\/06\/sabado_1006_20.jpg 1280w, https:\/\/franciscanos.org.br\/conventosantoantonio\/wp-content\/uploads\/2023\/06\/sabado_1006_20-450x300.jpg 450w, https:\/\/franciscanos.org.br\/conventosantoantonio\/wp-content\/uploads\/2023\/06\/sabado_1006_20-1024x682.jpg 1024w, https:\/\/franciscanos.org.br\/conventosantoantonio\/wp-content\/uploads\/2023\/06\/sabado_1006_20-768x512.jpg 768w, https:\/\/franciscanos.org.br\/conventosantoantonio\/wp-content\/uploads\/2023\/06\/sabado_1006_20-150x100.jpg 150w\" sizes=\"(max-width: 1280px) 100vw, 1280px\" \/><\/p>\n<p>O pregador contou que quando era crian\u00e7a, n\u00e3o entendia por que o p\u00e3ozinho de Santo Ant\u00f4nio n\u00e3o tinha uma salsicha, por exemplo. &#8220;Com o tempo percebi que este p\u00e3o n\u00e3o \u00e9 s\u00f3 para alimentar, ele \u00e9 s\u00edmbolo. Todos n\u00f3s temos s\u00edmbolos. E esses p\u00e3ezinhos nos p\u00e9s da imagem de Santo Ant\u00f4nio simbolizam um grande homem que soube partilhar sua vida e seus p\u00e3es&#8221;, ensinou, contando a seguinte hist\u00f3ria: &#8220;Em certa ocasi\u00e3o bateu \u00e0s portas do convento uma pessoa que necessitava de p\u00e3o para comer. Ant\u00f4nio foi at\u00e9 a cozinha e viu no cesto apenas um p\u00e3o, e j\u00e1 estava na hora da refei\u00e7\u00e3o. Mas, mesmo assim, pegou o p\u00e3o e deu ao necessitado. O guardi\u00e3o viu a cena e ficou preocupado, pois faltaria o alimento para os frades. Mas Ant\u00f4nio, com muita devo\u00e7\u00e3o, sentiu que nada faltaria. Por isso, foi at\u00e9 a cozinha e levantou o pano que cobria o cesto e onde antes estava vazio, milagrosamente, apareceram p\u00e3es ainda mais gostosos&#8221;.<\/p>\n<p>E Frei Gabriel completou: &#8220;Sua voca\u00e7\u00e3o foi totalmente dedicada a alimentar quem tem fome de Deus. A sua voca\u00e7\u00e3o s\u00f3 teve sentido quando ela se doou por inteiro. Assim como Santo Ant\u00f4nio n\u00f3s tamb\u00e9m queremos viver o p\u00e3o da caridade. Esse p\u00e3o \u00e9 s\u00edmbolo. Quando n\u00f3s nos alimentamos dele, alimentamos da vontade tamb\u00e9m de alimentar os nossos irm\u00e3os com nossos dons&#8221;.<\/p>\n<p><img loading=\"lazy\" class=\"alignnone size-full wp-image-188738\" src=\"https:\/\/franciscanos.org.br\/conventosantoantonio\/wp-content\/uploads\/2023\/06\/sabado_1006_21.jpg\" alt=\"\" width=\"1280\" height=\"853\" srcset=\"https:\/\/franciscanos.org.br\/conventosantoantonio\/wp-content\/uploads\/2023\/06\/sabado_1006_21.jpg 1280w, https:\/\/franciscanos.org.br\/conventosantoantonio\/wp-content\/uploads\/2023\/06\/sabado_1006_21-450x300.jpg 450w, https:\/\/franciscanos.org.br\/conventosantoantonio\/wp-content\/uploads\/2023\/06\/sabado_1006_21-1024x682.jpg 1024w, https:\/\/franciscanos.org.br\/conventosantoantonio\/wp-content\/uploads\/2023\/06\/sabado_1006_21-768x512.jpg 768w, https:\/\/franciscanos.org.br\/conventosantoantonio\/wp-content\/uploads\/2023\/06\/sabado_1006_21-150x100.jpg 150w\" sizes=\"(max-width: 1280px) 100vw, 1280px\" \/><\/p>\n<p>&#8220;Quem \u00e9 capaz de se doar por inteiro e entende sua vida como um gesto de amor, \u00e9 alimentado por novos e mais deliciosos dons. Ter em nossa mente a preocupa\u00e7\u00e3o de fazer o bem, fazer o que \u00e9 certo nos ajuda a servir a Deus oferecendo a nossa vida como gesto concreto. N\u00f3s n\u00e3o queremos esconder nossos dons, mas mesmo que sejam poucos, vamos oferecer a Deus, e ele multiplicar\u00e1 o que ofertamos!&#8221;, enfatizou.<\/p>\n<p>Ele fechou sua prega\u00e7\u00e3o com um poema de seu confrade, Frei Rui Guido Depin\u00e9, que faleceu no dia 12 de junho de 2020, com o t\u00edtulo &#8220;O Caminho do P\u00e3o&#8221;, e foi muito aplaudido.<\/p>\n<p style=\"padding-left: 40px;\"><em>Felizes aqueles que preparam a terra.<\/em><\/p>\n<p style=\"padding-left: 40px;\"><em>Felizes os que lavram o ch\u00e3o.<\/em><\/p>\n<p style=\"padding-left: 40px;\"><em>Felizes os que semeiam a semente.<\/em><\/p>\n<p style=\"padding-left: 40px;\"><em>Felizes os que cuidam da planta\u00e7\u00e3o.<\/em><\/p>\n<p style=\"padding-left: 40px;\"><em>Felizes os que produzem o trigo.<\/em><\/p>\n<p style=\"padding-left: 40px;\"><em>Felizes os que semeiam as espigas.<\/em><\/p>\n<p style=\"padding-left: 40px;\"><em>Felizes os que transportam a colheita.<\/em><\/p>\n<p style=\"padding-left: 40px;\"><em>Felizes os que moem o gr\u00e3o.<\/em><\/p>\n<p style=\"padding-left: 40px;\"><em>Felizes aqueles que o transformam em alimento.<\/em><\/p>\n<p style=\"padding-left: 40px;\"><strong>Muito mais felizes aqueles que repartem seu p\u00e3o.<\/strong><\/p>\n<p>Neste domingo (11\/6), no 12\u00ba dia, o tema da Trezena \u201cSanto Ant\u00f4nio: um religioso como exemplo de sim a Deus!\u201d, na Missa das 10h.<\/p>\n<p><img loading=\"lazy\" class=\"alignnone size-full wp-image-188739\" src=\"https:\/\/franciscanos.org.br\/conventosantoantonio\/wp-content\/uploads\/2023\/06\/sabado_1006_26.jpg\" alt=\"\" width=\"1280\" height=\"1707\" srcset=\"https:\/\/franciscanos.org.br\/conventosantoantonio\/wp-content\/uploads\/2023\/06\/sabado_1006_26.jpg 1280w, https:\/\/franciscanos.org.br\/conventosantoantonio\/wp-content\/uploads\/2023\/06\/sabado_1006_26-337x450.jpg 337w, https:\/\/franciscanos.org.br\/conventosantoantonio\/wp-content\/uploads\/2023\/06\/sabado_1006_26-768x1024.jpg 768w, https:\/\/franciscanos.org.br\/conventosantoantonio\/wp-content\/uploads\/2023\/06\/sabado_1006_26-1152x1536.jpg 1152w, https:\/\/franciscanos.org.br\/conventosantoantonio\/wp-content\/uploads\/2023\/06\/sabado_1006_26-150x200.jpg 150w\" sizes=\"(max-width: 1280px) 100vw, 1280px\" \/><\/p>\n<h2><strong>CARREATA E PARTILHA DO BOLO<\/strong><\/h2>\n<p>O Santo mais querido do mundo inteiro, Santo Ant\u00f4nio deixou o seu Convento no Largo da Carioca, neste s\u00e1bado, e foi experimentar a sua popularidade exatamente no local que concentra as ruas mais tumultuadas do Rio de Janeiro: o Saara. Ao contr\u00e1rio do deserto, onde s\u00f3 se ouve o vento, no centro hist\u00f3rico da Cidade Maravilhosa, assim como na 25 de Mar\u00e7o, em S\u00e3o Paulo, quem grita mais vende mais.<\/p>\n<p><img loading=\"lazy\" class=\"alignnone size-full wp-image-188740\" src=\"https:\/\/franciscanos.org.br\/conventosantoantonio\/wp-content\/uploads\/2023\/06\/sabado_1006_10.jpg\" alt=\"\" width=\"1280\" height=\"988\" srcset=\"https:\/\/franciscanos.org.br\/conventosantoantonio\/wp-content\/uploads\/2023\/06\/sabado_1006_10.jpg 1280w, https:\/\/franciscanos.org.br\/conventosantoantonio\/wp-content\/uploads\/2023\/06\/sabado_1006_10-450x347.jpg 450w, https:\/\/franciscanos.org.br\/conventosantoantonio\/wp-content\/uploads\/2023\/06\/sabado_1006_10-1024x790.jpg 1024w, https:\/\/franciscanos.org.br\/conventosantoantonio\/wp-content\/uploads\/2023\/06\/sabado_1006_10-768x593.jpg 768w, https:\/\/franciscanos.org.br\/conventosantoantonio\/wp-content\/uploads\/2023\/06\/sabado_1006_10-150x116.jpg 150w\" sizes=\"(max-width: 1280px) 100vw, 1280px\" \/><\/p>\n<p>O Saara \u00e9 uma sigla que significa: Sociedade de Amigos das Adjac\u00eancias da Rua da Alf\u00e2ndega, formada pelas ruas: dos Andradas, Buenos Aires, Uruguaiana, Senhor dos Passos, Pra\u00e7a da Rep\u00fablica, Regente Feij\u00f3 e da Alf\u00e2ndega.<\/p>\n<p>Segundo Frei Gustavo Medella, desde o dia 31 de maio, quando teve in\u00edcio a Trezena, a Imagem Peregrina de Santo Ant\u00f4nio est\u00e1 visitando especialmente a vizinhan\u00e7a do Convento mais antigo do Rio de Janeiro.<\/p>\n<p><img loading=\"lazy\" class=\"alignnone size-full wp-image-188741\" src=\"https:\/\/franciscanos.org.br\/conventosantoantonio\/wp-content\/uploads\/2023\/06\/sabado_1006_12.jpg\" alt=\"\" width=\"1280\" height=\"960\" srcset=\"https:\/\/franciscanos.org.br\/conventosantoantonio\/wp-content\/uploads\/2023\/06\/sabado_1006_12.jpg 1280w, https:\/\/franciscanos.org.br\/conventosantoantonio\/wp-content\/uploads\/2023\/06\/sabado_1006_12-450x338.jpg 450w, https:\/\/franciscanos.org.br\/conventosantoantonio\/wp-content\/uploads\/2023\/06\/sabado_1006_12-1024x768.jpg 1024w, https:\/\/franciscanos.org.br\/conventosantoantonio\/wp-content\/uploads\/2023\/06\/sabado_1006_12-768x576.jpg 768w, https:\/\/franciscanos.org.br\/conventosantoantonio\/wp-content\/uploads\/2023\/06\/sabado_1006_12-150x113.jpg 150w\" sizes=\"(max-width: 1280px) 100vw, 1280px\" \/><\/p>\n<p>Essa regi\u00e3o central n\u00e3o poderia ficar de fora do programa, explicou o frade. &#8220;Esse \u00e9 o objetivo, ir ao encontro das pessoas, como fazia Santo Ant\u00f4nio no seu tempo. Ver as pessoas acenando nas ruas enquanto a imagem percorria as ruas do com\u00e9rcio, ver a devo\u00e7\u00e3o das pessoas \u00e9 sempre emocionante. E o povo carioca aplaudiu o dono da sua querida e mais antiga festa popular\u201d, disse Frei Gustavo Medella.<\/p>\n\n\t\t<style type=\"text\/css\">\n\t\t\t#gallery-2 {\n\t\t\t\tmargin: auto;\n\t\t\t}\n\t\t\t#gallery-2 .gallery-item {\n\t\t\t\tfloat: left;\n\t\t\t\tmargin-top: 10px;\n\t\t\t\ttext-align: center;\n\t\t\t\twidth: 20%;\n\t\t\t}\n\t\t\t#gallery-2 img {\n\t\t\t\tborder: 2px solid #cfcfcf;\n\t\t\t}\n\t\t\t#gallery-2 .gallery-caption {\n\t\t\t\tmargin-left: 0;\n\t\t\t}\n\t\t\t\/* see gallery_shortcode() in wp-includes\/media.php *\/\n\t\t<\/style>\n\t\t<div id='gallery-2' class='gallery galleryid-188728 gallery-columns-5 gallery-size-thumbnail'><dl class='gallery-item'>\n\t\t\t<dt class='gallery-icon landscape'>\n\t\t\t\t<a href='https:\/\/franciscanos.org.br\/conventosantoantonio\/wp-content\/uploads\/2023\/06\/sabado_1006_06.jpg'><img width=\"300\" height=\"300\" src=\"https:\/\/franciscanos.org.br\/conventosantoantonio\/wp-content\/uploads\/2023\/06\/sabado_1006_06-300x300.jpg\" class=\"attachment-thumbnail size-thumbnail\" alt=\"\" loading=\"lazy\" srcset=\"https:\/\/franciscanos.org.br\/conventosantoantonio\/wp-content\/uploads\/2023\/06\/sabado_1006_06-300x300.jpg 300w, https:\/\/franciscanos.org.br\/conventosantoantonio\/wp-content\/uploads\/2023\/06\/sabado_1006_06-400x400.jpg 400w\" sizes=\"(max-width: 300px) 100vw, 300px\" \/><\/a>\n\t\t\t<\/dt><\/dl><dl class='gallery-item'>\n\t\t\t<dt class='gallery-icon landscape'>\n\t\t\t\t<a href='https:\/\/franciscanos.org.br\/conventosantoantonio\/wp-content\/uploads\/2023\/06\/sabado_1006_07.jpg'><img width=\"300\" height=\"300\" src=\"https:\/\/franciscanos.org.br\/conventosantoantonio\/wp-content\/uploads\/2023\/06\/sabado_1006_07-300x300.jpg\" class=\"attachment-thumbnail size-thumbnail\" alt=\"\" loading=\"lazy\" srcset=\"https:\/\/franciscanos.org.br\/conventosantoantonio\/wp-content\/uploads\/2023\/06\/sabado_1006_07-300x300.jpg 300w, https:\/\/franciscanos.org.br\/conventosantoantonio\/wp-content\/uploads\/2023\/06\/sabado_1006_07-400x400.jpg 400w\" sizes=\"(max-width: 300px) 100vw, 300px\" \/><\/a>\n\t\t\t<\/dt><\/dl><dl class='gallery-item'>\n\t\t\t<dt class='gallery-icon landscape'>\n\t\t\t\t<a href='https:\/\/franciscanos.org.br\/conventosantoantonio\/wp-content\/uploads\/2023\/06\/sabado_1006_08.jpg'><img width=\"300\" height=\"300\" src=\"https:\/\/franciscanos.org.br\/conventosantoantonio\/wp-content\/uploads\/2023\/06\/sabado_1006_08-300x300.jpg\" class=\"attachment-thumbnail size-thumbnail\" alt=\"\" loading=\"lazy\" srcset=\"https:\/\/franciscanos.org.br\/conventosantoantonio\/wp-content\/uploads\/2023\/06\/sabado_1006_08-300x300.jpg 300w, https:\/\/franciscanos.org.br\/conventosantoantonio\/wp-content\/uploads\/2023\/06\/sabado_1006_08-400x400.jpg 400w\" sizes=\"(max-width: 300px) 100vw, 300px\" \/><\/a>\n\t\t\t<\/dt><\/dl><dl class='gallery-item'>\n\t\t\t<dt class='gallery-icon landscape'>\n\t\t\t\t<a href='https:\/\/franciscanos.org.br\/conventosantoantonio\/wp-content\/uploads\/2023\/06\/sabado_1006_09.jpg'><img width=\"300\" height=\"300\" src=\"https:\/\/franciscanos.org.br\/conventosantoantonio\/wp-content\/uploads\/2023\/06\/sabado_1006_09-300x300.jpg\" class=\"attachment-thumbnail size-thumbnail\" alt=\"\" loading=\"lazy\" srcset=\"https:\/\/franciscanos.org.br\/conventosantoantonio\/wp-content\/uploads\/2023\/06\/sabado_1006_09-300x300.jpg 300w, https:\/\/franciscanos.org.br\/conventosantoantonio\/wp-content\/uploads\/2023\/06\/sabado_1006_09-400x400.jpg 400w\" sizes=\"(max-width: 300px) 100vw, 300px\" \/><\/a>\n\t\t\t<\/dt><\/dl><dl class='gallery-item'>\n\t\t\t<dt class='gallery-icon landscape'>\n\t\t\t\t<a href='https:\/\/franciscanos.org.br\/conventosantoantonio\/wp-content\/uploads\/2023\/06\/sabado_1006_11.jpg'><img width=\"300\" height=\"300\" src=\"https:\/\/franciscanos.org.br\/conventosantoantonio\/wp-content\/uploads\/2023\/06\/sabado_1006_11-300x300.jpg\" class=\"attachment-thumbnail size-thumbnail\" alt=\"\" loading=\"lazy\" srcset=\"https:\/\/franciscanos.org.br\/conventosantoantonio\/wp-content\/uploads\/2023\/06\/sabado_1006_11-300x300.jpg 300w, https:\/\/franciscanos.org.br\/conventosantoantonio\/wp-content\/uploads\/2023\/06\/sabado_1006_11-400x400.jpg 400w\" sizes=\"(max-width: 300px) 100vw, 300px\" \/><\/a>\n\t\t\t<\/dt><\/dl><br style=\"clear: both\" \/>\n\t\t<\/div>\n\n<p><em>(toque nas imagens para ampli\u00e1-las)<\/em><\/p>\n<p>A carreta retornou para o Largo da Carioca, onde o aniversariante, o Convento Santo Ant\u00f4nio, ganhou um bolo gigante com as velinhas de sua idade: 415 anos. Coube ao Ministro Provincial, Frei Paulo Roberto Pereira, e o presidente da Sociedade dos Amigos da Rua da Carioca e Adjac\u00eancias (SARCA), sr. Roberto Coury, cortarem o bolo, que foi distribu\u00eddo para o povo com vivas e &#8220;Parab\u00e9ns&#8221;. A 1\u00aa Carreata de Santo Ant\u00f4nio contou com o apoio da Pol\u00edcia Militar, da Guarda Municipal, da Fecom\u00e9rcio e suas entidades e foi promovida em parceria com a SARCA. No apoio do carro de som, o sonoplasta e comunicador Toninho Bondade.<\/p>\n<p>Neste domingo, a Imagem Peregrina, vai visitar a R\u00e1dio Tupi, o Cristo Redentor, a Capela Nossa Senhora dos Anjos, das Irm\u00e3s Clarissas, na G\u00e1vea, e a Par\u00f3quia Nossa Senhora da Boa Viagem, na Rocinha, onde est\u00e1 a outra Fraternidade Franciscana desta Prov\u00edncia.<\/p>\n<p><img loading=\"lazy\" class=\"alignnone size-full wp-image-188747\" src=\"https:\/\/franciscanos.org.br\/conventosantoantonio\/wp-content\/uploads\/2023\/06\/sabado_1006_05.jpg\" alt=\"\" width=\"1280\" height=\"960\" srcset=\"https:\/\/franciscanos.org.br\/conventosantoantonio\/wp-content\/uploads\/2023\/06\/sabado_1006_05.jpg 1280w, https:\/\/franciscanos.org.br\/conventosantoantonio\/wp-content\/uploads\/2023\/06\/sabado_1006_05-450x338.jpg 450w, https:\/\/franciscanos.org.br\/conventosantoantonio\/wp-content\/uploads\/2023\/06\/sabado_1006_05-1024x768.jpg 1024w, https:\/\/franciscanos.org.br\/conventosantoantonio\/wp-content\/uploads\/2023\/06\/sabado_1006_05-768x576.jpg 768w, https:\/\/franciscanos.org.br\/conventosantoantonio\/wp-content\/uploads\/2023\/06\/sabado_1006_05-150x113.jpg 150w\" sizes=\"(max-width: 1280px) 100vw, 1280px\" \/><\/p>\n<p><strong>O CANTO DA RUA<\/strong><\/p>\n<p>T\u00e2nia Ramos, coordenadora da Pastoral Povo da Rua, explicou que o Coral Canto da Rua foi fundado h\u00e1 sete anos. &#8220;N\u00f3s inauguramos aqui, na Missa do Meio Ambiente, h\u00e1 sete anos. Para a gente \u00e9 muita alegria estar aqui, embora estivemos outras vezes, mas cantando solenemente \u00e9 a segunda vez. Para a gente est\u00e1 sendo um momento de muita f\u00e9 tamb\u00e9m, porque cada um, que cada uma, professa a sua f\u00e9. N\u00e3o \u00e9 porque esse povo j\u00e1 viveu na rua que tenha se afastado de Deus. Pelo contr\u00e1rio, est\u00e1 at\u00e9 mais perto. Porque atrav\u00e9s da m\u00fasica a gente reconhece Deus, a pessoa de Jesus Cristo, assim como o Frei falou, que Jesu veio para os mais pobres. Ent\u00e3o, o povo que aqui canta hoje, cada um representa esse Cristo vivo no meio de n\u00f3s&#8221;, disse.<\/p>\n<p><img loading=\"lazy\" class=\"alignnone size-full wp-image-188748\" src=\"https:\/\/franciscanos.org.br\/conventosantoantonio\/wp-content\/uploads\/2023\/06\/sabado_1006_17.jpg\" alt=\"\" width=\"1280\" height=\"760\" srcset=\"https:\/\/franciscanos.org.br\/conventosantoantonio\/wp-content\/uploads\/2023\/06\/sabado_1006_17.jpg 1280w, https:\/\/franciscanos.org.br\/conventosantoantonio\/wp-content\/uploads\/2023\/06\/sabado_1006_17-450x267.jpg 450w, https:\/\/franciscanos.org.br\/conventosantoantonio\/wp-content\/uploads\/2023\/06\/sabado_1006_17-1024x608.jpg 1024w, https:\/\/franciscanos.org.br\/conventosantoantonio\/wp-content\/uploads\/2023\/06\/sabado_1006_17-768x456.jpg 768w, https:\/\/franciscanos.org.br\/conventosantoantonio\/wp-content\/uploads\/2023\/06\/sabado_1006_17-150x89.jpg 150w\" sizes=\"(max-width: 1280px) 100vw, 1280px\" \/><\/p>\n<p><img loading=\"lazy\" class=\"alignright wp-image-188749\" src=\"https:\/\/franciscanos.org.br\/conventosantoantonio\/wp-content\/uploads\/2023\/06\/sabado_1006_22.jpg\" alt=\"\" width=\"272\" height=\"237\" srcset=\"https:\/\/franciscanos.org.br\/conventosantoantonio\/wp-content\/uploads\/2023\/06\/sabado_1006_22.jpg 1239w, https:\/\/franciscanos.org.br\/conventosantoantonio\/wp-content\/uploads\/2023\/06\/sabado_1006_22-450x392.jpg 450w, https:\/\/franciscanos.org.br\/conventosantoantonio\/wp-content\/uploads\/2023\/06\/sabado_1006_22-1024x893.jpg 1024w, https:\/\/franciscanos.org.br\/conventosantoantonio\/wp-content\/uploads\/2023\/06\/sabado_1006_22-768x670.jpg 768w, https:\/\/franciscanos.org.br\/conventosantoantonio\/wp-content\/uploads\/2023\/06\/sabado_1006_22-150x131.jpg 150w\" sizes=\"(max-width: 272px) 100vw, 272px\" \/>Segundo T\u00e2nia, o Coral nasceu durante a Olimp\u00edadas no Rio, atrav\u00e9s do projeto social de uma Ong de Londres que tinha por objetivo fazer com que o povo que estava na rua n\u00e3o ficasse invis\u00edvel. &#8220;Ent\u00e3o, veio toda a mobiliza\u00e7\u00e3o e, na Catedral Metropolitana, onde a gente ainda ensaia, muita gente se apresentou. Fizemos uma roda de conversa e muitos aceitaram a proposta e est\u00e3o desde o come\u00e7o no Coral. A gente tem uma gama de sucessos em volta dessa proposta que foi o Coral. Mas como era um projeto, acabou. A\u00ed a gente falou: Vamos continuar. O Vicariato da Caridade Social e da Pastoral do Povo de Rua abra\u00e7aram esse projeto&#8221;, contou. Nesta apresenta\u00e7\u00e3o, V\u00edtor foi o maestro e Robson Almeida Alves, que \u00e9 tenor do Teatro Municipal, o organista.<\/p>\n<p><strong>PROGRAME-SE<\/strong><\/p>\n<p>No dia 13 de junho, dia do Santo, ser\u00e3o celebradas missas a partir das 6h, com b\u00ean\u00e7\u00e3os, distribui\u00e7\u00e3o dos p\u00e3es e barracas com todas as comidas t\u00edpicas das comemora\u00e7\u00f5es juninas. A expectativa \u00e9 de que um grande n\u00famero de fi\u00e9is, tanto do Rio quanto de outras localidades, passe pelo Convento neste per\u00edodo de Trezena e Festa.<\/p>\n<p>As Missas e b\u00ean\u00e7\u00e3os no Convento Santo Ant\u00f4nio ter\u00e3o os seguintes hor\u00e1rios: 6h, 8h, 10h, 12h, 15h e 18h, ficando para as 11h a Missa de Santo Ant\u00f4nio no Santu\u00e1rio do Cristo Redentor, com b\u00ean\u00e7\u00e3o e distribui\u00e7\u00e3o dos p\u00e3es.<\/p>\n<hr \/>\n<p><em>Equipe de Comunica\u00e7\u00e3o da Prov\u00edncia da Imaculada\u00a0<\/em><\/p>\n<p>&nbsp;<\/p>\n","protected":false},"excerpt":{"rendered":"<p>11\u00ba Dia da Trezena de Santo Ant\u00f4nio<\/p>\n","protected":false},"author":3,"featured_media":188729,"comment_status":"open","ping_status":"open","sticky":false,"template":"","format":"standard","meta":[],"categories":[105],"tags":[347],"yoast_head":"<!-- This site is optimized with the Yoast SEO plugin v19.4 - https:\/\/yoast.com\/wordpress\/plugins\/seo\/ -->\n<title>Viver o p\u00e3o da caridade como Santo Ant\u00f4nio - Convento Santo Ant\u00f4nio- Franciscanos<\/title>\n<meta name=\"robots\" content=\"index, follow, max-snippet:-1, max-image-preview:large, max-video-preview:-1\" \/>\n<link rel=\"canonical\" href=\"https:\/\/franciscanos.org.br\/conventosantoantonio\/viver-o-pao-da-caridade-como-santo-antonio\/\" \/>\n<meta property=\"og:locale\" content=\"pt_BR\" \/>\n<meta property=\"og:type\" content=\"article\" \/>\n<meta property=\"og:title\" content=\"Viver o p\u00e3o da caridade como Santo Ant\u00f4nio - Convento Santo Ant\u00f4nio- Franciscanos\" \/>\n<meta property=\"og:description\" content=\"11\u00ba Dia da Trezena de Santo Ant\u00f4nio\" \/>\n<meta property=\"og:url\" content=\"https:\/\/franciscanos.org.br\/conventosantoantonio\/viver-o-pao-da-caridade-como-santo-antonio\/\" \/>\n<meta property=\"og:site_name\" content=\"Convento Santo Ant\u00f4nio- Franciscanos\" \/>\n<meta property=\"article:published_time\" content=\"2023-06-10T19:35:53+00:00\" \/>\n<meta property=\"article:modified_time\" content=\"2023-06-11T16:39:51+00:00\" \/>\n<meta property=\"og:image\" content=\"https:\/\/franciscanos.org.br\/conventosantoantonio\/wp-content\/uploads\/2023\/06\/sabado_1006_01.jpg\" \/>\n\t<meta property=\"og:image:width\" content=\"1280\" \/>\n\t<meta property=\"og:image:height\" content=\"720\" \/>\n\t<meta property=\"og:image:type\" content=\"image\/jpeg\" \/>\n<meta name=\"author\" content=\"moacir\" \/>\n<meta name=\"twitter:card\" content=\"summary_large_image\" \/>\n<meta name=\"twitter:label1\" content=\"Escrito por\" \/>\n\t<meta name=\"twitter:data1\" content=\"moacir\" \/>\n\t<meta name=\"twitter:label2\" content=\"Est. tempo de leitura\" \/>\n\t<meta name=\"twitter:data2\" content=\"13 minutos\" \/>\n<script type=\"application\/ld+json\" class=\"yoast-schema-graph\">{\"@context\":\"https:\/\/schema.org\",\"@graph\":[{\"@type\":\"WebSite\",\"@id\":\"https:\/\/franciscanos.org.br\/conventosantoantonio\/#website\",\"url\":\"https:\/\/franciscanos.org.br\/conventosantoantonio\/\",\"name\":\"Convento Santo Ant\u00f4nio- Franciscanos\",\"description\":\"Prov\u00edncia Franciscana da Imaculada Concei\u00e7\u00e3o do Brasil - Ordem dos Frades Menores\",\"potentialAction\":[{\"@type\":\"SearchAction\",\"target\":{\"@type\":\"EntryPoint\",\"urlTemplate\":\"https:\/\/franciscanos.org.br\/conventosantoantonio\/?s={search_term_string}\"},\"query-input\":\"required name=search_term_string\"}],\"inLanguage\":\"pt-BR\"},{\"@type\":\"WebPage\",\"@id\":\"https:\/\/franciscanos.org.br\/conventosantoantonio\/viver-o-pao-da-caridade-como-santo-antonio\/\",\"url\":\"https:\/\/franciscanos.org.br\/conventosantoantonio\/viver-o-pao-da-caridade-como-santo-antonio\/\",\"name\":\"Viver o p\u00e3o da caridade como Santo Ant\u00f4nio - Convento Santo Ant\u00f4nio- Franciscanos\",\"isPartOf\":{\"@id\":\"https:\/\/franciscanos.org.br\/conventosantoantonio\/#website\"},\"datePublished\":\"2023-06-10T19:35:53+00:00\",\"dateModified\":\"2023-06-11T16:39:51+00:00\",\"author\":{\"@id\":\"https:\/\/franciscanos.org.br\/conventosantoantonio\/#\/schema\/person\/73421c01c49c32a7bb0a19d9b36df6ad\"},\"breadcrumb\":{\"@id\":\"https:\/\/franciscanos.org.br\/conventosantoantonio\/viver-o-pao-da-caridade-como-santo-antonio\/#breadcrumb\"},\"inLanguage\":\"pt-BR\",\"potentialAction\":[{\"@type\":\"ReadAction\",\"target\":[\"https:\/\/franciscanos.org.br\/conventosantoantonio\/viver-o-pao-da-caridade-como-santo-antonio\/\"]}]},{\"@type\":\"BreadcrumbList\",\"@id\":\"https:\/\/franciscanos.org.br\/conventosantoantonio\/viver-o-pao-da-caridade-como-santo-antonio\/#breadcrumb\",\"itemListElement\":[{\"@type\":\"ListItem\",\"position\":1,\"name\":\"Home\",\"item\":\"https:\/\/franciscanos.org.br\/conventosantoantonio\/\"},{\"@type\":\"ListItem\",\"position\":2,\"name\":\"Viver o p\u00e3o da caridade como Santo Ant\u00f4nio\"}]},{\"@type\":\"Person\",\"@id\":\"https:\/\/franciscanos.org.br\/conventosantoantonio\/#\/schema\/person\/73421c01c49c32a7bb0a19d9b36df6ad\",\"name\":\"moacir\",\"image\":{\"@type\":\"ImageObject\",\"inLanguage\":\"pt-BR\",\"@id\":\"https:\/\/franciscanos.org.br\/conventosantoantonio\/#\/schema\/person\/image\/\",\"url\":\"https:\/\/secure.gravatar.com\/avatar\/d08aa2ce4c8dd416d4479aa8536fcf64?s=96&d=mm&r=g\",\"contentUrl\":\"https:\/\/secure.gravatar.com\/avatar\/d08aa2ce4c8dd416d4479aa8536fcf64?s=96&d=mm&r=g\",\"caption\":\"moacir\"},\"url\":\"https:\/\/franciscanos.org.br\/conventosantoantonio\/author\/moacir\/\"}]}<\/script>\n<!-- \/ Yoast SEO plugin. -->","yoast_head_json":{"title":"Viver o p\u00e3o da caridade como Santo Ant\u00f4nio - Convento Santo Ant\u00f4nio- Franciscanos","robots":{"index":"index","follow":"follow","max-snippet":"max-snippet:-1","max-image-preview":"max-image-preview:large","max-video-preview":"max-video-preview:-1"},"canonical":"https:\/\/franciscanos.org.br\/conventosantoantonio\/viver-o-pao-da-caridade-como-santo-antonio\/","og_locale":"pt_BR","og_type":"article","og_title":"Viver o p\u00e3o da caridade como Santo Ant\u00f4nio - Convento Santo Ant\u00f4nio- Franciscanos","og_description":"11\u00ba Dia da Trezena de Santo Ant\u00f4nio","og_url":"https:\/\/franciscanos.org.br\/conventosantoantonio\/viver-o-pao-da-caridade-como-santo-antonio\/","og_site_name":"Convento Santo Ant\u00f4nio- Franciscanos","article_published_time":"2023-06-10T19:35:53+00:00","article_modified_time":"2023-06-11T16:39:51+00:00","og_image":[{"width":1280,"height":720,"url":"https:\/\/franciscanos.org.br\/conventosantoantonio\/wp-content\/uploads\/2023\/06\/sabado_1006_01.jpg","type":"image\/jpeg"}],"author":"moacir","twitter_card":"summary_large_image","twitter_misc":{"Escrito por":"moacir","Est. tempo de leitura":"13 minutos"},"schema":{"@context":"https:\/\/schema.org","@graph":[{"@type":"WebSite","@id":"https:\/\/franciscanos.org.br\/conventosantoantonio\/#website","url":"https:\/\/franciscanos.org.br\/conventosantoantonio\/","name":"Convento Santo Ant\u00f4nio- Franciscanos","description":"Prov\u00edncia Franciscana da Imaculada Concei\u00e7\u00e3o do Brasil - Ordem dos Frades Menores","potentialAction":[{"@type":"SearchAction","target":{"@type":"EntryPoint","urlTemplate":"https:\/\/franciscanos.org.br\/conventosantoantonio\/?s={search_term_string}"},"query-input":"required name=search_term_string"}],"inLanguage":"pt-BR"},{"@type":"WebPage","@id":"https:\/\/franciscanos.org.br\/conventosantoantonio\/viver-o-pao-da-caridade-como-santo-antonio\/","url":"https:\/\/franciscanos.org.br\/conventosantoantonio\/viver-o-pao-da-caridade-como-santo-antonio\/","name":"Viver o p\u00e3o da caridade como Santo Ant\u00f4nio - Convento Santo Ant\u00f4nio- Franciscanos","isPartOf":{"@id":"https:\/\/franciscanos.org.br\/conventosantoantonio\/#website"},"datePublished":"2023-06-10T19:35:53+00:00","dateModified":"2023-06-11T16:39:51+00:00","author":{"@id":"https:\/\/franciscanos.org.br\/conventosantoantonio\/#\/schema\/person\/73421c01c49c32a7bb0a19d9b36df6ad"},"breadcrumb":{"@id":"https:\/\/franciscanos.org.br\/conventosantoantonio\/viver-o-pao-da-caridade-como-santo-antonio\/#breadcrumb"},"inLanguage":"pt-BR","potentialAction":[{"@type":"ReadAction","target":["https:\/\/franciscanos.org.br\/conventosantoantonio\/viver-o-pao-da-caridade-como-santo-antonio\/"]}]},{"@type":"BreadcrumbList","@id":"https:\/\/franciscanos.org.br\/conventosantoantonio\/viver-o-pao-da-caridade-como-santo-antonio\/#breadcrumb","itemListElement":[{"@type":"ListItem","position":1,"name":"Home","item":"https:\/\/franciscanos.org.br\/conventosantoantonio\/"},{"@type":"ListItem","position":2,"name":"Viver o p\u00e3o da caridade como Santo Ant\u00f4nio"}]},{"@type":"Person","@id":"https:\/\/franciscanos.org.br\/conventosantoantonio\/#\/schema\/person\/73421c01c49c32a7bb0a19d9b36df6ad","name":"moacir","image":{"@type":"ImageObject","inLanguage":"pt-BR","@id":"https:\/\/franciscanos.org.br\/conventosantoantonio\/#\/schema\/person\/image\/","url":"https:\/\/secure.gravatar.com\/avatar\/d08aa2ce4c8dd416d4479aa8536fcf64?s=96&d=mm&r=g","contentUrl":"https:\/\/secure.gravatar.com\/avatar\/d08aa2ce4c8dd416d4479aa8536fcf64?s=96&d=mm&r=g","caption":"moacir"},"url":"https:\/\/franciscanos.org.br\/conventosantoantonio\/author\/moacir\/"}]}},"_links":{"self":[{"href":"https:\/\/franciscanos.org.br\/conventosantoantonio\/wp-json\/wp\/v2\/posts\/188728"}],"collection":[{"href":"https:\/\/franciscanos.org.br\/conventosantoantonio\/wp-json\/wp\/v2\/posts"}],"about":[{"href":"https:\/\/franciscanos.org.br\/conventosantoantonio\/wp-json\/wp\/v2\/types\/post"}],"author":[{"embeddable":true,"href":"https:\/\/franciscanos.org.br\/conventosantoantonio\/wp-json\/wp\/v2\/users\/3"}],"replies":[{"embeddable":true,"href":"https:\/\/franciscanos.org.br\/conventosantoantonio\/wp-json\/wp\/v2\/comments?post=188728"}],"version-history":[{"count":10,"href":"https:\/\/franciscanos.org.br\/conventosantoantonio\/wp-json\/wp\/v2\/posts\/188728\/revisions"}],"predecessor-version":[{"id":188761,"href":"https:\/\/franciscanos.org.br\/conventosantoantonio\/wp-json\/wp\/v2\/posts\/188728\/revisions\/188761"}],"wp:featuredmedia":[{"embeddable":true,"href":"https:\/\/franciscanos.org.br\/conventosantoantonio\/wp-json\/wp\/v2\/media\/188729"}],"wp:attachment":[{"href":"https:\/\/franciscanos.org.br\/conventosantoantonio\/wp-json\/wp\/v2\/media?parent=188728"}],"wp:term":[{"taxonomy":"category","embeddable":true,"href":"https:\/\/franciscanos.org.br\/conventosantoantonio\/wp-json\/wp\/v2\/categories?post=188728"},{"taxonomy":"post_tag","embeddable":true,"href":"https:\/\/franciscanos.org.br\/conventosantoantonio\/wp-json\/wp\/v2\/tags?post=188728"}],"curies":[{"name":"wp","href":"https:\/\/api.w.org\/{rel}","templated":true}]}}