{"id":188634,"date":"2023-06-06T06:36:09","date_gmt":"2023-06-06T09:36:09","guid":{"rendered":"https:\/\/franciscanos.org.br\/conventosantoantonio\/?p=188634"},"modified":"2023-06-06T06:36:09","modified_gmt":"2023-06-06T09:36:09","slug":"santo-antonio-nas-ondas-do-radio-e-entre-as-criancas","status":"publish","type":"post","link":"https:\/\/franciscanos.org.br\/conventosantoantonio\/santo-antonio-nas-ondas-do-radio-e-entre-as-criancas\/","title":{"rendered":"Santo Ant\u00f4nio: nas ondas do r\u00e1dio e entre as crian\u00e7as"},"content":{"rendered":"<p><img loading=\"lazy\" class=\"alignnone size-full wp-image-188635\" src=\"https:\/\/franciscanos.org.br\/conventosantoantonio\/wp-content\/uploads\/2023\/06\/sextodia_02.jpg\" alt=\"\" width=\"1280\" height=\"720\" srcset=\"https:\/\/franciscanos.org.br\/conventosantoantonio\/wp-content\/uploads\/2023\/06\/sextodia_02.jpg 1280w, https:\/\/franciscanos.org.br\/conventosantoantonio\/wp-content\/uploads\/2023\/06\/sextodia_02-450x253.jpg 450w, https:\/\/franciscanos.org.br\/conventosantoantonio\/wp-content\/uploads\/2023\/06\/sextodia_02-1024x576.jpg 1024w, https:\/\/franciscanos.org.br\/conventosantoantonio\/wp-content\/uploads\/2023\/06\/sextodia_02-768x432.jpg 768w, https:\/\/franciscanos.org.br\/conventosantoantonio\/wp-content\/uploads\/2023\/06\/sextodia_02-150x84.jpg 150w\" sizes=\"(max-width: 1280px) 100vw, 1280px\" \/><\/p>\n<p>A Imagem Peregrina de Santo Ant\u00f4nio esteve em tr\u00eas lugares nesta segunda-feira, 05 de junho, 6\u00ba dia da Trezena de Santo Ant\u00f4nio. Na parte da manh\u00e3, \u00e0s 9h30, chegou \u00e0s instala\u00e7\u00f5es da R\u00e1dio Catedral FM, no Edif\u00edcio S\u00e3o Jo\u00e3o Paulo II, na Gl\u00f3ria. Foi recepcionado pelos funcion\u00e1rios da emissora e, nos est\u00fadios, Frei Claudio Broca e Frei Gabriel Dellandrea concederam entrevista sobre a Trezena e os preparativos para a Festa de Santo Ant\u00f4nio, n\u00e3o podendo faltar a b\u00ean\u00e7\u00e3o dos p\u00e3ezinhos e a B\u00ean\u00e7\u00e3o de Santo Ant\u00f4nio para todos os ouvintes da R\u00e1dio Catedral. Na sequ\u00eancia, os frades tiveram oportunidade de conhecer e aben\u00e7oar com a rel\u00edquia de Santo Ant\u00f4nio todos os setores deste ve\u00edculo de comunica\u00e7\u00e3o.<\/p>\n<p><img loading=\"lazy\" class=\"alignnone size-full wp-image-188636\" src=\"https:\/\/franciscanos.org.br\/conventosantoantonio\/wp-content\/uploads\/2023\/06\/sextodia_01.jpg\" alt=\"\" width=\"1280\" height=\"720\" srcset=\"https:\/\/franciscanos.org.br\/conventosantoantonio\/wp-content\/uploads\/2023\/06\/sextodia_01.jpg 1280w, https:\/\/franciscanos.org.br\/conventosantoantonio\/wp-content\/uploads\/2023\/06\/sextodia_01-450x253.jpg 450w, https:\/\/franciscanos.org.br\/conventosantoantonio\/wp-content\/uploads\/2023\/06\/sextodia_01-1024x576.jpg 1024w, https:\/\/franciscanos.org.br\/conventosantoantonio\/wp-content\/uploads\/2023\/06\/sextodia_01-768x432.jpg 768w, https:\/\/franciscanos.org.br\/conventosantoantonio\/wp-content\/uploads\/2023\/06\/sextodia_01-150x84.jpg 150w\" sizes=\"(max-width: 1280px) 100vw, 1280px\" \/><\/p>\n<p>O pr\u00f3ximo compromisso foi \u00e0s 12h, na Catedral S\u00e3o Sebasti\u00e3o, vizinha ao Convento Santo Ant\u00f4nio, no Centro da Cidade. \u00c0s segundas-feiras a missa \u00e9 celebrada na cripta onde existe uma Capela que recebe os restos mortais de fi\u00e9is de todo o Rio de Janeiro e outras localidades. A celebra\u00e7\u00e3o foi presidia pelo P\u00e1roco, C\u00f4nego Claudio dos Santos, tendo como concelebrantes Frei Claudio Broca e Frei Gustavo Medella. Nas palavras de acolhida, o p\u00e1roco manifestou gratid\u00e3o \u00e0 Fraternidade do Convento pela iniciativa de trazer a imagem peregrina at\u00e9 a Catedral S\u00e3o Sebasti\u00e3o.<\/p>\n<p><img loading=\"lazy\" class=\"alignnone size-full wp-image-188637\" src=\"https:\/\/franciscanos.org.br\/conventosantoantonio\/wp-content\/uploads\/2023\/06\/sextodia_03.jpg\" alt=\"\" width=\"1280\" height=\"720\" srcset=\"https:\/\/franciscanos.org.br\/conventosantoantonio\/wp-content\/uploads\/2023\/06\/sextodia_03.jpg 1280w, https:\/\/franciscanos.org.br\/conventosantoantonio\/wp-content\/uploads\/2023\/06\/sextodia_03-450x253.jpg 450w, https:\/\/franciscanos.org.br\/conventosantoantonio\/wp-content\/uploads\/2023\/06\/sextodia_03-1024x576.jpg 1024w, https:\/\/franciscanos.org.br\/conventosantoantonio\/wp-content\/uploads\/2023\/06\/sextodia_03-768x432.jpg 768w, https:\/\/franciscanos.org.br\/conventosantoantonio\/wp-content\/uploads\/2023\/06\/sextodia_03-150x84.jpg 150w\" sizes=\"(max-width: 1280px) 100vw, 1280px\" \/><\/p>\n<p>J\u00e1 na parte da tarde, \u00e0s 14h30, foi a vez da Imagem Peregrina se encontrar com um grupo de crian\u00e7as e jovens acompanhados pela Funda\u00e7\u00e3o S\u00e3o Martinho, aos p\u00e9s dos Arcos da Lapa. O trabalho \u00e9 mantido pela Prov\u00edncia dos Frades Carmelitas e foram eles que coordenaram a acolhida da imagem e dos frades. No clima de alergia e espontaneidade pr\u00f3prio das crian\u00e7as, todos puderam realizar uma breve celebra\u00e7\u00e3o em honra a Santo Ant\u00f4nio, com homenagem especialmente preparada pelos anfitri\u00f5es ao ilustre filho de Portugal. Nesta ter\u00e7a-feira, 06 de junho, 7\u00ba dia da Trezena, a Imagem Peregrina vai visitar os Quart\u00e9is Generais da Pol\u00edcia Militar e dos Bombeiros.<\/p>\n<p><img loading=\"lazy\" class=\"alignnone size-full wp-image-188638\" src=\"https:\/\/franciscanos.org.br\/conventosantoantonio\/wp-content\/uploads\/2023\/06\/sextodia_04.jpg\" alt=\"\" width=\"1280\" height=\"960\" srcset=\"https:\/\/franciscanos.org.br\/conventosantoantonio\/wp-content\/uploads\/2023\/06\/sextodia_04.jpg 1280w, https:\/\/franciscanos.org.br\/conventosantoantonio\/wp-content\/uploads\/2023\/06\/sextodia_04-450x338.jpg 450w, https:\/\/franciscanos.org.br\/conventosantoantonio\/wp-content\/uploads\/2023\/06\/sextodia_04-1024x768.jpg 1024w, https:\/\/franciscanos.org.br\/conventosantoantonio\/wp-content\/uploads\/2023\/06\/sextodia_04-768x576.jpg 768w, https:\/\/franciscanos.org.br\/conventosantoantonio\/wp-content\/uploads\/2023\/06\/sextodia_04-150x113.jpg 150w\" sizes=\"(max-width: 1280px) 100vw, 1280px\" \/><\/p>\n<p><strong>SANTO ANT\u00d4NIO, O BOM ADMINISTRADOR DA VINHA<\/strong><\/p>\n<p>Frei Gabriel Dellandrea, o pregador desta Trezena de Santo Ant\u00f4nio, falou sobre o tema \u201cSanto Ant\u00f4nio mestre de Palavras e Obras!\u201d, neste sexto dia, nas Missas das 12h e 18h.<\/p>\n<p>Sua prega\u00e7\u00e3o partiu do Evangelho do dia o sobre os administradores da vinha. &#8220;Jesus estava falando com os mestres da lei e os sacerdotes do templo. Ou seja, aquelas pessoas que eram respons\u00e1veis por cuidar e animar a f\u00e9 do povo no templo. E Jesus percebeu que aqueles que eram respons\u00e1veis por isso, n\u00e3o estavam fazendo corretamente o trabalho&#8221;, contextualizou.<\/p>\n<p><img loading=\"lazy\" class=\"alignnone size-full wp-image-188639\" src=\"https:\/\/franciscanos.org.br\/conventosantoantonio\/wp-content\/uploads\/2023\/06\/sextodia_05.jpg\" alt=\"\" width=\"1280\" height=\"960\" srcset=\"https:\/\/franciscanos.org.br\/conventosantoantonio\/wp-content\/uploads\/2023\/06\/sextodia_05.jpg 1280w, https:\/\/franciscanos.org.br\/conventosantoantonio\/wp-content\/uploads\/2023\/06\/sextodia_05-450x338.jpg 450w, https:\/\/franciscanos.org.br\/conventosantoantonio\/wp-content\/uploads\/2023\/06\/sextodia_05-1024x768.jpg 1024w, https:\/\/franciscanos.org.br\/conventosantoantonio\/wp-content\/uploads\/2023\/06\/sextodia_05-768x576.jpg 768w, https:\/\/franciscanos.org.br\/conventosantoantonio\/wp-content\/uploads\/2023\/06\/sextodia_05-150x113.jpg 150w\" sizes=\"(max-width: 1280px) 100vw, 1280px\" \/><\/p>\n<p>&#8220;At\u00e9 que Deus envia seu pr\u00f3prio Filho e n\u00f3s j\u00e1 sabemos o resultado dessa hist\u00f3ria. E mesmo assim, Jesus n\u00e3o deixa de alertar: &#8216;Olha, se depois o Filho do dono da vinha ser morto por voc\u00eas, os administradores ser\u00e3o expulsos e a vinha ser\u00e1 dada a outros. Jesus n\u00e3o deixa de alertar, mas aqueles administradores da vinha, que na verdade eram aqueles que cuidavam do templo, deixaram que o poder subisse \u00e0 cabe\u00e7a. Por isso que eles se tornavam aqueles que ditavam as regras e pronto: eles eram os melhores e n\u00e3o precisavam mais de ningu\u00e9m que os dissesse nada&#8221;, explicou.<\/p>\n<p>Segundo ele, esta disposi\u00e7\u00e3o n\u00f3s tamb\u00e9m podemos t\u00ea-la. &#8220;N\u00f3s todos, de certo modo, somos administradores da vinha. Talvez n\u00e3o a vinha de uma grande institui\u00e7\u00e3o, mas a vinha da nossa pr\u00f3pria voca\u00e7\u00e3o, da voca\u00e7\u00e3o crist\u00e3. Pais e m\u00e3es s\u00e3o administradores da vinha que Deus concedeu a voc\u00eas, que \u00e9 o lar. N\u00f3s, frades, temos a vinha da nossa vida religiosa, tantos de n\u00f3s temos profiss\u00f5es diversas, \u00e9 a vinha que Deus nos deu para administr\u00e1-la. Se deixamos que o poder nos suba \u00e0 cabe\u00e7a, a gente come\u00e7a a agir por n\u00f3s mesmos, e da\u00ed n\u00e3o precisamos mais de Deus. Eu sou t\u00e3o bom que n\u00e3o preciso mais ouvir a Palavra do Senhor&#8221;, ressaltou.<\/p>\n<p><img loading=\"lazy\" class=\"alignnone size-full wp-image-188640\" src=\"https:\/\/franciscanos.org.br\/conventosantoantonio\/wp-content\/uploads\/2023\/06\/sextodia_07.jpg\" alt=\"\" width=\"1280\" height=\"720\" srcset=\"https:\/\/franciscanos.org.br\/conventosantoantonio\/wp-content\/uploads\/2023\/06\/sextodia_07.jpg 1280w, https:\/\/franciscanos.org.br\/conventosantoantonio\/wp-content\/uploads\/2023\/06\/sextodia_07-450x253.jpg 450w, https:\/\/franciscanos.org.br\/conventosantoantonio\/wp-content\/uploads\/2023\/06\/sextodia_07-1024x576.jpg 1024w, https:\/\/franciscanos.org.br\/conventosantoantonio\/wp-content\/uploads\/2023\/06\/sextodia_07-768x432.jpg 768w, https:\/\/franciscanos.org.br\/conventosantoantonio\/wp-content\/uploads\/2023\/06\/sextodia_07-150x84.jpg 150w\" sizes=\"(max-width: 1280px) 100vw, 1280px\" \/><\/p>\n<p>&#8220;Por isso, diante de tudo, devemos nos colocar numa postura humilde de quem sempre vai consultar a Palavra de Deus para saber como administrar essa vinha da nossa vida e da nossa voca\u00e7\u00e3o. O que devemos fazer, como devemos proceder para que, ao chegar o dono da vinha, o recebamos de bra\u00e7os abertos e devolvamos aquilo que \u00e9 dele e n\u00e3o o matemos como o pr\u00f3prio Jesus nos alerta no Evangelho de hoje&#8221;, destacou.<\/p>\n<p>Santo Ant\u00f4nio, segundo o frade, \u00e9 o grande exemplo de algu\u00e9m que conseguiu fazer bem isso e por isso o tema &#8220;Santo Ant\u00f4nio, mestre de palavras e obras&#8221;.<\/p>\n<p>&#8220;Santo Ant\u00f4nio recebeu uma miss\u00e3o dada por S\u00e3o Francisco de Assis. Santo Ant\u00f4nio foi o primeiro professor da Ordem Franciscana. Ao fundar uma Ordem de irm\u00e3os, S\u00e3o Francisco percebeu que estes precisavam aprender Teologia, aprender sobre a Sagrada Escritura para n\u00e3o sa\u00edssem falando bobagens por a\u00ed. E, ent\u00e3o, ele ficou sabendo que um jovem frei chamado Ant\u00f4nio era professor formado em Teologia. Ent\u00e3o, S\u00e3o Francisco confia a ele esta miss\u00e3o, de ser um mestre de Teologia dos frades e recomendou ele com a seguinte frase: &#8216;Frei Ant\u00f4nio, meu bispo, eu te pe\u00e7o que ministre aos frades a Sagrada Teologia, mas sem perder o esp\u00edrito de ora\u00e7\u00e3o&#8217;. Ora, Santo Ant\u00f4nio n\u00e3o s\u00f3 foi fiel \u00e0 ora\u00e7\u00e3o como a muitas outras coisas. E esse mandato de S\u00e3o Francisco, ele viveu muito bem. Por isso, Santo Ant\u00f4nio foi um grande administrador da vinha que ele recebeu, porque foi um grande professor&#8221;, explicou.<\/p>\n<p><img loading=\"lazy\" class=\"alignnone size-full wp-image-188641\" src=\"https:\/\/franciscanos.org.br\/conventosantoantonio\/wp-content\/uploads\/2023\/06\/sextodia_06.jpg\" alt=\"\" width=\"1024\" height=\"768\" srcset=\"https:\/\/franciscanos.org.br\/conventosantoantonio\/wp-content\/uploads\/2023\/06\/sextodia_06.jpg 1024w, https:\/\/franciscanos.org.br\/conventosantoantonio\/wp-content\/uploads\/2023\/06\/sextodia_06-450x338.jpg 450w, https:\/\/franciscanos.org.br\/conventosantoantonio\/wp-content\/uploads\/2023\/06\/sextodia_06-768x576.jpg 768w, https:\/\/franciscanos.org.br\/conventosantoantonio\/wp-content\/uploads\/2023\/06\/sextodia_06-150x113.jpg 150w\" sizes=\"(max-width: 1024px) 100vw, 1024px\" \/><\/p>\n<p>&#8220;Digo grande professor n\u00e3o porque suas aulas eram enormes e muito bonitas. Eram tamb\u00e9m. Mas mais do que aulas bonitas, a vida era bonita. Mais do que palavras bonitas, Ant\u00f4nio vivia a\u00e7\u00f5es concretas. Ele poderia ter deixado o poder subir \u00e0 sua cabe\u00e7a e ter ficado no mundo dos livros, s\u00f3 pensando. Mas ao mesmo tempo que se dedicava aos estudos, se dedicava \u00e0 caridade. Antes de se tornar um grande pregador, ele serviu no Convento, na portaria e na cozinha. E depois de se tornar um pregador tamb\u00e9m. Enfim, no trabalho cotidiano&#8221;, recordou.<\/p>\n<p>u&#8221;Ent\u00e3o, por isso quando Ant\u00f4nio ensinava algo, ele era um mestre de palavras e obras, porque suas palavras s\u00f3 ecoavam o modo de como ele j\u00e1 agia. Ele n\u00e3o era hip\u00f3crita, mas verdadeiro, pleno, inteiro&#8221;, disse.<\/p>\n<p>&#8220;E, assim, n\u00f3s tamb\u00e9m devemos ser bons administradores da vinha que recebemos, da nossa voca\u00e7\u00e3o, da nossa vida. N\u00f3s devemos perguntar como estamos administrando a vinha que o Senhor nos deu, a nossa voca\u00e7\u00e3o, o nosso tempo, as nossas ideias, as nossas opini\u00f5es? Como estamos administrando os nossos talentos e colocando a servi\u00e7o dos nossos irm\u00e3os e irm\u00e3s? Vamos pedir ajuda a ele para sermos bons administradores da vinha. Que Santo Ant\u00f4nio nos ajude nesta empreitada&#8221;, concluiu.<\/p>\n","protected":false},"excerpt":{"rendered":"<p>Sexto dia da Trezena de Santo Ant\u00f4nio<\/p>\n","protected":false},"author":3,"featured_media":188635,"comment_status":"open","ping_status":"open","sticky":false,"template":"","format":"standard","meta":[],"categories":[105],"tags":[347],"yoast_head":"<!-- This site is optimized with the Yoast SEO plugin v19.4 - https:\/\/yoast.com\/wordpress\/plugins\/seo\/ -->\n<title>Santo Ant\u00f4nio: nas ondas do r\u00e1dio e entre as crian\u00e7as - Convento Santo Ant\u00f4nio- Franciscanos<\/title>\n<meta name=\"robots\" content=\"index, follow, max-snippet:-1, max-image-preview:large, max-video-preview:-1\" \/>\n<link rel=\"canonical\" href=\"https:\/\/franciscanos.org.br\/conventosantoantonio\/santo-antonio-nas-ondas-do-radio-e-entre-as-criancas\/\" \/>\n<meta property=\"og:locale\" content=\"pt_BR\" \/>\n<meta property=\"og:type\" content=\"article\" \/>\n<meta property=\"og:title\" content=\"Santo Ant\u00f4nio: nas ondas do r\u00e1dio e entre as crian\u00e7as - Convento Santo Ant\u00f4nio- Franciscanos\" \/>\n<meta property=\"og:description\" content=\"Sexto dia da Trezena de Santo Ant\u00f4nio\" \/>\n<meta property=\"og:url\" content=\"https:\/\/franciscanos.org.br\/conventosantoantonio\/santo-antonio-nas-ondas-do-radio-e-entre-as-criancas\/\" \/>\n<meta property=\"og:site_name\" content=\"Convento Santo Ant\u00f4nio- Franciscanos\" \/>\n<meta property=\"article:published_time\" content=\"2023-06-06T09:36:09+00:00\" \/>\n<meta property=\"og:image\" content=\"https:\/\/franciscanos.org.br\/conventosantoantonio\/wp-content\/uploads\/2023\/06\/sextodia_02.jpg\" \/>\n\t<meta property=\"og:image:width\" content=\"1280\" \/>\n\t<meta property=\"og:image:height\" content=\"720\" \/>\n\t<meta property=\"og:image:type\" content=\"image\/jpeg\" \/>\n<meta name=\"author\" content=\"moacir\" \/>\n<meta name=\"twitter:card\" content=\"summary_large_image\" \/>\n<meta name=\"twitter:label1\" content=\"Escrito por\" \/>\n\t<meta name=\"twitter:data1\" content=\"moacir\" \/>\n\t<meta name=\"twitter:label2\" content=\"Est. tempo de leitura\" \/>\n\t<meta name=\"twitter:data2\" content=\"8 minutos\" \/>\n<script type=\"application\/ld+json\" class=\"yoast-schema-graph\">{\"@context\":\"https:\/\/schema.org\",\"@graph\":[{\"@type\":\"WebSite\",\"@id\":\"https:\/\/franciscanos.org.br\/conventosantoantonio\/#website\",\"url\":\"https:\/\/franciscanos.org.br\/conventosantoantonio\/\",\"name\":\"Convento Santo Ant\u00f4nio- Franciscanos\",\"description\":\"Prov\u00edncia Franciscana da Imaculada Concei\u00e7\u00e3o do Brasil - Ordem dos Frades Menores\",\"potentialAction\":[{\"@type\":\"SearchAction\",\"target\":{\"@type\":\"EntryPoint\",\"urlTemplate\":\"https:\/\/franciscanos.org.br\/conventosantoantonio\/?s={search_term_string}\"},\"query-input\":\"required name=search_term_string\"}],\"inLanguage\":\"pt-BR\"},{\"@type\":\"WebPage\",\"@id\":\"https:\/\/franciscanos.org.br\/conventosantoantonio\/santo-antonio-nas-ondas-do-radio-e-entre-as-criancas\/\",\"url\":\"https:\/\/franciscanos.org.br\/conventosantoantonio\/santo-antonio-nas-ondas-do-radio-e-entre-as-criancas\/\",\"name\":\"Santo Ant\u00f4nio: nas ondas do r\u00e1dio e entre as crian\u00e7as - Convento Santo Ant\u00f4nio- Franciscanos\",\"isPartOf\":{\"@id\":\"https:\/\/franciscanos.org.br\/conventosantoantonio\/#website\"},\"datePublished\":\"2023-06-06T09:36:09+00:00\",\"dateModified\":\"2023-06-06T09:36:09+00:00\",\"author\":{\"@id\":\"https:\/\/franciscanos.org.br\/conventosantoantonio\/#\/schema\/person\/73421c01c49c32a7bb0a19d9b36df6ad\"},\"breadcrumb\":{\"@id\":\"https:\/\/franciscanos.org.br\/conventosantoantonio\/santo-antonio-nas-ondas-do-radio-e-entre-as-criancas\/#breadcrumb\"},\"inLanguage\":\"pt-BR\",\"potentialAction\":[{\"@type\":\"ReadAction\",\"target\":[\"https:\/\/franciscanos.org.br\/conventosantoantonio\/santo-antonio-nas-ondas-do-radio-e-entre-as-criancas\/\"]}]},{\"@type\":\"BreadcrumbList\",\"@id\":\"https:\/\/franciscanos.org.br\/conventosantoantonio\/santo-antonio-nas-ondas-do-radio-e-entre-as-criancas\/#breadcrumb\",\"itemListElement\":[{\"@type\":\"ListItem\",\"position\":1,\"name\":\"Home\",\"item\":\"https:\/\/franciscanos.org.br\/conventosantoantonio\/\"},{\"@type\":\"ListItem\",\"position\":2,\"name\":\"Santo Ant\u00f4nio: nas ondas do r\u00e1dio e entre as crian\u00e7as\"}]},{\"@type\":\"Person\",\"@id\":\"https:\/\/franciscanos.org.br\/conventosantoantonio\/#\/schema\/person\/73421c01c49c32a7bb0a19d9b36df6ad\",\"name\":\"moacir\",\"image\":{\"@type\":\"ImageObject\",\"inLanguage\":\"pt-BR\",\"@id\":\"https:\/\/franciscanos.org.br\/conventosantoantonio\/#\/schema\/person\/image\/\",\"url\":\"https:\/\/secure.gravatar.com\/avatar\/d08aa2ce4c8dd416d4479aa8536fcf64?s=96&d=mm&r=g\",\"contentUrl\":\"https:\/\/secure.gravatar.com\/avatar\/d08aa2ce4c8dd416d4479aa8536fcf64?s=96&d=mm&r=g\",\"caption\":\"moacir\"},\"url\":\"https:\/\/franciscanos.org.br\/conventosantoantonio\/author\/moacir\/\"}]}<\/script>\n<!-- \/ Yoast SEO plugin. -->","yoast_head_json":{"title":"Santo Ant\u00f4nio: nas ondas do r\u00e1dio e entre as crian\u00e7as - Convento Santo Ant\u00f4nio- Franciscanos","robots":{"index":"index","follow":"follow","max-snippet":"max-snippet:-1","max-image-preview":"max-image-preview:large","max-video-preview":"max-video-preview:-1"},"canonical":"https:\/\/franciscanos.org.br\/conventosantoantonio\/santo-antonio-nas-ondas-do-radio-e-entre-as-criancas\/","og_locale":"pt_BR","og_type":"article","og_title":"Santo Ant\u00f4nio: nas ondas do r\u00e1dio e entre as crian\u00e7as - Convento Santo Ant\u00f4nio- Franciscanos","og_description":"Sexto dia da Trezena de Santo Ant\u00f4nio","og_url":"https:\/\/franciscanos.org.br\/conventosantoantonio\/santo-antonio-nas-ondas-do-radio-e-entre-as-criancas\/","og_site_name":"Convento Santo Ant\u00f4nio- Franciscanos","article_published_time":"2023-06-06T09:36:09+00:00","og_image":[{"width":1280,"height":720,"url":"https:\/\/franciscanos.org.br\/conventosantoantonio\/wp-content\/uploads\/2023\/06\/sextodia_02.jpg","type":"image\/jpeg"}],"author":"moacir","twitter_card":"summary_large_image","twitter_misc":{"Escrito por":"moacir","Est. tempo de leitura":"8 minutos"},"schema":{"@context":"https:\/\/schema.org","@graph":[{"@type":"WebSite","@id":"https:\/\/franciscanos.org.br\/conventosantoantonio\/#website","url":"https:\/\/franciscanos.org.br\/conventosantoantonio\/","name":"Convento Santo Ant\u00f4nio- Franciscanos","description":"Prov\u00edncia Franciscana da Imaculada Concei\u00e7\u00e3o do Brasil - Ordem dos Frades Menores","potentialAction":[{"@type":"SearchAction","target":{"@type":"EntryPoint","urlTemplate":"https:\/\/franciscanos.org.br\/conventosantoantonio\/?s={search_term_string}"},"query-input":"required name=search_term_string"}],"inLanguage":"pt-BR"},{"@type":"WebPage","@id":"https:\/\/franciscanos.org.br\/conventosantoantonio\/santo-antonio-nas-ondas-do-radio-e-entre-as-criancas\/","url":"https:\/\/franciscanos.org.br\/conventosantoantonio\/santo-antonio-nas-ondas-do-radio-e-entre-as-criancas\/","name":"Santo Ant\u00f4nio: nas ondas do r\u00e1dio e entre as crian\u00e7as - Convento Santo Ant\u00f4nio- Franciscanos","isPartOf":{"@id":"https:\/\/franciscanos.org.br\/conventosantoantonio\/#website"},"datePublished":"2023-06-06T09:36:09+00:00","dateModified":"2023-06-06T09:36:09+00:00","author":{"@id":"https:\/\/franciscanos.org.br\/conventosantoantonio\/#\/schema\/person\/73421c01c49c32a7bb0a19d9b36df6ad"},"breadcrumb":{"@id":"https:\/\/franciscanos.org.br\/conventosantoantonio\/santo-antonio-nas-ondas-do-radio-e-entre-as-criancas\/#breadcrumb"},"inLanguage":"pt-BR","potentialAction":[{"@type":"ReadAction","target":["https:\/\/franciscanos.org.br\/conventosantoantonio\/santo-antonio-nas-ondas-do-radio-e-entre-as-criancas\/"]}]},{"@type":"BreadcrumbList","@id":"https:\/\/franciscanos.org.br\/conventosantoantonio\/santo-antonio-nas-ondas-do-radio-e-entre-as-criancas\/#breadcrumb","itemListElement":[{"@type":"ListItem","position":1,"name":"Home","item":"https:\/\/franciscanos.org.br\/conventosantoantonio\/"},{"@type":"ListItem","position":2,"name":"Santo Ant\u00f4nio: nas ondas do r\u00e1dio e entre as crian\u00e7as"}]},{"@type":"Person","@id":"https:\/\/franciscanos.org.br\/conventosantoantonio\/#\/schema\/person\/73421c01c49c32a7bb0a19d9b36df6ad","name":"moacir","image":{"@type":"ImageObject","inLanguage":"pt-BR","@id":"https:\/\/franciscanos.org.br\/conventosantoantonio\/#\/schema\/person\/image\/","url":"https:\/\/secure.gravatar.com\/avatar\/d08aa2ce4c8dd416d4479aa8536fcf64?s=96&d=mm&r=g","contentUrl":"https:\/\/secure.gravatar.com\/avatar\/d08aa2ce4c8dd416d4479aa8536fcf64?s=96&d=mm&r=g","caption":"moacir"},"url":"https:\/\/franciscanos.org.br\/conventosantoantonio\/author\/moacir\/"}]}},"_links":{"self":[{"href":"https:\/\/franciscanos.org.br\/conventosantoantonio\/wp-json\/wp\/v2\/posts\/188634"}],"collection":[{"href":"https:\/\/franciscanos.org.br\/conventosantoantonio\/wp-json\/wp\/v2\/posts"}],"about":[{"href":"https:\/\/franciscanos.org.br\/conventosantoantonio\/wp-json\/wp\/v2\/types\/post"}],"author":[{"embeddable":true,"href":"https:\/\/franciscanos.org.br\/conventosantoantonio\/wp-json\/wp\/v2\/users\/3"}],"replies":[{"embeddable":true,"href":"https:\/\/franciscanos.org.br\/conventosantoantonio\/wp-json\/wp\/v2\/comments?post=188634"}],"version-history":[{"count":1,"href":"https:\/\/franciscanos.org.br\/conventosantoantonio\/wp-json\/wp\/v2\/posts\/188634\/revisions"}],"predecessor-version":[{"id":188642,"href":"https:\/\/franciscanos.org.br\/conventosantoantonio\/wp-json\/wp\/v2\/posts\/188634\/revisions\/188642"}],"wp:featuredmedia":[{"embeddable":true,"href":"https:\/\/franciscanos.org.br\/conventosantoantonio\/wp-json\/wp\/v2\/media\/188635"}],"wp:attachment":[{"href":"https:\/\/franciscanos.org.br\/conventosantoantonio\/wp-json\/wp\/v2\/media?parent=188634"}],"wp:term":[{"taxonomy":"category","embeddable":true,"href":"https:\/\/franciscanos.org.br\/conventosantoantonio\/wp-json\/wp\/v2\/categories?post=188634"},{"taxonomy":"post_tag","embeddable":true,"href":"https:\/\/franciscanos.org.br\/conventosantoantonio\/wp-json\/wp\/v2\/tags?post=188634"}],"curies":[{"name":"wp","href":"https:\/\/api.w.org\/{rel}","templated":true}]}}