{"id":188624,"date":"2023-06-05T07:16:20","date_gmt":"2023-06-05T10:16:20","guid":{"rendered":"https:\/\/franciscanos.org.br\/conventosantoantonio\/?p=188624"},"modified":"2023-06-05T07:17:09","modified_gmt":"2023-06-05T10:17:09","slug":"frei-gabriel-a-missao-de-antonio-comeca-e-termina-em-nome-do-pai-e-do-filho-e-do-espirito-santo","status":"publish","type":"post","link":"https:\/\/franciscanos.org.br\/conventosantoantonio\/frei-gabriel-a-missao-de-antonio-comeca-e-termina-em-nome-do-pai-e-do-filho-e-do-espirito-santo\/","title":{"rendered":"Frei Gabriel: A miss\u00e3o de Ant\u00f4nio come\u00e7a e termina em nome do Pai e do Filho e do Esp\u00edrito Santo"},"content":{"rendered":"<p><img loading=\"lazy\" class=\"alignnone wp-image-188625 size-full\" src=\"https:\/\/franciscanos.org.br\/conventosantoantonio\/wp-content\/uploads\/2023\/06\/quintodia_05.jpg\" alt=\"\" width=\"1280\" height=\"720\" srcset=\"https:\/\/franciscanos.org.br\/conventosantoantonio\/wp-content\/uploads\/2023\/06\/quintodia_05.jpg 1280w, https:\/\/franciscanos.org.br\/conventosantoantonio\/wp-content\/uploads\/2023\/06\/quintodia_05-450x253.jpg 450w, https:\/\/franciscanos.org.br\/conventosantoantonio\/wp-content\/uploads\/2023\/06\/quintodia_05-1024x576.jpg 1024w, https:\/\/franciscanos.org.br\/conventosantoantonio\/wp-content\/uploads\/2023\/06\/quintodia_05-768x432.jpg 768w, https:\/\/franciscanos.org.br\/conventosantoantonio\/wp-content\/uploads\/2023\/06\/quintodia_05-150x84.jpg 150w\" sizes=\"(max-width: 1280px) 100vw, 1280px\" \/><\/p>\n<p>Neste domingo da Sant\u00edssima Trindade (4\/06), a 341\u00aa edi\u00e7\u00e3o da Trezena e Festa do Convento Santo Ant\u00f4nio do Largo da Carioca, no Rio de Janeiro, chegou ao quinto dia. Frei Gabriel Dellandrea, o pregador, falou sobre o tema \u201cSanto Ant\u00f4nio: um servo da Trindade!\u201d na sua prega\u00e7\u00e3o, na Missa das 10h. Os frades do Fraternidade acompanharam a Imagem Peregrina de Santo Ant\u00f5nio na Casa Franciscana, do Servi\u00e7o Franciscano de Solidariedade (SEFRAS) e o Mosteiro da Ajuda, das Irm\u00e2s Concepcionistas.<\/p>\n<p>Frei Gabriel partiu de sua prega\u00e7\u00e3o lembrando que fazemos o sinal da cruz em v\u00e1rios momentos do dia a dia. &#8220;N\u00f3s, crist\u00e3os, muito facilmente lembramos da Trindade. O fato \u00e9 que por meio deste sinal invocamos o grande tema da liturgia de hoje, que est\u00e1 presente em todas as liturgias da Igreja! A Trindade. Essa mania de nos benzermos est\u00e1 muitas vezes fundamentada na liturgia pois muitas coisas come\u00e7am com o sinal da cruz. Ele \u00e9 quem principia tudo pois foi a Trindade que Tudo come\u00e7ou&#8221;, explicou o celebrante.<\/p>\n<p><img loading=\"lazy\" class=\"alignnone size-full wp-image-188626\" src=\"https:\/\/franciscanos.org.br\/conventosantoantonio\/wp-content\/uploads\/2023\/06\/quintodia_08.jpg\" alt=\"\" width=\"890\" height=\"1187\" srcset=\"https:\/\/franciscanos.org.br\/conventosantoantonio\/wp-content\/uploads\/2023\/06\/quintodia_08.jpg 810w, https:\/\/franciscanos.org.br\/conventosantoantonio\/wp-content\/uploads\/2023\/06\/quintodia_08-337x450.jpg 337w, https:\/\/franciscanos.org.br\/conventosantoantonio\/wp-content\/uploads\/2023\/06\/quintodia_08-768x1024.jpg 768w, https:\/\/franciscanos.org.br\/conventosantoantonio\/wp-content\/uploads\/2023\/06\/quintodia_08-150x200.jpg 150w\" sizes=\"(max-width: 890px) 100vw, 890px\" \/><\/p>\n<p>Citando o Papa Francisco, lembrou que fazer o sinal da cruz \u00e9 estar no abra\u00e7o da Trindade. &#8220;\u00c9 se sentir pr\u00f3ximo a ela. E uma vez abra\u00e7ados por ela, queremos que ela transforme a nossa vida. E \u00e9 Jesus que nos revela o modo como esta Trindade age: ao vir ao mundo, ele nos salva! A encarna\u00e7\u00e3o de Jesus acontece para mostrar o amor de Deus e salvar o ser humano, indicando como ele deve viver: assim como Jesus viveu!&#8221;, disse.<\/p>\n<p><img loading=\"lazy\" class=\"alignnone size-full wp-image-188627\" src=\"https:\/\/franciscanos.org.br\/conventosantoantonio\/wp-content\/uploads\/2023\/06\/quintodia_03.jpg\" alt=\"\" width=\"1280\" height=\"960\" srcset=\"https:\/\/franciscanos.org.br\/conventosantoantonio\/wp-content\/uploads\/2023\/06\/quintodia_03.jpg 1280w, https:\/\/franciscanos.org.br\/conventosantoantonio\/wp-content\/uploads\/2023\/06\/quintodia_03-450x338.jpg 450w, https:\/\/franciscanos.org.br\/conventosantoantonio\/wp-content\/uploads\/2023\/06\/quintodia_03-1024x768.jpg 1024w, https:\/\/franciscanos.org.br\/conventosantoantonio\/wp-content\/uploads\/2023\/06\/quintodia_03-768x576.jpg 768w, https:\/\/franciscanos.org.br\/conventosantoantonio\/wp-content\/uploads\/2023\/06\/quintodia_03-150x113.jpg 150w\" sizes=\"(max-width: 1280px) 100vw, 1280px\" \/><\/p>\n<p>&#8220;Por isso, a Trindade se abaixa: para nos elevar. E um Deus ao mesmo tempo tr\u00eas nos revela que quando Jesus forma uma comunidade de disc\u00edpulos e disc\u00edpulas ele j\u00e1 estava acostumado a viver em comunh\u00e3o. Sua vida foi uma plena comunh\u00e3o com o Pai e o Esp\u00edrito. Ambos agem na hist\u00f3ria da Salva\u00e7\u00e3o! O Pai cria, o Filho salva e o Esp\u00edrito conduz aqueles que acreditam no Filho. Como a Trindade, n\u00f3s crist\u00e3os, devemos ser plena comunh\u00e3o. Inspirados neles, s\u00f3 seremos Igreja quando soubermos viver a Unidade apesar de nossas diferen\u00e7as, quando percebermos que devemos crescer uns com os outros&#8221;, acrescentou Frei Gabriel.<\/p>\n<p>Segundo ele, Santo Ant\u00f4nio tem uma experi\u00eancia muito interessante com a Trindade. &#8220;Certa vez, Santo Ant\u00f4nio estava visitando uma cidade onde havia hereges. Estes, para atingir Santo Ant\u00f4nio, serviram para ele um alimento envenenado. O santo percebeu, pois o Esp\u00edrito Santo lhe revelou a maldade. E aqueles que fizeram isto estavam motivados pelo trecho do Evangelho que dizia que se algum crist\u00e3o beber algum veneno de morte n\u00e3o receberia dano nenhum durante a miss\u00e3o. Se Santo Ant\u00f4nio n\u00e3o comesse o alimento, daria raz\u00e3o aos hereges. Se comesse, correria o risco. Sendo assim, fez o sinal da cruz sobre o alimento, olhou para os hereges e disse: &#8220;Pois vou comer, n\u00e3o para tentar a Deus, mas para que tenhais f\u00e9 no Evangelho&#8221;. E depois comeu deste alimento. Nada lhe aconteceu e os hereges se converteram a f\u00e9&#8221;, contou o frade.<\/p>\n<p><img loading=\"lazy\" class=\"alignnone size-full wp-image-188628\" src=\"https:\/\/franciscanos.org.br\/conventosantoantonio\/wp-content\/uploads\/2023\/06\/quintodia_06.jpg\" alt=\"\" width=\"1280\" height=\"900\" srcset=\"https:\/\/franciscanos.org.br\/conventosantoantonio\/wp-content\/uploads\/2023\/06\/quintodia_06.jpg 1280w, https:\/\/franciscanos.org.br\/conventosantoantonio\/wp-content\/uploads\/2023\/06\/quintodia_06-450x316.jpg 450w, https:\/\/franciscanos.org.br\/conventosantoantonio\/wp-content\/uploads\/2023\/06\/quintodia_06-1024x720.jpg 1024w, https:\/\/franciscanos.org.br\/conventosantoantonio\/wp-content\/uploads\/2023\/06\/quintodia_06-768x540.jpg 768w, https:\/\/franciscanos.org.br\/conventosantoantonio\/wp-content\/uploads\/2023\/06\/quintodia_06-150x105.jpg 150w, https:\/\/franciscanos.org.br\/conventosantoantonio\/wp-content\/uploads\/2023\/06\/quintodia_06-474x332.jpg 474w\" sizes=\"(max-width: 1280px) 100vw, 1280px\" \/><\/p>\n<p>&#8220;Dessa hist\u00f3ria podemos tirar uma li\u00e7\u00e3o: a miss\u00e3o de Ant\u00f4nio come\u00e7a e termina em nome do Pai e do Filho e do Esp\u00edrito Santo. Ao longo de sua vida, ele sabia que encontraria dificuldades. Mas n\u00e3o esqueceu a Trindade que o chamou. Na hora do aperto, clamou a Trindade, pois foi a Ela que entregou sua vida. N\u00f3s tamb\u00e9m, diante das ciladas, das dificuldades de hoje, dos ego\u00edsmos, tracemos sobre n\u00f3s o sinal da nossa f\u00e9. Ele n\u00e3o \u00e9 m\u00e1gico, mas nos ajuda a lembrar a quem estamos servindo. Mais do que isso: nos lembra que n\u00e3o estamos sozinhos, que estamos abra\u00e7ados com um Deus que \u00e9 pura comunh\u00e3o entre si e conosco,\u00a0pois\u00a0\u00e9\u00a0AMOR!&#8221;, concluiu.<\/p>\n<p><img loading=\"lazy\" class=\"alignnone size-full wp-image-188629\" src=\"https:\/\/franciscanos.org.br\/conventosantoantonio\/wp-content\/uploads\/2023\/06\/quintodia_02.jpg\" alt=\"\" width=\"1280\" height=\"960\" srcset=\"https:\/\/franciscanos.org.br\/conventosantoantonio\/wp-content\/uploads\/2023\/06\/quintodia_02.jpg 1280w, https:\/\/franciscanos.org.br\/conventosantoantonio\/wp-content\/uploads\/2023\/06\/quintodia_02-450x338.jpg 450w, https:\/\/franciscanos.org.br\/conventosantoantonio\/wp-content\/uploads\/2023\/06\/quintodia_02-1024x768.jpg 1024w, https:\/\/franciscanos.org.br\/conventosantoantonio\/wp-content\/uploads\/2023\/06\/quintodia_02-768x576.jpg 768w, https:\/\/franciscanos.org.br\/conventosantoantonio\/wp-content\/uploads\/2023\/06\/quintodia_02-150x113.jpg 150w\" sizes=\"(max-width: 1280px) 100vw, 1280px\" \/><\/p>\n<h3><strong>Santo Ant\u00f4nio, com as Irm\u00e3s Concepcionistas e tamb\u00e9m no meio dos pobres<\/strong><\/h3>\n<p>A visita da Imagem Peregrina come\u00e7ou \u00e0s 8h, quando o Santo foi recebido aos p\u00e9s da escadaria do Mosteiro de Nossa Senhora da Concei\u00e7\u00e3o da Ajuda, das Irm\u00e3s Concepcionistas, no Bairro de Vila Isabel. Um grupo de escoteiros se encarregou de subir as escadas com o andor em prociss\u00e3o, acompanhada pelo presidente da celebra\u00e7\u00e3o eucar\u00edstica, o Capel\u00e3o do Mosteiro, Padre Eduardo Henrique Braga e pelos frades do Convento, Frei Est\u00eav\u00e3o Ottenbreit, Frei Roger Brunorio e Frei Gustavo Medella. Manifestando, em nome das irm\u00e3s e da comunidade, a alegria de todos pela presen\u00e7a da imagem de Santo Ant\u00f4nio e dos frades, Padre Eduardo fez uma breve introdu\u00e7\u00e3o destacando aspectos virtuosos da vida e da hist\u00f3ria do Santo homenageado. Ao final da celebra\u00e7\u00e3o, Frei Est\u00eav\u00e3o recordou que visita era tamb\u00e9m um sinal de for\u00e7a e est\u00edmulo para que as Irm\u00e3s Concepcionistas prosseguissem com sua miss\u00e3o naquele Mosteiro. Houve a b\u00ean\u00e7\u00e3o e distribui\u00e7\u00e3o dos p\u00e3ezinhos ao povo e, desta forma, a Imagem Peregrina cumpriu mais uma esta\u00e7\u00e3o do percurso iniciado h\u00e1 cinco dias.<\/p>\n<p><img loading=\"lazy\" class=\"alignnone size-full wp-image-188630\" src=\"https:\/\/franciscanos.org.br\/conventosantoantonio\/wp-content\/uploads\/2023\/06\/quintodia_07.jpg\" alt=\"\" width=\"1002\" height=\"676\" srcset=\"https:\/\/franciscanos.org.br\/conventosantoantonio\/wp-content\/uploads\/2023\/06\/quintodia_07.jpg 1002w, https:\/\/franciscanos.org.br\/conventosantoantonio\/wp-content\/uploads\/2023\/06\/quintodia_07-450x304.jpg 450w, https:\/\/franciscanos.org.br\/conventosantoantonio\/wp-content\/uploads\/2023\/06\/quintodia_07-768x518.jpg 768w, https:\/\/franciscanos.org.br\/conventosantoantonio\/wp-content\/uploads\/2023\/06\/quintodia_07-150x101.jpg 150w\" sizes=\"(max-width: 1002px) 100vw, 1002px\" \/><\/p>\n<p>Pr\u00f3ximo \u00e0 hora do almo\u00e7o, foi a vez da Imagem Peregrina chegar \u00e0 Casa Francisana, do Servi\u00e7o Franciscano de Solidariedade (SEFRAS), pr\u00f3xima \u00e0 Central do Brasil, aos p\u00e9s do Morro da Provid\u00eancia e que oferece diariamente 300 refei\u00e7\u00f5es a pessoas em situa\u00e7\u00e3o de rua. Mais uma vez a visita contou com o suporte dos escoteiros que, provenientes de diversos grupos do Estado do Rio, ajudaram nos mais variados servi\u00e7os, desde a cozinha, arruma\u00e7\u00e3o, servi\u00e7o \u00e0s mesas etc., para que todos os irm\u00e3os em situa\u00e7\u00e3o de rua pudessem ser bem servidos. Num momento de ora\u00e7\u00e3o antes do almo\u00e7o, Frei Gustavo Medella explicou aos frequentadores a proximidade entre Santo Ant\u00f4nio e os pobres e tamb\u00e9m os incentivou a dirigir pedidos a Deus por intercess\u00e3o do Santo. Al\u00e9m disso, mais uma vez foram distribu\u00eddos os p\u00e3ezinhos. A visita transcorreu em clima de alegria e generosidade, ficando ao final a gratid\u00e3o dos atendidos, volunt\u00e1rios e da equipe de trabalho da casa pela experi\u00eancia que puderam viver a partir da presen\u00e7a m\u00edstica e inspiradora de Santo Ant\u00f4nio.<\/p>\n<p><img loading=\"lazy\" class=\"alignnone size-full wp-image-188631\" src=\"https:\/\/franciscanos.org.br\/conventosantoantonio\/wp-content\/uploads\/2023\/06\/quintodia_01.jpg\" alt=\"\" width=\"1280\" height=\"653\" srcset=\"https:\/\/franciscanos.org.br\/conventosantoantonio\/wp-content\/uploads\/2023\/06\/quintodia_01.jpg 1280w, https:\/\/franciscanos.org.br\/conventosantoantonio\/wp-content\/uploads\/2023\/06\/quintodia_01-450x230.jpg 450w, https:\/\/franciscanos.org.br\/conventosantoantonio\/wp-content\/uploads\/2023\/06\/quintodia_01-1024x522.jpg 1024w, https:\/\/franciscanos.org.br\/conventosantoantonio\/wp-content\/uploads\/2023\/06\/quintodia_01-768x392.jpg 768w, https:\/\/franciscanos.org.br\/conventosantoantonio\/wp-content\/uploads\/2023\/06\/quintodia_01-150x77.jpg 150w\" sizes=\"(max-width: 1280px) 100vw, 1280px\" \/><\/p>\n<p>A Trezena segue nesta segunda-feira, 05 de junho, em seu sexto dia, com o tema \u201cSanto Ant\u00f4nio, Mestre de palavras e obras\u201d, com missas \u00e0s 12h e 18h. A Imagem peregrina visitar\u00e1 a R\u00e1dio Catedral, \u00e0s 9h30, seguindo na sequ\u00eancia para a Catedral S\u00e3o Sebasti\u00e3o, com missa \u00e0s 12h, e \u00e0s 14h30, estar\u00e1 na Funda\u00e7\u00e3o S\u00e3o Martinho, na Lapa.<\/p>\n","protected":false},"excerpt":{"rendered":"<p>Quinto dia da Trezena de Santo Ant\u00f4nio<\/p>\n","protected":false},"author":3,"featured_media":188625,"comment_status":"open","ping_status":"open","sticky":false,"template":"","format":"standard","meta":[],"categories":[105],"tags":[347],"yoast_head":"<!-- This site is optimized with the Yoast SEO plugin v19.4 - https:\/\/yoast.com\/wordpress\/plugins\/seo\/ -->\n<title>Frei Gabriel: A miss\u00e3o de Ant\u00f4nio come\u00e7a e termina em nome do Pai e do Filho e do Esp\u00edrito Santo - Convento Santo Ant\u00f4nio- Franciscanos<\/title>\n<meta name=\"robots\" content=\"index, follow, max-snippet:-1, max-image-preview:large, max-video-preview:-1\" \/>\n<link rel=\"canonical\" href=\"https:\/\/franciscanos.org.br\/conventosantoantonio\/frei-gabriel-a-missao-de-antonio-comeca-e-termina-em-nome-do-pai-e-do-filho-e-do-espirito-santo\/\" \/>\n<meta property=\"og:locale\" content=\"pt_BR\" \/>\n<meta property=\"og:type\" content=\"article\" \/>\n<meta property=\"og:title\" content=\"Frei Gabriel: A miss\u00e3o de Ant\u00f4nio come\u00e7a e termina em nome do Pai e do Filho e do Esp\u00edrito Santo - Convento Santo Ant\u00f4nio- Franciscanos\" \/>\n<meta property=\"og:description\" content=\"Quinto dia da Trezena de Santo Ant\u00f4nio\" \/>\n<meta property=\"og:url\" content=\"https:\/\/franciscanos.org.br\/conventosantoantonio\/frei-gabriel-a-missao-de-antonio-comeca-e-termina-em-nome-do-pai-e-do-filho-e-do-espirito-santo\/\" \/>\n<meta property=\"og:site_name\" content=\"Convento Santo Ant\u00f4nio- Franciscanos\" \/>\n<meta property=\"article:published_time\" content=\"2023-06-05T10:16:20+00:00\" \/>\n<meta property=\"article:modified_time\" content=\"2023-06-05T10:17:09+00:00\" \/>\n<meta property=\"og:image\" content=\"https:\/\/franciscanos.org.br\/conventosantoantonio\/wp-content\/uploads\/2023\/06\/quintodia_05.jpg\" \/>\n\t<meta property=\"og:image:width\" content=\"1280\" \/>\n\t<meta property=\"og:image:height\" content=\"720\" \/>\n\t<meta property=\"og:image:type\" content=\"image\/jpeg\" \/>\n<meta name=\"author\" content=\"moacir\" \/>\n<meta name=\"twitter:card\" content=\"summary_large_image\" \/>\n<meta name=\"twitter:label1\" content=\"Escrito por\" \/>\n\t<meta name=\"twitter:data1\" content=\"moacir\" \/>\n\t<meta name=\"twitter:label2\" content=\"Est. tempo de leitura\" \/>\n\t<meta name=\"twitter:data2\" content=\"8 minutos\" \/>\n<script type=\"application\/ld+json\" class=\"yoast-schema-graph\">{\"@context\":\"https:\/\/schema.org\",\"@graph\":[{\"@type\":\"WebSite\",\"@id\":\"https:\/\/franciscanos.org.br\/conventosantoantonio\/#website\",\"url\":\"https:\/\/franciscanos.org.br\/conventosantoantonio\/\",\"name\":\"Convento Santo Ant\u00f4nio- Franciscanos\",\"description\":\"Prov\u00edncia Franciscana da Imaculada Concei\u00e7\u00e3o do Brasil - Ordem dos Frades Menores\",\"potentialAction\":[{\"@type\":\"SearchAction\",\"target\":{\"@type\":\"EntryPoint\",\"urlTemplate\":\"https:\/\/franciscanos.org.br\/conventosantoantonio\/?s={search_term_string}\"},\"query-input\":\"required name=search_term_string\"}],\"inLanguage\":\"pt-BR\"},{\"@type\":\"WebPage\",\"@id\":\"https:\/\/franciscanos.org.br\/conventosantoantonio\/frei-gabriel-a-missao-de-antonio-comeca-e-termina-em-nome-do-pai-e-do-filho-e-do-espirito-santo\/\",\"url\":\"https:\/\/franciscanos.org.br\/conventosantoantonio\/frei-gabriel-a-missao-de-antonio-comeca-e-termina-em-nome-do-pai-e-do-filho-e-do-espirito-santo\/\",\"name\":\"Frei Gabriel: A miss\u00e3o de Ant\u00f4nio come\u00e7a e termina em nome do Pai e do Filho e do Esp\u00edrito Santo - Convento Santo Ant\u00f4nio- Franciscanos\",\"isPartOf\":{\"@id\":\"https:\/\/franciscanos.org.br\/conventosantoantonio\/#website\"},\"datePublished\":\"2023-06-05T10:16:20+00:00\",\"dateModified\":\"2023-06-05T10:17:09+00:00\",\"author\":{\"@id\":\"https:\/\/franciscanos.org.br\/conventosantoantonio\/#\/schema\/person\/73421c01c49c32a7bb0a19d9b36df6ad\"},\"breadcrumb\":{\"@id\":\"https:\/\/franciscanos.org.br\/conventosantoantonio\/frei-gabriel-a-missao-de-antonio-comeca-e-termina-em-nome-do-pai-e-do-filho-e-do-espirito-santo\/#breadcrumb\"},\"inLanguage\":\"pt-BR\",\"potentialAction\":[{\"@type\":\"ReadAction\",\"target\":[\"https:\/\/franciscanos.org.br\/conventosantoantonio\/frei-gabriel-a-missao-de-antonio-comeca-e-termina-em-nome-do-pai-e-do-filho-e-do-espirito-santo\/\"]}]},{\"@type\":\"BreadcrumbList\",\"@id\":\"https:\/\/franciscanos.org.br\/conventosantoantonio\/frei-gabriel-a-missao-de-antonio-comeca-e-termina-em-nome-do-pai-e-do-filho-e-do-espirito-santo\/#breadcrumb\",\"itemListElement\":[{\"@type\":\"ListItem\",\"position\":1,\"name\":\"Home\",\"item\":\"https:\/\/franciscanos.org.br\/conventosantoantonio\/\"},{\"@type\":\"ListItem\",\"position\":2,\"name\":\"Frei Gabriel: A miss\u00e3o de Ant\u00f4nio come\u00e7a e termina em nome do Pai e do Filho e do Esp\u00edrito Santo\"}]},{\"@type\":\"Person\",\"@id\":\"https:\/\/franciscanos.org.br\/conventosantoantonio\/#\/schema\/person\/73421c01c49c32a7bb0a19d9b36df6ad\",\"name\":\"moacir\",\"image\":{\"@type\":\"ImageObject\",\"inLanguage\":\"pt-BR\",\"@id\":\"https:\/\/franciscanos.org.br\/conventosantoantonio\/#\/schema\/person\/image\/\",\"url\":\"https:\/\/secure.gravatar.com\/avatar\/d08aa2ce4c8dd416d4479aa8536fcf64?s=96&d=mm&r=g\",\"contentUrl\":\"https:\/\/secure.gravatar.com\/avatar\/d08aa2ce4c8dd416d4479aa8536fcf64?s=96&d=mm&r=g\",\"caption\":\"moacir\"},\"url\":\"https:\/\/franciscanos.org.br\/conventosantoantonio\/author\/moacir\/\"}]}<\/script>\n<!-- \/ Yoast SEO plugin. -->","yoast_head_json":{"title":"Frei Gabriel: A miss\u00e3o de Ant\u00f4nio come\u00e7a e termina em nome do Pai e do Filho e do Esp\u00edrito Santo - Convento Santo Ant\u00f4nio- Franciscanos","robots":{"index":"index","follow":"follow","max-snippet":"max-snippet:-1","max-image-preview":"max-image-preview:large","max-video-preview":"max-video-preview:-1"},"canonical":"https:\/\/franciscanos.org.br\/conventosantoantonio\/frei-gabriel-a-missao-de-antonio-comeca-e-termina-em-nome-do-pai-e-do-filho-e-do-espirito-santo\/","og_locale":"pt_BR","og_type":"article","og_title":"Frei Gabriel: A miss\u00e3o de Ant\u00f4nio come\u00e7a e termina em nome do Pai e do Filho e do Esp\u00edrito Santo - Convento Santo Ant\u00f4nio- Franciscanos","og_description":"Quinto dia da Trezena de Santo Ant\u00f4nio","og_url":"https:\/\/franciscanos.org.br\/conventosantoantonio\/frei-gabriel-a-missao-de-antonio-comeca-e-termina-em-nome-do-pai-e-do-filho-e-do-espirito-santo\/","og_site_name":"Convento Santo Ant\u00f4nio- Franciscanos","article_published_time":"2023-06-05T10:16:20+00:00","article_modified_time":"2023-06-05T10:17:09+00:00","og_image":[{"width":1280,"height":720,"url":"https:\/\/franciscanos.org.br\/conventosantoantonio\/wp-content\/uploads\/2023\/06\/quintodia_05.jpg","type":"image\/jpeg"}],"author":"moacir","twitter_card":"summary_large_image","twitter_misc":{"Escrito por":"moacir","Est. tempo de leitura":"8 minutos"},"schema":{"@context":"https:\/\/schema.org","@graph":[{"@type":"WebSite","@id":"https:\/\/franciscanos.org.br\/conventosantoantonio\/#website","url":"https:\/\/franciscanos.org.br\/conventosantoantonio\/","name":"Convento Santo Ant\u00f4nio- Franciscanos","description":"Prov\u00edncia Franciscana da Imaculada Concei\u00e7\u00e3o do Brasil - Ordem dos Frades Menores","potentialAction":[{"@type":"SearchAction","target":{"@type":"EntryPoint","urlTemplate":"https:\/\/franciscanos.org.br\/conventosantoantonio\/?s={search_term_string}"},"query-input":"required name=search_term_string"}],"inLanguage":"pt-BR"},{"@type":"WebPage","@id":"https:\/\/franciscanos.org.br\/conventosantoantonio\/frei-gabriel-a-missao-de-antonio-comeca-e-termina-em-nome-do-pai-e-do-filho-e-do-espirito-santo\/","url":"https:\/\/franciscanos.org.br\/conventosantoantonio\/frei-gabriel-a-missao-de-antonio-comeca-e-termina-em-nome-do-pai-e-do-filho-e-do-espirito-santo\/","name":"Frei Gabriel: A miss\u00e3o de Ant\u00f4nio come\u00e7a e termina em nome do Pai e do Filho e do Esp\u00edrito Santo - Convento Santo Ant\u00f4nio- Franciscanos","isPartOf":{"@id":"https:\/\/franciscanos.org.br\/conventosantoantonio\/#website"},"datePublished":"2023-06-05T10:16:20+00:00","dateModified":"2023-06-05T10:17:09+00:00","author":{"@id":"https:\/\/franciscanos.org.br\/conventosantoantonio\/#\/schema\/person\/73421c01c49c32a7bb0a19d9b36df6ad"},"breadcrumb":{"@id":"https:\/\/franciscanos.org.br\/conventosantoantonio\/frei-gabriel-a-missao-de-antonio-comeca-e-termina-em-nome-do-pai-e-do-filho-e-do-espirito-santo\/#breadcrumb"},"inLanguage":"pt-BR","potentialAction":[{"@type":"ReadAction","target":["https:\/\/franciscanos.org.br\/conventosantoantonio\/frei-gabriel-a-missao-de-antonio-comeca-e-termina-em-nome-do-pai-e-do-filho-e-do-espirito-santo\/"]}]},{"@type":"BreadcrumbList","@id":"https:\/\/franciscanos.org.br\/conventosantoantonio\/frei-gabriel-a-missao-de-antonio-comeca-e-termina-em-nome-do-pai-e-do-filho-e-do-espirito-santo\/#breadcrumb","itemListElement":[{"@type":"ListItem","position":1,"name":"Home","item":"https:\/\/franciscanos.org.br\/conventosantoantonio\/"},{"@type":"ListItem","position":2,"name":"Frei Gabriel: A miss\u00e3o de Ant\u00f4nio come\u00e7a e termina em nome do Pai e do Filho e do Esp\u00edrito Santo"}]},{"@type":"Person","@id":"https:\/\/franciscanos.org.br\/conventosantoantonio\/#\/schema\/person\/73421c01c49c32a7bb0a19d9b36df6ad","name":"moacir","image":{"@type":"ImageObject","inLanguage":"pt-BR","@id":"https:\/\/franciscanos.org.br\/conventosantoantonio\/#\/schema\/person\/image\/","url":"https:\/\/secure.gravatar.com\/avatar\/d08aa2ce4c8dd416d4479aa8536fcf64?s=96&d=mm&r=g","contentUrl":"https:\/\/secure.gravatar.com\/avatar\/d08aa2ce4c8dd416d4479aa8536fcf64?s=96&d=mm&r=g","caption":"moacir"},"url":"https:\/\/franciscanos.org.br\/conventosantoantonio\/author\/moacir\/"}]}},"_links":{"self":[{"href":"https:\/\/franciscanos.org.br\/conventosantoantonio\/wp-json\/wp\/v2\/posts\/188624"}],"collection":[{"href":"https:\/\/franciscanos.org.br\/conventosantoantonio\/wp-json\/wp\/v2\/posts"}],"about":[{"href":"https:\/\/franciscanos.org.br\/conventosantoantonio\/wp-json\/wp\/v2\/types\/post"}],"author":[{"embeddable":true,"href":"https:\/\/franciscanos.org.br\/conventosantoantonio\/wp-json\/wp\/v2\/users\/3"}],"replies":[{"embeddable":true,"href":"https:\/\/franciscanos.org.br\/conventosantoantonio\/wp-json\/wp\/v2\/comments?post=188624"}],"version-history":[{"count":1,"href":"https:\/\/franciscanos.org.br\/conventosantoantonio\/wp-json\/wp\/v2\/posts\/188624\/revisions"}],"predecessor-version":[{"id":188632,"href":"https:\/\/franciscanos.org.br\/conventosantoantonio\/wp-json\/wp\/v2\/posts\/188624\/revisions\/188632"}],"wp:featuredmedia":[{"embeddable":true,"href":"https:\/\/franciscanos.org.br\/conventosantoantonio\/wp-json\/wp\/v2\/media\/188625"}],"wp:attachment":[{"href":"https:\/\/franciscanos.org.br\/conventosantoantonio\/wp-json\/wp\/v2\/media?parent=188624"}],"wp:term":[{"taxonomy":"category","embeddable":true,"href":"https:\/\/franciscanos.org.br\/conventosantoantonio\/wp-json\/wp\/v2\/categories?post=188624"},{"taxonomy":"post_tag","embeddable":true,"href":"https:\/\/franciscanos.org.br\/conventosantoantonio\/wp-json\/wp\/v2\/tags?post=188624"}],"curies":[{"name":"wp","href":"https:\/\/api.w.org\/{rel}","templated":true}]}}