{"id":188615,"date":"2023-06-04T05:54:27","date_gmt":"2023-06-04T08:54:27","guid":{"rendered":"https:\/\/franciscanos.org.br\/conventosantoantonio\/?p=188615"},"modified":"2023-06-04T05:54:27","modified_gmt":"2023-06-04T08:54:27","slug":"ser-um-sinal-de-deus-atraves-de-palavras-e-obras-pede-frei-gabriel","status":"publish","type":"post","link":"https:\/\/franciscanos.org.br\/conventosantoantonio\/ser-um-sinal-de-deus-atraves-de-palavras-e-obras-pede-frei-gabriel\/","title":{"rendered":"&#8220;Ser um sinal de Deus atrav\u00e9s de palavras e obras&#8221;, pede Frei Gabriel"},"content":{"rendered":"<p><img loading=\"lazy\" class=\"alignnone size-full wp-image-188616\" src=\"https:\/\/franciscanos.org.br\/conventosantoantonio\/wp-content\/uploads\/2023\/06\/quartodia_01.jpg\" alt=\"\" width=\"1200\" height=\"720\" srcset=\"https:\/\/franciscanos.org.br\/conventosantoantonio\/wp-content\/uploads\/2023\/06\/quartodia_01.jpg 1200w, https:\/\/franciscanos.org.br\/conventosantoantonio\/wp-content\/uploads\/2023\/06\/quartodia_01-450x270.jpg 450w, https:\/\/franciscanos.org.br\/conventosantoantonio\/wp-content\/uploads\/2023\/06\/quartodia_01-1024x614.jpg 1024w, https:\/\/franciscanos.org.br\/conventosantoantonio\/wp-content\/uploads\/2023\/06\/quartodia_01-768x461.jpg 768w, https:\/\/franciscanos.org.br\/conventosantoantonio\/wp-content\/uploads\/2023\/06\/quartodia_01-150x90.jpg 150w\" sizes=\"(max-width: 1200px) 100vw, 1200px\" \/><\/p>\n<p>No quarto dia da Trezena de Santo Ant\u00f4nio, no Convento Santo Ant\u00f4nio do Largo da Carioca (RJ), neste s\u00e1bado (3\/06), o pregador Frei Gabriel Dellandrea refletiu sobre o tema \u201cSanto Ant\u00f4nio: um jovem que se decide por Deus!\u201d, tendo em vista o Ano Vocacional na Igreja e na Prov\u00edncia da Imaculada Concei\u00e7\u00e3o. A 341\u00aa edi\u00e7\u00e3o da Trezena e Festa do Convento Santo Ant\u00f4nio tem como tema \u201cA Voca\u00e7\u00e3o de Santo Ant\u00f4nio: exemplo de entrega a Deus\u201d.<\/p>\n<p>A Missa da Trezena, neste s\u00e1bado, foi \u00e0s 10h. Refletindo sobre o tema de hoje, Frei Gabriel lembrou que Santo Ant\u00f4nio tamb\u00e9m j\u00e1 foi um jovem que teve suas crises de jovem. E na sua juventude se decidiu por Deus! Quis ser de Deus e dar a ele toda a sua vida!<\/p>\n<p><img loading=\"lazy\" class=\"alignnone size-full wp-image-188617\" src=\"https:\/\/franciscanos.org.br\/conventosantoantonio\/wp-content\/uploads\/2023\/06\/quartodia_02.jpg\" alt=\"\" width=\"1280\" height=\"931\" srcset=\"https:\/\/franciscanos.org.br\/conventosantoantonio\/wp-content\/uploads\/2023\/06\/quartodia_02.jpg 1280w, https:\/\/franciscanos.org.br\/conventosantoantonio\/wp-content\/uploads\/2023\/06\/quartodia_02-450x327.jpg 450w, https:\/\/franciscanos.org.br\/conventosantoantonio\/wp-content\/uploads\/2023\/06\/quartodia_02-1024x745.jpg 1024w, https:\/\/franciscanos.org.br\/conventosantoantonio\/wp-content\/uploads\/2023\/06\/quartodia_02-768x559.jpg 768w, https:\/\/franciscanos.org.br\/conventosantoantonio\/wp-content\/uploads\/2023\/06\/quartodia_02-150x109.jpg 150w\" sizes=\"(max-width: 1280px) 100vw, 1280px\" \/><\/p>\n<p>&#8220;Quem gosta de ser enganado? Quem gosta de ser enrolado? Ningu\u00e9m! \u00c9 por isso que buscamos um pouco de conhecimento, de sabedoria, de intelig\u00eancia, para que possamos responder desde as quest\u00f5es simples at\u00e9 as mais complexas da vida. \u00c9 nesse sentido que est\u00e1 a primeira leitura. O autor, assim como cada um de n\u00f3s, buscou entender onde poderia encontrar a sabedoria. Diante das grandes perguntas da vida, queria responder com certeza. E quando a encontrou, procurou colocar ela em pr\u00e1tica&#8221;, situou.<\/p>\n<p>Nessa mesma din\u00e2mica se colocou Santo Ant\u00f4nio. &#8220;E diante dessa escolha, uma frase dele pode nos ajudar na nossa busca de sabedoria. Assim diz Santo Ant\u00f4nio: &#8216;Aprende a amar Jesus e aprender\u00e1s onde est\u00e1 a sabedoria&#8217;. Santo Ant\u00f4nio tinha essa certeza: \u00e9 Jesus o rumo certo, a rota certeira, a melhor resposta para as crises&#8221;, refletiu o frade.<\/p>\n<p><img loading=\"lazy\" class=\"alignnone size-full wp-image-188618\" src=\"https:\/\/franciscanos.org.br\/conventosantoantonio\/wp-content\/uploads\/2023\/06\/quartodia_03.jpg\" alt=\"\" width=\"1280\" height=\"960\" srcset=\"https:\/\/franciscanos.org.br\/conventosantoantonio\/wp-content\/uploads\/2023\/06\/quartodia_03.jpg 1280w, https:\/\/franciscanos.org.br\/conventosantoantonio\/wp-content\/uploads\/2023\/06\/quartodia_03-450x338.jpg 450w, https:\/\/franciscanos.org.br\/conventosantoantonio\/wp-content\/uploads\/2023\/06\/quartodia_03-1024x768.jpg 1024w, https:\/\/franciscanos.org.br\/conventosantoantonio\/wp-content\/uploads\/2023\/06\/quartodia_03-768x576.jpg 768w, https:\/\/franciscanos.org.br\/conventosantoantonio\/wp-content\/uploads\/2023\/06\/quartodia_03-150x113.jpg 150w\" sizes=\"(max-width: 1280px) 100vw, 1280px\" \/><\/p>\n<p>Segundo o frade, \u00e9 a partir de relatos como o do Evangelho de hoje que Jesus n\u00e3o se deixa enganar diante das coisas: &#8220;Ele n\u00e3o abre m\u00e3o de suas convic\u00e7\u00f5es, do seu modo de ser&#8221;.<\/p>\n<p>&#8220;Mas apenas admirar Jesus n\u00e3o basta. \u00c9 preciso fazer como ouvimos na primeira leitura: ao nos encontrarmos com a sabedoria, colocar ela em pr\u00e1tica. Jesus \u00e9 essa sabedoria: agir como ele agiu \u00e9 a nossa meta! Amar Jesus \u00e9 se deixar transformar por ele. \u00c9 abrir m\u00e3o das nossas mesquinharias, dos nossos ego\u00edsmos, de uma vida superficial e ir a fundo num projeto de vida que \u00e9 capaz de ser um sinal de Deus atrav\u00e9s de palavras e obras. Nosso testemunho de amor a Jesus, assim como o fez Santo Ant\u00f4nio, ser\u00e1 fonte de sabedoria para um mundo cheio de perguntas. Nosso agir a partir de Jesus pode ser a resposta para muitos\u00a0cora\u00e7\u00f5es!&#8221;, ensinou.<\/p>\n<p><img loading=\"lazy\" class=\"alignnone size-full wp-image-188619\" src=\"https:\/\/franciscanos.org.br\/conventosantoantonio\/wp-content\/uploads\/2023\/06\/quartodia_04.jpg\" alt=\"\" width=\"1280\" height=\"960\" srcset=\"https:\/\/franciscanos.org.br\/conventosantoantonio\/wp-content\/uploads\/2023\/06\/quartodia_04.jpg 1280w, https:\/\/franciscanos.org.br\/conventosantoantonio\/wp-content\/uploads\/2023\/06\/quartodia_04-450x338.jpg 450w, https:\/\/franciscanos.org.br\/conventosantoantonio\/wp-content\/uploads\/2023\/06\/quartodia_04-1024x768.jpg 1024w, https:\/\/franciscanos.org.br\/conventosantoantonio\/wp-content\/uploads\/2023\/06\/quartodia_04-768x576.jpg 768w, https:\/\/franciscanos.org.br\/conventosantoantonio\/wp-content\/uploads\/2023\/06\/quartodia_04-150x113.jpg 150w\" sizes=\"(max-width: 1280px) 100vw, 1280px\" \/><\/p>\n<p><strong>Os protegidos de S\u00e3o Francisco na Trezena<\/strong><\/p>\n<p>S\u00e3o Francisco j\u00e1 \u00e9 consagrado e conhecido como o Padroeiro da Ecologia e dos Animais. No entanto, neste s\u00e1bado, 03 de junho, foi Santo Ant\u00f4nio quem se disp\u00f4s a construir pontes que unem animaizinhos abandonados com fam\u00edlias dispostas a adot\u00e1-los. No quarto dia da Trezena, Imagem Peregrina de Santo Ant\u00f4nio ficou no Largo da Carioca, aben\u00e7oando a todos que por ali passavam e tamb\u00e9m a equipe de volunt\u00e1rios da ONG Bichinho Feliz, que montou sua campanha de ado\u00e7\u00e3o aos p\u00e9s do Convento. Chamando a aten\u00e7\u00e3o especialmente das crian\u00e7as que passavam pelo Largo e tamb\u00e9m dos fi\u00e9is que viam para a Missa da Trezena, os filhotes de c\u00e3es e gatos receberam, al\u00e9m da b\u00ean\u00e7\u00e3o, uma carga extra de carinho. Dona Palmira, com quase 94 anos, veio sozinha do bairro onde mora, Acari, para ver e pegar no colo os cachorrinhos. Saiu feliz!<\/p>\n<p>No Convento, ap\u00f3s a missa da Trezena, houve a reinaugura\u00e7\u00e3o do Sal\u00e3o Frei Fabiano de Cristo, que por anos consecutivos n\u00e3o esteve mais acess\u00edvel ao p\u00fablico externo. A data foi celebrada com um almo\u00e7o no espa\u00e7o, batizado carinhosamente nesta Trezena como \u201cGastronomia Antoniana\u201d. No Card\u00e1pio, Talharim \u00e0 Bolonhesa. Tamb\u00e9m teve in\u00edcio a venda de p\u00e3es fabricados no Convento pelo Guardi\u00e3o, Frei Walter Ferreira J\u00fanior. Num gesto simb\u00f3lico, o guardi\u00e3o ofereceu a Santo Ant\u00f4nio o primeiro p\u00e3o da fornada rec\u00e9m preparada.<\/p>\n<p><img loading=\"lazy\" class=\"alignnone size-full wp-image-188620\" src=\"https:\/\/franciscanos.org.br\/conventosantoantonio\/wp-content\/uploads\/2023\/06\/quartodia_05.jpg\" alt=\"\" width=\"1280\" height=\"960\" srcset=\"https:\/\/franciscanos.org.br\/conventosantoantonio\/wp-content\/uploads\/2023\/06\/quartodia_05.jpg 1280w, https:\/\/franciscanos.org.br\/conventosantoantonio\/wp-content\/uploads\/2023\/06\/quartodia_05-450x338.jpg 450w, https:\/\/franciscanos.org.br\/conventosantoantonio\/wp-content\/uploads\/2023\/06\/quartodia_05-1024x768.jpg 1024w, https:\/\/franciscanos.org.br\/conventosantoantonio\/wp-content\/uploads\/2023\/06\/quartodia_05-768x576.jpg 768w, https:\/\/franciscanos.org.br\/conventosantoantonio\/wp-content\/uploads\/2023\/06\/quartodia_05-150x113.jpg 150w\" sizes=\"(max-width: 1280px) 100vw, 1280px\" \/><\/p>\n<p>A 341\u00aa Trezena de Santo Ant\u00f4nio segue neste domingo, 04 de junho, j\u00e1 em seu quinto dia, com o tema \u201cSanto Ant\u00f4nio: um servo da Trindade\u201d. Na \u201cGastronomia Antoniana\u201d, o card\u00e1pio ser\u00e1 Inhoque ao Sugo. A Imagem Peregrina vai visitar, \u00e0s 8h, o Mosteiro da Ajuda, das Irm\u00e3s Concepcionistas, em Vila Isabel e, logo em seguida, segue para a Casa Franciscana, do Servi\u00e7o Franciscano de Solidariedade (SEFRAS), pr\u00f3ximo \u00e0 Central do Brasil, onde estar\u00e1 presente no almo\u00e7o servido \u00e0 popula\u00e7\u00e3o em situa\u00e7\u00e3o de rua.<\/p>\n<p>Neste domingo, Solenidade da Sant\u00edssimo Trindade, o tema \u00e9 \u201cSanto Ant\u00f4nio: um servo da Trindade!\u201d, na Missa das 10h.<\/p>\n<p><img loading=\"lazy\" class=\"alignnone size-full wp-image-188621\" src=\"https:\/\/franciscanos.org.br\/conventosantoantonio\/wp-content\/uploads\/2023\/06\/quartodia_06.jpg\" alt=\"\" width=\"1280\" height=\"960\" srcset=\"https:\/\/franciscanos.org.br\/conventosantoantonio\/wp-content\/uploads\/2023\/06\/quartodia_06.jpg 1280w, https:\/\/franciscanos.org.br\/conventosantoantonio\/wp-content\/uploads\/2023\/06\/quartodia_06-450x338.jpg 450w, https:\/\/franciscanos.org.br\/conventosantoantonio\/wp-content\/uploads\/2023\/06\/quartodia_06-1024x768.jpg 1024w, https:\/\/franciscanos.org.br\/conventosantoantonio\/wp-content\/uploads\/2023\/06\/quartodia_06-768x576.jpg 768w, https:\/\/franciscanos.org.br\/conventosantoantonio\/wp-content\/uploads\/2023\/06\/quartodia_06-150x113.jpg 150w\" sizes=\"(max-width: 1280px) 100vw, 1280px\" \/><\/p>\n","protected":false},"excerpt":{"rendered":"<p>Quarto dia da Trezena de Santo Ant\u00f4nio<\/p>\n","protected":false},"author":3,"featured_media":188616,"comment_status":"open","ping_status":"open","sticky":false,"template":"","format":"standard","meta":[],"categories":[105],"tags":[347],"yoast_head":"<!-- This site is optimized with the Yoast SEO plugin v19.4 - https:\/\/yoast.com\/wordpress\/plugins\/seo\/ -->\n<title>&quot;Ser um sinal de Deus atrav\u00e9s de palavras e obras&quot;, pede Frei Gabriel - Convento Santo Ant\u00f4nio- Franciscanos<\/title>\n<meta name=\"robots\" content=\"index, follow, max-snippet:-1, max-image-preview:large, max-video-preview:-1\" \/>\n<link rel=\"canonical\" href=\"https:\/\/franciscanos.org.br\/conventosantoantonio\/ser-um-sinal-de-deus-atraves-de-palavras-e-obras-pede-frei-gabriel\/\" \/>\n<meta property=\"og:locale\" content=\"pt_BR\" \/>\n<meta property=\"og:type\" content=\"article\" \/>\n<meta property=\"og:title\" content=\"&quot;Ser um sinal de Deus atrav\u00e9s de palavras e obras&quot;, pede Frei Gabriel - Convento Santo Ant\u00f4nio- Franciscanos\" \/>\n<meta property=\"og:description\" content=\"Quarto dia da Trezena de Santo Ant\u00f4nio\" \/>\n<meta property=\"og:url\" content=\"https:\/\/franciscanos.org.br\/conventosantoantonio\/ser-um-sinal-de-deus-atraves-de-palavras-e-obras-pede-frei-gabriel\/\" \/>\n<meta property=\"og:site_name\" content=\"Convento Santo Ant\u00f4nio- Franciscanos\" \/>\n<meta property=\"article:published_time\" content=\"2023-06-04T08:54:27+00:00\" \/>\n<meta property=\"og:image\" content=\"https:\/\/franciscanos.org.br\/conventosantoantonio\/wp-content\/uploads\/2023\/06\/quartodia_01.jpg\" \/>\n\t<meta property=\"og:image:width\" content=\"1200\" \/>\n\t<meta property=\"og:image:height\" content=\"720\" \/>\n\t<meta property=\"og:image:type\" content=\"image\/jpeg\" \/>\n<meta name=\"author\" content=\"moacir\" \/>\n<meta name=\"twitter:card\" content=\"summary_large_image\" \/>\n<meta name=\"twitter:label1\" content=\"Escrito por\" \/>\n\t<meta name=\"twitter:data1\" content=\"moacir\" \/>\n\t<meta name=\"twitter:label2\" content=\"Est. tempo de leitura\" \/>\n\t<meta name=\"twitter:data2\" content=\"6 minutos\" \/>\n<script type=\"application\/ld+json\" class=\"yoast-schema-graph\">{\"@context\":\"https:\/\/schema.org\",\"@graph\":[{\"@type\":\"WebSite\",\"@id\":\"https:\/\/franciscanos.org.br\/conventosantoantonio\/#website\",\"url\":\"https:\/\/franciscanos.org.br\/conventosantoantonio\/\",\"name\":\"Convento Santo Ant\u00f4nio- Franciscanos\",\"description\":\"Prov\u00edncia Franciscana da Imaculada Concei\u00e7\u00e3o do Brasil - Ordem dos Frades Menores\",\"potentialAction\":[{\"@type\":\"SearchAction\",\"target\":{\"@type\":\"EntryPoint\",\"urlTemplate\":\"https:\/\/franciscanos.org.br\/conventosantoantonio\/?s={search_term_string}\"},\"query-input\":\"required name=search_term_string\"}],\"inLanguage\":\"pt-BR\"},{\"@type\":\"WebPage\",\"@id\":\"https:\/\/franciscanos.org.br\/conventosantoantonio\/ser-um-sinal-de-deus-atraves-de-palavras-e-obras-pede-frei-gabriel\/\",\"url\":\"https:\/\/franciscanos.org.br\/conventosantoantonio\/ser-um-sinal-de-deus-atraves-de-palavras-e-obras-pede-frei-gabriel\/\",\"name\":\"\\\"Ser um sinal de Deus atrav\u00e9s de palavras e obras\\\", pede Frei Gabriel - Convento Santo Ant\u00f4nio- Franciscanos\",\"isPartOf\":{\"@id\":\"https:\/\/franciscanos.org.br\/conventosantoantonio\/#website\"},\"datePublished\":\"2023-06-04T08:54:27+00:00\",\"dateModified\":\"2023-06-04T08:54:27+00:00\",\"author\":{\"@id\":\"https:\/\/franciscanos.org.br\/conventosantoantonio\/#\/schema\/person\/73421c01c49c32a7bb0a19d9b36df6ad\"},\"breadcrumb\":{\"@id\":\"https:\/\/franciscanos.org.br\/conventosantoantonio\/ser-um-sinal-de-deus-atraves-de-palavras-e-obras-pede-frei-gabriel\/#breadcrumb\"},\"inLanguage\":\"pt-BR\",\"potentialAction\":[{\"@type\":\"ReadAction\",\"target\":[\"https:\/\/franciscanos.org.br\/conventosantoantonio\/ser-um-sinal-de-deus-atraves-de-palavras-e-obras-pede-frei-gabriel\/\"]}]},{\"@type\":\"BreadcrumbList\",\"@id\":\"https:\/\/franciscanos.org.br\/conventosantoantonio\/ser-um-sinal-de-deus-atraves-de-palavras-e-obras-pede-frei-gabriel\/#breadcrumb\",\"itemListElement\":[{\"@type\":\"ListItem\",\"position\":1,\"name\":\"Home\",\"item\":\"https:\/\/franciscanos.org.br\/conventosantoantonio\/\"},{\"@type\":\"ListItem\",\"position\":2,\"name\":\"&#8220;Ser um sinal de Deus atrav\u00e9s de palavras e obras&#8221;, pede Frei Gabriel\"}]},{\"@type\":\"Person\",\"@id\":\"https:\/\/franciscanos.org.br\/conventosantoantonio\/#\/schema\/person\/73421c01c49c32a7bb0a19d9b36df6ad\",\"name\":\"moacir\",\"image\":{\"@type\":\"ImageObject\",\"inLanguage\":\"pt-BR\",\"@id\":\"https:\/\/franciscanos.org.br\/conventosantoantonio\/#\/schema\/person\/image\/\",\"url\":\"https:\/\/secure.gravatar.com\/avatar\/d08aa2ce4c8dd416d4479aa8536fcf64?s=96&d=mm&r=g\",\"contentUrl\":\"https:\/\/secure.gravatar.com\/avatar\/d08aa2ce4c8dd416d4479aa8536fcf64?s=96&d=mm&r=g\",\"caption\":\"moacir\"},\"url\":\"https:\/\/franciscanos.org.br\/conventosantoantonio\/author\/moacir\/\"}]}<\/script>\n<!-- \/ Yoast SEO plugin. -->","yoast_head_json":{"title":"\"Ser um sinal de Deus atrav\u00e9s de palavras e obras\", pede Frei Gabriel - Convento Santo Ant\u00f4nio- Franciscanos","robots":{"index":"index","follow":"follow","max-snippet":"max-snippet:-1","max-image-preview":"max-image-preview:large","max-video-preview":"max-video-preview:-1"},"canonical":"https:\/\/franciscanos.org.br\/conventosantoantonio\/ser-um-sinal-de-deus-atraves-de-palavras-e-obras-pede-frei-gabriel\/","og_locale":"pt_BR","og_type":"article","og_title":"\"Ser um sinal de Deus atrav\u00e9s de palavras e obras\", pede Frei Gabriel - Convento Santo Ant\u00f4nio- Franciscanos","og_description":"Quarto dia da Trezena de Santo Ant\u00f4nio","og_url":"https:\/\/franciscanos.org.br\/conventosantoantonio\/ser-um-sinal-de-deus-atraves-de-palavras-e-obras-pede-frei-gabriel\/","og_site_name":"Convento Santo Ant\u00f4nio- Franciscanos","article_published_time":"2023-06-04T08:54:27+00:00","og_image":[{"width":1200,"height":720,"url":"https:\/\/franciscanos.org.br\/conventosantoantonio\/wp-content\/uploads\/2023\/06\/quartodia_01.jpg","type":"image\/jpeg"}],"author":"moacir","twitter_card":"summary_large_image","twitter_misc":{"Escrito por":"moacir","Est. tempo de leitura":"6 minutos"},"schema":{"@context":"https:\/\/schema.org","@graph":[{"@type":"WebSite","@id":"https:\/\/franciscanos.org.br\/conventosantoantonio\/#website","url":"https:\/\/franciscanos.org.br\/conventosantoantonio\/","name":"Convento Santo Ant\u00f4nio- Franciscanos","description":"Prov\u00edncia Franciscana da Imaculada Concei\u00e7\u00e3o do Brasil - Ordem dos Frades Menores","potentialAction":[{"@type":"SearchAction","target":{"@type":"EntryPoint","urlTemplate":"https:\/\/franciscanos.org.br\/conventosantoantonio\/?s={search_term_string}"},"query-input":"required name=search_term_string"}],"inLanguage":"pt-BR"},{"@type":"WebPage","@id":"https:\/\/franciscanos.org.br\/conventosantoantonio\/ser-um-sinal-de-deus-atraves-de-palavras-e-obras-pede-frei-gabriel\/","url":"https:\/\/franciscanos.org.br\/conventosantoantonio\/ser-um-sinal-de-deus-atraves-de-palavras-e-obras-pede-frei-gabriel\/","name":"\"Ser um sinal de Deus atrav\u00e9s de palavras e obras\", pede Frei Gabriel - Convento Santo Ant\u00f4nio- Franciscanos","isPartOf":{"@id":"https:\/\/franciscanos.org.br\/conventosantoantonio\/#website"},"datePublished":"2023-06-04T08:54:27+00:00","dateModified":"2023-06-04T08:54:27+00:00","author":{"@id":"https:\/\/franciscanos.org.br\/conventosantoantonio\/#\/schema\/person\/73421c01c49c32a7bb0a19d9b36df6ad"},"breadcrumb":{"@id":"https:\/\/franciscanos.org.br\/conventosantoantonio\/ser-um-sinal-de-deus-atraves-de-palavras-e-obras-pede-frei-gabriel\/#breadcrumb"},"inLanguage":"pt-BR","potentialAction":[{"@type":"ReadAction","target":["https:\/\/franciscanos.org.br\/conventosantoantonio\/ser-um-sinal-de-deus-atraves-de-palavras-e-obras-pede-frei-gabriel\/"]}]},{"@type":"BreadcrumbList","@id":"https:\/\/franciscanos.org.br\/conventosantoantonio\/ser-um-sinal-de-deus-atraves-de-palavras-e-obras-pede-frei-gabriel\/#breadcrumb","itemListElement":[{"@type":"ListItem","position":1,"name":"Home","item":"https:\/\/franciscanos.org.br\/conventosantoantonio\/"},{"@type":"ListItem","position":2,"name":"&#8220;Ser um sinal de Deus atrav\u00e9s de palavras e obras&#8221;, pede Frei Gabriel"}]},{"@type":"Person","@id":"https:\/\/franciscanos.org.br\/conventosantoantonio\/#\/schema\/person\/73421c01c49c32a7bb0a19d9b36df6ad","name":"moacir","image":{"@type":"ImageObject","inLanguage":"pt-BR","@id":"https:\/\/franciscanos.org.br\/conventosantoantonio\/#\/schema\/person\/image\/","url":"https:\/\/secure.gravatar.com\/avatar\/d08aa2ce4c8dd416d4479aa8536fcf64?s=96&d=mm&r=g","contentUrl":"https:\/\/secure.gravatar.com\/avatar\/d08aa2ce4c8dd416d4479aa8536fcf64?s=96&d=mm&r=g","caption":"moacir"},"url":"https:\/\/franciscanos.org.br\/conventosantoantonio\/author\/moacir\/"}]}},"_links":{"self":[{"href":"https:\/\/franciscanos.org.br\/conventosantoantonio\/wp-json\/wp\/v2\/posts\/188615"}],"collection":[{"href":"https:\/\/franciscanos.org.br\/conventosantoantonio\/wp-json\/wp\/v2\/posts"}],"about":[{"href":"https:\/\/franciscanos.org.br\/conventosantoantonio\/wp-json\/wp\/v2\/types\/post"}],"author":[{"embeddable":true,"href":"https:\/\/franciscanos.org.br\/conventosantoantonio\/wp-json\/wp\/v2\/users\/3"}],"replies":[{"embeddable":true,"href":"https:\/\/franciscanos.org.br\/conventosantoantonio\/wp-json\/wp\/v2\/comments?post=188615"}],"version-history":[{"count":1,"href":"https:\/\/franciscanos.org.br\/conventosantoantonio\/wp-json\/wp\/v2\/posts\/188615\/revisions"}],"predecessor-version":[{"id":188622,"href":"https:\/\/franciscanos.org.br\/conventosantoantonio\/wp-json\/wp\/v2\/posts\/188615\/revisions\/188622"}],"wp:featuredmedia":[{"embeddable":true,"href":"https:\/\/franciscanos.org.br\/conventosantoantonio\/wp-json\/wp\/v2\/media\/188616"}],"wp:attachment":[{"href":"https:\/\/franciscanos.org.br\/conventosantoantonio\/wp-json\/wp\/v2\/media?parent=188615"}],"wp:term":[{"taxonomy":"category","embeddable":true,"href":"https:\/\/franciscanos.org.br\/conventosantoantonio\/wp-json\/wp\/v2\/categories?post=188615"},{"taxonomy":"post_tag","embeddable":true,"href":"https:\/\/franciscanos.org.br\/conventosantoantonio\/wp-json\/wp\/v2\/tags?post=188615"}],"curies":[{"name":"wp","href":"https:\/\/api.w.org\/{rel}","templated":true}]}}