{"id":188611,"date":"2023-06-03T06:57:58","date_gmt":"2023-06-03T09:57:58","guid":{"rendered":"https:\/\/franciscanos.org.br\/conventosantoantonio\/?p=188611"},"modified":"2023-06-03T06:57:58","modified_gmt":"2023-06-03T09:57:58","slug":"a-exemplo-de-santo-antonio-ter-fome-de-deus-2","status":"publish","type":"post","link":"https:\/\/franciscanos.org.br\/conventosantoantonio\/a-exemplo-de-santo-antonio-ter-fome-de-deus-2\/","title":{"rendered":"A exemplo de Santo Ant\u00f4nio, ter \u201cfome de Deus\u201d"},"content":{"rendered":"<p><img loading=\"lazy\" class=\"alignnone wp-image-188604 size-full\" src=\"https:\/\/franciscanos.org.br\/conventosantoantonio\/wp-content\/uploads\/2023\/06\/trezena_terceiro_02_1.jpg\" alt=\"\" width=\"1200\" height=\"720\" srcset=\"https:\/\/franciscanos.org.br\/conventosantoantonio\/wp-content\/uploads\/2023\/06\/trezena_terceiro_02_1.jpg 1200w, https:\/\/franciscanos.org.br\/conventosantoantonio\/wp-content\/uploads\/2023\/06\/trezena_terceiro_02_1-450x270.jpg 450w, https:\/\/franciscanos.org.br\/conventosantoantonio\/wp-content\/uploads\/2023\/06\/trezena_terceiro_02_1-1024x614.jpg 1024w, https:\/\/franciscanos.org.br\/conventosantoantonio\/wp-content\/uploads\/2023\/06\/trezena_terceiro_02_1-768x461.jpg 768w, https:\/\/franciscanos.org.br\/conventosantoantonio\/wp-content\/uploads\/2023\/06\/trezena_terceiro_02_1-150x90.jpg 150w\" sizes=\"(max-width: 1200px) 100vw, 1200px\" \/><\/p>\n<p>A 341\u00aa edi\u00e7\u00e3o da Trezena do Convento Santo Ant\u00f4nio do Largo da Carioca, no Rio de Janeiro, chegou ao terceiro dia com as celebra\u00e7\u00f5es e a peregrina\u00e7\u00e3o da imagem do Santo mais popular do Brasil no Centro da Cidade, que neste dia foi aos est\u00fadios da R\u00e1dio Tupi, em pr\u00e9dio quase vizinho ao Convento.<\/p>\n<p>\u201cSanto Ant\u00f4nio e o desejo de se entregar a Deus pela f\u00e9!\u201d foi o tema deste terceiro dia, abordado pelo pregador Frei Gabriel Dellandrea, nas Missas da Trezena, \u00e0s 12h e 18h.<\/p>\n<p>Na sua reflex\u00e3o a partir do Evangelho do dia, Jesus teve fome e n\u00e3o encontrou frutos na figueira. &#8220;N\u00e3o sei voc\u00eas, mas quando eu abro a geladeira e n\u00e3o encontro nada de interessante pra comer quando quero fazer uma boquinha, d\u00e1 logo um des\u00e2nimo. Parece que a gente quer que tenha algo l\u00e1, mas est\u00e1 igual ao polo norte: fria e deserta. E \u00e9 por essa sensa\u00e7\u00e3o que Jesus passou ao se dirigir, com fome, \u00e0 figueira: esperando que ela estivesse repleta de figos, n\u00e3o tinha nada, n\u00e3o p\u00f4de se saciar&#8221;, disse.<\/p>\n<p><img loading=\"lazy\" class=\"alignnone size-full wp-image-188605\" src=\"https:\/\/franciscanos.org.br\/conventosantoantonio\/wp-content\/uploads\/2023\/06\/trezena_terceiro_02_4.jpg\" alt=\"\" width=\"869\" height=\"1080\" srcset=\"https:\/\/franciscanos.org.br\/conventosantoantonio\/wp-content\/uploads\/2023\/06\/trezena_terceiro_02_4.jpg 869w, https:\/\/franciscanos.org.br\/conventosantoantonio\/wp-content\/uploads\/2023\/06\/trezena_terceiro_02_4-362x450.jpg 362w, https:\/\/franciscanos.org.br\/conventosantoantonio\/wp-content\/uploads\/2023\/06\/trezena_terceiro_02_4-824x1024.jpg 824w, https:\/\/franciscanos.org.br\/conventosantoantonio\/wp-content\/uploads\/2023\/06\/trezena_terceiro_02_4-768x955.jpg 768w, https:\/\/franciscanos.org.br\/conventosantoantonio\/wp-content\/uploads\/2023\/06\/trezena_terceiro_02_4-150x187.jpg 150w, https:\/\/franciscanos.org.br\/conventosantoantonio\/wp-content\/uploads\/2023\/06\/trezena_terceiro_02_4-420x521.jpg 420w\" sizes=\"(max-width: 869px) 100vw, 869px\" \/><\/p>\n<p>&#8220;\u00c9 claro que o Evangelho n\u00e3o est\u00e1 falando de figo, mas de uma religi\u00e3o que n\u00e3o alimenta. E \u00e9 nesse contexto que Jesus expulsou os vendilh\u00f5es do templo. Ele fez isso porque, assim como quem se aproxima de uma figueira e quer frutos, uma pessoa de f\u00e9, ao se aproximar de um Templo, quer rezar, se encontrar com Deus&#8221;, destacou.<\/p>\n<p>&#8220;Mas no Templo daquele tempo, era imposs\u00edvel. Se adorava um outro deus: o dinheiro. Os vendedores e os sacerdotes queriam apenas lucrar fortunas, impondo sobre as pessoas, leis para que comprassem animais para o sacrif\u00edcio, fazendo render um com\u00e9rcio que n\u00e3o tinha nada de divino: era ego\u00edsta! \u00c9 \u00f3bvio que um templo precisa se manter financeiramente, mas nunca por meio da engana\u00e7\u00e3o. A casa do Pai \u00e9 lugar de ora\u00e7\u00e3o, onde a alma se alimenta!&#8221;, explicou Frei Gabriel.<\/p>\n<p>Segundo o pregador, esta fome de Deus \u00e9 vis\u00edvel em Santo Ant\u00f4nio, de acordo com o tema de hoje mostrando o desejo dele de se entregar pela f\u00e9. &#8220;Ele n\u00e3o quer viver um seguimento de Jesus vazio, que n\u00e3o alimenta, ego\u00edsta, voltado para si. Ele estava faminto de se doar por inteiro a Deus, por isso, ao ver o corpo de cinco m\u00e1rtires franciscanos, resolve tamb\u00e9m ele se tornar franciscano e ansiou querer viver o mart\u00edrio&#8221;, acrescento.<\/p>\n<p><img loading=\"lazy\" class=\"alignnone size-full wp-image-188608\" src=\"https:\/\/franciscanos.org.br\/conventosantoantonio\/wp-content\/uploads\/2023\/06\/trezena_terceiro_02_5.jpg\" alt=\"\" width=\"1200\" height=\"738\" srcset=\"https:\/\/franciscanos.org.br\/conventosantoantonio\/wp-content\/uploads\/2023\/06\/trezena_terceiro_02_5.jpg 1200w, https:\/\/franciscanos.org.br\/conventosantoantonio\/wp-content\/uploads\/2023\/06\/trezena_terceiro_02_5-450x277.jpg 450w, https:\/\/franciscanos.org.br\/conventosantoantonio\/wp-content\/uploads\/2023\/06\/trezena_terceiro_02_5-1024x630.jpg 1024w, https:\/\/franciscanos.org.br\/conventosantoantonio\/wp-content\/uploads\/2023\/06\/trezena_terceiro_02_5-768x472.jpg 768w, https:\/\/franciscanos.org.br\/conventosantoantonio\/wp-content\/uploads\/2023\/06\/trezena_terceiro_02_5-150x92.jpg 150w\" sizes=\"(max-width: 1200px) 100vw, 1200px\" \/><\/p>\n<p>E lembrou: &#8220;Sobre essa \u00faltima quest\u00e3o, frustrou-se! N\u00e3o foi assassinado pela f\u00e9, mas morreu de tanto se dedicar \u00e0 prega\u00e7\u00e3o, \u00e0s confiss\u00f5es, \u00e0 pobreza. Se esgotou e se tornou, entre n\u00f3s uma \u00e1rvore grande e que nos delicia ainda com seus frutos, que s\u00e3o suas palavras, sua intercess\u00e3o em milagres, sua devo\u00e7\u00e3o. \u00c9 por isso que a Santo Ant\u00f4nio cabe, com uma pequena adapta\u00e7\u00e3o, uma frase da primeira leitura de hoje: &#8216;vamos fazer o elogio dos homens famosos. Alguns n\u00e3o deixaram lembran\u00e7a alguma, como se nem tivessem existido. Mas este, era um homem de miseric\u00f3rdia: seus gestos de bondade n\u00e3o ser\u00e3o esquecidos&#8217;\u201d, situou.<\/p>\n<p>E concluiu: &#8220;Por isso, somos convidados com Santo Ant\u00f4nio a nos tornarmos templos de Deus. As pessoas, ao conviverem conosco, precisam encontrar frutos que alimentam sua fome de Deus. Nossas a\u00e7\u00f5es, nossas palavras, nossos pensamentos, cada vez mais, precisam alimentar o nosso mundo que est\u00e1 faminto\u00a0de\u00a0Deus!&#8221;<\/p>\n<p><img loading=\"lazy\" class=\"alignnone size-full wp-image-188606\" src=\"https:\/\/franciscanos.org.br\/conventosantoantonio\/wp-content\/uploads\/2023\/06\/trezena_terceiro_02_3.jpg\" alt=\"\" width=\"1024\" height=\"576\" srcset=\"https:\/\/franciscanos.org.br\/conventosantoantonio\/wp-content\/uploads\/2023\/06\/trezena_terceiro_02_3.jpg 1024w, https:\/\/franciscanos.org.br\/conventosantoantonio\/wp-content\/uploads\/2023\/06\/trezena_terceiro_02_3-450x253.jpg 450w, https:\/\/franciscanos.org.br\/conventosantoantonio\/wp-content\/uploads\/2023\/06\/trezena_terceiro_02_3-768x432.jpg 768w, https:\/\/franciscanos.org.br\/conventosantoantonio\/wp-content\/uploads\/2023\/06\/trezena_terceiro_02_3-150x84.jpg 150w\" sizes=\"(max-width: 1024px) 100vw, 1024px\" \/><\/p>\n<p><strong>IMAGEM PEREGRINA VISITA A R\u00c1DIO TUPI<\/strong><\/p>\n<p>No terceiro dia da Trezena, sexta-feira, 02 de junho, o primeiro compromisso da Imagem Peregrina de Santo Ant\u00f4nio foi \u00e0s 7h30, nos est\u00fadios da R\u00e1dio Tupi, em pr\u00e9dio quase vizinho ao Convento. O guardi\u00e3o, Frei Walter Ferreira, e Frei Gustavo Medella acompanharam a imagem, que foi colocada, junto com a rel\u00edquia, sobre a grande bancada ocupada pelos comunicadores da emissora. O Programa que estava no ar era o \u201cShow do Ant\u00f4nio Carlos\u201d, l\u00edder de audi\u00eancia no r\u00e1dio carioca. Durante a entrevista, Frei Gustavo recordou sobre a tradi\u00e7\u00e3o da Trezena, a distribui\u00e7\u00e3o dos p\u00e3ezinhos e tamb\u00e9m falou sobre a figura do guardi\u00e3o atual, Frei Walter. \u201cEle \u00e9 o guardi\u00e3o, o superior do Convento Santo Ant\u00f4nio. Frei Walter pessoalmente est\u00e1 fazendo os p\u00e3ezinhos distribu\u00eddos nesta Trezena\u201d, explicou o frade. A produtora do programa, Karla de Luca, aproveitou para recordar a audi\u00eancia que, neste s\u00e1bado, dia 04 de junho, das 10h \u00e0s 14h, haver\u00e1 Campanha de Ado\u00e7\u00e3o dentro da Trezena de Santo Ant\u00f4nio, das 10h \u00e0s 14h. No encerramento, o pedido da b\u00ean\u00e7\u00e3o para todos os comunicadores e ouvintes da R\u00e1dio, assim como seus familiares. Como lembran\u00e7a da visita e da Festa, foram distribu\u00eddos os p\u00e3ezinhos entre os Comunicadores da R\u00e1dio.<\/p>\n<p>Depois de retornar ao convento, a imagem seguiu para o segundo compromisso, desta vez na sede da Federa\u00e7\u00e3o do Com\u00e9rcio do Estado do Rio de Janeiro (Fecom\u00e9rcio), em sua sede hist\u00f3rica, no Bairro do Flamengo. Num audit\u00f3rio especialmente preparado, a imagem foi acolhida \u00e0s 10h30, conduzido por funcion\u00e1rios da institui\u00e7\u00e3o. O momento despertou a emo\u00e7\u00e3o de quem estava presente e foram muitos os que se aproximaram da imagem e da rel\u00edquia para um momento de prece e tamb\u00e9m para tirar uma foto como recorda\u00e7\u00e3o. O Presidente da Fecom\u00e9rcio, Ant\u00f4nio Flor\u00eancio de Queiroz Junior, foi representado pela m\u00e3e, Neusa Casares de Queiroz que, aos 95 anos, fez quest\u00e3o de vir prestar sua homenagem ao santo de quem \u00e9 muito devota.<\/p>\n<p><img loading=\"lazy\" class=\"alignnone size-full wp-image-188607\" src=\"https:\/\/franciscanos.org.br\/conventosantoantonio\/wp-content\/uploads\/2023\/06\/trezena_terceiro_02_2.jpg\" alt=\"\" width=\"1200\" height=\"720\" srcset=\"https:\/\/franciscanos.org.br\/conventosantoantonio\/wp-content\/uploads\/2023\/06\/trezena_terceiro_02_2.jpg 1200w, https:\/\/franciscanos.org.br\/conventosantoantonio\/wp-content\/uploads\/2023\/06\/trezena_terceiro_02_2-450x270.jpg 450w, https:\/\/franciscanos.org.br\/conventosantoantonio\/wp-content\/uploads\/2023\/06\/trezena_terceiro_02_2-1024x614.jpg 1024w, https:\/\/franciscanos.org.br\/conventosantoantonio\/wp-content\/uploads\/2023\/06\/trezena_terceiro_02_2-768x461.jpg 768w, https:\/\/franciscanos.org.br\/conventosantoantonio\/wp-content\/uploads\/2023\/06\/trezena_terceiro_02_2-150x90.jpg 150w\" sizes=\"(max-width: 1200px) 100vw, 1200px\" \/><\/p>\n<p>Estiveram representando o Convento, Frei Gustavo Medella e Frei Cl\u00e1udio Broca. No coment\u00e1rio introdut\u00f3rio ao momento celebrativo, a explica\u00e7\u00e3o do que est\u00e1 motivando esta visita da imagem peregrina: \u201cA visita que hoje celebramos \u00e9 para reacender na lembran\u00e7a e no cora\u00e7\u00e3o de todos a certeza de que, do Largo da Carioca, Santo Ant\u00f4nio intercede a Deus pelas pessoas, fam\u00edlias, empresas, organiza\u00e7\u00f5es, \u00f3rg\u00e3os p\u00fablicos e comunidades dos quatro cantos desta \u2018Cidade Maravilhosa\u2019\u201d. A pedra fundamental do Convento foi posta no dia 04 de junho de 1608. Pedindo a b\u00ean\u00e7\u00e3o de Deus sobre os presentes e suas fam\u00edlias, Frei Claudio recordou a proximidade e o carinho que Santo Ant\u00f4nio nutria pelas pessoas. Logo ap\u00f3s, aspergiu a todos com a \u00e1gua aben\u00e7oada e, conforme o costume, foi distribu\u00eddo o p\u00e3ozinho.<\/p>\n<p>A 341\u00aa Trezena segue neste s\u00e1bado, dia 03 de junho, com missa \u00e0s 10h. O tema ser\u00e1 \u201cSanto Ant\u00f4nio, um jovem que se decide por Deus\u201d. \u00a0Haver\u00e1 tamb\u00e9m Campanha de Ado\u00e7\u00e3o de animais promovida pela ONG Bichinho Feliz, das 10h \u00e0s 14h.<\/p>\n<p><strong>Gastronomia Antoniana estreia neste s\u00e1bado<\/strong><\/p>\n<p>E o Espa\u00e7o Frei Fabiano de Cristo, no subsolo do Convento e especialmente reaberto ao p\u00fablico nesta Trezena, funcionando como um lugar de encontro e refei\u00e7\u00e3o carinhosamente batizado de \u201cGastronomia Antoniana\u201d. Come\u00e7a a funcionar neste s\u00e1bado, dia 03 de junho, a partir das 11h30. Em cada dia de funcionamento ser\u00e1 oferecido uma receita de massa diferente. Para estrear, Macarr\u00e3o \u00e0 Bolonhesa, pelo pre\u00e7o de R$20,00 (vinte reais) o prato.<\/p>\n<p>Confira o card\u00e1pio:<\/p>\n<p><strong>03\/06 \u2013 S\u00e1bado<\/strong><\/p>\n<p>Macarr\u00e3o \u00e0 Bolonhesa<\/p>\n<p><strong>04\/06 \u2013 Domingo<\/strong><\/p>\n<p>Nhoque ao sugo ou gratinado<\/p>\n<p><strong>\u00a0<\/strong><strong>08\/06 \u2013 Quinta-Feira (Corpus Christi)<\/strong><\/p>\n<p>Pene ao Molho <em>Sciciliano<\/em><\/p>\n<p><strong>\u00a0<\/strong><strong>10\/06 \u2013 S\u00e1bado <\/strong><\/p>\n<p>Macarr\u00e3o \u00e0 Primavera<\/p>\n<p><strong>\u00a0<\/strong><strong>11\/06 &#8211; Domingo\u00a0<\/strong><\/p>\n<p>Nhoque ao sugo ou gratinado<\/p>\n<hr \/>\n<p><strong>PROGRAMA DA TREZENA<\/strong><\/p>\n<p><strong>3 DE JUNHO (S\u00c1BADO) \u2013 4\u00ba DIA<\/strong><br \/>\n<em>\u201cSanto Ant\u00f4nio: um jovem que se decide por Deus!\u201d<\/em><br \/>\n<strong>Missa da Trezena:<\/strong>\u00a010h<br \/>\nCampanha de Ado\u00e7\u00e3o de Animais<\/p>\n<p><strong>4 DE JUNHO (DOMINGO) \u2013 5\u00ba DIA<\/strong><br \/>\n<em>\u201cSanto Ant\u00f4nio: um servo da Trindade!\u201d<\/em><br \/>\n<strong>Missa da Trezena:<\/strong>\u00a010h<\/p>\n","protected":false},"excerpt":{"rendered":"<p>Terceiro dia da Trezena de Santo Ant\u00f4nio<\/p>\n","protected":false},"author":3,"featured_media":188604,"comment_status":"open","ping_status":"open","sticky":false,"template":"","format":"standard","meta":[],"categories":[105],"tags":[347],"yoast_head":"<!-- This site is optimized with the Yoast SEO plugin v19.4 - https:\/\/yoast.com\/wordpress\/plugins\/seo\/ -->\n<title>A exemplo de Santo Ant\u00f4nio, ter \u201cfome de Deus\u201d - Convento Santo Ant\u00f4nio- Franciscanos<\/title>\n<meta name=\"robots\" content=\"index, follow, max-snippet:-1, max-image-preview:large, max-video-preview:-1\" \/>\n<link rel=\"canonical\" href=\"https:\/\/franciscanos.org.br\/conventosantoantonio\/a-exemplo-de-santo-antonio-ter-fome-de-deus-2\/\" \/>\n<meta property=\"og:locale\" content=\"pt_BR\" \/>\n<meta property=\"og:type\" content=\"article\" \/>\n<meta property=\"og:title\" content=\"A exemplo de Santo Ant\u00f4nio, ter \u201cfome de Deus\u201d - Convento Santo Ant\u00f4nio- Franciscanos\" \/>\n<meta property=\"og:description\" content=\"Terceiro dia da Trezena de Santo Ant\u00f4nio\" \/>\n<meta property=\"og:url\" content=\"https:\/\/franciscanos.org.br\/conventosantoantonio\/a-exemplo-de-santo-antonio-ter-fome-de-deus-2\/\" \/>\n<meta property=\"og:site_name\" content=\"Convento Santo Ant\u00f4nio- Franciscanos\" \/>\n<meta property=\"article:published_time\" content=\"2023-06-03T09:57:58+00:00\" \/>\n<meta property=\"og:image\" content=\"https:\/\/franciscanos.org.br\/conventosantoantonio\/wp-content\/uploads\/2023\/06\/trezena_terceiro_02_1.jpg\" \/>\n\t<meta property=\"og:image:width\" content=\"1200\" \/>\n\t<meta property=\"og:image:height\" content=\"720\" \/>\n\t<meta property=\"og:image:type\" content=\"image\/jpeg\" \/>\n<meta name=\"author\" content=\"moacir\" \/>\n<meta name=\"twitter:card\" content=\"summary_large_image\" \/>\n<meta name=\"twitter:label1\" content=\"Escrito por\" \/>\n\t<meta name=\"twitter:data1\" content=\"moacir\" \/>\n\t<meta name=\"twitter:label2\" content=\"Est. tempo de leitura\" \/>\n\t<meta name=\"twitter:data2\" content=\"8 minutos\" \/>\n<script type=\"application\/ld+json\" class=\"yoast-schema-graph\">{\"@context\":\"https:\/\/schema.org\",\"@graph\":[{\"@type\":\"WebSite\",\"@id\":\"https:\/\/franciscanos.org.br\/conventosantoantonio\/#website\",\"url\":\"https:\/\/franciscanos.org.br\/conventosantoantonio\/\",\"name\":\"Convento Santo Ant\u00f4nio- Franciscanos\",\"description\":\"Prov\u00edncia Franciscana da Imaculada Concei\u00e7\u00e3o do Brasil - Ordem dos Frades Menores\",\"potentialAction\":[{\"@type\":\"SearchAction\",\"target\":{\"@type\":\"EntryPoint\",\"urlTemplate\":\"https:\/\/franciscanos.org.br\/conventosantoantonio\/?s={search_term_string}\"},\"query-input\":\"required name=search_term_string\"}],\"inLanguage\":\"pt-BR\"},{\"@type\":\"WebPage\",\"@id\":\"https:\/\/franciscanos.org.br\/conventosantoantonio\/a-exemplo-de-santo-antonio-ter-fome-de-deus-2\/\",\"url\":\"https:\/\/franciscanos.org.br\/conventosantoantonio\/a-exemplo-de-santo-antonio-ter-fome-de-deus-2\/\",\"name\":\"A exemplo de Santo Ant\u00f4nio, ter \u201cfome de Deus\u201d - Convento Santo Ant\u00f4nio- Franciscanos\",\"isPartOf\":{\"@id\":\"https:\/\/franciscanos.org.br\/conventosantoantonio\/#website\"},\"datePublished\":\"2023-06-03T09:57:58+00:00\",\"dateModified\":\"2023-06-03T09:57:58+00:00\",\"author\":{\"@id\":\"https:\/\/franciscanos.org.br\/conventosantoantonio\/#\/schema\/person\/73421c01c49c32a7bb0a19d9b36df6ad\"},\"breadcrumb\":{\"@id\":\"https:\/\/franciscanos.org.br\/conventosantoantonio\/a-exemplo-de-santo-antonio-ter-fome-de-deus-2\/#breadcrumb\"},\"inLanguage\":\"pt-BR\",\"potentialAction\":[{\"@type\":\"ReadAction\",\"target\":[\"https:\/\/franciscanos.org.br\/conventosantoantonio\/a-exemplo-de-santo-antonio-ter-fome-de-deus-2\/\"]}]},{\"@type\":\"BreadcrumbList\",\"@id\":\"https:\/\/franciscanos.org.br\/conventosantoantonio\/a-exemplo-de-santo-antonio-ter-fome-de-deus-2\/#breadcrumb\",\"itemListElement\":[{\"@type\":\"ListItem\",\"position\":1,\"name\":\"Home\",\"item\":\"https:\/\/franciscanos.org.br\/conventosantoantonio\/\"},{\"@type\":\"ListItem\",\"position\":2,\"name\":\"A exemplo de Santo Ant\u00f4nio, ter \u201cfome de Deus\u201d\"}]},{\"@type\":\"Person\",\"@id\":\"https:\/\/franciscanos.org.br\/conventosantoantonio\/#\/schema\/person\/73421c01c49c32a7bb0a19d9b36df6ad\",\"name\":\"moacir\",\"image\":{\"@type\":\"ImageObject\",\"inLanguage\":\"pt-BR\",\"@id\":\"https:\/\/franciscanos.org.br\/conventosantoantonio\/#\/schema\/person\/image\/\",\"url\":\"https:\/\/secure.gravatar.com\/avatar\/d08aa2ce4c8dd416d4479aa8536fcf64?s=96&d=mm&r=g\",\"contentUrl\":\"https:\/\/secure.gravatar.com\/avatar\/d08aa2ce4c8dd416d4479aa8536fcf64?s=96&d=mm&r=g\",\"caption\":\"moacir\"},\"url\":\"https:\/\/franciscanos.org.br\/conventosantoantonio\/author\/moacir\/\"}]}<\/script>\n<!-- \/ Yoast SEO plugin. -->","yoast_head_json":{"title":"A exemplo de Santo Ant\u00f4nio, ter \u201cfome de Deus\u201d - Convento Santo Ant\u00f4nio- Franciscanos","robots":{"index":"index","follow":"follow","max-snippet":"max-snippet:-1","max-image-preview":"max-image-preview:large","max-video-preview":"max-video-preview:-1"},"canonical":"https:\/\/franciscanos.org.br\/conventosantoantonio\/a-exemplo-de-santo-antonio-ter-fome-de-deus-2\/","og_locale":"pt_BR","og_type":"article","og_title":"A exemplo de Santo Ant\u00f4nio, ter \u201cfome de Deus\u201d - Convento Santo Ant\u00f4nio- Franciscanos","og_description":"Terceiro dia da Trezena de Santo Ant\u00f4nio","og_url":"https:\/\/franciscanos.org.br\/conventosantoantonio\/a-exemplo-de-santo-antonio-ter-fome-de-deus-2\/","og_site_name":"Convento Santo Ant\u00f4nio- Franciscanos","article_published_time":"2023-06-03T09:57:58+00:00","og_image":[{"width":1200,"height":720,"url":"https:\/\/franciscanos.org.br\/conventosantoantonio\/wp-content\/uploads\/2023\/06\/trezena_terceiro_02_1.jpg","type":"image\/jpeg"}],"author":"moacir","twitter_card":"summary_large_image","twitter_misc":{"Escrito por":"moacir","Est. tempo de leitura":"8 minutos"},"schema":{"@context":"https:\/\/schema.org","@graph":[{"@type":"WebSite","@id":"https:\/\/franciscanos.org.br\/conventosantoantonio\/#website","url":"https:\/\/franciscanos.org.br\/conventosantoantonio\/","name":"Convento Santo Ant\u00f4nio- Franciscanos","description":"Prov\u00edncia Franciscana da Imaculada Concei\u00e7\u00e3o do Brasil - Ordem dos Frades Menores","potentialAction":[{"@type":"SearchAction","target":{"@type":"EntryPoint","urlTemplate":"https:\/\/franciscanos.org.br\/conventosantoantonio\/?s={search_term_string}"},"query-input":"required name=search_term_string"}],"inLanguage":"pt-BR"},{"@type":"WebPage","@id":"https:\/\/franciscanos.org.br\/conventosantoantonio\/a-exemplo-de-santo-antonio-ter-fome-de-deus-2\/","url":"https:\/\/franciscanos.org.br\/conventosantoantonio\/a-exemplo-de-santo-antonio-ter-fome-de-deus-2\/","name":"A exemplo de Santo Ant\u00f4nio, ter \u201cfome de Deus\u201d - Convento Santo Ant\u00f4nio- Franciscanos","isPartOf":{"@id":"https:\/\/franciscanos.org.br\/conventosantoantonio\/#website"},"datePublished":"2023-06-03T09:57:58+00:00","dateModified":"2023-06-03T09:57:58+00:00","author":{"@id":"https:\/\/franciscanos.org.br\/conventosantoantonio\/#\/schema\/person\/73421c01c49c32a7bb0a19d9b36df6ad"},"breadcrumb":{"@id":"https:\/\/franciscanos.org.br\/conventosantoantonio\/a-exemplo-de-santo-antonio-ter-fome-de-deus-2\/#breadcrumb"},"inLanguage":"pt-BR","potentialAction":[{"@type":"ReadAction","target":["https:\/\/franciscanos.org.br\/conventosantoantonio\/a-exemplo-de-santo-antonio-ter-fome-de-deus-2\/"]}]},{"@type":"BreadcrumbList","@id":"https:\/\/franciscanos.org.br\/conventosantoantonio\/a-exemplo-de-santo-antonio-ter-fome-de-deus-2\/#breadcrumb","itemListElement":[{"@type":"ListItem","position":1,"name":"Home","item":"https:\/\/franciscanos.org.br\/conventosantoantonio\/"},{"@type":"ListItem","position":2,"name":"A exemplo de Santo Ant\u00f4nio, ter \u201cfome de Deus\u201d"}]},{"@type":"Person","@id":"https:\/\/franciscanos.org.br\/conventosantoantonio\/#\/schema\/person\/73421c01c49c32a7bb0a19d9b36df6ad","name":"moacir","image":{"@type":"ImageObject","inLanguage":"pt-BR","@id":"https:\/\/franciscanos.org.br\/conventosantoantonio\/#\/schema\/person\/image\/","url":"https:\/\/secure.gravatar.com\/avatar\/d08aa2ce4c8dd416d4479aa8536fcf64?s=96&d=mm&r=g","contentUrl":"https:\/\/secure.gravatar.com\/avatar\/d08aa2ce4c8dd416d4479aa8536fcf64?s=96&d=mm&r=g","caption":"moacir"},"url":"https:\/\/franciscanos.org.br\/conventosantoantonio\/author\/moacir\/"}]}},"_links":{"self":[{"href":"https:\/\/franciscanos.org.br\/conventosantoantonio\/wp-json\/wp\/v2\/posts\/188611"}],"collection":[{"href":"https:\/\/franciscanos.org.br\/conventosantoantonio\/wp-json\/wp\/v2\/posts"}],"about":[{"href":"https:\/\/franciscanos.org.br\/conventosantoantonio\/wp-json\/wp\/v2\/types\/post"}],"author":[{"embeddable":true,"href":"https:\/\/franciscanos.org.br\/conventosantoantonio\/wp-json\/wp\/v2\/users\/3"}],"replies":[{"embeddable":true,"href":"https:\/\/franciscanos.org.br\/conventosantoantonio\/wp-json\/wp\/v2\/comments?post=188611"}],"version-history":[{"count":1,"href":"https:\/\/franciscanos.org.br\/conventosantoantonio\/wp-json\/wp\/v2\/posts\/188611\/revisions"}],"predecessor-version":[{"id":188612,"href":"https:\/\/franciscanos.org.br\/conventosantoantonio\/wp-json\/wp\/v2\/posts\/188611\/revisions\/188612"}],"wp:featuredmedia":[{"embeddable":true,"href":"https:\/\/franciscanos.org.br\/conventosantoantonio\/wp-json\/wp\/v2\/media\/188604"}],"wp:attachment":[{"href":"https:\/\/franciscanos.org.br\/conventosantoantonio\/wp-json\/wp\/v2\/media?parent=188611"}],"wp:term":[{"taxonomy":"category","embeddable":true,"href":"https:\/\/franciscanos.org.br\/conventosantoantonio\/wp-json\/wp\/v2\/categories?post=188611"},{"taxonomy":"post_tag","embeddable":true,"href":"https:\/\/franciscanos.org.br\/conventosantoantonio\/wp-json\/wp\/v2\/tags?post=188611"}],"curies":[{"name":"wp","href":"https:\/\/api.w.org\/{rel}","templated":true}]}}