{"id":188580,"date":"2023-05-31T17:29:16","date_gmt":"2023-05-31T20:29:16","guid":{"rendered":"https:\/\/franciscanos.org.br\/conventosantoantonio\/?p=188580"},"modified":"2023-05-31T17:29:16","modified_gmt":"2023-05-31T20:29:16","slug":"trezena-comeca-com-honras-militares-para-santo-antonio","status":"publish","type":"post","link":"https:\/\/franciscanos.org.br\/conventosantoantonio\/trezena-comeca-com-honras-militares-para-santo-antonio\/","title":{"rendered":"Trezena come\u00e7a com honras militares para Santo Ant\u00f4nio"},"content":{"rendered":"<p><img loading=\"lazy\" class=\"alignnone size-full wp-image-188581\" src=\"https:\/\/franciscanos.org.br\/conventosantoantonio\/wp-content\/uploads\/2023\/05\/trezena_05.jpg\" alt=\"\" width=\"1280\" height=\"720\" srcset=\"https:\/\/franciscanos.org.br\/conventosantoantonio\/wp-content\/uploads\/2023\/05\/trezena_05.jpg 1280w, https:\/\/franciscanos.org.br\/conventosantoantonio\/wp-content\/uploads\/2023\/05\/trezena_05-450x253.jpg 450w, https:\/\/franciscanos.org.br\/conventosantoantonio\/wp-content\/uploads\/2023\/05\/trezena_05-1024x576.jpg 1024w, https:\/\/franciscanos.org.br\/conventosantoantonio\/wp-content\/uploads\/2023\/05\/trezena_05-768x432.jpg 768w, https:\/\/franciscanos.org.br\/conventosantoantonio\/wp-content\/uploads\/2023\/05\/trezena_05-150x84.jpg 150w\" sizes=\"(max-width: 1280px) 100vw, 1280px\" \/><\/p>\n<p>A Marinha do Brasil preparou uma homenagem de gala a Santo Ant\u00f4nio na abertura da Trezena 2023. A imagem peregrina, portando o bast\u00e3o de guerra entregue a Santo Ant\u00f4nio ainda no tempo do Imp\u00e9rio, deixou o Convento \u00e0s 8h30, levada em carro aberto, com cortejo acompanhado pelos batedores dos Fuzileiros Navais, parando o tr\u00e2nsito em todo o Centro do Rio de Janeiro. Foi recebido com todas as honras de oficial superior em frente \u00e0 tradicional Fortaleza de S\u00e3o Jos\u00e9, com toque de corneta e com os militares perfilados para a devida contin\u00eancia. Estavam presentes o Comandante Geral dos Fuzileiros Navais, Almirante Carlos Chagas Vianna Braga, al\u00e9m de outros oficiais e pra\u00e7as. \u00a0Acompanharam o cortejo o Guardi\u00e3o do Convento, Frei Walter Ferreira Junior, juntamente com os outros frades da Fraternidade e com o pregador da Trezena, Frei Gabriel Dellandrea, al\u00e9m de um grupo de colaboradores e volunt\u00e1rios do Convento.<\/p>\n<p>No local, a c\u00e9u aberto amea\u00e7ando chuva, foi celebrada a missa da Festa da Visita\u00e7\u00e3o de Nossa Senhora, presidida pelo Guardi\u00e3o do Convento e concelebrada pelos frades e pelos Capel\u00e3es Militares da Marinha. A homilia foi proferida pelo Capel\u00e3o Chefe, o franciscano Frei Od\u00e9cio Lima de Souza. \u201cHoje \u00e9 Festa da Visita\u00e7\u00e3o de Nossa Senhora. E estamos recebendo aqui em nossa Fortaleza a visita de Santo Ant\u00f4nio. Ele vem nos trazer a paz, a esperan\u00e7a e a b\u00ean\u00e7\u00e3o\u201d, ressaltou Frei Od\u00e9cio. A m\u00fasica da liturgia ficou a cargo da Orquestra Sinf\u00f4nica e do Coral dos Fuzileiros que conferiram ainda mais solenidade ao momento celebrativo.<\/p>\n<p><img loading=\"lazy\" class=\"alignnone size-full wp-image-188582\" src=\"https:\/\/franciscanos.org.br\/conventosantoantonio\/wp-content\/uploads\/2023\/05\/trezena_07.jpg\" alt=\"\" width=\"1280\" height=\"720\" srcset=\"https:\/\/franciscanos.org.br\/conventosantoantonio\/wp-content\/uploads\/2023\/05\/trezena_07.jpg 1280w, https:\/\/franciscanos.org.br\/conventosantoantonio\/wp-content\/uploads\/2023\/05\/trezena_07-450x253.jpg 450w, https:\/\/franciscanos.org.br\/conventosantoantonio\/wp-content\/uploads\/2023\/05\/trezena_07-1024x576.jpg 1024w, https:\/\/franciscanos.org.br\/conventosantoantonio\/wp-content\/uploads\/2023\/05\/trezena_07-768x432.jpg 768w, https:\/\/franciscanos.org.br\/conventosantoantonio\/wp-content\/uploads\/2023\/05\/trezena_07-150x84.jpg 150w\" sizes=\"(max-width: 1280px) 100vw, 1280px\" \/><\/p>\n\n\t\t<style type=\"text\/css\">\n\t\t\t#gallery-1 {\n\t\t\t\tmargin: auto;\n\t\t\t}\n\t\t\t#gallery-1 .gallery-item {\n\t\t\t\tfloat: left;\n\t\t\t\tmargin-top: 10px;\n\t\t\t\ttext-align: center;\n\t\t\t\twidth: 25%;\n\t\t\t}\n\t\t\t#gallery-1 img {\n\t\t\t\tborder: 2px solid #cfcfcf;\n\t\t\t}\n\t\t\t#gallery-1 .gallery-caption {\n\t\t\t\tmargin-left: 0;\n\t\t\t}\n\t\t\t\/* see gallery_shortcode() in wp-includes\/media.php *\/\n\t\t<\/style>\n\t\t<div id='gallery-1' class='gallery galleryid-188580 gallery-columns-4 gallery-size-thumbnail'><dl class='gallery-item'>\n\t\t\t<dt class='gallery-icon landscape'>\n\t\t\t\t<a href='https:\/\/franciscanos.org.br\/conventosantoantonio\/wp-content\/uploads\/2023\/05\/trezena_01-1.jpg'><img width=\"300\" height=\"300\" src=\"https:\/\/franciscanos.org.br\/conventosantoantonio\/wp-content\/uploads\/2023\/05\/trezena_01-1-300x300.jpg\" class=\"attachment-thumbnail size-thumbnail\" alt=\"\" loading=\"lazy\" srcset=\"https:\/\/franciscanos.org.br\/conventosantoantonio\/wp-content\/uploads\/2023\/05\/trezena_01-1-300x300.jpg 300w, https:\/\/franciscanos.org.br\/conventosantoantonio\/wp-content\/uploads\/2023\/05\/trezena_01-1-400x400.jpg 400w\" sizes=\"(max-width: 300px) 100vw, 300px\" \/><\/a>\n\t\t\t<\/dt><\/dl><dl class='gallery-item'>\n\t\t\t<dt class='gallery-icon landscape'>\n\t\t\t\t<a href='https:\/\/franciscanos.org.br\/conventosantoantonio\/wp-content\/uploads\/2023\/05\/trezena_02.jpg'><img width=\"300\" height=\"300\" src=\"https:\/\/franciscanos.org.br\/conventosantoantonio\/wp-content\/uploads\/2023\/05\/trezena_02-300x300.jpg\" class=\"attachment-thumbnail size-thumbnail\" alt=\"\" loading=\"lazy\" srcset=\"https:\/\/franciscanos.org.br\/conventosantoantonio\/wp-content\/uploads\/2023\/05\/trezena_02-300x300.jpg 300w, https:\/\/franciscanos.org.br\/conventosantoantonio\/wp-content\/uploads\/2023\/05\/trezena_02-400x400.jpg 400w\" sizes=\"(max-width: 300px) 100vw, 300px\" \/><\/a>\n\t\t\t<\/dt><\/dl><dl class='gallery-item'>\n\t\t\t<dt class='gallery-icon landscape'>\n\t\t\t\t<a href='https:\/\/franciscanos.org.br\/conventosantoantonio\/wp-content\/uploads\/2023\/05\/trezena_03.jpg'><img width=\"300\" height=\"300\" src=\"https:\/\/franciscanos.org.br\/conventosantoantonio\/wp-content\/uploads\/2023\/05\/trezena_03-300x300.jpg\" class=\"attachment-thumbnail size-thumbnail\" alt=\"\" loading=\"lazy\" srcset=\"https:\/\/franciscanos.org.br\/conventosantoantonio\/wp-content\/uploads\/2023\/05\/trezena_03-300x300.jpg 300w, https:\/\/franciscanos.org.br\/conventosantoantonio\/wp-content\/uploads\/2023\/05\/trezena_03-400x400.jpg 400w\" sizes=\"(max-width: 300px) 100vw, 300px\" \/><\/a>\n\t\t\t<\/dt><\/dl><dl class='gallery-item'>\n\t\t\t<dt class='gallery-icon landscape'>\n\t\t\t\t<a href='https:\/\/franciscanos.org.br\/conventosantoantonio\/wp-content\/uploads\/2023\/05\/trezena_04.jpg'><img width=\"300\" height=\"300\" src=\"https:\/\/franciscanos.org.br\/conventosantoantonio\/wp-content\/uploads\/2023\/05\/trezena_04-300x300.jpg\" class=\"attachment-thumbnail size-thumbnail\" alt=\"\" loading=\"lazy\" srcset=\"https:\/\/franciscanos.org.br\/conventosantoantonio\/wp-content\/uploads\/2023\/05\/trezena_04-300x300.jpg 300w, https:\/\/franciscanos.org.br\/conventosantoantonio\/wp-content\/uploads\/2023\/05\/trezena_04-400x400.jpg 400w\" sizes=\"(max-width: 300px) 100vw, 300px\" \/><\/a>\n\t\t\t<\/dt><\/dl><br style=\"clear: both\" \/>\n\t\t<\/div>\n\n<p><em>(toque nas imagens menores para ampli\u00e1-las)<\/em><\/p>\n<p>Ao final da cerim\u00f4nia, portando a Rel\u00edquia de Santo Ant\u00f4nio, os frades pediram a b\u00ean\u00e7\u00e3o de Deus por intercess\u00e3o do Santo para a Fortaleza, para os militares e trabalhadores civis da Marinha e seus familiares e para a cidade do Rio de Janeiro, diante da privilegiada vista da Bahia da Guanabara que a Fortaleza de S\u00e3o Jos\u00e9 oferece. Houve tamb\u00e9m a b\u00ean\u00e7\u00e3o e a distribui\u00e7\u00e3o dos tradicionais p\u00e3ezinhos e a aspers\u00e3o da \u00e1gua aben\u00e7oada por toda a frente da Fortaleza. Na despedida, as mesmas honras oficiais e, pela frente, um longo caminho a ser percorrido pela imagem peregrina e pelos frades.<\/p>\n<p><strong>Percurso pelo Arsenal teve b\u00ean\u00e7\u00e3o especial para cada Navio<\/strong><\/p>\n<p>Dando continuidade \u00e0 visita, Santo Ant\u00f4nio passou diante de quase todos os navios atracados no Arsenal da Ilha das Cobras. Diante de cada um deles, a tripula\u00e7\u00e3o a postos com a bandeira da embarca\u00e7\u00e3o, pronta para receber a b\u00ean\u00e7\u00e3o do visitante. Quando chegou ao Navio-Aer\u00f3dromo Atl\u00e2ntico, o principal da Esquadra Brasileira, a comitiva subiu pela prancha de bordo e l\u00e1 houve mais uma cerim\u00f4nia solene de b\u00ean\u00e7\u00e3o, com recep\u00e7\u00e3o do Comandante, o Capit\u00e3o de Mar e Guerra Mozart Junqueira Ribeiro e toda a tripula\u00e7\u00e3o. O cortejo seguiu ainda com uma \u00faltima parada para a B\u00ean\u00e7\u00e3o na Sede do 1\u00ba Distrito Naval.<\/p>\n<p><img loading=\"lazy\" class=\"alignnone size-full wp-image-188583\" src=\"https:\/\/franciscanos.org.br\/conventosantoantonio\/wp-content\/uploads\/2023\/05\/trezena_01.jpg\" alt=\"\" width=\"1280\" height=\"720\" srcset=\"https:\/\/franciscanos.org.br\/conventosantoantonio\/wp-content\/uploads\/2023\/05\/trezena_01.jpg 1280w, https:\/\/franciscanos.org.br\/conventosantoantonio\/wp-content\/uploads\/2023\/05\/trezena_01-450x253.jpg 450w, https:\/\/franciscanos.org.br\/conventosantoantonio\/wp-content\/uploads\/2023\/05\/trezena_01-1024x576.jpg 1024w, https:\/\/franciscanos.org.br\/conventosantoantonio\/wp-content\/uploads\/2023\/05\/trezena_01-768x432.jpg 768w, https:\/\/franciscanos.org.br\/conventosantoantonio\/wp-content\/uploads\/2023\/05\/trezena_01-150x84.jpg 150w\" sizes=\"(max-width: 1280px) 100vw, 1280px\" \/><\/p>\n<p>&nbsp;<\/p>\n<p><strong>A volta para o Convento e a Missa de Abertura da Trezena<\/strong><\/p>\n<p>Com um pouco de atraso, \u00e0s 12h05, a comitiva saiu em dire\u00e7\u00e3o ao Convento Santo Ant\u00f4nio, onde a banda j\u00e1 animava os fi\u00e9is e anunciava o clima de Festa. O andor, conduzido por fuzileiros em traje de gala, chegou por conta de 12h20 e, \u00e0s 12h30, com meia hora de atraso, teve in\u00edcio a missa de abertura da Trezena, com a Igreja do Convento lotada. Apesar da hora adiantada, o clima era de contentamento, gratid\u00e3o e prece na celebra\u00e7\u00e3o presidida pelo pregador, que teve como tema: \u201cVisitando a vida de Santo Ant\u00f4nio\u201d. Ao final, uma bela homenagem a Nossa Senhora para fechar o m\u00eas de maio, com a coroa\u00e7\u00e3o da M\u00e3e de Deus ao som da tradicional Gaita de Fole tocada por um fuzileiro e o Canto da Ave-Maria, conduzido pelo grupo de Marinheiros que vieram abrilhantar a celebra\u00e7\u00e3o. Ao final da missa, o Guardi\u00e3o, Frei Walter, n\u00e3o poupou palavras elogiosas e de gratid\u00e3o \u00e0s muitas pessoas que colaboraram para que a abertura da Trezena de 2023 fosse verdadeiramente um fato para ficar na Hist\u00f3ria do Convento Santo Ant\u00f4nio. A Trezena segue para seu segundo dia nesta quinta-feira, dia 01 de junho, com o tema \u201cSanto Ant\u00f4nio entrega sua nobreza \u00e0quilo que \u00e9 mais nobre: Deus\u201d, com missas \u00e0s 12h e 18h. Dando prosseguimento \u00e0 visita, a imagem peregrina passar\u00e1 pela C\u00e2mara Municipal, na Cinel\u00e2ndia, \u00e0s 10h, e estar\u00e1 \u00e0s 12h na Assembleia Legislativa do Estado, para a missa das 12h.<\/p>\n<p><img loading=\"lazy\" class=\"alignnone size-full wp-image-188584\" src=\"https:\/\/franciscanos.org.br\/conventosantoantonio\/wp-content\/uploads\/2023\/05\/trezena_10.jpg\" alt=\"\" width=\"1280\" height=\"960\" srcset=\"https:\/\/franciscanos.org.br\/conventosantoantonio\/wp-content\/uploads\/2023\/05\/trezena_10.jpg 1280w, https:\/\/franciscanos.org.br\/conventosantoantonio\/wp-content\/uploads\/2023\/05\/trezena_10-450x338.jpg 450w, https:\/\/franciscanos.org.br\/conventosantoantonio\/wp-content\/uploads\/2023\/05\/trezena_10-1024x768.jpg 1024w, https:\/\/franciscanos.org.br\/conventosantoantonio\/wp-content\/uploads\/2023\/05\/trezena_10-768x576.jpg 768w, https:\/\/franciscanos.org.br\/conventosantoantonio\/wp-content\/uploads\/2023\/05\/trezena_10-150x113.jpg 150w\" sizes=\"(max-width: 1280px) 100vw, 1280px\" \/><\/p>\n<p><strong>VISITANDO A VIDA DE SANTO ANT\u00d4NIO<\/strong><\/p>\n<p>O pregador da Trezena deste ano, Frei Gabriel Dellandrea, ordenado presb\u00edtero no \u00faltimo dia 20 de maio, falou sobre o tema \u201cVisitando a vida de Santo Ant\u00f4nio!\u201d na Missa das 12 horas.<\/p>\n<p>&#8220;Todos n\u00f3s j\u00e1 visitamos alguma pessoa que n\u00e3o consegue deixar n\u00f3s sairmos da casa dela sem levar alguma coisinha, n\u00e3o \u00e9 verdade? Seja um peda\u00e7o de bolo, uma fruta, um presentinho, um perfume&#8230; Essa pessoa n\u00e3o consegue nos soltar sem antes nos dar algo que d\u00e1 ainda mais alegria \u00e0 visita&#8221;, disse o frade.<\/p>\n<p>Segundo ele, \u00e9 assim que tamb\u00e9m acontece quando se visita a Palavra de Deus. &#8220;Sempre fica para n\u00f3s alguma recorda\u00e7\u00e3o, algo que nos alimenta, que nos delicia. E nesta liturgia visitamos a cena em que Maria visita sua prima Isabel. Dessa visita, desse encontro, para n\u00f3s fica a linda ora\u00e7\u00e3o de louvor que Maria faz a Deus. Ela \u00e9 uma mulher t\u00e3o bem resolvida que entende a sua miss\u00e3o, sabe que ela ser\u00e1 dif\u00edcil, mas mesmo assim louva por poder contribuir para a obra da salva\u00e7\u00e3o!&#8221;, situou Frei Gabriel.<\/p>\n<p><img loading=\"lazy\" class=\"alignnone size-full wp-image-188585\" src=\"https:\/\/franciscanos.org.br\/conventosantoantonio\/wp-content\/uploads\/2023\/05\/trezena_06.jpg\" alt=\"\" width=\"1280\" height=\"960\" srcset=\"https:\/\/franciscanos.org.br\/conventosantoantonio\/wp-content\/uploads\/2023\/05\/trezena_06.jpg 1280w, https:\/\/franciscanos.org.br\/conventosantoantonio\/wp-content\/uploads\/2023\/05\/trezena_06-450x338.jpg 450w, https:\/\/franciscanos.org.br\/conventosantoantonio\/wp-content\/uploads\/2023\/05\/trezena_06-1024x768.jpg 1024w, https:\/\/franciscanos.org.br\/conventosantoantonio\/wp-content\/uploads\/2023\/05\/trezena_06-768x576.jpg 768w, https:\/\/franciscanos.org.br\/conventosantoantonio\/wp-content\/uploads\/2023\/05\/trezena_06-150x113.jpg 150w\" sizes=\"(max-width: 1280px) 100vw, 1280px\" \/><\/p>\n<p>Ele lembrou que nesta Trezena se visita uma pessoa muito especial: Santo Ant\u00f4nio. &#8220;Atrav\u00e9s de seus ditos, suas a\u00e7\u00f5es e os diferentes aspectos de sua devo\u00e7\u00e3o, vamos bater a porta de Ant\u00f4nio para conhecer um pouco mais dele! E ao olharmos a vida dele, queremos nos sentir provocados tamb\u00e9m a mudar a nossa. Ao observarmos o modo como ele passa a seguir a Jesus, queremos tamb\u00e9m n\u00f3s encontrar entusiasmo para nossa voca\u00e7\u00e3o e seguimento!&#8221;, disse.<\/p>\n<p>&#8220;E dessa primeira visita a Santo Ant\u00f4nio j\u00e1 podemos refletir sobre uma de suas frases: &#8216;Quem quer alcan\u00e7ar a salva\u00e7\u00e3o, deve jogar longe a vontade pr\u00f3pria&#8217;. Isso porque a nossa vida passa a ter sentido apenas quando fazemos a vontade do Senhor! O nosso existir se torna um ouvir a Palavra de Deus e se deixar transformar por ela sempre, mesmo quando a nossa vontade pr\u00f3pria nos provoca para outra coisa&#8221;, indicou.<\/p>\n<p><img loading=\"lazy\" class=\"alignnone size-full wp-image-188586\" src=\"https:\/\/franciscanos.org.br\/conventosantoantonio\/wp-content\/uploads\/2023\/05\/trezena_011.jpg\" alt=\"\" width=\"1200\" height=\"1276\" srcset=\"https:\/\/franciscanos.org.br\/conventosantoantonio\/wp-content\/uploads\/2023\/05\/trezena_011.jpg 1016w, https:\/\/franciscanos.org.br\/conventosantoantonio\/wp-content\/uploads\/2023\/05\/trezena_011-423x450.jpg 423w, https:\/\/franciscanos.org.br\/conventosantoantonio\/wp-content\/uploads\/2023\/05\/trezena_011-963x1024.jpg 963w, https:\/\/franciscanos.org.br\/conventosantoantonio\/wp-content\/uploads\/2023\/05\/trezena_011-768x817.jpg 768w, https:\/\/franciscanos.org.br\/conventosantoantonio\/wp-content\/uploads\/2023\/05\/trezena_011-150x160.jpg 150w\" sizes=\"(max-width: 1200px) 100vw, 1200px\" \/><\/p>\n<p>&#8220;Mas tem um lugar que n\u00f3s n\u00e3o visitamos. Esse lugar n\u00f3s moramos! E n\u00f3s moramos no encontro com Jesus. N\u00f3s apenas visitamos os santos: isso porque a experi\u00eancia deles \u00e9 DELES! Ao visitarmos as hist\u00f3rias deles podemos sempre trazer conosco uma lembrancinha, algum aperitivo para o caminho. Mas n\u00f3s n\u00e3o moramos na experi\u00eancia deles. N\u00f3s devemos fazer o nosso encontro com Jesus. Pode ser que a visita aos santos nos ajude a ficarmos melhores, mas n\u00e3o \u00e9 o lugar definitivo. O LUGAR DEFINITIVO \u00c9 A NOSSA PR\u00d3PRIA EXPERI\u00caNCIA COM JESUS. O nosso encontro com ele atrav\u00e9s da palavra, da ora\u00e7\u00e3o, da a\u00e7\u00e3o, da convers\u00e3o de vida, dos acertos e erros&#8221;, ensinou o frade.<\/p>\n<p>&#8220;\u00c9 por isso que S\u00e3o Francisco diz que temos que cuidar muito quando vamos falar sobre um santo, pois corremos o risco de ao falar sobre ele, ficarmos t\u00e3o abobados nisso e esquecermos que n\u00e3o ficaremos santos s\u00f3 por falarmos sobre os santos. Seremos santos se fizermos tamb\u00e9m a nossa parte!&#8221;. alertou.<\/p>\n<p><img loading=\"lazy\" class=\"alignnone size-full wp-image-188588\" src=\"https:\/\/franciscanos.org.br\/conventosantoantonio\/wp-content\/uploads\/2023\/05\/trezena_09.jpg\" alt=\"\" width=\"1200\" height=\"1184\" srcset=\"https:\/\/franciscanos.org.br\/conventosantoantonio\/wp-content\/uploads\/2023\/05\/trezena_09.jpg 1095w, https:\/\/franciscanos.org.br\/conventosantoantonio\/wp-content\/uploads\/2023\/05\/trezena_09-450x444.jpg 450w, https:\/\/franciscanos.org.br\/conventosantoantonio\/wp-content\/uploads\/2023\/05\/trezena_09-1024x1010.jpg 1024w, https:\/\/franciscanos.org.br\/conventosantoantonio\/wp-content\/uploads\/2023\/05\/trezena_09-768x758.jpg 768w, https:\/\/franciscanos.org.br\/conventosantoantonio\/wp-content\/uploads\/2023\/05\/trezena_09-150x148.jpg 150w\" sizes=\"(max-width: 1200px) 100vw, 1200px\" \/><\/p>\n<p>Ele fez alguns questionamentos: &#8220;Por isso, podemos nos perguntar: quando algu\u00e9m \u201cvisita\u201d a nossa vida, essa pessoa encontra um seguidor ou seguidora de Jesus convicto de que quer transformar a sua vida? Quando algu\u00e9m nos encontra percebe algu\u00e9m que quer anunciar o amor de Deus e ser um ser humano melhor? As pessoas encontram realmente em n\u00f3s algu\u00e9m capaz de anunciar por palavras e atos o amor de Jesus ou encontram apenas um frequentador ou uma frequentadora\u00a0de\u00a0Igreja?&#8221;<\/p>\n<p>Neste segundo dia da Trezena, o tema \u00e9 \u201cSanto Ant\u00f4nio: entrega sua nobreza \u00e0quilo que \u00e9 mais nobre: Deus!\u201d. Frei Gabriel ser\u00e1 o pregador nas Missas das 12h e 18h.<\/p>\n<p><img loading=\"lazy\" class=\"alignnone size-full wp-image-188587\" src=\"https:\/\/franciscanos.org.br\/conventosantoantonio\/wp-content\/uploads\/2023\/05\/trezena_08.jpg\" alt=\"\" width=\"1280\" height=\"960\" srcset=\"https:\/\/franciscanos.org.br\/conventosantoantonio\/wp-content\/uploads\/2023\/05\/trezena_08.jpg 1280w, https:\/\/franciscanos.org.br\/conventosantoantonio\/wp-content\/uploads\/2023\/05\/trezena_08-450x338.jpg 450w, https:\/\/franciscanos.org.br\/conventosantoantonio\/wp-content\/uploads\/2023\/05\/trezena_08-1024x768.jpg 1024w, https:\/\/franciscanos.org.br\/conventosantoantonio\/wp-content\/uploads\/2023\/05\/trezena_08-768x576.jpg 768w, https:\/\/franciscanos.org.br\/conventosantoantonio\/wp-content\/uploads\/2023\/05\/trezena_08-150x113.jpg 150w\" sizes=\"(max-width: 1280px) 100vw, 1280px\" \/><\/p>\n","protected":false},"excerpt":{"rendered":"<p>Abertura da Trezena de Santo Ant\u00f4nio<\/p>\n","protected":false},"author":3,"featured_media":188581,"comment_status":"open","ping_status":"open","sticky":false,"template":"","format":"standard","meta":[],"categories":[105],"tags":[347],"yoast_head":"<!-- This site is optimized with the Yoast SEO plugin v19.4 - https:\/\/yoast.com\/wordpress\/plugins\/seo\/ -->\n<title>Trezena come\u00e7a com honras militares para Santo Ant\u00f4nio - Convento Santo Ant\u00f4nio- Franciscanos<\/title>\n<meta name=\"robots\" content=\"index, follow, max-snippet:-1, max-image-preview:large, max-video-preview:-1\" \/>\n<link rel=\"canonical\" href=\"https:\/\/franciscanos.org.br\/conventosantoantonio\/trezena-comeca-com-honras-militares-para-santo-antonio\/\" \/>\n<meta property=\"og:locale\" content=\"pt_BR\" \/>\n<meta property=\"og:type\" content=\"article\" \/>\n<meta property=\"og:title\" content=\"Trezena come\u00e7a com honras militares para Santo Ant\u00f4nio - Convento Santo Ant\u00f4nio- Franciscanos\" \/>\n<meta property=\"og:description\" content=\"Abertura da Trezena de Santo Ant\u00f4nio\" \/>\n<meta property=\"og:url\" content=\"https:\/\/franciscanos.org.br\/conventosantoantonio\/trezena-comeca-com-honras-militares-para-santo-antonio\/\" \/>\n<meta property=\"og:site_name\" content=\"Convento Santo Ant\u00f4nio- Franciscanos\" \/>\n<meta property=\"article:published_time\" content=\"2023-05-31T20:29:16+00:00\" \/>\n<meta property=\"og:image\" content=\"https:\/\/franciscanos.org.br\/conventosantoantonio\/wp-content\/uploads\/2023\/05\/trezena_05.jpg\" \/>\n\t<meta property=\"og:image:width\" content=\"1280\" \/>\n\t<meta property=\"og:image:height\" content=\"720\" \/>\n\t<meta property=\"og:image:type\" content=\"image\/jpeg\" \/>\n<meta name=\"author\" content=\"moacir\" \/>\n<meta name=\"twitter:card\" content=\"summary_large_image\" \/>\n<meta name=\"twitter:label1\" content=\"Escrito por\" \/>\n\t<meta name=\"twitter:data1\" content=\"moacir\" \/>\n\t<meta name=\"twitter:label2\" content=\"Est. tempo de leitura\" \/>\n\t<meta name=\"twitter:data2\" content=\"9 minutos\" \/>\n<script type=\"application\/ld+json\" class=\"yoast-schema-graph\">{\"@context\":\"https:\/\/schema.org\",\"@graph\":[{\"@type\":\"WebSite\",\"@id\":\"https:\/\/franciscanos.org.br\/conventosantoantonio\/#website\",\"url\":\"https:\/\/franciscanos.org.br\/conventosantoantonio\/\",\"name\":\"Convento Santo Ant\u00f4nio- Franciscanos\",\"description\":\"Prov\u00edncia Franciscana da Imaculada Concei\u00e7\u00e3o do Brasil - Ordem dos Frades Menores\",\"potentialAction\":[{\"@type\":\"SearchAction\",\"target\":{\"@type\":\"EntryPoint\",\"urlTemplate\":\"https:\/\/franciscanos.org.br\/conventosantoantonio\/?s={search_term_string}\"},\"query-input\":\"required name=search_term_string\"}],\"inLanguage\":\"pt-BR\"},{\"@type\":\"WebPage\",\"@id\":\"https:\/\/franciscanos.org.br\/conventosantoantonio\/trezena-comeca-com-honras-militares-para-santo-antonio\/\",\"url\":\"https:\/\/franciscanos.org.br\/conventosantoantonio\/trezena-comeca-com-honras-militares-para-santo-antonio\/\",\"name\":\"Trezena come\u00e7a com honras militares para Santo Ant\u00f4nio - Convento Santo Ant\u00f4nio- Franciscanos\",\"isPartOf\":{\"@id\":\"https:\/\/franciscanos.org.br\/conventosantoantonio\/#website\"},\"datePublished\":\"2023-05-31T20:29:16+00:00\",\"dateModified\":\"2023-05-31T20:29:16+00:00\",\"author\":{\"@id\":\"https:\/\/franciscanos.org.br\/conventosantoantonio\/#\/schema\/person\/73421c01c49c32a7bb0a19d9b36df6ad\"},\"breadcrumb\":{\"@id\":\"https:\/\/franciscanos.org.br\/conventosantoantonio\/trezena-comeca-com-honras-militares-para-santo-antonio\/#breadcrumb\"},\"inLanguage\":\"pt-BR\",\"potentialAction\":[{\"@type\":\"ReadAction\",\"target\":[\"https:\/\/franciscanos.org.br\/conventosantoantonio\/trezena-comeca-com-honras-militares-para-santo-antonio\/\"]}]},{\"@type\":\"BreadcrumbList\",\"@id\":\"https:\/\/franciscanos.org.br\/conventosantoantonio\/trezena-comeca-com-honras-militares-para-santo-antonio\/#breadcrumb\",\"itemListElement\":[{\"@type\":\"ListItem\",\"position\":1,\"name\":\"Home\",\"item\":\"https:\/\/franciscanos.org.br\/conventosantoantonio\/\"},{\"@type\":\"ListItem\",\"position\":2,\"name\":\"Trezena come\u00e7a com honras militares para Santo Ant\u00f4nio\"}]},{\"@type\":\"Person\",\"@id\":\"https:\/\/franciscanos.org.br\/conventosantoantonio\/#\/schema\/person\/73421c01c49c32a7bb0a19d9b36df6ad\",\"name\":\"moacir\",\"image\":{\"@type\":\"ImageObject\",\"inLanguage\":\"pt-BR\",\"@id\":\"https:\/\/franciscanos.org.br\/conventosantoantonio\/#\/schema\/person\/image\/\",\"url\":\"https:\/\/secure.gravatar.com\/avatar\/d08aa2ce4c8dd416d4479aa8536fcf64?s=96&d=mm&r=g\",\"contentUrl\":\"https:\/\/secure.gravatar.com\/avatar\/d08aa2ce4c8dd416d4479aa8536fcf64?s=96&d=mm&r=g\",\"caption\":\"moacir\"},\"url\":\"https:\/\/franciscanos.org.br\/conventosantoantonio\/author\/moacir\/\"}]}<\/script>\n<!-- \/ Yoast SEO plugin. -->","yoast_head_json":{"title":"Trezena come\u00e7a com honras militares para Santo Ant\u00f4nio - Convento Santo Ant\u00f4nio- Franciscanos","robots":{"index":"index","follow":"follow","max-snippet":"max-snippet:-1","max-image-preview":"max-image-preview:large","max-video-preview":"max-video-preview:-1"},"canonical":"https:\/\/franciscanos.org.br\/conventosantoantonio\/trezena-comeca-com-honras-militares-para-santo-antonio\/","og_locale":"pt_BR","og_type":"article","og_title":"Trezena come\u00e7a com honras militares para Santo Ant\u00f4nio - Convento Santo Ant\u00f4nio- Franciscanos","og_description":"Abertura da Trezena de Santo Ant\u00f4nio","og_url":"https:\/\/franciscanos.org.br\/conventosantoantonio\/trezena-comeca-com-honras-militares-para-santo-antonio\/","og_site_name":"Convento Santo Ant\u00f4nio- Franciscanos","article_published_time":"2023-05-31T20:29:16+00:00","og_image":[{"width":1280,"height":720,"url":"https:\/\/franciscanos.org.br\/conventosantoantonio\/wp-content\/uploads\/2023\/05\/trezena_05.jpg","type":"image\/jpeg"}],"author":"moacir","twitter_card":"summary_large_image","twitter_misc":{"Escrito por":"moacir","Est. tempo de leitura":"9 minutos"},"schema":{"@context":"https:\/\/schema.org","@graph":[{"@type":"WebSite","@id":"https:\/\/franciscanos.org.br\/conventosantoantonio\/#website","url":"https:\/\/franciscanos.org.br\/conventosantoantonio\/","name":"Convento Santo Ant\u00f4nio- Franciscanos","description":"Prov\u00edncia Franciscana da Imaculada Concei\u00e7\u00e3o do Brasil - Ordem dos Frades Menores","potentialAction":[{"@type":"SearchAction","target":{"@type":"EntryPoint","urlTemplate":"https:\/\/franciscanos.org.br\/conventosantoantonio\/?s={search_term_string}"},"query-input":"required name=search_term_string"}],"inLanguage":"pt-BR"},{"@type":"WebPage","@id":"https:\/\/franciscanos.org.br\/conventosantoantonio\/trezena-comeca-com-honras-militares-para-santo-antonio\/","url":"https:\/\/franciscanos.org.br\/conventosantoantonio\/trezena-comeca-com-honras-militares-para-santo-antonio\/","name":"Trezena come\u00e7a com honras militares para Santo Ant\u00f4nio - Convento Santo Ant\u00f4nio- Franciscanos","isPartOf":{"@id":"https:\/\/franciscanos.org.br\/conventosantoantonio\/#website"},"datePublished":"2023-05-31T20:29:16+00:00","dateModified":"2023-05-31T20:29:16+00:00","author":{"@id":"https:\/\/franciscanos.org.br\/conventosantoantonio\/#\/schema\/person\/73421c01c49c32a7bb0a19d9b36df6ad"},"breadcrumb":{"@id":"https:\/\/franciscanos.org.br\/conventosantoantonio\/trezena-comeca-com-honras-militares-para-santo-antonio\/#breadcrumb"},"inLanguage":"pt-BR","potentialAction":[{"@type":"ReadAction","target":["https:\/\/franciscanos.org.br\/conventosantoantonio\/trezena-comeca-com-honras-militares-para-santo-antonio\/"]}]},{"@type":"BreadcrumbList","@id":"https:\/\/franciscanos.org.br\/conventosantoantonio\/trezena-comeca-com-honras-militares-para-santo-antonio\/#breadcrumb","itemListElement":[{"@type":"ListItem","position":1,"name":"Home","item":"https:\/\/franciscanos.org.br\/conventosantoantonio\/"},{"@type":"ListItem","position":2,"name":"Trezena come\u00e7a com honras militares para Santo Ant\u00f4nio"}]},{"@type":"Person","@id":"https:\/\/franciscanos.org.br\/conventosantoantonio\/#\/schema\/person\/73421c01c49c32a7bb0a19d9b36df6ad","name":"moacir","image":{"@type":"ImageObject","inLanguage":"pt-BR","@id":"https:\/\/franciscanos.org.br\/conventosantoantonio\/#\/schema\/person\/image\/","url":"https:\/\/secure.gravatar.com\/avatar\/d08aa2ce4c8dd416d4479aa8536fcf64?s=96&d=mm&r=g","contentUrl":"https:\/\/secure.gravatar.com\/avatar\/d08aa2ce4c8dd416d4479aa8536fcf64?s=96&d=mm&r=g","caption":"moacir"},"url":"https:\/\/franciscanos.org.br\/conventosantoantonio\/author\/moacir\/"}]}},"_links":{"self":[{"href":"https:\/\/franciscanos.org.br\/conventosantoantonio\/wp-json\/wp\/v2\/posts\/188580"}],"collection":[{"href":"https:\/\/franciscanos.org.br\/conventosantoantonio\/wp-json\/wp\/v2\/posts"}],"about":[{"href":"https:\/\/franciscanos.org.br\/conventosantoantonio\/wp-json\/wp\/v2\/types\/post"}],"author":[{"embeddable":true,"href":"https:\/\/franciscanos.org.br\/conventosantoantonio\/wp-json\/wp\/v2\/users\/3"}],"replies":[{"embeddable":true,"href":"https:\/\/franciscanos.org.br\/conventosantoantonio\/wp-json\/wp\/v2\/comments?post=188580"}],"version-history":[{"count":1,"href":"https:\/\/franciscanos.org.br\/conventosantoantonio\/wp-json\/wp\/v2\/posts\/188580\/revisions"}],"predecessor-version":[{"id":188593,"href":"https:\/\/franciscanos.org.br\/conventosantoantonio\/wp-json\/wp\/v2\/posts\/188580\/revisions\/188593"}],"wp:featuredmedia":[{"embeddable":true,"href":"https:\/\/franciscanos.org.br\/conventosantoantonio\/wp-json\/wp\/v2\/media\/188581"}],"wp:attachment":[{"href":"https:\/\/franciscanos.org.br\/conventosantoantonio\/wp-json\/wp\/v2\/media?parent=188580"}],"wp:term":[{"taxonomy":"category","embeddable":true,"href":"https:\/\/franciscanos.org.br\/conventosantoantonio\/wp-json\/wp\/v2\/categories?post=188580"},{"taxonomy":"post_tag","embeddable":true,"href":"https:\/\/franciscanos.org.br\/conventosantoantonio\/wp-json\/wp\/v2\/tags?post=188580"}],"curies":[{"name":"wp","href":"https:\/\/api.w.org\/{rel}","templated":true}]}}