{"id":188573,"date":"2023-05-31T11:29:00","date_gmt":"2023-05-31T14:29:00","guid":{"rendered":"https:\/\/franciscanos.org.br\/conventosantoantonio\/?p=188573"},"modified":"2023-05-31T17:36:46","modified_gmt":"2023-05-31T20:36:46","slug":"bencao-de-envio-marca-o-inicio-da-341a-trezena-de-santo-antonio","status":"publish","type":"post","link":"https:\/\/franciscanos.org.br\/conventosantoantonio\/bencao-de-envio-marca-o-inicio-da-341a-trezena-de-santo-antonio\/","title":{"rendered":"B\u00ean\u00e7\u00e3o de envio marca o in\u00edcio da 341\u00aa Trezena de Santo Ant\u00f4nio"},"content":{"rendered":"<p><img loading=\"lazy\" class=\"alignnone size-full wp-image-188574\" src=\"https:\/\/franciscanos.org.br\/conventosantoantonio\/wp-content\/uploads\/2023\/05\/rio_01.jpg\" alt=\"\" width=\"1280\" height=\"720\" srcset=\"https:\/\/franciscanos.org.br\/conventosantoantonio\/wp-content\/uploads\/2023\/05\/rio_01.jpg 1280w, https:\/\/franciscanos.org.br\/conventosantoantonio\/wp-content\/uploads\/2023\/05\/rio_01-450x253.jpg 450w, https:\/\/franciscanos.org.br\/conventosantoantonio\/wp-content\/uploads\/2023\/05\/rio_01-1024x576.jpg 1024w, https:\/\/franciscanos.org.br\/conventosantoantonio\/wp-content\/uploads\/2023\/05\/rio_01-768x432.jpg 768w, https:\/\/franciscanos.org.br\/conventosantoantonio\/wp-content\/uploads\/2023\/05\/rio_01-150x84.jpg 150w\" sizes=\"(max-width: 1280px) 100vw, 1280px\" \/><\/p>\n<p>Com a b\u00ean\u00e7\u00e3o de envio do Guardi\u00e3o, Frei Walter Ferreira Junior, foram iniciados oficialmente, neste dia 30 de maio, os trabalhos da 341\u00aa Trezena de Santo Ant\u00f4nio em prepara\u00e7\u00e3o para a grande Festa do dia 13 de junho. Representantes das equipes de trabalho participaram da missa, que contou com a concelebra\u00e7\u00e3o dos frades da Fraternidade do Convento e do Pregador da Trezena desta ano, Frei Gabriel Dellandrea, que foi ordenado presb\u00edtero no \u00faltimo dia 20 de maio, em Rodeio, SC. Na homilia, Frei Gabriel destacou a disponibilidade e o empenho de cada participante das equipes de trabalho. \u201cVoc\u00eas decidiram dedicar seu tempo em favor de Deus e para isso tiveram de deixar de lado muitas outras preocupa\u00e7\u00f5es\u201d, recordou o pregador.<\/p>\n<p><img loading=\"lazy\" class=\"alignnone size-full wp-image-188575\" src=\"https:\/\/franciscanos.org.br\/conventosantoantonio\/wp-content\/uploads\/2023\/05\/rio_02.jpg\" alt=\"\" width=\"1157\" height=\"776\" srcset=\"https:\/\/franciscanos.org.br\/conventosantoantonio\/wp-content\/uploads\/2023\/05\/rio_02.jpg 1157w, https:\/\/franciscanos.org.br\/conventosantoantonio\/wp-content\/uploads\/2023\/05\/rio_02-450x302.jpg 450w, https:\/\/franciscanos.org.br\/conventosantoantonio\/wp-content\/uploads\/2023\/05\/rio_02-1024x687.jpg 1024w, https:\/\/franciscanos.org.br\/conventosantoantonio\/wp-content\/uploads\/2023\/05\/rio_02-768x515.jpg 768w, https:\/\/franciscanos.org.br\/conventosantoantonio\/wp-content\/uploads\/2023\/05\/rio_02-150x101.jpg 150w\" sizes=\"(max-width: 1157px) 100vw, 1157px\" \/><\/p>\n<p>Na b\u00ean\u00e7\u00e3o de envio, o Guardi\u00e3o pediu a prote\u00e7\u00e3o de Deus por interse\u00e7\u00e3o de Santo Ant\u00f4nio a fim de que toda a Trezena transcorra na paz, como verdadeiro tempo de gra\u00e7a para todos os participantes. O lema das festividades deste ao \u00e9 \u201cA Voca\u00e7\u00e3o de Santo Ant\u00f4nio: exemplo de entrega a Deus\u201d. Al\u00e9m das missas, diversas outras atividades est\u00e3o previstas na ampla programa\u00e7\u00e3o que ocorre at\u00e9 o dia 13 de junho. Neste dia 31, a imagem peregrina de Santo Ant\u00f4nio visitar\u00e1 a Fortaleza de S\u00e3o Jos\u00e9, da Marinha, no Centro do Rio e ser\u00e1 recebida com honras militares. As missas de abertura da Trezena ser\u00e3o celebradas \u00e0s 12h e \u00e0s 18h, e o tema do dia ser\u00e1 \u201cVisitando a vida de Santo Ant\u00f4nio\u201d. Al\u00e9m da missa de envio, o dia tamb\u00e9m foi marcado pela ornamenta\u00e7\u00e3o dos altares da igreja, do andor utilizado na Trezena e do preparo do carro que levar\u00e1 a imagem peregrina para a visita \u00e0 Marinha. Tamb\u00e9m ocorreu o lan\u00e7amento da edi\u00e7\u00e3o de 2024 do Almanaque Santo Ant\u00f4nio, com a presen\u00e7a do editor da obra, Frei Edrian\u00a0Josu\u00e9\u00a0Pasini.<\/p>\n<p><img loading=\"lazy\" class=\"alignnone size-full wp-image-188576\" src=\"https:\/\/franciscanos.org.br\/conventosantoantonio\/wp-content\/uploads\/2023\/05\/rio_03.jpg\" alt=\"\" width=\"1200\" height=\"1600\" srcset=\"https:\/\/franciscanos.org.br\/conventosantoantonio\/wp-content\/uploads\/2023\/05\/rio_03.jpg 810w, https:\/\/franciscanos.org.br\/conventosantoantonio\/wp-content\/uploads\/2023\/05\/rio_03-338x450.jpg 338w, https:\/\/franciscanos.org.br\/conventosantoantonio\/wp-content\/uploads\/2023\/05\/rio_03-768x1024.jpg 768w, https:\/\/franciscanos.org.br\/conventosantoantonio\/wp-content\/uploads\/2023\/05\/rio_03-1152x1536.jpg 1152w, https:\/\/franciscanos.org.br\/conventosantoantonio\/wp-content\/uploads\/2023\/05\/rio_03-150x200.jpg 150w\" sizes=\"(max-width: 1200px) 100vw, 1200px\" \/><\/p>\n","protected":false},"excerpt":{"rendered":"<p>Trezena de Santo Ant\u00f4nio<\/p>\n","protected":false},"author":3,"featured_media":188574,"comment_status":"open","ping_status":"open","sticky":false,"template":"","format":"standard","meta":[],"categories":[105],"tags":[347],"yoast_head":"<!-- This site is optimized with the Yoast SEO plugin v19.4 - https:\/\/yoast.com\/wordpress\/plugins\/seo\/ -->\n<title>B\u00ean\u00e7\u00e3o de envio marca o in\u00edcio da 341\u00aa Trezena de Santo Ant\u00f4nio - Convento Santo Ant\u00f4nio- Franciscanos<\/title>\n<meta name=\"robots\" content=\"index, follow, max-snippet:-1, max-image-preview:large, max-video-preview:-1\" \/>\n<link rel=\"canonical\" href=\"https:\/\/franciscanos.org.br\/conventosantoantonio\/bencao-de-envio-marca-o-inicio-da-341a-trezena-de-santo-antonio\/\" \/>\n<meta property=\"og:locale\" content=\"pt_BR\" \/>\n<meta property=\"og:type\" content=\"article\" \/>\n<meta property=\"og:title\" content=\"B\u00ean\u00e7\u00e3o de envio marca o in\u00edcio da 341\u00aa Trezena de Santo Ant\u00f4nio - Convento Santo Ant\u00f4nio- Franciscanos\" \/>\n<meta property=\"og:description\" content=\"Trezena de Santo Ant\u00f4nio\" \/>\n<meta property=\"og:url\" content=\"https:\/\/franciscanos.org.br\/conventosantoantonio\/bencao-de-envio-marca-o-inicio-da-341a-trezena-de-santo-antonio\/\" \/>\n<meta property=\"og:site_name\" content=\"Convento Santo Ant\u00f4nio- Franciscanos\" \/>\n<meta property=\"article:published_time\" content=\"2023-05-31T14:29:00+00:00\" \/>\n<meta property=\"article:modified_time\" content=\"2023-05-31T20:36:46+00:00\" \/>\n<meta property=\"og:image\" content=\"https:\/\/franciscanos.org.br\/conventosantoantonio\/wp-content\/uploads\/2023\/05\/rio_01.jpg\" \/>\n\t<meta property=\"og:image:width\" content=\"1280\" \/>\n\t<meta property=\"og:image:height\" content=\"720\" \/>\n\t<meta property=\"og:image:type\" content=\"image\/jpeg\" \/>\n<meta name=\"author\" content=\"moacir\" \/>\n<meta name=\"twitter:card\" content=\"summary_large_image\" \/>\n<meta name=\"twitter:label1\" content=\"Escrito por\" \/>\n\t<meta name=\"twitter:data1\" content=\"moacir\" \/>\n\t<meta name=\"twitter:label2\" content=\"Est. tempo de leitura\" \/>\n\t<meta name=\"twitter:data2\" content=\"3 minutos\" \/>\n<script type=\"application\/ld+json\" class=\"yoast-schema-graph\">{\"@context\":\"https:\/\/schema.org\",\"@graph\":[{\"@type\":\"WebSite\",\"@id\":\"https:\/\/franciscanos.org.br\/conventosantoantonio\/#website\",\"url\":\"https:\/\/franciscanos.org.br\/conventosantoantonio\/\",\"name\":\"Convento Santo Ant\u00f4nio- Franciscanos\",\"description\":\"Prov\u00edncia Franciscana da Imaculada Concei\u00e7\u00e3o do Brasil - Ordem dos Frades Menores\",\"potentialAction\":[{\"@type\":\"SearchAction\",\"target\":{\"@type\":\"EntryPoint\",\"urlTemplate\":\"https:\/\/franciscanos.org.br\/conventosantoantonio\/?s={search_term_string}\"},\"query-input\":\"required name=search_term_string\"}],\"inLanguage\":\"pt-BR\"},{\"@type\":\"WebPage\",\"@id\":\"https:\/\/franciscanos.org.br\/conventosantoantonio\/bencao-de-envio-marca-o-inicio-da-341a-trezena-de-santo-antonio\/\",\"url\":\"https:\/\/franciscanos.org.br\/conventosantoantonio\/bencao-de-envio-marca-o-inicio-da-341a-trezena-de-santo-antonio\/\",\"name\":\"B\u00ean\u00e7\u00e3o de envio marca o in\u00edcio da 341\u00aa Trezena de Santo Ant\u00f4nio - Convento Santo Ant\u00f4nio- Franciscanos\",\"isPartOf\":{\"@id\":\"https:\/\/franciscanos.org.br\/conventosantoantonio\/#website\"},\"datePublished\":\"2023-05-31T14:29:00+00:00\",\"dateModified\":\"2023-05-31T20:36:46+00:00\",\"author\":{\"@id\":\"https:\/\/franciscanos.org.br\/conventosantoantonio\/#\/schema\/person\/73421c01c49c32a7bb0a19d9b36df6ad\"},\"breadcrumb\":{\"@id\":\"https:\/\/franciscanos.org.br\/conventosantoantonio\/bencao-de-envio-marca-o-inicio-da-341a-trezena-de-santo-antonio\/#breadcrumb\"},\"inLanguage\":\"pt-BR\",\"potentialAction\":[{\"@type\":\"ReadAction\",\"target\":[\"https:\/\/franciscanos.org.br\/conventosantoantonio\/bencao-de-envio-marca-o-inicio-da-341a-trezena-de-santo-antonio\/\"]}]},{\"@type\":\"BreadcrumbList\",\"@id\":\"https:\/\/franciscanos.org.br\/conventosantoantonio\/bencao-de-envio-marca-o-inicio-da-341a-trezena-de-santo-antonio\/#breadcrumb\",\"itemListElement\":[{\"@type\":\"ListItem\",\"position\":1,\"name\":\"Home\",\"item\":\"https:\/\/franciscanos.org.br\/conventosantoantonio\/\"},{\"@type\":\"ListItem\",\"position\":2,\"name\":\"B\u00ean\u00e7\u00e3o de envio marca o in\u00edcio da 341\u00aa Trezena de Santo Ant\u00f4nio\"}]},{\"@type\":\"Person\",\"@id\":\"https:\/\/franciscanos.org.br\/conventosantoantonio\/#\/schema\/person\/73421c01c49c32a7bb0a19d9b36df6ad\",\"name\":\"moacir\",\"image\":{\"@type\":\"ImageObject\",\"inLanguage\":\"pt-BR\",\"@id\":\"https:\/\/franciscanos.org.br\/conventosantoantonio\/#\/schema\/person\/image\/\",\"url\":\"https:\/\/secure.gravatar.com\/avatar\/d08aa2ce4c8dd416d4479aa8536fcf64?s=96&d=mm&r=g\",\"contentUrl\":\"https:\/\/secure.gravatar.com\/avatar\/d08aa2ce4c8dd416d4479aa8536fcf64?s=96&d=mm&r=g\",\"caption\":\"moacir\"},\"url\":\"https:\/\/franciscanos.org.br\/conventosantoantonio\/author\/moacir\/\"}]}<\/script>\n<!-- \/ Yoast SEO plugin. -->","yoast_head_json":{"title":"B\u00ean\u00e7\u00e3o de envio marca o in\u00edcio da 341\u00aa Trezena de Santo Ant\u00f4nio - Convento Santo Ant\u00f4nio- Franciscanos","robots":{"index":"index","follow":"follow","max-snippet":"max-snippet:-1","max-image-preview":"max-image-preview:large","max-video-preview":"max-video-preview:-1"},"canonical":"https:\/\/franciscanos.org.br\/conventosantoantonio\/bencao-de-envio-marca-o-inicio-da-341a-trezena-de-santo-antonio\/","og_locale":"pt_BR","og_type":"article","og_title":"B\u00ean\u00e7\u00e3o de envio marca o in\u00edcio da 341\u00aa Trezena de Santo Ant\u00f4nio - Convento Santo Ant\u00f4nio- Franciscanos","og_description":"Trezena de Santo Ant\u00f4nio","og_url":"https:\/\/franciscanos.org.br\/conventosantoantonio\/bencao-de-envio-marca-o-inicio-da-341a-trezena-de-santo-antonio\/","og_site_name":"Convento Santo Ant\u00f4nio- Franciscanos","article_published_time":"2023-05-31T14:29:00+00:00","article_modified_time":"2023-05-31T20:36:46+00:00","og_image":[{"width":1280,"height":720,"url":"https:\/\/franciscanos.org.br\/conventosantoantonio\/wp-content\/uploads\/2023\/05\/rio_01.jpg","type":"image\/jpeg"}],"author":"moacir","twitter_card":"summary_large_image","twitter_misc":{"Escrito por":"moacir","Est. tempo de leitura":"3 minutos"},"schema":{"@context":"https:\/\/schema.org","@graph":[{"@type":"WebSite","@id":"https:\/\/franciscanos.org.br\/conventosantoantonio\/#website","url":"https:\/\/franciscanos.org.br\/conventosantoantonio\/","name":"Convento Santo Ant\u00f4nio- Franciscanos","description":"Prov\u00edncia Franciscana da Imaculada Concei\u00e7\u00e3o do Brasil - Ordem dos Frades Menores","potentialAction":[{"@type":"SearchAction","target":{"@type":"EntryPoint","urlTemplate":"https:\/\/franciscanos.org.br\/conventosantoantonio\/?s={search_term_string}"},"query-input":"required name=search_term_string"}],"inLanguage":"pt-BR"},{"@type":"WebPage","@id":"https:\/\/franciscanos.org.br\/conventosantoantonio\/bencao-de-envio-marca-o-inicio-da-341a-trezena-de-santo-antonio\/","url":"https:\/\/franciscanos.org.br\/conventosantoantonio\/bencao-de-envio-marca-o-inicio-da-341a-trezena-de-santo-antonio\/","name":"B\u00ean\u00e7\u00e3o de envio marca o in\u00edcio da 341\u00aa Trezena de Santo Ant\u00f4nio - Convento Santo Ant\u00f4nio- Franciscanos","isPartOf":{"@id":"https:\/\/franciscanos.org.br\/conventosantoantonio\/#website"},"datePublished":"2023-05-31T14:29:00+00:00","dateModified":"2023-05-31T20:36:46+00:00","author":{"@id":"https:\/\/franciscanos.org.br\/conventosantoantonio\/#\/schema\/person\/73421c01c49c32a7bb0a19d9b36df6ad"},"breadcrumb":{"@id":"https:\/\/franciscanos.org.br\/conventosantoantonio\/bencao-de-envio-marca-o-inicio-da-341a-trezena-de-santo-antonio\/#breadcrumb"},"inLanguage":"pt-BR","potentialAction":[{"@type":"ReadAction","target":["https:\/\/franciscanos.org.br\/conventosantoantonio\/bencao-de-envio-marca-o-inicio-da-341a-trezena-de-santo-antonio\/"]}]},{"@type":"BreadcrumbList","@id":"https:\/\/franciscanos.org.br\/conventosantoantonio\/bencao-de-envio-marca-o-inicio-da-341a-trezena-de-santo-antonio\/#breadcrumb","itemListElement":[{"@type":"ListItem","position":1,"name":"Home","item":"https:\/\/franciscanos.org.br\/conventosantoantonio\/"},{"@type":"ListItem","position":2,"name":"B\u00ean\u00e7\u00e3o de envio marca o in\u00edcio da 341\u00aa Trezena de Santo Ant\u00f4nio"}]},{"@type":"Person","@id":"https:\/\/franciscanos.org.br\/conventosantoantonio\/#\/schema\/person\/73421c01c49c32a7bb0a19d9b36df6ad","name":"moacir","image":{"@type":"ImageObject","inLanguage":"pt-BR","@id":"https:\/\/franciscanos.org.br\/conventosantoantonio\/#\/schema\/person\/image\/","url":"https:\/\/secure.gravatar.com\/avatar\/d08aa2ce4c8dd416d4479aa8536fcf64?s=96&d=mm&r=g","contentUrl":"https:\/\/secure.gravatar.com\/avatar\/d08aa2ce4c8dd416d4479aa8536fcf64?s=96&d=mm&r=g","caption":"moacir"},"url":"https:\/\/franciscanos.org.br\/conventosantoantonio\/author\/moacir\/"}]}},"_links":{"self":[{"href":"https:\/\/franciscanos.org.br\/conventosantoantonio\/wp-json\/wp\/v2\/posts\/188573"}],"collection":[{"href":"https:\/\/franciscanos.org.br\/conventosantoantonio\/wp-json\/wp\/v2\/posts"}],"about":[{"href":"https:\/\/franciscanos.org.br\/conventosantoantonio\/wp-json\/wp\/v2\/types\/post"}],"author":[{"embeddable":true,"href":"https:\/\/franciscanos.org.br\/conventosantoantonio\/wp-json\/wp\/v2\/users\/3"}],"replies":[{"embeddable":true,"href":"https:\/\/franciscanos.org.br\/conventosantoantonio\/wp-json\/wp\/v2\/comments?post=188573"}],"version-history":[{"count":3,"href":"https:\/\/franciscanos.org.br\/conventosantoantonio\/wp-json\/wp\/v2\/posts\/188573\/revisions"}],"predecessor-version":[{"id":188597,"href":"https:\/\/franciscanos.org.br\/conventosantoantonio\/wp-json\/wp\/v2\/posts\/188573\/revisions\/188597"}],"wp:featuredmedia":[{"embeddable":true,"href":"https:\/\/franciscanos.org.br\/conventosantoantonio\/wp-json\/wp\/v2\/media\/188574"}],"wp:attachment":[{"href":"https:\/\/franciscanos.org.br\/conventosantoantonio\/wp-json\/wp\/v2\/media?parent=188573"}],"wp:term":[{"taxonomy":"category","embeddable":true,"href":"https:\/\/franciscanos.org.br\/conventosantoantonio\/wp-json\/wp\/v2\/categories?post=188573"},{"taxonomy":"post_tag","embeddable":true,"href":"https:\/\/franciscanos.org.br\/conventosantoantonio\/wp-json\/wp\/v2\/tags?post=188573"}],"curies":[{"name":"wp","href":"https:\/\/api.w.org\/{rel}","templated":true}]}}