{"id":188557,"date":"2023-05-24T15:14:44","date_gmt":"2023-05-24T18:14:44","guid":{"rendered":"https:\/\/franciscanos.org.br\/conventosantoantonio\/?p=188557"},"modified":"2023-05-24T15:20:18","modified_gmt":"2023-05-24T18:20:18","slug":"convento-comeca-a-fabricar-paezinhos-distribuidos-aos-fieis","status":"publish","type":"post","link":"https:\/\/franciscanos.org.br\/conventosantoantonio\/convento-comeca-a-fabricar-paezinhos-distribuidos-aos-fieis\/","title":{"rendered":"Convento come\u00e7a a fabricar p\u00e3ezinhos distribu\u00eddos aos fi\u00e9is"},"content":{"rendered":"<p><img loading=\"lazy\" class=\"alignnone wp-image-188558 size-full\" src=\"https:\/\/franciscanos.org.br\/conventosantoantonio\/wp-content\/uploads\/2023\/05\/rio_convento_01.jpg\" alt=\"\" width=\"1280\" height=\"720\" srcset=\"https:\/\/franciscanos.org.br\/conventosantoantonio\/wp-content\/uploads\/2023\/05\/rio_convento_01.jpg 1280w, https:\/\/franciscanos.org.br\/conventosantoantonio\/wp-content\/uploads\/2023\/05\/rio_convento_01-450x253.jpg 450w, https:\/\/franciscanos.org.br\/conventosantoantonio\/wp-content\/uploads\/2023\/05\/rio_convento_01-1024x576.jpg 1024w, https:\/\/franciscanos.org.br\/conventosantoantonio\/wp-content\/uploads\/2023\/05\/rio_convento_01-768x432.jpg 768w, https:\/\/franciscanos.org.br\/conventosantoantonio\/wp-content\/uploads\/2023\/05\/rio_convento_01-150x84.jpg 150w\" sizes=\"(max-width: 1280px) 100vw, 1280px\" \/><\/p>\n<p>Um dos s\u00edmbolos mais procurados e conhecidos da devo\u00e7\u00e3o a Santo Ant\u00f4nio \u00e9 o p\u00e3ozinho. Sinal de b\u00ean\u00e7\u00e3o, partilha e fartura, \u00e9 distribu\u00eddo todas as ter\u00e7as-feiras no Convento aos fi\u00e9is que vem rezar e pedir a interse\u00e7\u00e3o do Santo Franciscano. A novidade agora \u00e9 que o pr\u00f3prio Convento vai fabricar os tradicionais p\u00e3ezinhos entregues aos fi\u00e9is. O trabalho come\u00e7ou a ser realizado nesta ter\u00e7a-feira, dia 23 de maio, sob a responsabilidade do pr\u00f3prio guardi\u00e3o do Convento, Frei Walter Ferreira Junior, ele mesmo que se empenhou em montar uma pequena estrutura para a fabrica\u00e7\u00e3o do aben\u00e7oado alimento, contando com a ajuda de benfeitores, volunt\u00e1rios e colaboradores. A b\u00ean\u00e7\u00e3o dos p\u00e3es e a inaugura\u00e7\u00e3o do novo espa\u00e7o para a fabrica\u00e7\u00e3o ocorreram nesta ter\u00e7a-feira, dia 23 de maio, ap\u00f3s a missa das 10h.<\/p>\n<p>Al\u00e9m do p\u00e3o distribu\u00eddo \u00e0s ter\u00e7as-feiras, o Convento tamb\u00e9m vai come\u00e7ar a preparar as pequenas lembran\u00e7as, p\u00e3ezinhos bem pequenos, em forma de bolinha, que as pessoas compram para ter em casa, muitas delas com o costume de coloc\u00e1-los na vasilha de arroz para que nenhum alimento falte naquela casa. A venda destas lembrancinhas \u00e9 totalmente revertida em favor da manuten\u00e7\u00e3o do Convento e de sua Miss\u00e3o Evangelizadora.<\/p>\n<p><img loading=\"lazy\" class=\"alignnone size-full wp-image-188559\" src=\"https:\/\/franciscanos.org.br\/conventosantoantonio\/wp-content\/uploads\/2023\/05\/rio_convento_02.jpg\" alt=\"\" width=\"1245\" height=\"874\" srcset=\"https:\/\/franciscanos.org.br\/conventosantoantonio\/wp-content\/uploads\/2023\/05\/rio_convento_02.jpg 1245w, https:\/\/franciscanos.org.br\/conventosantoantonio\/wp-content\/uploads\/2023\/05\/rio_convento_02-450x316.jpg 450w, https:\/\/franciscanos.org.br\/conventosantoantonio\/wp-content\/uploads\/2023\/05\/rio_convento_02-1024x719.jpg 1024w, https:\/\/franciscanos.org.br\/conventosantoantonio\/wp-content\/uploads\/2023\/05\/rio_convento_02-768x539.jpg 768w, https:\/\/franciscanos.org.br\/conventosantoantonio\/wp-content\/uploads\/2023\/05\/rio_convento_02-150x105.jpg 150w, https:\/\/franciscanos.org.br\/conventosantoantonio\/wp-content\/uploads\/2023\/05\/rio_convento_02-474x332.jpg 474w\" sizes=\"(max-width: 1245px) 100vw, 1245px\" \/><\/p>\n","protected":false},"excerpt":{"rendered":"<p>Trezena de Santo Ant\u00f4nio<\/p>\n","protected":false},"author":3,"featured_media":188558,"comment_status":"open","ping_status":"open","sticky":false,"template":"","format":"standard","meta":[],"categories":[105],"tags":[347],"yoast_head":"<!-- This site is optimized with the Yoast SEO plugin v19.4 - https:\/\/yoast.com\/wordpress\/plugins\/seo\/ -->\n<title>Convento come\u00e7a a fabricar p\u00e3ezinhos distribu\u00eddos aos fi\u00e9is - Convento Santo Ant\u00f4nio- Franciscanos<\/title>\n<meta name=\"robots\" content=\"index, follow, max-snippet:-1, max-image-preview:large, max-video-preview:-1\" \/>\n<link rel=\"canonical\" href=\"https:\/\/franciscanos.org.br\/conventosantoantonio\/convento-comeca-a-fabricar-paezinhos-distribuidos-aos-fieis\/\" \/>\n<meta property=\"og:locale\" content=\"pt_BR\" \/>\n<meta property=\"og:type\" content=\"article\" \/>\n<meta property=\"og:title\" content=\"Convento come\u00e7a a fabricar p\u00e3ezinhos distribu\u00eddos aos fi\u00e9is - Convento Santo Ant\u00f4nio- Franciscanos\" \/>\n<meta property=\"og:description\" content=\"Trezena de Santo Ant\u00f4nio\" \/>\n<meta property=\"og:url\" content=\"https:\/\/franciscanos.org.br\/conventosantoantonio\/convento-comeca-a-fabricar-paezinhos-distribuidos-aos-fieis\/\" \/>\n<meta property=\"og:site_name\" content=\"Convento Santo Ant\u00f4nio- Franciscanos\" \/>\n<meta property=\"article:published_time\" content=\"2023-05-24T18:14:44+00:00\" \/>\n<meta property=\"article:modified_time\" content=\"2023-05-24T18:20:18+00:00\" \/>\n<meta property=\"og:image\" content=\"https:\/\/franciscanos.org.br\/conventosantoantonio\/wp-content\/uploads\/2023\/05\/rio_convento_01.jpg\" \/>\n\t<meta property=\"og:image:width\" content=\"1280\" \/>\n\t<meta property=\"og:image:height\" content=\"720\" \/>\n\t<meta property=\"og:image:type\" content=\"image\/jpeg\" \/>\n<meta name=\"author\" content=\"moacir\" \/>\n<meta name=\"twitter:card\" content=\"summary_large_image\" \/>\n<meta name=\"twitter:label1\" content=\"Escrito por\" \/>\n\t<meta name=\"twitter:data1\" content=\"moacir\" \/>\n\t<meta name=\"twitter:label2\" content=\"Est. tempo de leitura\" \/>\n\t<meta name=\"twitter:data2\" content=\"2 minutos\" \/>\n<script type=\"application\/ld+json\" class=\"yoast-schema-graph\">{\"@context\":\"https:\/\/schema.org\",\"@graph\":[{\"@type\":\"WebSite\",\"@id\":\"https:\/\/franciscanos.org.br\/conventosantoantonio\/#website\",\"url\":\"https:\/\/franciscanos.org.br\/conventosantoantonio\/\",\"name\":\"Convento Santo Ant\u00f4nio- Franciscanos\",\"description\":\"Prov\u00edncia Franciscana da Imaculada Concei\u00e7\u00e3o do Brasil - Ordem dos Frades Menores\",\"potentialAction\":[{\"@type\":\"SearchAction\",\"target\":{\"@type\":\"EntryPoint\",\"urlTemplate\":\"https:\/\/franciscanos.org.br\/conventosantoantonio\/?s={search_term_string}\"},\"query-input\":\"required name=search_term_string\"}],\"inLanguage\":\"pt-BR\"},{\"@type\":\"WebPage\",\"@id\":\"https:\/\/franciscanos.org.br\/conventosantoantonio\/convento-comeca-a-fabricar-paezinhos-distribuidos-aos-fieis\/\",\"url\":\"https:\/\/franciscanos.org.br\/conventosantoantonio\/convento-comeca-a-fabricar-paezinhos-distribuidos-aos-fieis\/\",\"name\":\"Convento come\u00e7a a fabricar p\u00e3ezinhos distribu\u00eddos aos fi\u00e9is - Convento Santo Ant\u00f4nio- Franciscanos\",\"isPartOf\":{\"@id\":\"https:\/\/franciscanos.org.br\/conventosantoantonio\/#website\"},\"datePublished\":\"2023-05-24T18:14:44+00:00\",\"dateModified\":\"2023-05-24T18:20:18+00:00\",\"author\":{\"@id\":\"https:\/\/franciscanos.org.br\/conventosantoantonio\/#\/schema\/person\/73421c01c49c32a7bb0a19d9b36df6ad\"},\"breadcrumb\":{\"@id\":\"https:\/\/franciscanos.org.br\/conventosantoantonio\/convento-comeca-a-fabricar-paezinhos-distribuidos-aos-fieis\/#breadcrumb\"},\"inLanguage\":\"pt-BR\",\"potentialAction\":[{\"@type\":\"ReadAction\",\"target\":[\"https:\/\/franciscanos.org.br\/conventosantoantonio\/convento-comeca-a-fabricar-paezinhos-distribuidos-aos-fieis\/\"]}]},{\"@type\":\"BreadcrumbList\",\"@id\":\"https:\/\/franciscanos.org.br\/conventosantoantonio\/convento-comeca-a-fabricar-paezinhos-distribuidos-aos-fieis\/#breadcrumb\",\"itemListElement\":[{\"@type\":\"ListItem\",\"position\":1,\"name\":\"Home\",\"item\":\"https:\/\/franciscanos.org.br\/conventosantoantonio\/\"},{\"@type\":\"ListItem\",\"position\":2,\"name\":\"Convento come\u00e7a a fabricar p\u00e3ezinhos distribu\u00eddos aos fi\u00e9is\"}]},{\"@type\":\"Person\",\"@id\":\"https:\/\/franciscanos.org.br\/conventosantoantonio\/#\/schema\/person\/73421c01c49c32a7bb0a19d9b36df6ad\",\"name\":\"moacir\",\"image\":{\"@type\":\"ImageObject\",\"inLanguage\":\"pt-BR\",\"@id\":\"https:\/\/franciscanos.org.br\/conventosantoantonio\/#\/schema\/person\/image\/\",\"url\":\"https:\/\/secure.gravatar.com\/avatar\/d08aa2ce4c8dd416d4479aa8536fcf64?s=96&d=mm&r=g\",\"contentUrl\":\"https:\/\/secure.gravatar.com\/avatar\/d08aa2ce4c8dd416d4479aa8536fcf64?s=96&d=mm&r=g\",\"caption\":\"moacir\"},\"url\":\"https:\/\/franciscanos.org.br\/conventosantoantonio\/author\/moacir\/\"}]}<\/script>\n<!-- \/ Yoast SEO plugin. -->","yoast_head_json":{"title":"Convento come\u00e7a a fabricar p\u00e3ezinhos distribu\u00eddos aos fi\u00e9is - Convento Santo Ant\u00f4nio- Franciscanos","robots":{"index":"index","follow":"follow","max-snippet":"max-snippet:-1","max-image-preview":"max-image-preview:large","max-video-preview":"max-video-preview:-1"},"canonical":"https:\/\/franciscanos.org.br\/conventosantoantonio\/convento-comeca-a-fabricar-paezinhos-distribuidos-aos-fieis\/","og_locale":"pt_BR","og_type":"article","og_title":"Convento come\u00e7a a fabricar p\u00e3ezinhos distribu\u00eddos aos fi\u00e9is - Convento Santo Ant\u00f4nio- Franciscanos","og_description":"Trezena de Santo Ant\u00f4nio","og_url":"https:\/\/franciscanos.org.br\/conventosantoantonio\/convento-comeca-a-fabricar-paezinhos-distribuidos-aos-fieis\/","og_site_name":"Convento Santo Ant\u00f4nio- Franciscanos","article_published_time":"2023-05-24T18:14:44+00:00","article_modified_time":"2023-05-24T18:20:18+00:00","og_image":[{"width":1280,"height":720,"url":"https:\/\/franciscanos.org.br\/conventosantoantonio\/wp-content\/uploads\/2023\/05\/rio_convento_01.jpg","type":"image\/jpeg"}],"author":"moacir","twitter_card":"summary_large_image","twitter_misc":{"Escrito por":"moacir","Est. tempo de leitura":"2 minutos"},"schema":{"@context":"https:\/\/schema.org","@graph":[{"@type":"WebSite","@id":"https:\/\/franciscanos.org.br\/conventosantoantonio\/#website","url":"https:\/\/franciscanos.org.br\/conventosantoantonio\/","name":"Convento Santo Ant\u00f4nio- Franciscanos","description":"Prov\u00edncia Franciscana da Imaculada Concei\u00e7\u00e3o do Brasil - Ordem dos Frades Menores","potentialAction":[{"@type":"SearchAction","target":{"@type":"EntryPoint","urlTemplate":"https:\/\/franciscanos.org.br\/conventosantoantonio\/?s={search_term_string}"},"query-input":"required name=search_term_string"}],"inLanguage":"pt-BR"},{"@type":"WebPage","@id":"https:\/\/franciscanos.org.br\/conventosantoantonio\/convento-comeca-a-fabricar-paezinhos-distribuidos-aos-fieis\/","url":"https:\/\/franciscanos.org.br\/conventosantoantonio\/convento-comeca-a-fabricar-paezinhos-distribuidos-aos-fieis\/","name":"Convento come\u00e7a a fabricar p\u00e3ezinhos distribu\u00eddos aos fi\u00e9is - Convento Santo Ant\u00f4nio- Franciscanos","isPartOf":{"@id":"https:\/\/franciscanos.org.br\/conventosantoantonio\/#website"},"datePublished":"2023-05-24T18:14:44+00:00","dateModified":"2023-05-24T18:20:18+00:00","author":{"@id":"https:\/\/franciscanos.org.br\/conventosantoantonio\/#\/schema\/person\/73421c01c49c32a7bb0a19d9b36df6ad"},"breadcrumb":{"@id":"https:\/\/franciscanos.org.br\/conventosantoantonio\/convento-comeca-a-fabricar-paezinhos-distribuidos-aos-fieis\/#breadcrumb"},"inLanguage":"pt-BR","potentialAction":[{"@type":"ReadAction","target":["https:\/\/franciscanos.org.br\/conventosantoantonio\/convento-comeca-a-fabricar-paezinhos-distribuidos-aos-fieis\/"]}]},{"@type":"BreadcrumbList","@id":"https:\/\/franciscanos.org.br\/conventosantoantonio\/convento-comeca-a-fabricar-paezinhos-distribuidos-aos-fieis\/#breadcrumb","itemListElement":[{"@type":"ListItem","position":1,"name":"Home","item":"https:\/\/franciscanos.org.br\/conventosantoantonio\/"},{"@type":"ListItem","position":2,"name":"Convento come\u00e7a a fabricar p\u00e3ezinhos distribu\u00eddos aos fi\u00e9is"}]},{"@type":"Person","@id":"https:\/\/franciscanos.org.br\/conventosantoantonio\/#\/schema\/person\/73421c01c49c32a7bb0a19d9b36df6ad","name":"moacir","image":{"@type":"ImageObject","inLanguage":"pt-BR","@id":"https:\/\/franciscanos.org.br\/conventosantoantonio\/#\/schema\/person\/image\/","url":"https:\/\/secure.gravatar.com\/avatar\/d08aa2ce4c8dd416d4479aa8536fcf64?s=96&d=mm&r=g","contentUrl":"https:\/\/secure.gravatar.com\/avatar\/d08aa2ce4c8dd416d4479aa8536fcf64?s=96&d=mm&r=g","caption":"moacir"},"url":"https:\/\/franciscanos.org.br\/conventosantoantonio\/author\/moacir\/"}]}},"_links":{"self":[{"href":"https:\/\/franciscanos.org.br\/conventosantoantonio\/wp-json\/wp\/v2\/posts\/188557"}],"collection":[{"href":"https:\/\/franciscanos.org.br\/conventosantoantonio\/wp-json\/wp\/v2\/posts"}],"about":[{"href":"https:\/\/franciscanos.org.br\/conventosantoantonio\/wp-json\/wp\/v2\/types\/post"}],"author":[{"embeddable":true,"href":"https:\/\/franciscanos.org.br\/conventosantoantonio\/wp-json\/wp\/v2\/users\/3"}],"replies":[{"embeddable":true,"href":"https:\/\/franciscanos.org.br\/conventosantoantonio\/wp-json\/wp\/v2\/comments?post=188557"}],"version-history":[{"count":3,"href":"https:\/\/franciscanos.org.br\/conventosantoantonio\/wp-json\/wp\/v2\/posts\/188557\/revisions"}],"predecessor-version":[{"id":188564,"href":"https:\/\/franciscanos.org.br\/conventosantoantonio\/wp-json\/wp\/v2\/posts\/188557\/revisions\/188564"}],"wp:featuredmedia":[{"embeddable":true,"href":"https:\/\/franciscanos.org.br\/conventosantoantonio\/wp-json\/wp\/v2\/media\/188558"}],"wp:attachment":[{"href":"https:\/\/franciscanos.org.br\/conventosantoantonio\/wp-json\/wp\/v2\/media?parent=188557"}],"wp:term":[{"taxonomy":"category","embeddable":true,"href":"https:\/\/franciscanos.org.br\/conventosantoantonio\/wp-json\/wp\/v2\/categories?post=188557"},{"taxonomy":"post_tag","embeddable":true,"href":"https:\/\/franciscanos.org.br\/conventosantoantonio\/wp-json\/wp\/v2\/tags?post=188557"}],"curies":[{"name":"wp","href":"https:\/\/api.w.org\/{rel}","templated":true}]}}