{"id":188523,"date":"2023-05-29T00:32:00","date_gmt":"2023-05-29T03:32:00","guid":{"rendered":"https:\/\/franciscanos.org.br\/conventosantoantonio\/?p=188523"},"modified":"2023-06-23T10:35:32","modified_gmt":"2023-06-23T13:35:32","slug":"vocacao-e-o-tema-central-da-341a-trezena-de-santo-antonio","status":"publish","type":"post","link":"https:\/\/franciscanos.org.br\/conventosantoantonio\/vocacao-e-o-tema-central-da-341a-trezena-de-santo-antonio\/","title":{"rendered":"Peregrina\u00e7\u00e3o da imagem e inaugura\u00e7\u00e3o de espa\u00e7o in\u00e9dito s\u00e3o destaques da 341\u00aa Trezena e Festa de Santo Ant\u00f4nio"},"content":{"rendered":"<p><img loading=\"lazy\" class=\"alignnone wp-image-188549 size-full\" src=\"https:\/\/franciscanos.org.br\/conventosantoantonio\/wp-content\/uploads\/2023\/04\/2023_Festa-de-Santo-Antonio-final_Alto-1280x720-1.png\" alt=\"\" width=\"1280\" height=\"720\" srcset=\"https:\/\/franciscanos.org.br\/conventosantoantonio\/wp-content\/uploads\/2023\/04\/2023_Festa-de-Santo-Antonio-final_Alto-1280x720-1.png 1280w, https:\/\/franciscanos.org.br\/conventosantoantonio\/wp-content\/uploads\/2023\/04\/2023_Festa-de-Santo-Antonio-final_Alto-1280x720-1-450x253.png 450w, https:\/\/franciscanos.org.br\/conventosantoantonio\/wp-content\/uploads\/2023\/04\/2023_Festa-de-Santo-Antonio-final_Alto-1280x720-1-1024x576.png 1024w, https:\/\/franciscanos.org.br\/conventosantoantonio\/wp-content\/uploads\/2023\/04\/2023_Festa-de-Santo-Antonio-final_Alto-1280x720-1-768x432.png 768w, https:\/\/franciscanos.org.br\/conventosantoantonio\/wp-content\/uploads\/2023\/04\/2023_Festa-de-Santo-Antonio-final_Alto-1280x720-1-150x84.png 150w\" sizes=\"(max-width: 1280px) 100vw, 1280px\" \/><\/p>\n<p>A 341\u00aa edi\u00e7\u00e3o da Trezena e Festa do Convento Santo Ant\u00f4nio do Largo da Carioca, no Rio de Janeiro, j\u00e1 est\u00e1 nos seus preparativos finais. Neste ano, a novidade ser\u00e1 a peregrina\u00e7\u00e3o da imagem do Santo mais popular do Brasil por espa\u00e7os significativos e simb\u00f3licos do Centro da Cidade, a partir de 31 de maio at\u00e9 12 de junho. No primeiro dia da Trezena, 31 de maio, Santo Ant\u00f4nio vai visitar a Fortaleza de S\u00e3o Jos\u00e9 e o Complexo da Ilha das Cobras, da Marinha, com honras militares e a presen\u00e7a da Banda dos Fuzileiros Navais, \u00e0s 9h. Depois das homenagens e da celebra\u00e7\u00e3o, retorna ao Convento, onde, \u00e0s 12h, ser\u00e1 celebrada a missa de abertura da Trezena, tamb\u00e9m com a presen\u00e7a da Banda da Marinha.<\/p>\n<p>Nos dias seguintes, at\u00e9 12 de junho, a imagem segue a peregrina\u00e7\u00e3o. Entre os lugares contemplados est\u00e3o o Tribunal de Justi\u00e7a, o Centro Administrativo S\u00e3o Sebasti\u00e3o, da Prefeitura, a C\u00e2mara dos Vereadores, os Quart\u00e9is Generais da Pol\u00edcia Militar e dos Bombeiros, o Instituto Nacional de C\u00e2ncer (INCA), na Pra\u00e7a da Cruz Vermelha, o Servi\u00e7o Franciscano de Solidariedade (SEFRAS), pr\u00f3ximo \u00e0 Central do Brasil, a Catedral Metropolitana, entre outros. De acordo com o guardi\u00e3o do Convento, Frei Walter Ferreira Junior, a peregrina\u00e7\u00e3o \u00e9 um ato de f\u00e9 que deseja simbolizar a proximidade de Santo Ant\u00f4nio em rela\u00e7\u00e3o \u00e0s pessoas e \u00e0s diferentes situa\u00e7\u00f5es da vida. \u00c9 ainda um gesto de restitui\u00e7\u00e3o ao povo pela generosidade e carinho que os fi\u00e9is e devotos nutrem pelo Convento desde os prim\u00f3rdios de sua hist\u00f3ria, h\u00e1 mais de 400 anos. \u201cNosso desejo \u00e9 a reafirmar ao povo que o Convento est\u00e1 de portas abertas para todos. Tanto os cariocas quanto os visitantes de todo o Brasil e do mundo podem considerar o Convento como sua segunda casa. Santo Ant\u00f4nio os acolhe com alegria\u201d, destaca o guardi\u00e3o.<\/p>\n<p><strong>Espa\u00e7o in\u00e9dito ao acesso do p\u00fablico ser\u00e1 reinaugurado na Trezena<\/strong><\/p>\n<p>Al\u00e9m da peregrina\u00e7\u00e3o, outra novidade deste ano ser\u00e1 o espa\u00e7o \u201cGastronomia Antoniana\u201d, que vai funcionar no Sal\u00e3o Frei Fabiano de Cristo, no subsolo do Convento, reformado especialmente para a Festa. \u201cEste espa\u00e7o esteve por muitos anos fechado e sem acesso ao povo. Agora vamos reabri-lo como lugar de encontro, confraterniza\u00e7\u00e3o e possibilidade dos fi\u00e9is, devotos e visitantes experimentarem um pouco da gastronomia do pa\u00eds onde nosso padroeiro viveu grande parte de sua vida e faleceu: a It\u00e1lia\u201d, explica Frei Walter. O espa\u00e7o gastron\u00f4mico vai funcionar nos dias 03, 04, 08, 10, 11, 12 e 13 de junho, oferecendo cada dia uma receita de massa com um molho diferente, por um valor acess\u00edvel.<\/p>\n<p>A Festa vai contar ainda com uma Campanha de ado\u00e7\u00e3o de animais, promovida pela ONG Bichinho Feliz, no s\u00e1bado, dia 03 de junho, uma carreata em honra a Santo Ant\u00f4nio pelas ruas comerciais do Centro, com apoio da Sociedade dos Amigos da Rua da Carioca e Adjac\u00eancias (SARCA), no s\u00e1bado, dia 10 de junho, e tamb\u00e9m a visita da imagem ao Santu\u00e1rio do Cristo Redentor, no domingo, dia 11 de junho.<\/p>\n<p>O tema da 341\u00aa Trezena e Festa ser\u00e1 \u201cA Voca\u00e7\u00e3o de Santo Ant\u00f4nio: exemplo de entrega a Deus\u201d. O pregador ser\u00e1 o jovem frade Frei Gabriel Dellandrea que, ordenado sacerdote no dia 20 de maio, em Rodeio, SC, tem na prega\u00e7\u00e3o da Trezena um de seus primeiros desafios da vida sacerdotal. Os hor\u00e1rios das missas da Trezena ser\u00e3o: 12h e 18h, de segunda a sexta; 10h, aos s\u00e1bados domingos e feriados. No dia 13 de junho, dia do Santo, ser\u00e3o celebradas missas a partir das 6h, com b\u00ean\u00e7\u00e3os, distribui\u00e7\u00e3o dos p\u00e3es e barracas com todas as comidas t\u00edpicas das comemora\u00e7\u00f5es juninas. A expectativa \u00e9 de que um grande n\u00famero de fi\u00e9is, tanto do Rio quanto de outras localidades, passe pelo Convento neste per\u00edodo de Trezena e Festa.<\/p>\n<hr \/>\n<h3><strong>ROTEIRO DA IMAGEM PEREGRINA DE SANTO ANT\u00d4NIO<\/strong><\/h3>\n<p><strong>\u00a0<\/strong><strong>31\/05 \u2013 Quarta &#8211; 1\u00ba Dia:\u00a0 <\/strong><\/p>\n<p>8h30 \u2013 Marinha do Brasil (Fortaleza de S\u00e3o Jos\u00e9 e Complexo da Ilha das Cobras)<\/p>\n<p><strong>01\/06 \u2013 Quinta &#8211; 2\u00ba Dia:<\/strong><\/p>\n<p>10h \u2013 C\u00e2mara Municipal do Rio de Janeiro<\/p>\n<p><strong>02\/06 \u2013 Sexta &#8211;\u00a0 3\u00ba Dia:<\/strong><\/p>\n<p>10h30 \u2013 Fecom\u00e9rcio<\/p>\n<p>15h \u2013 R\u00e1dio Catedral<\/p>\n<p><strong>03\/06 &#8211; S\u00e1bado \u2013 4\u00ba Dia:<\/strong><\/p>\n<p>9h \u2013 Campanha de Ado\u00e7\u00e3o no Largo da Carioca<\/p>\n<p><strong>04\/06 \u2013 Domingo \u2013 5\u00ba Dia <\/strong><\/p>\n<p>8h &#8211; Mosteiro da Ajuda (Irm\u00e3s Concepcionistas)<\/p>\n<p>12h \u2013 Casa Franciscana &#8211; SEFRAS (pr\u00f3ximo \u00e0 Central)<\/p>\n<p><strong>05\/06 \u2013 Segunda &#8211; 6\u00ba Dia<\/strong><br \/>\n11h30 \u2013 Catedral S\u00e3o Sebasti\u00e3o, com missa \u00e0s 12h<br \/>\n14h30 \u2013 Funda\u00e7\u00e3o\u00a0S\u00e3o\u00a0Martinho<\/p>\n<p><strong>06\/06 &#8211; Ter\u00e7a-feira \u2013 7\u00ba Dia<\/strong><\/p>\n<p>9h \u2013 Quartel General da Pol\u00edcia Militar<\/p>\n<p>10h30 \u2013 Quartel General dos Bombeiros<\/p>\n<p><strong>\u00a0<\/strong><strong>07\/06 \u2013 Quarta-feira \u2013 8\u00ba Dia<\/strong><\/p>\n<p>9h &#8211; Centro Administrativo S\u00e3o Sebasti\u00e3o \u2013 Prefeitura do Rio<\/p>\n<p><strong>08\/06 \u2013 Quinta-feira (Corpus Christi) \u2013 9\u00ba Dia\u00a0<\/strong><\/p>\n<p>9h &#8211; Igreja S\u00e3o Francisco da Penit\u00eancia<\/p>\n<p><strong>09\/06 \u2013 Sexta-feira &#8211; 10\u00ba Dia<\/strong><br \/>\n9h \u2013 Instituto Nacional de C\u00e2ncer (INCA) \u2013 Pra\u00e7a da Cruz Vermelha<br \/>\n14h30 \u2013 Hospital Municipal\u00a0Souza\u00a0Aguiar<\/p>\n<p><strong>10\/06 \u2013 S\u00e1bado &#8211; 11\u00ba Dia<\/strong><\/p>\n<p>10h \u2013 Carreata pela Rua da Carioca e Saara.<\/p>\n<p><strong>\u00a0<\/strong><strong>11\/06 \u2013 Domingo &#8211; 12\u00ba Dia <\/strong><\/p>\n<p>R\u00e1dio Tupi \/ Cristo Redentor \/ Nossa Senhora dos Anjos (Irm\u00e3s Clarissas \u2013 G\u00e1vea) \/ Par\u00f3quia Nossa Senhora da Boa Viagem (Rocinha)<\/p>\n<p><strong>12\/06 \u2013 Segunda 13\u00ba dia<\/strong><br \/>\n14h \u2013 Pal\u00e1cio Guanabara (Governo\u00a0do\u00a0Estado)<\/p>\n<p><strong>13\/06 \u2013 Ter\u00e7a &#8211; DIA DE SANTO ANT\u00d4NIO<\/strong><\/p>\n<p>11h \u2013 Missa de Santo Ant\u00f4nio no Santu\u00e1rio do Cristo Redentor, com b\u00ean\u00e7\u00e3o e distribui\u00e7\u00e3o dos p\u00e3es.<\/p>\n<p><strong>Missas e b\u00ean\u00e7\u00e3os no Convento Santo Ant\u00f4nio \u00e0s 6h, 8h, 10h, 12h, 15h e 18h.<\/strong><\/p>\n<p><strong>15\/06 &#8211; 10h &#8211; Tribunal de Justi\u00e7a do Rio de\u00a0Janeiro<\/strong><\/p>\n<h3><strong>PROGRAMA\u00c7AO DA TREZENA<\/strong><\/h3>\n<p><strong>341\u00aa Trezena de Santo Ant\u00f4nio &#8211; Convento Santo Ant\u00f4nio &#8211; Largo da Carioca &#8211; Rio de Janeiro (RJ)<\/strong><\/p>\n<p><strong>31 DE MAIO (QUARTA-FEIRA) &#8211; 1\u00ba DIA<\/strong><br \/>\n<em>\u201cVisitando a vida de Santo Ant\u00f4nio!\u201d<\/em><br \/>\n<strong>Missas da Trezena:<\/strong> 12h e 18h<\/p>\n<p><strong>1\u00ba DE JUNHO (QUINTA-FEIRA) &#8211; 2\u00ba DIA<\/strong><br \/>\n<em>\u201cSanto Ant\u00f4nio: entrega sua nobreza \u00e0quilo que \u00e9 mais nobre: Deus!\u201d<\/em><br \/>\n<strong>Missas da Trezena:<\/strong> 12h e 18h<\/p>\n<p><strong>2 DE JUNHO (SEXTA-FEIRA) &#8211; 3\u00ba DIA<\/strong><br \/>\n<em>\u201cSanto Ant\u00f4nio e o desejo de se entregar a Deus pela f\u00e9!\u201d<\/em><br \/>\n<strong>Missas da Trezena:<\/strong> 12h e 18h<\/p>\n<p><strong>3 DE JUNHO (S\u00c1BADO) &#8211; 4\u00ba DIA<\/strong><br \/>\n<em>\u201cSanto Ant\u00f4nio: um jovem que se decide por Deus!\u201d<\/em><br \/>\n<strong>Missa da Trezena:<\/strong> 10h<br \/>\nCampanha de Ado\u00e7\u00e3o de Animais<\/p>\n<p><strong>4 DE JUNHO (DOMINGO) &#8211; 5\u00ba DIA<\/strong><br \/>\n<em>\u201cSanto Ant\u00f4nio: um servo da Trindade!\u201d<\/em><br \/>\n<strong>Missa da Trezena:<\/strong> 10h<\/p>\n<p><strong>5 DE JUNHO (SEGUNDA-FEIRA) &#8211; 6\u00ba DIA<\/strong><br \/>\n<em>\u201cSanto Ant\u00f4nio mestre de Palavras e Obras!\u201d<\/em><br \/>\n<strong>Missas da Trezena:<\/strong> 12h e 18h<\/p>\n<p><strong>6 DE JUNHO (TER\u00c7A-FEIRA) &#8211; 7\u00ba DIA<\/strong><br \/>\n<em>\u201cSanto Ant\u00f4nio: o comunicador da Boa-nova!\u201d<\/em><br \/>\n<strong>Missas da Trezena:<\/strong> 12h e 18h<\/p>\n<p><strong>7 DE JUNHO (QUARTA-FEIRA) &#8211; 8\u00ba DIA<\/strong><br \/>\n<em>\u201cSanto Ant\u00f4nio: fiel seguidor de S\u00e3o Francisco!\u201d<\/em><br \/>\n<strong>Missas da Trezena:<\/strong> 12h e 18h<\/p>\n<p><strong>8 DE JUNHO (QUINTA-FEIRA) &#8211; 9\u00ba DIA<\/strong><br \/>\n<em>\u201cSanto Ant\u00f4nio e a Eucaristia!\u201d<\/em><br \/>\n<strong>Missa da Trezena:<\/strong> 10h<\/p>\n<p><strong>9 DE JUNHO (SEXTA-FEIRA) &#8211; 10\u00ba DIA<\/strong><br \/>\n<em>\u201cSanto Ant\u00f4nio: uma voca\u00e7\u00e3o que cura!\u201d<\/em><br \/>\n<strong>Missas da Trezena:<\/strong> 12h e 18h<\/p>\n<p><strong>10 DE JUNHO (S\u00c1BADO) &#8211; 11\u00ba DIA<\/strong><br \/>\n<em>\u201cSanto Ant\u00f4nio do p\u00e3o e da caridade!\u201d<\/em><br \/>\n<strong>Missa da Trezena:<\/strong> 10h<br \/>\nCarreata de Santo Ant\u00f4nio pelas ruas do Com\u00e9rcio do Centro: 10h \u00e0s 12h<\/p>\n<p><strong>11 DE JUNHO (DOMINGO) &#8211; 12\u00ba DIA<\/strong><br \/>\n<em>\u201cSanto Ant\u00f4nio: um religioso como exemplo de sim a Deus!\u201d<\/em><br \/>\n<strong>Missa da Trezena:<\/strong> 10h<\/p>\n<p><strong>12 DE JUNHO (SEGUNDA-FEIRA) &#8211; 13\u00ba DIA<\/strong><br \/>\n<em>\u201c Santo Ant\u00f4nio: o Santo do mundo inteiro!\u201d<\/em><br \/>\n<strong>Missas da Trezena:<\/strong> 12h e 18h<\/p>\n<p>&nbsp;<\/p>\n<h3 style=\"padding-left: 40px;\">Dia de Santo Ant\u00f4nio &#8211; 13 de junho (ter\u00e7a-feira)<\/h3>\n<p style=\"padding-left: 40px;\"><strong>Missa no Cristo Redentor (Corcovado) com b\u00ean\u00e7\u00e3o e distribui\u00e7\u00e3o de p\u00e3es:<\/strong> 11h<br \/>\n<strong>Missas e b\u00ean\u00e7\u00e3os no Convento Santo Ant\u00f4nio:<\/strong> 6h, 8h, 10h, 12h, 15h e 18h.<br \/>\n<strong>Barracas com comidas t\u00edpicas:<\/strong> 12 e 13 de Junho (Largo da Carioca)<\/p>\n","protected":false},"excerpt":{"rendered":"<p>341\u00aa Festa de Santo Ant\u00f4nio<\/p>\n","protected":false},"author":1,"featured_media":188550,"comment_status":"open","ping_status":"open","sticky":false,"template":"","format":"standard","meta":[],"categories":[105],"tags":[347],"yoast_head":"<!-- This site is optimized with the Yoast SEO plugin v19.4 - https:\/\/yoast.com\/wordpress\/plugins\/seo\/ -->\n<title>Peregrina\u00e7\u00e3o da imagem e inaugura\u00e7\u00e3o de espa\u00e7o in\u00e9dito s\u00e3o destaques da 341\u00aa Trezena e Festa de Santo Ant\u00f4nio - Convento Santo Ant\u00f4nio- Franciscanos<\/title>\n<meta name=\"robots\" content=\"index, follow, max-snippet:-1, max-image-preview:large, max-video-preview:-1\" \/>\n<link rel=\"canonical\" href=\"https:\/\/franciscanos.org.br\/conventosantoantonio\/vocacao-e-o-tema-central-da-341a-trezena-de-santo-antonio\/\" \/>\n<meta property=\"og:locale\" content=\"pt_BR\" \/>\n<meta property=\"og:type\" content=\"article\" \/>\n<meta property=\"og:title\" content=\"Peregrina\u00e7\u00e3o da imagem e inaugura\u00e7\u00e3o de espa\u00e7o in\u00e9dito s\u00e3o destaques da 341\u00aa Trezena e Festa de Santo Ant\u00f4nio - Convento Santo Ant\u00f4nio- Franciscanos\" \/>\n<meta property=\"og:description\" content=\"341\u00aa Festa de Santo Ant\u00f4nio\" \/>\n<meta property=\"og:url\" content=\"https:\/\/franciscanos.org.br\/conventosantoantonio\/vocacao-e-o-tema-central-da-341a-trezena-de-santo-antonio\/\" \/>\n<meta property=\"og:site_name\" content=\"Convento Santo Ant\u00f4nio- Franciscanos\" \/>\n<meta property=\"article:published_time\" content=\"2023-05-29T03:32:00+00:00\" \/>\n<meta property=\"article:modified_time\" content=\"2023-06-23T13:35:32+00:00\" \/>\n<meta property=\"og:image\" content=\"https:\/\/franciscanos.org.br\/conventosantoantonio\/wp-content\/uploads\/2023\/04\/2023_Festa-de-Santo-Antonio-final_Destacada_800x550.png\" \/>\n\t<meta property=\"og:image:width\" content=\"800\" \/>\n\t<meta property=\"og:image:height\" content=\"550\" \/>\n\t<meta property=\"og:image:type\" content=\"image\/png\" \/>\n<meta name=\"author\" content=\"admin\" \/>\n<meta name=\"twitter:card\" content=\"summary_large_image\" \/>\n<meta name=\"twitter:label1\" content=\"Escrito por\" \/>\n\t<meta name=\"twitter:data1\" content=\"admin\" \/>\n\t<meta name=\"twitter:label2\" content=\"Est. tempo de leitura\" \/>\n\t<meta name=\"twitter:data2\" content=\"7 minutos\" \/>\n<script type=\"application\/ld+json\" class=\"yoast-schema-graph\">{\"@context\":\"https:\/\/schema.org\",\"@graph\":[{\"@type\":\"WebSite\",\"@id\":\"https:\/\/franciscanos.org.br\/conventosantoantonio\/#website\",\"url\":\"https:\/\/franciscanos.org.br\/conventosantoantonio\/\",\"name\":\"Convento Santo Ant\u00f4nio- Franciscanos\",\"description\":\"Prov\u00edncia Franciscana da Imaculada Concei\u00e7\u00e3o do Brasil - Ordem dos Frades Menores\",\"potentialAction\":[{\"@type\":\"SearchAction\",\"target\":{\"@type\":\"EntryPoint\",\"urlTemplate\":\"https:\/\/franciscanos.org.br\/conventosantoantonio\/?s={search_term_string}\"},\"query-input\":\"required name=search_term_string\"}],\"inLanguage\":\"pt-BR\"},{\"@type\":\"WebPage\",\"@id\":\"https:\/\/franciscanos.org.br\/conventosantoantonio\/vocacao-e-o-tema-central-da-341a-trezena-de-santo-antonio\/\",\"url\":\"https:\/\/franciscanos.org.br\/conventosantoantonio\/vocacao-e-o-tema-central-da-341a-trezena-de-santo-antonio\/\",\"name\":\"Peregrina\u00e7\u00e3o da imagem e inaugura\u00e7\u00e3o de espa\u00e7o in\u00e9dito s\u00e3o destaques da 341\u00aa Trezena e Festa de Santo Ant\u00f4nio - Convento Santo Ant\u00f4nio- Franciscanos\",\"isPartOf\":{\"@id\":\"https:\/\/franciscanos.org.br\/conventosantoantonio\/#website\"},\"datePublished\":\"2023-05-29T03:32:00+00:00\",\"dateModified\":\"2023-06-23T13:35:32+00:00\",\"author\":{\"@id\":\"https:\/\/franciscanos.org.br\/conventosantoantonio\/#\/schema\/person\/d3f90ec9f2de5ddf9992cb05430f4962\"},\"breadcrumb\":{\"@id\":\"https:\/\/franciscanos.org.br\/conventosantoantonio\/vocacao-e-o-tema-central-da-341a-trezena-de-santo-antonio\/#breadcrumb\"},\"inLanguage\":\"pt-BR\",\"potentialAction\":[{\"@type\":\"ReadAction\",\"target\":[\"https:\/\/franciscanos.org.br\/conventosantoantonio\/vocacao-e-o-tema-central-da-341a-trezena-de-santo-antonio\/\"]}]},{\"@type\":\"BreadcrumbList\",\"@id\":\"https:\/\/franciscanos.org.br\/conventosantoantonio\/vocacao-e-o-tema-central-da-341a-trezena-de-santo-antonio\/#breadcrumb\",\"itemListElement\":[{\"@type\":\"ListItem\",\"position\":1,\"name\":\"Home\",\"item\":\"https:\/\/franciscanos.org.br\/conventosantoantonio\/\"},{\"@type\":\"ListItem\",\"position\":2,\"name\":\"Peregrina\u00e7\u00e3o da imagem e inaugura\u00e7\u00e3o de espa\u00e7o in\u00e9dito s\u00e3o destaques da 341\u00aa Trezena e Festa de Santo Ant\u00f4nio\"}]},{\"@type\":\"Person\",\"@id\":\"https:\/\/franciscanos.org.br\/conventosantoantonio\/#\/schema\/person\/d3f90ec9f2de5ddf9992cb05430f4962\",\"name\":\"admin\",\"image\":{\"@type\":\"ImageObject\",\"inLanguage\":\"pt-BR\",\"@id\":\"https:\/\/franciscanos.org.br\/conventosantoantonio\/#\/schema\/person\/image\/\",\"url\":\"https:\/\/secure.gravatar.com\/avatar\/e8495742d34d0ba6448ea1c628263b3e?s=96&d=mm&r=g\",\"contentUrl\":\"https:\/\/secure.gravatar.com\/avatar\/e8495742d34d0ba6448ea1c628263b3e?s=96&d=mm&r=g\",\"caption\":\"admin\"},\"url\":\"https:\/\/franciscanos.org.br\/conventosantoantonio\/author\/admin\/\"}]}<\/script>\n<!-- \/ Yoast SEO plugin. -->","yoast_head_json":{"title":"Peregrina\u00e7\u00e3o da imagem e inaugura\u00e7\u00e3o de espa\u00e7o in\u00e9dito s\u00e3o destaques da 341\u00aa Trezena e Festa de Santo Ant\u00f4nio - Convento Santo Ant\u00f4nio- Franciscanos","robots":{"index":"index","follow":"follow","max-snippet":"max-snippet:-1","max-image-preview":"max-image-preview:large","max-video-preview":"max-video-preview:-1"},"canonical":"https:\/\/franciscanos.org.br\/conventosantoantonio\/vocacao-e-o-tema-central-da-341a-trezena-de-santo-antonio\/","og_locale":"pt_BR","og_type":"article","og_title":"Peregrina\u00e7\u00e3o da imagem e inaugura\u00e7\u00e3o de espa\u00e7o in\u00e9dito s\u00e3o destaques da 341\u00aa Trezena e Festa de Santo Ant\u00f4nio - Convento Santo Ant\u00f4nio- Franciscanos","og_description":"341\u00aa Festa de Santo Ant\u00f4nio","og_url":"https:\/\/franciscanos.org.br\/conventosantoantonio\/vocacao-e-o-tema-central-da-341a-trezena-de-santo-antonio\/","og_site_name":"Convento Santo Ant\u00f4nio- Franciscanos","article_published_time":"2023-05-29T03:32:00+00:00","article_modified_time":"2023-06-23T13:35:32+00:00","og_image":[{"width":800,"height":550,"url":"https:\/\/franciscanos.org.br\/conventosantoantonio\/wp-content\/uploads\/2023\/04\/2023_Festa-de-Santo-Antonio-final_Destacada_800x550.png","type":"image\/png"}],"author":"admin","twitter_card":"summary_large_image","twitter_misc":{"Escrito por":"admin","Est. tempo de leitura":"7 minutos"},"schema":{"@context":"https:\/\/schema.org","@graph":[{"@type":"WebSite","@id":"https:\/\/franciscanos.org.br\/conventosantoantonio\/#website","url":"https:\/\/franciscanos.org.br\/conventosantoantonio\/","name":"Convento Santo Ant\u00f4nio- Franciscanos","description":"Prov\u00edncia Franciscana da Imaculada Concei\u00e7\u00e3o do Brasil - Ordem dos Frades Menores","potentialAction":[{"@type":"SearchAction","target":{"@type":"EntryPoint","urlTemplate":"https:\/\/franciscanos.org.br\/conventosantoantonio\/?s={search_term_string}"},"query-input":"required name=search_term_string"}],"inLanguage":"pt-BR"},{"@type":"WebPage","@id":"https:\/\/franciscanos.org.br\/conventosantoantonio\/vocacao-e-o-tema-central-da-341a-trezena-de-santo-antonio\/","url":"https:\/\/franciscanos.org.br\/conventosantoantonio\/vocacao-e-o-tema-central-da-341a-trezena-de-santo-antonio\/","name":"Peregrina\u00e7\u00e3o da imagem e inaugura\u00e7\u00e3o de espa\u00e7o in\u00e9dito s\u00e3o destaques da 341\u00aa Trezena e Festa de Santo Ant\u00f4nio - Convento Santo Ant\u00f4nio- Franciscanos","isPartOf":{"@id":"https:\/\/franciscanos.org.br\/conventosantoantonio\/#website"},"datePublished":"2023-05-29T03:32:00+00:00","dateModified":"2023-06-23T13:35:32+00:00","author":{"@id":"https:\/\/franciscanos.org.br\/conventosantoantonio\/#\/schema\/person\/d3f90ec9f2de5ddf9992cb05430f4962"},"breadcrumb":{"@id":"https:\/\/franciscanos.org.br\/conventosantoantonio\/vocacao-e-o-tema-central-da-341a-trezena-de-santo-antonio\/#breadcrumb"},"inLanguage":"pt-BR","potentialAction":[{"@type":"ReadAction","target":["https:\/\/franciscanos.org.br\/conventosantoantonio\/vocacao-e-o-tema-central-da-341a-trezena-de-santo-antonio\/"]}]},{"@type":"BreadcrumbList","@id":"https:\/\/franciscanos.org.br\/conventosantoantonio\/vocacao-e-o-tema-central-da-341a-trezena-de-santo-antonio\/#breadcrumb","itemListElement":[{"@type":"ListItem","position":1,"name":"Home","item":"https:\/\/franciscanos.org.br\/conventosantoantonio\/"},{"@type":"ListItem","position":2,"name":"Peregrina\u00e7\u00e3o da imagem e inaugura\u00e7\u00e3o de espa\u00e7o in\u00e9dito s\u00e3o destaques da 341\u00aa Trezena e Festa de Santo Ant\u00f4nio"}]},{"@type":"Person","@id":"https:\/\/franciscanos.org.br\/conventosantoantonio\/#\/schema\/person\/d3f90ec9f2de5ddf9992cb05430f4962","name":"admin","image":{"@type":"ImageObject","inLanguage":"pt-BR","@id":"https:\/\/franciscanos.org.br\/conventosantoantonio\/#\/schema\/person\/image\/","url":"https:\/\/secure.gravatar.com\/avatar\/e8495742d34d0ba6448ea1c628263b3e?s=96&d=mm&r=g","contentUrl":"https:\/\/secure.gravatar.com\/avatar\/e8495742d34d0ba6448ea1c628263b3e?s=96&d=mm&r=g","caption":"admin"},"url":"https:\/\/franciscanos.org.br\/conventosantoantonio\/author\/admin\/"}]}},"_links":{"self":[{"href":"https:\/\/franciscanos.org.br\/conventosantoantonio\/wp-json\/wp\/v2\/posts\/188523"}],"collection":[{"href":"https:\/\/franciscanos.org.br\/conventosantoantonio\/wp-json\/wp\/v2\/posts"}],"about":[{"href":"https:\/\/franciscanos.org.br\/conventosantoantonio\/wp-json\/wp\/v2\/types\/post"}],"author":[{"embeddable":true,"href":"https:\/\/franciscanos.org.br\/conventosantoantonio\/wp-json\/wp\/v2\/users\/1"}],"replies":[{"embeddable":true,"href":"https:\/\/franciscanos.org.br\/conventosantoantonio\/wp-json\/wp\/v2\/comments?post=188523"}],"version-history":[{"count":9,"href":"https:\/\/franciscanos.org.br\/conventosantoantonio\/wp-json\/wp\/v2\/posts\/188523\/revisions"}],"predecessor-version":[{"id":188572,"href":"https:\/\/franciscanos.org.br\/conventosantoantonio\/wp-json\/wp\/v2\/posts\/188523\/revisions\/188572"}],"wp:featuredmedia":[{"embeddable":true,"href":"https:\/\/franciscanos.org.br\/conventosantoantonio\/wp-json\/wp\/v2\/media\/188550"}],"wp:attachment":[{"href":"https:\/\/franciscanos.org.br\/conventosantoantonio\/wp-json\/wp\/v2\/media?parent=188523"}],"wp:term":[{"taxonomy":"category","embeddable":true,"href":"https:\/\/franciscanos.org.br\/conventosantoantonio\/wp-json\/wp\/v2\/categories?post=188523"},{"taxonomy":"post_tag","embeddable":true,"href":"https:\/\/franciscanos.org.br\/conventosantoantonio\/wp-json\/wp\/v2\/tags?post=188523"}],"curies":[{"name":"wp","href":"https:\/\/api.w.org\/{rel}","templated":true}]}}