{"id":188501,"date":"2023-01-27T11:06:44","date_gmt":"2023-01-27T14:06:44","guid":{"rendered":"https:\/\/franciscanos.org.br\/conventosantoantonio\/?p=188501"},"modified":"2023-01-27T11:06:44","modified_gmt":"2023-01-27T14:06:44","slug":"ofs-fraternidade-do-largo-da-carioca-recebe-reliquia-e-imagem-de-sao-francisco","status":"publish","type":"post","link":"https:\/\/franciscanos.org.br\/conventosantoantonio\/ofs-fraternidade-do-largo-da-carioca-recebe-reliquia-e-imagem-de-sao-francisco\/","title":{"rendered":"OFS: Fraternidade do Largo da Carioca recebe rel\u00edquia e imagem de S\u00e3o Francisco"},"content":{"rendered":"<p><img loading=\"lazy\" class=\"alignright size-full wp-image-188502\" src=\"https:\/\/franciscanos.org.br\/conventosantoantonio\/wp-content\/uploads\/2023\/01\/reliquia_27.jpg\" alt=\"\" width=\"1280\" height=\"720\" srcset=\"https:\/\/franciscanos.org.br\/conventosantoantonio\/wp-content\/uploads\/2023\/01\/reliquia_27.jpg 1280w, https:\/\/franciscanos.org.br\/conventosantoantonio\/wp-content\/uploads\/2023\/01\/reliquia_27-450x253.jpg 450w, https:\/\/franciscanos.org.br\/conventosantoantonio\/wp-content\/uploads\/2023\/01\/reliquia_27-1024x576.jpg 1024w, https:\/\/franciscanos.org.br\/conventosantoantonio\/wp-content\/uploads\/2023\/01\/reliquia_27-768x432.jpg 768w, https:\/\/franciscanos.org.br\/conventosantoantonio\/wp-content\/uploads\/2023\/01\/reliquia_27-150x84.jpg 150w\" sizes=\"(max-width: 1280px) 100vw, 1280px\" \/><\/p>\n<p>A Fraternidade de Santo Ant\u00f4nio do Largo da Carioca da Ordem Franciscana Secular (OFS) recebeu a rel\u00edquia de S\u00e3o Francisco no dia 22 de janeiro das m\u00e3os da Fraternidade Nossa Senhora da Paz e, em seguida, participou da Santa Missa.<\/p>\n<p>Depois os irm\u00e3os e irm\u00e3s desta Fraternidade seguiram para o Mosteiro de Santa Clara, em Nova Igua\u00e7u, e, posteriormente, para o Mosteiro Nossa Senhora dos Anjos, na G\u00e1vea. No dia 23, a Fraternidade participou de todas as Missas e, no intervalo delas, meditou e rezou diante da rel\u00edquia.<\/p>\n<p>No dia 24, foi entregue a cust\u00f3dia para a Fraternidade de S\u00e3o Francisco da Penit\u00eancia. O assistente espiritual, Frei Cl\u00e1udio Broca, esteve presente em todos os momentos.<\/p>\n<p><img loading=\"lazy\" class=\"alignright size-full wp-image-188503\" src=\"https:\/\/franciscanos.org.br\/conventosantoantonio\/wp-content\/uploads\/2023\/01\/reliquia_27_2.jpg\" alt=\"\" width=\"1280\" height=\"720\" srcset=\"https:\/\/franciscanos.org.br\/conventosantoantonio\/wp-content\/uploads\/2023\/01\/reliquia_27_2.jpg 1280w, https:\/\/franciscanos.org.br\/conventosantoantonio\/wp-content\/uploads\/2023\/01\/reliquia_27_2-450x253.jpg 450w, https:\/\/franciscanos.org.br\/conventosantoantonio\/wp-content\/uploads\/2023\/01\/reliquia_27_2-1024x576.jpg 1024w, https:\/\/franciscanos.org.br\/conventosantoantonio\/wp-content\/uploads\/2023\/01\/reliquia_27_2-768x432.jpg 768w, https:\/\/franciscanos.org.br\/conventosantoantonio\/wp-content\/uploads\/2023\/01\/reliquia_27_2-150x84.jpg 150w\" sizes=\"(max-width: 1280px) 100vw, 1280px\" \/><\/p>\n<p>PEREGRINA\u00c7\u00c3O DA REL\u00cdQUIA E IMAGEM DE S\u00c3O FRANCISCO<\/p>\n<p>Entenda por que a Ordem Franciscana Secular do Brasil est\u00e1 realizando a peregrina\u00e7\u00e3o da rel\u00edquia e imagem de S\u00e3o Francisco de Assis em todo territ\u00f3rio nacional<\/p>\n<p>Essa peregrina\u00e7\u00e3o ocorre em comemora\u00e7\u00e3o ao jubileu dos 800 anos da Ordem Franciscana Secular (conhecida como Terceira Ordem Franciscana) que ocorreu em 2021.<\/p>\n<p>&#8220;Eu vos anuncio uma grande alegria&#8221;: aos 20 de maio de 1221 foi aprovado pelo Papa Greg\u00f3rio IX a &#8220;Memoriale Propositi\u201d, primeira regra aprovada pela Igreja, para os irm\u00e3os da Penit\u00eancia, marco do in\u00edcio do ramo secular das tr\u00eas Ordens fundadas por S\u00e3o Francisco de Assis.<\/p>\n<p>Para melhor celebrar t\u00e3o grande momento da nossa hist\u00f3ria, o Conselho Nacional da OFS, pensou em fazer peregrinar por todas as fraternidades do Brasil uma imagem e uma Rel\u00edquia de S\u00e3o Francisco.<\/p>\n<p>A imagem foi um presente da C\u00faria Geral dos Frades Menores Capuchinhos e a Rel\u00edquia, um fragmento de osso, foi ofertada pela C\u00faria Geral dos Frades Menores Conventuais. Ambas vieram de Assis na It\u00e1lia.<\/p>\n<p>A peregrina\u00e7\u00e3o teve in\u00edcio no regional do estado de S\u00e3o Paulo na fraternidade das Chagas do Ser\u00e1fico Pai S\u00e3o Francisco no dia 20 de setembro de 2015 e tinha previs\u00e3o de conclus\u00e3o para o ano de 2021, ano jubilar, depois de ter visitado todas as fraternidades de todos os Estados do Brasil. Com a situa\u00e7\u00e3o da pandemia, a peregrina\u00e7\u00e3o foi momentaneamente suspensa, retornando em mar\u00e7o de 2022 e ser\u00e1 conclu\u00edda em abril de 2023.<\/p>\n<p>Vamos celebrar esse importante momento para a hist\u00f3ria da OFS. Prepare sua fraternidade para receber com amor e zelo a imagem e a Rel\u00edquia do nosso ser\u00e1fico pai S\u00e3o Francisco de Assis.<\/p>\n<hr \/>\n<p><em>Fraternalmente, Patr\u00edcia Mendes &#8211; Ministra.<\/em><\/p>\n","protected":false},"excerpt":{"rendered":"<p>Rel\u00edquia e Imagem de S\u00e3o Francisco<\/p>\n","protected":false},"author":3,"featured_media":188502,"comment_status":"open","ping_status":"open","sticky":false,"template":"","format":"standard","meta":[],"categories":[105],"tags":[373],"yoast_head":"<!-- This site is optimized with the Yoast SEO plugin v19.4 - https:\/\/yoast.com\/wordpress\/plugins\/seo\/ -->\n<title>OFS: Fraternidade do Largo da Carioca recebe rel\u00edquia e imagem de S\u00e3o Francisco - Convento Santo Ant\u00f4nio- Franciscanos<\/title>\n<meta name=\"robots\" content=\"index, follow, max-snippet:-1, max-image-preview:large, max-video-preview:-1\" \/>\n<link rel=\"canonical\" href=\"https:\/\/franciscanos.org.br\/conventosantoantonio\/ofs-fraternidade-do-largo-da-carioca-recebe-reliquia-e-imagem-de-sao-francisco\/\" \/>\n<meta property=\"og:locale\" content=\"pt_BR\" \/>\n<meta property=\"og:type\" content=\"article\" \/>\n<meta property=\"og:title\" content=\"OFS: Fraternidade do Largo da Carioca recebe rel\u00edquia e imagem de S\u00e3o Francisco - Convento Santo Ant\u00f4nio- Franciscanos\" \/>\n<meta property=\"og:description\" content=\"Rel\u00edquia e Imagem de S\u00e3o Francisco\" \/>\n<meta property=\"og:url\" content=\"https:\/\/franciscanos.org.br\/conventosantoantonio\/ofs-fraternidade-do-largo-da-carioca-recebe-reliquia-e-imagem-de-sao-francisco\/\" \/>\n<meta property=\"og:site_name\" content=\"Convento Santo Ant\u00f4nio- Franciscanos\" \/>\n<meta property=\"article:published_time\" content=\"2023-01-27T14:06:44+00:00\" \/>\n<meta property=\"og:image\" content=\"https:\/\/franciscanos.org.br\/conventosantoantonio\/wp-content\/uploads\/2023\/01\/reliquia_27.jpg\" \/>\n\t<meta property=\"og:image:width\" content=\"1280\" \/>\n\t<meta property=\"og:image:height\" content=\"720\" \/>\n\t<meta property=\"og:image:type\" content=\"image\/jpeg\" \/>\n<meta name=\"author\" content=\"moacir\" \/>\n<meta name=\"twitter:card\" content=\"summary_large_image\" \/>\n<meta name=\"twitter:label1\" content=\"Escrito por\" \/>\n\t<meta name=\"twitter:data1\" content=\"moacir\" \/>\n\t<meta name=\"twitter:label2\" content=\"Est. tempo de leitura\" \/>\n\t<meta name=\"twitter:data2\" content=\"3 minutos\" \/>\n<script type=\"application\/ld+json\" class=\"yoast-schema-graph\">{\"@context\":\"https:\/\/schema.org\",\"@graph\":[{\"@type\":\"WebSite\",\"@id\":\"https:\/\/franciscanos.org.br\/conventosantoantonio\/#website\",\"url\":\"https:\/\/franciscanos.org.br\/conventosantoantonio\/\",\"name\":\"Convento Santo Ant\u00f4nio- Franciscanos\",\"description\":\"Prov\u00edncia Franciscana da Imaculada Concei\u00e7\u00e3o do Brasil - Ordem dos Frades Menores\",\"potentialAction\":[{\"@type\":\"SearchAction\",\"target\":{\"@type\":\"EntryPoint\",\"urlTemplate\":\"https:\/\/franciscanos.org.br\/conventosantoantonio\/?s={search_term_string}\"},\"query-input\":\"required name=search_term_string\"}],\"inLanguage\":\"pt-BR\"},{\"@type\":\"WebPage\",\"@id\":\"https:\/\/franciscanos.org.br\/conventosantoantonio\/ofs-fraternidade-do-largo-da-carioca-recebe-reliquia-e-imagem-de-sao-francisco\/\",\"url\":\"https:\/\/franciscanos.org.br\/conventosantoantonio\/ofs-fraternidade-do-largo-da-carioca-recebe-reliquia-e-imagem-de-sao-francisco\/\",\"name\":\"OFS: Fraternidade do Largo da Carioca recebe rel\u00edquia e imagem de S\u00e3o Francisco - Convento Santo Ant\u00f4nio- Franciscanos\",\"isPartOf\":{\"@id\":\"https:\/\/franciscanos.org.br\/conventosantoantonio\/#website\"},\"datePublished\":\"2023-01-27T14:06:44+00:00\",\"dateModified\":\"2023-01-27T14:06:44+00:00\",\"author\":{\"@id\":\"https:\/\/franciscanos.org.br\/conventosantoantonio\/#\/schema\/person\/73421c01c49c32a7bb0a19d9b36df6ad\"},\"breadcrumb\":{\"@id\":\"https:\/\/franciscanos.org.br\/conventosantoantonio\/ofs-fraternidade-do-largo-da-carioca-recebe-reliquia-e-imagem-de-sao-francisco\/#breadcrumb\"},\"inLanguage\":\"pt-BR\",\"potentialAction\":[{\"@type\":\"ReadAction\",\"target\":[\"https:\/\/franciscanos.org.br\/conventosantoantonio\/ofs-fraternidade-do-largo-da-carioca-recebe-reliquia-e-imagem-de-sao-francisco\/\"]}]},{\"@type\":\"BreadcrumbList\",\"@id\":\"https:\/\/franciscanos.org.br\/conventosantoantonio\/ofs-fraternidade-do-largo-da-carioca-recebe-reliquia-e-imagem-de-sao-francisco\/#breadcrumb\",\"itemListElement\":[{\"@type\":\"ListItem\",\"position\":1,\"name\":\"Home\",\"item\":\"https:\/\/franciscanos.org.br\/conventosantoantonio\/\"},{\"@type\":\"ListItem\",\"position\":2,\"name\":\"OFS: Fraternidade do Largo da Carioca recebe rel\u00edquia e imagem de S\u00e3o Francisco\"}]},{\"@type\":\"Person\",\"@id\":\"https:\/\/franciscanos.org.br\/conventosantoantonio\/#\/schema\/person\/73421c01c49c32a7bb0a19d9b36df6ad\",\"name\":\"moacir\",\"image\":{\"@type\":\"ImageObject\",\"inLanguage\":\"pt-BR\",\"@id\":\"https:\/\/franciscanos.org.br\/conventosantoantonio\/#\/schema\/person\/image\/\",\"url\":\"https:\/\/secure.gravatar.com\/avatar\/d08aa2ce4c8dd416d4479aa8536fcf64?s=96&d=mm&r=g\",\"contentUrl\":\"https:\/\/secure.gravatar.com\/avatar\/d08aa2ce4c8dd416d4479aa8536fcf64?s=96&d=mm&r=g\",\"caption\":\"moacir\"},\"url\":\"https:\/\/franciscanos.org.br\/conventosantoantonio\/author\/moacir\/\"}]}<\/script>\n<!-- \/ Yoast SEO plugin. -->","yoast_head_json":{"title":"OFS: Fraternidade do Largo da Carioca recebe rel\u00edquia e imagem de S\u00e3o Francisco - Convento Santo Ant\u00f4nio- Franciscanos","robots":{"index":"index","follow":"follow","max-snippet":"max-snippet:-1","max-image-preview":"max-image-preview:large","max-video-preview":"max-video-preview:-1"},"canonical":"https:\/\/franciscanos.org.br\/conventosantoantonio\/ofs-fraternidade-do-largo-da-carioca-recebe-reliquia-e-imagem-de-sao-francisco\/","og_locale":"pt_BR","og_type":"article","og_title":"OFS: Fraternidade do Largo da Carioca recebe rel\u00edquia e imagem de S\u00e3o Francisco - Convento Santo Ant\u00f4nio- Franciscanos","og_description":"Rel\u00edquia e Imagem de S\u00e3o Francisco","og_url":"https:\/\/franciscanos.org.br\/conventosantoantonio\/ofs-fraternidade-do-largo-da-carioca-recebe-reliquia-e-imagem-de-sao-francisco\/","og_site_name":"Convento Santo Ant\u00f4nio- Franciscanos","article_published_time":"2023-01-27T14:06:44+00:00","og_image":[{"width":1280,"height":720,"url":"https:\/\/franciscanos.org.br\/conventosantoantonio\/wp-content\/uploads\/2023\/01\/reliquia_27.jpg","type":"image\/jpeg"}],"author":"moacir","twitter_card":"summary_large_image","twitter_misc":{"Escrito por":"moacir","Est. tempo de leitura":"3 minutos"},"schema":{"@context":"https:\/\/schema.org","@graph":[{"@type":"WebSite","@id":"https:\/\/franciscanos.org.br\/conventosantoantonio\/#website","url":"https:\/\/franciscanos.org.br\/conventosantoantonio\/","name":"Convento Santo Ant\u00f4nio- Franciscanos","description":"Prov\u00edncia Franciscana da Imaculada Concei\u00e7\u00e3o do Brasil - Ordem dos Frades Menores","potentialAction":[{"@type":"SearchAction","target":{"@type":"EntryPoint","urlTemplate":"https:\/\/franciscanos.org.br\/conventosantoantonio\/?s={search_term_string}"},"query-input":"required name=search_term_string"}],"inLanguage":"pt-BR"},{"@type":"WebPage","@id":"https:\/\/franciscanos.org.br\/conventosantoantonio\/ofs-fraternidade-do-largo-da-carioca-recebe-reliquia-e-imagem-de-sao-francisco\/","url":"https:\/\/franciscanos.org.br\/conventosantoantonio\/ofs-fraternidade-do-largo-da-carioca-recebe-reliquia-e-imagem-de-sao-francisco\/","name":"OFS: Fraternidade do Largo da Carioca recebe rel\u00edquia e imagem de S\u00e3o Francisco - Convento Santo Ant\u00f4nio- Franciscanos","isPartOf":{"@id":"https:\/\/franciscanos.org.br\/conventosantoantonio\/#website"},"datePublished":"2023-01-27T14:06:44+00:00","dateModified":"2023-01-27T14:06:44+00:00","author":{"@id":"https:\/\/franciscanos.org.br\/conventosantoantonio\/#\/schema\/person\/73421c01c49c32a7bb0a19d9b36df6ad"},"breadcrumb":{"@id":"https:\/\/franciscanos.org.br\/conventosantoantonio\/ofs-fraternidade-do-largo-da-carioca-recebe-reliquia-e-imagem-de-sao-francisco\/#breadcrumb"},"inLanguage":"pt-BR","potentialAction":[{"@type":"ReadAction","target":["https:\/\/franciscanos.org.br\/conventosantoantonio\/ofs-fraternidade-do-largo-da-carioca-recebe-reliquia-e-imagem-de-sao-francisco\/"]}]},{"@type":"BreadcrumbList","@id":"https:\/\/franciscanos.org.br\/conventosantoantonio\/ofs-fraternidade-do-largo-da-carioca-recebe-reliquia-e-imagem-de-sao-francisco\/#breadcrumb","itemListElement":[{"@type":"ListItem","position":1,"name":"Home","item":"https:\/\/franciscanos.org.br\/conventosantoantonio\/"},{"@type":"ListItem","position":2,"name":"OFS: Fraternidade do Largo da Carioca recebe rel\u00edquia e imagem de S\u00e3o Francisco"}]},{"@type":"Person","@id":"https:\/\/franciscanos.org.br\/conventosantoantonio\/#\/schema\/person\/73421c01c49c32a7bb0a19d9b36df6ad","name":"moacir","image":{"@type":"ImageObject","inLanguage":"pt-BR","@id":"https:\/\/franciscanos.org.br\/conventosantoantonio\/#\/schema\/person\/image\/","url":"https:\/\/secure.gravatar.com\/avatar\/d08aa2ce4c8dd416d4479aa8536fcf64?s=96&d=mm&r=g","contentUrl":"https:\/\/secure.gravatar.com\/avatar\/d08aa2ce4c8dd416d4479aa8536fcf64?s=96&d=mm&r=g","caption":"moacir"},"url":"https:\/\/franciscanos.org.br\/conventosantoantonio\/author\/moacir\/"}]}},"_links":{"self":[{"href":"https:\/\/franciscanos.org.br\/conventosantoantonio\/wp-json\/wp\/v2\/posts\/188501"}],"collection":[{"href":"https:\/\/franciscanos.org.br\/conventosantoantonio\/wp-json\/wp\/v2\/posts"}],"about":[{"href":"https:\/\/franciscanos.org.br\/conventosantoantonio\/wp-json\/wp\/v2\/types\/post"}],"author":[{"embeddable":true,"href":"https:\/\/franciscanos.org.br\/conventosantoantonio\/wp-json\/wp\/v2\/users\/3"}],"replies":[{"embeddable":true,"href":"https:\/\/franciscanos.org.br\/conventosantoantonio\/wp-json\/wp\/v2\/comments?post=188501"}],"version-history":[{"count":1,"href":"https:\/\/franciscanos.org.br\/conventosantoantonio\/wp-json\/wp\/v2\/posts\/188501\/revisions"}],"predecessor-version":[{"id":188504,"href":"https:\/\/franciscanos.org.br\/conventosantoantonio\/wp-json\/wp\/v2\/posts\/188501\/revisions\/188504"}],"wp:featuredmedia":[{"embeddable":true,"href":"https:\/\/franciscanos.org.br\/conventosantoantonio\/wp-json\/wp\/v2\/media\/188502"}],"wp:attachment":[{"href":"https:\/\/franciscanos.org.br\/conventosantoantonio\/wp-json\/wp\/v2\/media?parent=188501"}],"wp:term":[{"taxonomy":"category","embeddable":true,"href":"https:\/\/franciscanos.org.br\/conventosantoantonio\/wp-json\/wp\/v2\/categories?post=188501"},{"taxonomy":"post_tag","embeddable":true,"href":"https:\/\/franciscanos.org.br\/conventosantoantonio\/wp-json\/wp\/v2\/tags?post=188501"}],"curies":[{"name":"wp","href":"https:\/\/api.w.org\/{rel}","templated":true}]}}