{"id":188468,"date":"2022-11-30T11:09:42","date_gmt":"2022-11-30T14:09:42","guid":{"rendered":"https:\/\/franciscanos.org.br\/conventosantoantonio\/?p=188468"},"modified":"2022-11-30T11:10:20","modified_gmt":"2022-11-30T14:10:20","slug":"sexta-edicao-da-exposicao-francisca-de-presepios-abre-no-dia-8-com-concerto-do-trio-3-por-8","status":"publish","type":"post","link":"https:\/\/franciscanos.org.br\/conventosantoantonio\/sexta-edicao-da-exposicao-francisca-de-presepios-abre-no-dia-8-com-concerto-do-trio-3-por-8\/","title":{"rendered":"Sexta edi\u00e7\u00e3o da Exposi\u00e7\u00e3o Franciscana de Pres\u00e9pios abre no dia 8 com Concerto do &#8220;Trio 3 por 8&#8221;"},"content":{"rendered":"<p><img loading=\"lazy\" class=\"size-full wp-image-188469 alignnone\" src=\"https:\/\/franciscanos.org.br\/conventosantoantonio\/wp-content\/uploads\/2022\/11\/presepio_01.png\" alt=\"\" width=\"1280\" height=\"610\" srcset=\"https:\/\/franciscanos.org.br\/conventosantoantonio\/wp-content\/uploads\/2022\/11\/presepio_01.png 1280w, https:\/\/franciscanos.org.br\/conventosantoantonio\/wp-content\/uploads\/2022\/11\/presepio_01-450x214.png 450w, https:\/\/franciscanos.org.br\/conventosantoantonio\/wp-content\/uploads\/2022\/11\/presepio_01-1024x488.png 1024w, https:\/\/franciscanos.org.br\/conventosantoantonio\/wp-content\/uploads\/2022\/11\/presepio_01-768x366.png 768w, https:\/\/franciscanos.org.br\/conventosantoantonio\/wp-content\/uploads\/2022\/11\/presepio_01-150x71.png 150w\" sizes=\"(max-width: 1280px) 100vw, 1280px\" \/><\/p>\n<p>O Convento Santo Ant\u00f4nio, no Largo da Carioca (RJ, inaugura no dia 8 de dezembro, solenidade Imaculada Concei\u00e7\u00e3o de Nossa Senhora, a 6\u00aa Exposi\u00e7\u00e3o Franciscana de Pres\u00e9pios, que tem a curadoria de Frei Roger Brunorio.<\/p>\n<p>O evento ser\u00e1 aberto \u00e0s 13h30 durante o concerto do &#8220;Trio 3 por 8&#8221;, que vai cantar &#8220;Das Folias de Espanha ao Lundu Carioca: uma viagem musical com instrumentos do passado&#8221;. Apenas tr\u00eas m\u00fasicos &#8211; Pedro Hasselmann Novaes, Eduardo Antonello e Roger Lagr &#8211; que dedicam suas carreiras a repert\u00f3rios que v\u00e3o da Idade M\u00e9dia ao s\u00e9culo XVIII, aceitaram o desafio de se revezarem em at\u00e9 24 instrumentos antigos, t\u00e3o diferentes quanto raros.<\/p>\n<p>A Exposi\u00e7\u00e3o tamb\u00e9m marca o in\u00edcio do Centen\u00e1rio Franciscano, que em 2023 celebra 800 anos do primeiro pres\u00e9pio em Greccio, na It\u00e1lia, e a aprova\u00e7\u00e3o da Regra Bulada dos Franciscanos.<\/p>\n<p>Foi em 1223 que S\u00e3o Francisco de Assis criou, em Greccio, o primeiro pres\u00e9pio da hist\u00f3ria, ao vivo, reunindo moradores da pequena localidade representando o Menino Jesus na manjedoura, Maria, S\u00e3o Jos\u00e9, os Reis Magos, os pastores e os anjos. Os animais tamb\u00e9m eram reais, como o boi, o burrico, as ovelhas. A partir dessa iniciativa de S\u00e3o Francisco, tornou-se um costume armar os pres\u00e9pios nas \u00e9pocas natalinas no mundo inteiro.<\/p>\n<p><img loading=\"lazy\" class=\"size-full wp-image-188470 alignnone\" src=\"https:\/\/franciscanos.org.br\/conventosantoantonio\/wp-content\/uploads\/2022\/11\/preseio_03.jpg\" alt=\"\" width=\"1080\" height=\"657\" srcset=\"https:\/\/franciscanos.org.br\/conventosantoantonio\/wp-content\/uploads\/2022\/11\/preseio_03.jpg 1080w, https:\/\/franciscanos.org.br\/conventosantoantonio\/wp-content\/uploads\/2022\/11\/preseio_03-450x274.jpg 450w, https:\/\/franciscanos.org.br\/conventosantoantonio\/wp-content\/uploads\/2022\/11\/preseio_03-1024x623.jpg 1024w, https:\/\/franciscanos.org.br\/conventosantoantonio\/wp-content\/uploads\/2022\/11\/preseio_03-768x467.jpg 768w, https:\/\/franciscanos.org.br\/conventosantoantonio\/wp-content\/uploads\/2022\/11\/preseio_03-150x91.jpg 150w\" sizes=\"(max-width: 1080px) 100vw, 1080px\" \/><\/p>\n<p>A Exposi\u00e7\u00e3o Franciscana j\u00e1 \u00e9 tradicional e esperada na \u00e9poca do Natal, estando em 2022 na sua sexta edi\u00e7\u00e3o. A cada ano s\u00e3o selecionadas dezenas de obras a partir da grande cole\u00e7\u00e3o que a Prov\u00edncia Franciscana da Imaculada Concei\u00e7\u00e3o possui, hoje reunindo no seu acervo cerca de 800 pe\u00e7as.<\/p>\n<p>Frei Roger explica que o objetivo \u00e9, ao mesmo tempo, preparar as pessoas para o verdadeiro esp\u00edrito do Natal e agregar a isso os elementos culturais inerentes a cada obra, uma vez que todas elas s\u00e3o express\u00e3o de f\u00e9 e da cultura de seu povo e resultado da concep\u00e7\u00e3o de cada artista\/artes\u00e3o.<\/p>\n<p>O programa do Trio 3 por 8, leve e acess\u00edvel, \u00e9 um recorte da m\u00fasica instrumental que cobre cerca de 600 anos, indo de cantigas marianas ib\u00e9ricas do s\u00e9culo XIII ao lundu brasileiro do s\u00e9culo XIX e passando, nesse percurso, pela m\u00fasica renascentista e barroca alem\u00e3 e italiana, pela tradi\u00e7\u00e3o irlandesa e por composi\u00e7\u00f5es e arranjos de autoria dos pr\u00f3prios integrantes do<\/p>\n<p>trio, \u00ednspirados pela m\u00fasica de \u00e9pocas remotas. Esse evento \u00e9 patrocinado pelo Governo do Estado do Rio de Janeiro, atrav\u00e9s da Secretaria Estadual de Cultura Criativa e Economia Criativa (Edital Retomada Cultural RJ 2).<\/p>\n<p>A Exposi\u00e7\u00e3o poder\u00e1 ser visitada at\u00e9 30 de dezembro, todos os dias (de segunda a sexta-feira, das 9h \u00e0s 18h, e aos domingos, das 9h30 \u00e0s 11h. A entrada \u00e9 franca.<\/p>\n<p><img loading=\"lazy\" class=\"size-full wp-image-188471 alignnone\" src=\"https:\/\/franciscanos.org.br\/conventosantoantonio\/wp-content\/uploads\/2022\/11\/presepio_02.png\" alt=\"\" width=\"1080\" height=\"1080\" srcset=\"https:\/\/franciscanos.org.br\/conventosantoantonio\/wp-content\/uploads\/2022\/11\/presepio_02.png 1080w, https:\/\/franciscanos.org.br\/conventosantoantonio\/wp-content\/uploads\/2022\/11\/presepio_02-450x450.png 450w, https:\/\/franciscanos.org.br\/conventosantoantonio\/wp-content\/uploads\/2022\/11\/presepio_02-1024x1024.png 1024w, https:\/\/franciscanos.org.br\/conventosantoantonio\/wp-content\/uploads\/2022\/11\/presepio_02-300x300.png 300w, https:\/\/franciscanos.org.br\/conventosantoantonio\/wp-content\/uploads\/2022\/11\/presepio_02-768x768.png 768w, https:\/\/franciscanos.org.br\/conventosantoantonio\/wp-content\/uploads\/2022\/11\/presepio_02-150x150.png 150w, https:\/\/franciscanos.org.br\/conventosantoantonio\/wp-content\/uploads\/2022\/11\/presepio_02-400x400.png 400w\" sizes=\"(max-width: 1080px) 100vw, 1080px\" \/><\/p>\n","protected":false},"excerpt":{"rendered":"<p>Exposi\u00e7\u00e3o Franciscana de Pres\u00e9pios<\/p>\n","protected":false},"author":3,"featured_media":188469,"comment_status":"open","ping_status":"open","sticky":false,"template":"","format":"standard","meta":[],"categories":[105],"tags":[350],"yoast_head":"<!-- This site is optimized with the Yoast SEO plugin v19.4 - https:\/\/yoast.com\/wordpress\/plugins\/seo\/ -->\n<title>Sexta edi\u00e7\u00e3o da Exposi\u00e7\u00e3o Franciscana de Pres\u00e9pios abre no dia 8 com Concerto do &quot;Trio 3 por 8&quot; - Convento Santo Ant\u00f4nio- Franciscanos<\/title>\n<meta name=\"robots\" content=\"index, follow, max-snippet:-1, max-image-preview:large, max-video-preview:-1\" \/>\n<link rel=\"canonical\" href=\"https:\/\/franciscanos.org.br\/conventosantoantonio\/sexta-edicao-da-exposicao-francisca-de-presepios-abre-no-dia-8-com-concerto-do-trio-3-por-8\/\" \/>\n<meta property=\"og:locale\" content=\"pt_BR\" \/>\n<meta property=\"og:type\" content=\"article\" \/>\n<meta property=\"og:title\" content=\"Sexta edi\u00e7\u00e3o da Exposi\u00e7\u00e3o Franciscana de Pres\u00e9pios abre no dia 8 com Concerto do &quot;Trio 3 por 8&quot; - Convento Santo Ant\u00f4nio- Franciscanos\" \/>\n<meta property=\"og:description\" content=\"Exposi\u00e7\u00e3o Franciscana de Pres\u00e9pios\" \/>\n<meta property=\"og:url\" content=\"https:\/\/franciscanos.org.br\/conventosantoantonio\/sexta-edicao-da-exposicao-francisca-de-presepios-abre-no-dia-8-com-concerto-do-trio-3-por-8\/\" \/>\n<meta property=\"og:site_name\" content=\"Convento Santo Ant\u00f4nio- Franciscanos\" \/>\n<meta property=\"article:published_time\" content=\"2022-11-30T14:09:42+00:00\" \/>\n<meta property=\"article:modified_time\" content=\"2022-11-30T14:10:20+00:00\" \/>\n<meta property=\"og:image\" content=\"https:\/\/franciscanos.org.br\/conventosantoantonio\/wp-content\/uploads\/2022\/11\/presepio_01.png\" \/>\n\t<meta property=\"og:image:width\" content=\"1280\" \/>\n\t<meta property=\"og:image:height\" content=\"610\" \/>\n\t<meta property=\"og:image:type\" content=\"image\/png\" \/>\n<meta name=\"author\" content=\"moacir\" \/>\n<meta name=\"twitter:card\" content=\"summary_large_image\" \/>\n<meta name=\"twitter:label1\" content=\"Escrito por\" \/>\n\t<meta name=\"twitter:data1\" content=\"moacir\" \/>\n\t<meta name=\"twitter:label2\" content=\"Est. tempo de leitura\" \/>\n\t<meta name=\"twitter:data2\" content=\"4 minutos\" \/>\n<script type=\"application\/ld+json\" class=\"yoast-schema-graph\">{\"@context\":\"https:\/\/schema.org\",\"@graph\":[{\"@type\":\"WebSite\",\"@id\":\"https:\/\/franciscanos.org.br\/conventosantoantonio\/#website\",\"url\":\"https:\/\/franciscanos.org.br\/conventosantoantonio\/\",\"name\":\"Convento Santo Ant\u00f4nio- Franciscanos\",\"description\":\"Prov\u00edncia Franciscana da Imaculada Concei\u00e7\u00e3o do Brasil - Ordem dos Frades Menores\",\"potentialAction\":[{\"@type\":\"SearchAction\",\"target\":{\"@type\":\"EntryPoint\",\"urlTemplate\":\"https:\/\/franciscanos.org.br\/conventosantoantonio\/?s={search_term_string}\"},\"query-input\":\"required name=search_term_string\"}],\"inLanguage\":\"pt-BR\"},{\"@type\":\"WebPage\",\"@id\":\"https:\/\/franciscanos.org.br\/conventosantoantonio\/sexta-edicao-da-exposicao-francisca-de-presepios-abre-no-dia-8-com-concerto-do-trio-3-por-8\/\",\"url\":\"https:\/\/franciscanos.org.br\/conventosantoantonio\/sexta-edicao-da-exposicao-francisca-de-presepios-abre-no-dia-8-com-concerto-do-trio-3-por-8\/\",\"name\":\"Sexta edi\u00e7\u00e3o da Exposi\u00e7\u00e3o Franciscana de Pres\u00e9pios abre no dia 8 com Concerto do \\\"Trio 3 por 8\\\" - Convento Santo Ant\u00f4nio- Franciscanos\",\"isPartOf\":{\"@id\":\"https:\/\/franciscanos.org.br\/conventosantoantonio\/#website\"},\"datePublished\":\"2022-11-30T14:09:42+00:00\",\"dateModified\":\"2022-11-30T14:10:20+00:00\",\"author\":{\"@id\":\"https:\/\/franciscanos.org.br\/conventosantoantonio\/#\/schema\/person\/73421c01c49c32a7bb0a19d9b36df6ad\"},\"breadcrumb\":{\"@id\":\"https:\/\/franciscanos.org.br\/conventosantoantonio\/sexta-edicao-da-exposicao-francisca-de-presepios-abre-no-dia-8-com-concerto-do-trio-3-por-8\/#breadcrumb\"},\"inLanguage\":\"pt-BR\",\"potentialAction\":[{\"@type\":\"ReadAction\",\"target\":[\"https:\/\/franciscanos.org.br\/conventosantoantonio\/sexta-edicao-da-exposicao-francisca-de-presepios-abre-no-dia-8-com-concerto-do-trio-3-por-8\/\"]}]},{\"@type\":\"BreadcrumbList\",\"@id\":\"https:\/\/franciscanos.org.br\/conventosantoantonio\/sexta-edicao-da-exposicao-francisca-de-presepios-abre-no-dia-8-com-concerto-do-trio-3-por-8\/#breadcrumb\",\"itemListElement\":[{\"@type\":\"ListItem\",\"position\":1,\"name\":\"Home\",\"item\":\"https:\/\/franciscanos.org.br\/conventosantoantonio\/\"},{\"@type\":\"ListItem\",\"position\":2,\"name\":\"Sexta edi\u00e7\u00e3o da Exposi\u00e7\u00e3o Franciscana de Pres\u00e9pios abre no dia 8 com Concerto do &#8220;Trio 3 por 8&#8221;\"}]},{\"@type\":\"Person\",\"@id\":\"https:\/\/franciscanos.org.br\/conventosantoantonio\/#\/schema\/person\/73421c01c49c32a7bb0a19d9b36df6ad\",\"name\":\"moacir\",\"image\":{\"@type\":\"ImageObject\",\"inLanguage\":\"pt-BR\",\"@id\":\"https:\/\/franciscanos.org.br\/conventosantoantonio\/#\/schema\/person\/image\/\",\"url\":\"https:\/\/secure.gravatar.com\/avatar\/d08aa2ce4c8dd416d4479aa8536fcf64?s=96&d=mm&r=g\",\"contentUrl\":\"https:\/\/secure.gravatar.com\/avatar\/d08aa2ce4c8dd416d4479aa8536fcf64?s=96&d=mm&r=g\",\"caption\":\"moacir\"},\"url\":\"https:\/\/franciscanos.org.br\/conventosantoantonio\/author\/moacir\/\"}]}<\/script>\n<!-- \/ Yoast SEO plugin. -->","yoast_head_json":{"title":"Sexta edi\u00e7\u00e3o da Exposi\u00e7\u00e3o Franciscana de Pres\u00e9pios abre no dia 8 com Concerto do \"Trio 3 por 8\" - Convento Santo Ant\u00f4nio- Franciscanos","robots":{"index":"index","follow":"follow","max-snippet":"max-snippet:-1","max-image-preview":"max-image-preview:large","max-video-preview":"max-video-preview:-1"},"canonical":"https:\/\/franciscanos.org.br\/conventosantoantonio\/sexta-edicao-da-exposicao-francisca-de-presepios-abre-no-dia-8-com-concerto-do-trio-3-por-8\/","og_locale":"pt_BR","og_type":"article","og_title":"Sexta edi\u00e7\u00e3o da Exposi\u00e7\u00e3o Franciscana de Pres\u00e9pios abre no dia 8 com Concerto do \"Trio 3 por 8\" - Convento Santo Ant\u00f4nio- Franciscanos","og_description":"Exposi\u00e7\u00e3o Franciscana de Pres\u00e9pios","og_url":"https:\/\/franciscanos.org.br\/conventosantoantonio\/sexta-edicao-da-exposicao-francisca-de-presepios-abre-no-dia-8-com-concerto-do-trio-3-por-8\/","og_site_name":"Convento Santo Ant\u00f4nio- Franciscanos","article_published_time":"2022-11-30T14:09:42+00:00","article_modified_time":"2022-11-30T14:10:20+00:00","og_image":[{"width":1280,"height":610,"url":"https:\/\/franciscanos.org.br\/conventosantoantonio\/wp-content\/uploads\/2022\/11\/presepio_01.png","type":"image\/png"}],"author":"moacir","twitter_card":"summary_large_image","twitter_misc":{"Escrito por":"moacir","Est. tempo de leitura":"4 minutos"},"schema":{"@context":"https:\/\/schema.org","@graph":[{"@type":"WebSite","@id":"https:\/\/franciscanos.org.br\/conventosantoantonio\/#website","url":"https:\/\/franciscanos.org.br\/conventosantoantonio\/","name":"Convento Santo Ant\u00f4nio- Franciscanos","description":"Prov\u00edncia Franciscana da Imaculada Concei\u00e7\u00e3o do Brasil - Ordem dos Frades Menores","potentialAction":[{"@type":"SearchAction","target":{"@type":"EntryPoint","urlTemplate":"https:\/\/franciscanos.org.br\/conventosantoantonio\/?s={search_term_string}"},"query-input":"required name=search_term_string"}],"inLanguage":"pt-BR"},{"@type":"WebPage","@id":"https:\/\/franciscanos.org.br\/conventosantoantonio\/sexta-edicao-da-exposicao-francisca-de-presepios-abre-no-dia-8-com-concerto-do-trio-3-por-8\/","url":"https:\/\/franciscanos.org.br\/conventosantoantonio\/sexta-edicao-da-exposicao-francisca-de-presepios-abre-no-dia-8-com-concerto-do-trio-3-por-8\/","name":"Sexta edi\u00e7\u00e3o da Exposi\u00e7\u00e3o Franciscana de Pres\u00e9pios abre no dia 8 com Concerto do \"Trio 3 por 8\" - Convento Santo Ant\u00f4nio- Franciscanos","isPartOf":{"@id":"https:\/\/franciscanos.org.br\/conventosantoantonio\/#website"},"datePublished":"2022-11-30T14:09:42+00:00","dateModified":"2022-11-30T14:10:20+00:00","author":{"@id":"https:\/\/franciscanos.org.br\/conventosantoantonio\/#\/schema\/person\/73421c01c49c32a7bb0a19d9b36df6ad"},"breadcrumb":{"@id":"https:\/\/franciscanos.org.br\/conventosantoantonio\/sexta-edicao-da-exposicao-francisca-de-presepios-abre-no-dia-8-com-concerto-do-trio-3-por-8\/#breadcrumb"},"inLanguage":"pt-BR","potentialAction":[{"@type":"ReadAction","target":["https:\/\/franciscanos.org.br\/conventosantoantonio\/sexta-edicao-da-exposicao-francisca-de-presepios-abre-no-dia-8-com-concerto-do-trio-3-por-8\/"]}]},{"@type":"BreadcrumbList","@id":"https:\/\/franciscanos.org.br\/conventosantoantonio\/sexta-edicao-da-exposicao-francisca-de-presepios-abre-no-dia-8-com-concerto-do-trio-3-por-8\/#breadcrumb","itemListElement":[{"@type":"ListItem","position":1,"name":"Home","item":"https:\/\/franciscanos.org.br\/conventosantoantonio\/"},{"@type":"ListItem","position":2,"name":"Sexta edi\u00e7\u00e3o da Exposi\u00e7\u00e3o Franciscana de Pres\u00e9pios abre no dia 8 com Concerto do &#8220;Trio 3 por 8&#8221;"}]},{"@type":"Person","@id":"https:\/\/franciscanos.org.br\/conventosantoantonio\/#\/schema\/person\/73421c01c49c32a7bb0a19d9b36df6ad","name":"moacir","image":{"@type":"ImageObject","inLanguage":"pt-BR","@id":"https:\/\/franciscanos.org.br\/conventosantoantonio\/#\/schema\/person\/image\/","url":"https:\/\/secure.gravatar.com\/avatar\/d08aa2ce4c8dd416d4479aa8536fcf64?s=96&d=mm&r=g","contentUrl":"https:\/\/secure.gravatar.com\/avatar\/d08aa2ce4c8dd416d4479aa8536fcf64?s=96&d=mm&r=g","caption":"moacir"},"url":"https:\/\/franciscanos.org.br\/conventosantoantonio\/author\/moacir\/"}]}},"_links":{"self":[{"href":"https:\/\/franciscanos.org.br\/conventosantoantonio\/wp-json\/wp\/v2\/posts\/188468"}],"collection":[{"href":"https:\/\/franciscanos.org.br\/conventosantoantonio\/wp-json\/wp\/v2\/posts"}],"about":[{"href":"https:\/\/franciscanos.org.br\/conventosantoantonio\/wp-json\/wp\/v2\/types\/post"}],"author":[{"embeddable":true,"href":"https:\/\/franciscanos.org.br\/conventosantoantonio\/wp-json\/wp\/v2\/users\/3"}],"replies":[{"embeddable":true,"href":"https:\/\/franciscanos.org.br\/conventosantoantonio\/wp-json\/wp\/v2\/comments?post=188468"}],"version-history":[{"count":2,"href":"https:\/\/franciscanos.org.br\/conventosantoantonio\/wp-json\/wp\/v2\/posts\/188468\/revisions"}],"predecessor-version":[{"id":188473,"href":"https:\/\/franciscanos.org.br\/conventosantoantonio\/wp-json\/wp\/v2\/posts\/188468\/revisions\/188473"}],"wp:featuredmedia":[{"embeddable":true,"href":"https:\/\/franciscanos.org.br\/conventosantoantonio\/wp-json\/wp\/v2\/media\/188469"}],"wp:attachment":[{"href":"https:\/\/franciscanos.org.br\/conventosantoantonio\/wp-json\/wp\/v2\/media?parent=188468"}],"wp:term":[{"taxonomy":"category","embeddable":true,"href":"https:\/\/franciscanos.org.br\/conventosantoantonio\/wp-json\/wp\/v2\/categories?post=188468"},{"taxonomy":"post_tag","embeddable":true,"href":"https:\/\/franciscanos.org.br\/conventosantoantonio\/wp-json\/wp\/v2\/tags?post=188468"}],"curies":[{"name":"wp","href":"https:\/\/api.w.org\/{rel}","templated":true}]}}