{"id":188457,"date":"2022-11-07T10:18:41","date_gmt":"2022-11-07T13:18:41","guid":{"rendered":"https:\/\/franciscanos.org.br\/conventosantoantonio\/?p=188457"},"modified":"2022-11-07T10:35:07","modified_gmt":"2022-11-07T13:35:07","slug":"convento-recebe-pessoas-em-situacao-de-rua-para-almoco-solidario","status":"publish","type":"post","link":"https:\/\/franciscanos.org.br\/conventosantoantonio\/convento-recebe-pessoas-em-situacao-de-rua-para-almoco-solidario\/","title":{"rendered":"Convento recebe pessoas em situa\u00e7\u00e3o de rua para Almo\u00e7o Solid\u00e1rio"},"content":{"rendered":"<p><img loading=\"lazy\" class=\"alignnone wp-image-188459 size-full\" src=\"https:\/\/franciscanos.org.br\/conventosantoantonio\/wp-content\/uploads\/2022\/11\/WhatsApp-Image-2022-11-07-at-10.09.20-3.jpeg\" alt=\"\" width=\"1280\" height=\"960\" srcset=\"https:\/\/franciscanos.org.br\/conventosantoantonio\/wp-content\/uploads\/2022\/11\/WhatsApp-Image-2022-11-07-at-10.09.20-3.jpeg 1280w, https:\/\/franciscanos.org.br\/conventosantoantonio\/wp-content\/uploads\/2022\/11\/WhatsApp-Image-2022-11-07-at-10.09.20-3-450x338.jpeg 450w, https:\/\/franciscanos.org.br\/conventosantoantonio\/wp-content\/uploads\/2022\/11\/WhatsApp-Image-2022-11-07-at-10.09.20-3-1024x768.jpeg 1024w, https:\/\/franciscanos.org.br\/conventosantoantonio\/wp-content\/uploads\/2022\/11\/WhatsApp-Image-2022-11-07-at-10.09.20-3-768x576.jpeg 768w, https:\/\/franciscanos.org.br\/conventosantoantonio\/wp-content\/uploads\/2022\/11\/WhatsApp-Image-2022-11-07-at-10.09.20-3-150x113.jpeg 150w\" sizes=\"(max-width: 1280px) 100vw, 1280px\" \/><\/p>\n<p>No pr\u00f3ximo dia 13 de novembro, quando a Igreja Cat\u00f3lica celebra o \u201cVI Dia Mundial do Pobre\u201d, o Convento Santo Ant\u00f4nio do Largo da Carioca vai abrir as portas para oferecer um Almo\u00e7o Solid\u00e1rio a um grupo de 60 pessoas que vivem em situa\u00e7\u00e3o de rua. A iniciativa ocorre em parceria com o Servi\u00e7o Franciscano de Solidariedade (SEFRAS-Rio), que diariamente prepara mais de 400 refei\u00e7\u00f5es entregues \u00e0s pessoas em situa\u00e7\u00e3o de vulnerabilidade que vivem pelas ruas do Centro da Cidade.<\/p>\n<p><img loading=\"lazy\" class=\"alignright size-full wp-image-188462\" src=\"https:\/\/franciscanos.org.br\/conventosantoantonio\/wp-content\/uploads\/2022\/11\/convento_02.jpg\" alt=\"\" width=\"450\" height=\"369\" srcset=\"https:\/\/franciscanos.org.br\/conventosantoantonio\/wp-content\/uploads\/2022\/11\/convento_02.jpg 450w, https:\/\/franciscanos.org.br\/conventosantoantonio\/wp-content\/uploads\/2022\/11\/convento_02-150x123.jpg 150w\" sizes=\"(max-width: 450px) 100vw, 450px\" \/>O guardi\u00e3o do Convento, Frei Walter Ferreira Junior, explica que a aten\u00e7\u00e3o aos pobres foi prioridade na vida de Santo Ant\u00f4nio e continua sendo marca fundamental na atua\u00e7\u00e3o dos franciscanos. \u201cAo abrir as portas deste Convento Hist\u00f3rico \u00e0queles que mais precisam, queremos reafirmar nosso compromisso com a dignidade das pessoas, pois todos somos filhos e filhas do mesmo Deus\u201d, explica Frei Walter, recordando que o Dia Mundial dos Pobres foi institu\u00eddo pelo Papa Francisco como mais um sinal prof\u00e9tico que a Igreja apresenta ao mundo da urg\u00eancia de se promover a paz atrav\u00e9s da justi\u00e7a e da acolhida.<\/p>\n<p>O almo\u00e7o ser\u00e1 servido preparado por um grupo de volunt\u00e1rios e servido pelos pr\u00f3prios frades do convento. No card\u00e1pio, fricass\u00ea de frango com batata palha e arroz branco, al\u00e9m de refrigerante e sobremesa. Os recursos para a refei\u00e7\u00e3o foram arrecadados com a ajuda de fi\u00e9is que deram sua contribui\u00e7\u00e3o para a realiza\u00e7\u00e3o deste \u201cAlmo\u00e7o Solid\u00e1rio\u201d. Para a ocasi\u00e3o do Natal, j\u00e1 est\u00e1 sendo lan\u00e7ada a campanha para mais uma iniciativa desta natureza, a se realizar no dia 17 de dezembro. Quem quiser colaborar, pode fazer um PIX para o Convento, utilizando-se do CNPJ como chave: 62340203\/0003-46.<\/p>\n<p><img loading=\"lazy\" class=\"alignright size-full wp-image-188463\" src=\"https:\/\/franciscanos.org.br\/conventosantoantonio\/wp-content\/uploads\/2022\/11\/almoco_01.jpg\" alt=\"\" width=\"1004\" height=\"591\" srcset=\"https:\/\/franciscanos.org.br\/conventosantoantonio\/wp-content\/uploads\/2022\/11\/almoco_01.jpg 1004w, https:\/\/franciscanos.org.br\/conventosantoantonio\/wp-content\/uploads\/2022\/11\/almoco_01-450x265.jpg 450w, https:\/\/franciscanos.org.br\/conventosantoantonio\/wp-content\/uploads\/2022\/11\/almoco_01-768x452.jpg 768w, https:\/\/franciscanos.org.br\/conventosantoantonio\/wp-content\/uploads\/2022\/11\/almoco_01-150x88.jpg 150w\" sizes=\"(max-width: 1004px) 100vw, 1004px\" \/><\/p>\n","protected":false},"excerpt":{"rendered":"<p>VI Dia Mundial do Pobre<\/p>\n","protected":false},"author":3,"featured_media":188459,"comment_status":"open","ping_status":"open","sticky":false,"template":"","format":"standard","meta":[],"categories":[105],"tags":[370],"yoast_head":"<!-- This site is optimized with the Yoast SEO plugin v19.4 - https:\/\/yoast.com\/wordpress\/plugins\/seo\/ -->\n<title>Convento recebe pessoas em situa\u00e7\u00e3o de rua para Almo\u00e7o Solid\u00e1rio - Convento Santo Ant\u00f4nio- Franciscanos<\/title>\n<meta name=\"robots\" content=\"index, follow, max-snippet:-1, max-image-preview:large, max-video-preview:-1\" \/>\n<link rel=\"canonical\" href=\"https:\/\/franciscanos.org.br\/conventosantoantonio\/convento-recebe-pessoas-em-situacao-de-rua-para-almoco-solidario\/\" \/>\n<meta property=\"og:locale\" content=\"pt_BR\" \/>\n<meta property=\"og:type\" content=\"article\" \/>\n<meta property=\"og:title\" content=\"Convento recebe pessoas em situa\u00e7\u00e3o de rua para Almo\u00e7o Solid\u00e1rio - Convento Santo Ant\u00f4nio- Franciscanos\" \/>\n<meta property=\"og:description\" content=\"VI Dia Mundial do Pobre\" \/>\n<meta property=\"og:url\" content=\"https:\/\/franciscanos.org.br\/conventosantoantonio\/convento-recebe-pessoas-em-situacao-de-rua-para-almoco-solidario\/\" \/>\n<meta property=\"og:site_name\" content=\"Convento Santo Ant\u00f4nio- Franciscanos\" \/>\n<meta property=\"article:published_time\" content=\"2022-11-07T13:18:41+00:00\" \/>\n<meta property=\"article:modified_time\" content=\"2022-11-07T13:35:07+00:00\" \/>\n<meta property=\"og:image\" content=\"https:\/\/franciscanos.org.br\/conventosantoantonio\/wp-content\/uploads\/2022\/11\/WhatsApp-Image-2022-11-07-at-10.09.20-3.jpeg\" \/>\n\t<meta property=\"og:image:width\" content=\"1280\" \/>\n\t<meta property=\"og:image:height\" content=\"960\" \/>\n\t<meta property=\"og:image:type\" content=\"image\/jpeg\" \/>\n<meta name=\"author\" content=\"moacir\" \/>\n<meta name=\"twitter:card\" content=\"summary_large_image\" \/>\n<meta name=\"twitter:label1\" content=\"Escrito por\" \/>\n\t<meta name=\"twitter:data1\" content=\"moacir\" \/>\n\t<meta name=\"twitter:label2\" content=\"Est. tempo de leitura\" \/>\n\t<meta name=\"twitter:data2\" content=\"3 minutos\" \/>\n<script type=\"application\/ld+json\" class=\"yoast-schema-graph\">{\"@context\":\"https:\/\/schema.org\",\"@graph\":[{\"@type\":\"WebSite\",\"@id\":\"https:\/\/franciscanos.org.br\/conventosantoantonio\/#website\",\"url\":\"https:\/\/franciscanos.org.br\/conventosantoantonio\/\",\"name\":\"Convento Santo Ant\u00f4nio- Franciscanos\",\"description\":\"Prov\u00edncia Franciscana da Imaculada Concei\u00e7\u00e3o do Brasil - Ordem dos Frades Menores\",\"potentialAction\":[{\"@type\":\"SearchAction\",\"target\":{\"@type\":\"EntryPoint\",\"urlTemplate\":\"https:\/\/franciscanos.org.br\/conventosantoantonio\/?s={search_term_string}\"},\"query-input\":\"required name=search_term_string\"}],\"inLanguage\":\"pt-BR\"},{\"@type\":\"WebPage\",\"@id\":\"https:\/\/franciscanos.org.br\/conventosantoantonio\/convento-recebe-pessoas-em-situacao-de-rua-para-almoco-solidario\/\",\"url\":\"https:\/\/franciscanos.org.br\/conventosantoantonio\/convento-recebe-pessoas-em-situacao-de-rua-para-almoco-solidario\/\",\"name\":\"Convento recebe pessoas em situa\u00e7\u00e3o de rua para Almo\u00e7o Solid\u00e1rio - Convento Santo Ant\u00f4nio- Franciscanos\",\"isPartOf\":{\"@id\":\"https:\/\/franciscanos.org.br\/conventosantoantonio\/#website\"},\"datePublished\":\"2022-11-07T13:18:41+00:00\",\"dateModified\":\"2022-11-07T13:35:07+00:00\",\"author\":{\"@id\":\"https:\/\/franciscanos.org.br\/conventosantoantonio\/#\/schema\/person\/73421c01c49c32a7bb0a19d9b36df6ad\"},\"breadcrumb\":{\"@id\":\"https:\/\/franciscanos.org.br\/conventosantoantonio\/convento-recebe-pessoas-em-situacao-de-rua-para-almoco-solidario\/#breadcrumb\"},\"inLanguage\":\"pt-BR\",\"potentialAction\":[{\"@type\":\"ReadAction\",\"target\":[\"https:\/\/franciscanos.org.br\/conventosantoantonio\/convento-recebe-pessoas-em-situacao-de-rua-para-almoco-solidario\/\"]}]},{\"@type\":\"BreadcrumbList\",\"@id\":\"https:\/\/franciscanos.org.br\/conventosantoantonio\/convento-recebe-pessoas-em-situacao-de-rua-para-almoco-solidario\/#breadcrumb\",\"itemListElement\":[{\"@type\":\"ListItem\",\"position\":1,\"name\":\"Home\",\"item\":\"https:\/\/franciscanos.org.br\/conventosantoantonio\/\"},{\"@type\":\"ListItem\",\"position\":2,\"name\":\"Convento recebe pessoas em situa\u00e7\u00e3o de rua para Almo\u00e7o Solid\u00e1rio\"}]},{\"@type\":\"Person\",\"@id\":\"https:\/\/franciscanos.org.br\/conventosantoantonio\/#\/schema\/person\/73421c01c49c32a7bb0a19d9b36df6ad\",\"name\":\"moacir\",\"image\":{\"@type\":\"ImageObject\",\"inLanguage\":\"pt-BR\",\"@id\":\"https:\/\/franciscanos.org.br\/conventosantoantonio\/#\/schema\/person\/image\/\",\"url\":\"https:\/\/secure.gravatar.com\/avatar\/d08aa2ce4c8dd416d4479aa8536fcf64?s=96&d=mm&r=g\",\"contentUrl\":\"https:\/\/secure.gravatar.com\/avatar\/d08aa2ce4c8dd416d4479aa8536fcf64?s=96&d=mm&r=g\",\"caption\":\"moacir\"},\"url\":\"https:\/\/franciscanos.org.br\/conventosantoantonio\/author\/moacir\/\"}]}<\/script>\n<!-- \/ Yoast SEO plugin. -->","yoast_head_json":{"title":"Convento recebe pessoas em situa\u00e7\u00e3o de rua para Almo\u00e7o Solid\u00e1rio - Convento Santo Ant\u00f4nio- Franciscanos","robots":{"index":"index","follow":"follow","max-snippet":"max-snippet:-1","max-image-preview":"max-image-preview:large","max-video-preview":"max-video-preview:-1"},"canonical":"https:\/\/franciscanos.org.br\/conventosantoantonio\/convento-recebe-pessoas-em-situacao-de-rua-para-almoco-solidario\/","og_locale":"pt_BR","og_type":"article","og_title":"Convento recebe pessoas em situa\u00e7\u00e3o de rua para Almo\u00e7o Solid\u00e1rio - Convento Santo Ant\u00f4nio- Franciscanos","og_description":"VI Dia Mundial do Pobre","og_url":"https:\/\/franciscanos.org.br\/conventosantoantonio\/convento-recebe-pessoas-em-situacao-de-rua-para-almoco-solidario\/","og_site_name":"Convento Santo Ant\u00f4nio- Franciscanos","article_published_time":"2022-11-07T13:18:41+00:00","article_modified_time":"2022-11-07T13:35:07+00:00","og_image":[{"width":1280,"height":960,"url":"https:\/\/franciscanos.org.br\/conventosantoantonio\/wp-content\/uploads\/2022\/11\/WhatsApp-Image-2022-11-07-at-10.09.20-3.jpeg","type":"image\/jpeg"}],"author":"moacir","twitter_card":"summary_large_image","twitter_misc":{"Escrito por":"moacir","Est. tempo de leitura":"3 minutos"},"schema":{"@context":"https:\/\/schema.org","@graph":[{"@type":"WebSite","@id":"https:\/\/franciscanos.org.br\/conventosantoantonio\/#website","url":"https:\/\/franciscanos.org.br\/conventosantoantonio\/","name":"Convento Santo Ant\u00f4nio- Franciscanos","description":"Prov\u00edncia Franciscana da Imaculada Concei\u00e7\u00e3o do Brasil - Ordem dos Frades Menores","potentialAction":[{"@type":"SearchAction","target":{"@type":"EntryPoint","urlTemplate":"https:\/\/franciscanos.org.br\/conventosantoantonio\/?s={search_term_string}"},"query-input":"required name=search_term_string"}],"inLanguage":"pt-BR"},{"@type":"WebPage","@id":"https:\/\/franciscanos.org.br\/conventosantoantonio\/convento-recebe-pessoas-em-situacao-de-rua-para-almoco-solidario\/","url":"https:\/\/franciscanos.org.br\/conventosantoantonio\/convento-recebe-pessoas-em-situacao-de-rua-para-almoco-solidario\/","name":"Convento recebe pessoas em situa\u00e7\u00e3o de rua para Almo\u00e7o Solid\u00e1rio - Convento Santo Ant\u00f4nio- Franciscanos","isPartOf":{"@id":"https:\/\/franciscanos.org.br\/conventosantoantonio\/#website"},"datePublished":"2022-11-07T13:18:41+00:00","dateModified":"2022-11-07T13:35:07+00:00","author":{"@id":"https:\/\/franciscanos.org.br\/conventosantoantonio\/#\/schema\/person\/73421c01c49c32a7bb0a19d9b36df6ad"},"breadcrumb":{"@id":"https:\/\/franciscanos.org.br\/conventosantoantonio\/convento-recebe-pessoas-em-situacao-de-rua-para-almoco-solidario\/#breadcrumb"},"inLanguage":"pt-BR","potentialAction":[{"@type":"ReadAction","target":["https:\/\/franciscanos.org.br\/conventosantoantonio\/convento-recebe-pessoas-em-situacao-de-rua-para-almoco-solidario\/"]}]},{"@type":"BreadcrumbList","@id":"https:\/\/franciscanos.org.br\/conventosantoantonio\/convento-recebe-pessoas-em-situacao-de-rua-para-almoco-solidario\/#breadcrumb","itemListElement":[{"@type":"ListItem","position":1,"name":"Home","item":"https:\/\/franciscanos.org.br\/conventosantoantonio\/"},{"@type":"ListItem","position":2,"name":"Convento recebe pessoas em situa\u00e7\u00e3o de rua para Almo\u00e7o Solid\u00e1rio"}]},{"@type":"Person","@id":"https:\/\/franciscanos.org.br\/conventosantoantonio\/#\/schema\/person\/73421c01c49c32a7bb0a19d9b36df6ad","name":"moacir","image":{"@type":"ImageObject","inLanguage":"pt-BR","@id":"https:\/\/franciscanos.org.br\/conventosantoantonio\/#\/schema\/person\/image\/","url":"https:\/\/secure.gravatar.com\/avatar\/d08aa2ce4c8dd416d4479aa8536fcf64?s=96&d=mm&r=g","contentUrl":"https:\/\/secure.gravatar.com\/avatar\/d08aa2ce4c8dd416d4479aa8536fcf64?s=96&d=mm&r=g","caption":"moacir"},"url":"https:\/\/franciscanos.org.br\/conventosantoantonio\/author\/moacir\/"}]}},"_links":{"self":[{"href":"https:\/\/franciscanos.org.br\/conventosantoantonio\/wp-json\/wp\/v2\/posts\/188457"}],"collection":[{"href":"https:\/\/franciscanos.org.br\/conventosantoantonio\/wp-json\/wp\/v2\/posts"}],"about":[{"href":"https:\/\/franciscanos.org.br\/conventosantoantonio\/wp-json\/wp\/v2\/types\/post"}],"author":[{"embeddable":true,"href":"https:\/\/franciscanos.org.br\/conventosantoantonio\/wp-json\/wp\/v2\/users\/3"}],"replies":[{"embeddable":true,"href":"https:\/\/franciscanos.org.br\/conventosantoantonio\/wp-json\/wp\/v2\/comments?post=188457"}],"version-history":[{"count":2,"href":"https:\/\/franciscanos.org.br\/conventosantoantonio\/wp-json\/wp\/v2\/posts\/188457\/revisions"}],"predecessor-version":[{"id":188464,"href":"https:\/\/franciscanos.org.br\/conventosantoantonio\/wp-json\/wp\/v2\/posts\/188457\/revisions\/188464"}],"wp:featuredmedia":[{"embeddable":true,"href":"https:\/\/franciscanos.org.br\/conventosantoantonio\/wp-json\/wp\/v2\/media\/188459"}],"wp:attachment":[{"href":"https:\/\/franciscanos.org.br\/conventosantoantonio\/wp-json\/wp\/v2\/media?parent=188457"}],"wp:term":[{"taxonomy":"category","embeddable":true,"href":"https:\/\/franciscanos.org.br\/conventosantoantonio\/wp-json\/wp\/v2\/categories?post=188457"},{"taxonomy":"post_tag","embeddable":true,"href":"https:\/\/franciscanos.org.br\/conventosantoantonio\/wp-json\/wp\/v2\/tags?post=188457"}],"curies":[{"name":"wp","href":"https:\/\/api.w.org\/{rel}","templated":true}]}}