{"id":188410,"date":"2022-08-31T19:23:44","date_gmt":"2022-08-31T22:23:44","guid":{"rendered":"https:\/\/franciscanos.org.br\/conventosantoantonio\/?p=188410"},"modified":"2022-08-31T19:23:44","modified_gmt":"2022-08-31T22:23:44","slug":"do-claustro-do-convento-santo-antonio-nasce-o-sonho-de-uma-nacao-independente","status":"publish","type":"post","link":"https:\/\/franciscanos.org.br\/conventosantoantonio\/do-claustro-do-convento-santo-antonio-nasce-o-sonho-de-uma-nacao-independente\/","title":{"rendered":"Do claustro do Convento Santo Ant\u00f4nio nasce o sonho de uma na\u00e7\u00e3o independente"},"content":{"rendered":"<p><img loading=\"lazy\" class=\"alignnone wp-image-188411 size-full\" src=\"https:\/\/franciscanos.org.br\/conventosantoantonio\/wp-content\/uploads\/2022\/08\/1.jpg\" alt=\"\" width=\"1280\" height=\"720\" srcset=\"https:\/\/franciscanos.org.br\/conventosantoantonio\/wp-content\/uploads\/2022\/08\/1.jpg 1280w, https:\/\/franciscanos.org.br\/conventosantoantonio\/wp-content\/uploads\/2022\/08\/1-450x253.jpg 450w, https:\/\/franciscanos.org.br\/conventosantoantonio\/wp-content\/uploads\/2022\/08\/1-1024x576.jpg 1024w, https:\/\/franciscanos.org.br\/conventosantoantonio\/wp-content\/uploads\/2022\/08\/1-768x432.jpg 768w, https:\/\/franciscanos.org.br\/conventosantoantonio\/wp-content\/uploads\/2022\/08\/1-150x84.jpg 150w\" sizes=\"(max-width: 1280px) 100vw, 1280px\" \/><\/p>\n<p>O Brasil vai comemorar 200 anos de independ\u00eancia na pr\u00f3xima quarta-feira (7) e o Jornal Hoje preparou uma s\u00e9rie especial que vai contar como foi esse processo.\u00a0Um mergulho na hist\u00f3ria do pa\u00eds atrav\u00e9s dos s\u00edmbolos da independ\u00eancia, como a \u2018mesa do fico\u2019, onde foi escrito o manifesto que convenceu o pr\u00edncipe portugu\u00eas Dom Pedro a n\u00e3o voltar a Portugal, e ficar no Brasil.<\/p>\n<p>Peroba do campo, dois metros de di\u00e2metro, 80 cent\u00edmetros de altura. M\u00f3vel talhado no s\u00e9culo XVII. Ao redor desta mesa foi planejada a independ\u00eancia do Brasil. \u00c9 a conclus\u00e3o da pesquisa feita no claustro do Convento de Santo Ant\u00f4nio, que guarda v\u00e1rios registros da \u00e9poca em que era frequentado por Dom Pedro.<\/p>\n<p><img loading=\"lazy\" class=\"alignnone wp-image-188412 size-full\" src=\"https:\/\/franciscanos.org.br\/conventosantoantonio\/wp-content\/uploads\/2022\/08\/2.jpg\" alt=\"\" width=\"1280\" height=\"720\" srcset=\"https:\/\/franciscanos.org.br\/conventosantoantonio\/wp-content\/uploads\/2022\/08\/2.jpg 1280w, https:\/\/franciscanos.org.br\/conventosantoantonio\/wp-content\/uploads\/2022\/08\/2-450x253.jpg 450w, https:\/\/franciscanos.org.br\/conventosantoantonio\/wp-content\/uploads\/2022\/08\/2-1024x576.jpg 1024w, https:\/\/franciscanos.org.br\/conventosantoantonio\/wp-content\/uploads\/2022\/08\/2-768x432.jpg 768w, https:\/\/franciscanos.org.br\/conventosantoantonio\/wp-content\/uploads\/2022\/08\/2-150x84.jpg 150w\" sizes=\"(max-width: 1280px) 100vw, 1280px\" \/><\/p>\n<p>Neste convento viveu<span style=\"color: #000000;\"> <a style=\"color: #000000;\" href=\"https:\/\/franciscanos.org.br\/conventosantoantonio\/frei-francisco-de-santa-teresa-de-jesus-sampaio\/\"><strong>Frei Sampaio<\/strong><\/a> <\/span>que comandava as reuni\u00f5es do grupo conhecido como clube da resist\u00eancia. Num destes encontros foi feito o manifesto do fico, e tudo indica que ele redigiu o documento sobre a mesa.\u00a0Os corredores do convento s\u00e3o o cen\u00e1rio onde o sonho de uma na\u00e7\u00e3o independente come\u00e7a a se transformar em realidade. O grupo que participava de reuni\u00f5es secretas planejava estrat\u00e9gias para conseguir mais apoio para a chamada \u201ccausa brasileira\u201d e eles tem sucesso.\u00a0O movimento que come\u00e7ou l\u00e1 ultrapassou os limites dos claustros do convento e da corte do Rio de Janeiro em outro ambiente cheio de mist\u00e9rios, a ma\u00e7onaria.<\/p>\n<blockquote><p>\u201cOs portugueses estavam muito incomodados com aquela situa\u00e7\u00e3o que foi colocada pela eleva\u00e7\u00e3o do Brasil a Reino Unido. Eles vislumbraram ali a perda da Col\u00f4nia. Come\u00e7aram a pressionar pelo retorno de Dom Pedro e isso causou muita indigna\u00e7\u00e3o das elites locais. Outra coisa foi o ponto da disc\u00f3rdia nesse embate entre portugueses poderosos do reino e do Brasil foi o esvaziamento do poder decis\u00f3rio sobretudo nas quest\u00f5es jur\u00eddicas, o que a gente conhece como Supremo Tribunal Federal, os portugueses de Portugal queriam levar os tribunais de apela\u00e7\u00f5es finais para Portugal e isso causou uma indigna\u00e7\u00e3o na opini\u00e3o p\u00fablica da corte, sobretudo, mas no Brasil em geral\u201d, explica Jurandir Malerba, professor de hist\u00f3ria da UFRGS.<\/p><\/blockquote>\n<p>O manifesto se multiplicou em outros documentos que correram pelas prov\u00edncias e ganharam milhares de assinaturas. Ele e outros documentos que registram essa articula\u00e7\u00e3o para a independ\u00eancia est\u00e3o no arquivo da cidade do Rio de Janeiro.<\/p>\n<p><img loading=\"lazy\" class=\"alignnone wp-image-188414 size-full\" src=\"https:\/\/franciscanos.org.br\/conventosantoantonio\/wp-content\/uploads\/2022\/08\/4.jpg\" alt=\"\" width=\"1280\" height=\"720\" srcset=\"https:\/\/franciscanos.org.br\/conventosantoantonio\/wp-content\/uploads\/2022\/08\/4.jpg 1280w, https:\/\/franciscanos.org.br\/conventosantoantonio\/wp-content\/uploads\/2022\/08\/4-450x253.jpg 450w, https:\/\/franciscanos.org.br\/conventosantoantonio\/wp-content\/uploads\/2022\/08\/4-1024x576.jpg 1024w, https:\/\/franciscanos.org.br\/conventosantoantonio\/wp-content\/uploads\/2022\/08\/4-768x432.jpg 768w, https:\/\/franciscanos.org.br\/conventosantoantonio\/wp-content\/uploads\/2022\/08\/4-150x84.jpg 150w\" sizes=\"(max-width: 1280px) 100vw, 1280px\" \/><\/p>\n<blockquote><p>\u201cPorque o Rio era a capital, ent\u00e3o ele era a sede do Senado da C\u00e2mara, era aqui que Dom Jo\u00e3o Vl morou, e foi aqui que Dom Pedro l morou. Ent\u00e3o o Senado da C\u00e2mara tomava todas as decis\u00f5es, n\u00f3s temos as atas do Senado da C\u00e2mara, n\u00f3s temos toda a comprova\u00e7\u00e3o hist\u00f3rica digitalizando estes documentos. Contratamos uma empresa t\u00e9cnica que faz a fotografia numa m\u00e1quina fotogr\u00e1fica especial, que tira sombras. E depois vamos transcrever porque \u00e9 muito dif\u00edcil ler, o que est\u00e1 escrito com aquela letra antiga, pico de pena e tal. N\u00f3s vamos botar no site do arquivo da cidade, mostrando estes documentos e contando o processo de independ\u00eancia\u201d, diz Rosa Maria Ara\u00fajo, presidente do Arquivo Geral da Cidade do Rio de Janeiro.<\/p><\/blockquote>\n<p>Ap\u00f3s a declara\u00e7\u00e3o do fico na sacada do Pa\u00e7o Imperial, as tropas de Portugal tentaram reagir e amea\u00e7aram sequestrar Dom Pedro. O clima era t\u00e3o tenso que a princesa Leopoldina partiu da Quinta da Boa Vista com os filhos pequenos para a fazenda da fam\u00edlia real em Santa Cruz, na Zona Oeste do Rio.<\/p>\n<p><img loading=\"lazy\" class=\"alignnone wp-image-188413 size-full\" src=\"https:\/\/franciscanos.org.br\/conventosantoantonio\/wp-content\/uploads\/2022\/08\/3.jpg\" alt=\"\" width=\"1280\" height=\"720\" srcset=\"https:\/\/franciscanos.org.br\/conventosantoantonio\/wp-content\/uploads\/2022\/08\/3.jpg 1280w, https:\/\/franciscanos.org.br\/conventosantoantonio\/wp-content\/uploads\/2022\/08\/3-450x253.jpg 450w, https:\/\/franciscanos.org.br\/conventosantoantonio\/wp-content\/uploads\/2022\/08\/3-1024x576.jpg 1024w, https:\/\/franciscanos.org.br\/conventosantoantonio\/wp-content\/uploads\/2022\/08\/3-768x432.jpg 768w, https:\/\/franciscanos.org.br\/conventosantoantonio\/wp-content\/uploads\/2022\/08\/3-150x84.jpg 150w\" sizes=\"(max-width: 1280px) 100vw, 1280px\" \/><\/p>\n<p>Na cripta do convento de Santo Ant\u00f4nio est\u00e3o os restos mortais do primog\u00eanito de Pedro e Leopoldina, Jo\u00e3o Carlos, que morreu com apenas 11 meses, ap\u00f3s ficar doente durante a viagem a Santa Cruz.\u00a0\u201cDona Leopoldina era filha do imperador da \u00c1ustria. Dom Pedro era emotivo, n\u00e9? Com a morte desse filho, desestrutura ele, ele escreve cartas chorando para Jos\u00e9 Bonif\u00e1cio, para o sogro l\u00e1, enfim ele fica arrasado com a morte do filho\u201d, conta a historiadora Isabel Lustosa.<\/p>\n<p>A revolta pela morte do filho e a vinda de Jos\u00e9 Bonif\u00e1cio de S\u00e3o Paulo para ser o principal ministro do pr\u00edncipe empurram Dom Pedro para o desfecho que come\u00e7a a se tornar inevit\u00e1vel &#8211; a separa\u00e7\u00e3o de Portugal.<\/p>\n<p><iframe loading=\"lazy\" title=\"YouTube video player\" src=\"https:\/\/www.youtube.com\/embed\/ABQ2xV03hpQ\" width=\"100%\" height=\"480\" frameborder=\"0\" allowfullscreen=\"allowfullscreen\"><span data-mce-type=\"bookmark\" style=\"display: inline-block; width: 0px; overflow: hidden; line-height: 0;\" class=\"mce_SELRES_start\">\ufeff<\/span><\/iframe><\/p>\n<hr \/>\n<p><em><strong>FONTE: Jornal Hoje\/Rede Globo<\/strong><\/em><\/p>\n","protected":false},"excerpt":{"rendered":"<p>Bicenten\u00e1rio da Proclama\u00e7\u00e3o da Independ\u00eancia do Brasil<\/p>\n","protected":false},"author":10,"featured_media":188411,"comment_status":"open","ping_status":"open","sticky":false,"template":"","format":"standard","meta":[],"categories":[105],"tags":[365,357],"yoast_head":"<!-- This site is optimized with the Yoast SEO plugin v19.4 - https:\/\/yoast.com\/wordpress\/plugins\/seo\/ -->\n<title>Do claustro do Convento Santo Ant\u00f4nio nasce o sonho de uma na\u00e7\u00e3o independente - Convento Santo Ant\u00f4nio- Franciscanos<\/title>\n<meta name=\"robots\" content=\"index, follow, max-snippet:-1, max-image-preview:large, max-video-preview:-1\" \/>\n<link rel=\"canonical\" href=\"https:\/\/franciscanos.org.br\/conventosantoantonio\/do-claustro-do-convento-santo-antonio-nasce-o-sonho-de-uma-nacao-independente\/\" \/>\n<meta property=\"og:locale\" content=\"pt_BR\" \/>\n<meta property=\"og:type\" content=\"article\" \/>\n<meta property=\"og:title\" content=\"Do claustro do Convento Santo Ant\u00f4nio nasce o sonho de uma na\u00e7\u00e3o independente - Convento Santo Ant\u00f4nio- Franciscanos\" \/>\n<meta property=\"og:description\" content=\"Bicenten\u00e1rio da Proclama\u00e7\u00e3o da Independ\u00eancia do Brasil\" \/>\n<meta property=\"og:url\" content=\"https:\/\/franciscanos.org.br\/conventosantoantonio\/do-claustro-do-convento-santo-antonio-nasce-o-sonho-de-uma-nacao-independente\/\" \/>\n<meta property=\"og:site_name\" content=\"Convento Santo Ant\u00f4nio- Franciscanos\" \/>\n<meta property=\"article:published_time\" content=\"2022-08-31T22:23:44+00:00\" \/>\n<meta property=\"og:image\" content=\"https:\/\/franciscanos.org.br\/conventosantoantonio\/wp-content\/uploads\/2022\/08\/1.jpg\" \/>\n\t<meta property=\"og:image:width\" content=\"1280\" \/>\n\t<meta property=\"og:image:height\" content=\"720\" \/>\n\t<meta property=\"og:image:type\" content=\"image\/jpeg\" \/>\n<meta name=\"author\" content=\"Frei Augusto Luiz Gabriel\" \/>\n<meta name=\"twitter:card\" content=\"summary_large_image\" \/>\n<meta name=\"twitter:label1\" content=\"Escrito por\" \/>\n\t<meta name=\"twitter:data1\" content=\"Frei Augusto Luiz Gabriel\" \/>\n\t<meta name=\"twitter:label2\" content=\"Est. tempo de leitura\" \/>\n\t<meta name=\"twitter:data2\" content=\"5 minutos\" \/>\n<script type=\"application\/ld+json\" class=\"yoast-schema-graph\">{\"@context\":\"https:\/\/schema.org\",\"@graph\":[{\"@type\":\"WebSite\",\"@id\":\"https:\/\/franciscanos.org.br\/conventosantoantonio\/#website\",\"url\":\"https:\/\/franciscanos.org.br\/conventosantoantonio\/\",\"name\":\"Convento Santo Ant\u00f4nio- Franciscanos\",\"description\":\"Prov\u00edncia Franciscana da Imaculada Concei\u00e7\u00e3o do Brasil - Ordem dos Frades Menores\",\"potentialAction\":[{\"@type\":\"SearchAction\",\"target\":{\"@type\":\"EntryPoint\",\"urlTemplate\":\"https:\/\/franciscanos.org.br\/conventosantoantonio\/?s={search_term_string}\"},\"query-input\":\"required name=search_term_string\"}],\"inLanguage\":\"pt-BR\"},{\"@type\":\"WebPage\",\"@id\":\"https:\/\/franciscanos.org.br\/conventosantoantonio\/do-claustro-do-convento-santo-antonio-nasce-o-sonho-de-uma-nacao-independente\/\",\"url\":\"https:\/\/franciscanos.org.br\/conventosantoantonio\/do-claustro-do-convento-santo-antonio-nasce-o-sonho-de-uma-nacao-independente\/\",\"name\":\"Do claustro do Convento Santo Ant\u00f4nio nasce o sonho de uma na\u00e7\u00e3o independente - Convento Santo Ant\u00f4nio- Franciscanos\",\"isPartOf\":{\"@id\":\"https:\/\/franciscanos.org.br\/conventosantoantonio\/#website\"},\"datePublished\":\"2022-08-31T22:23:44+00:00\",\"dateModified\":\"2022-08-31T22:23:44+00:00\",\"author\":{\"@id\":\"https:\/\/franciscanos.org.br\/conventosantoantonio\/#\/schema\/person\/6c6c778405325adf8609b4e366788e19\"},\"breadcrumb\":{\"@id\":\"https:\/\/franciscanos.org.br\/conventosantoantonio\/do-claustro-do-convento-santo-antonio-nasce-o-sonho-de-uma-nacao-independente\/#breadcrumb\"},\"inLanguage\":\"pt-BR\",\"potentialAction\":[{\"@type\":\"ReadAction\",\"target\":[\"https:\/\/franciscanos.org.br\/conventosantoantonio\/do-claustro-do-convento-santo-antonio-nasce-o-sonho-de-uma-nacao-independente\/\"]}]},{\"@type\":\"BreadcrumbList\",\"@id\":\"https:\/\/franciscanos.org.br\/conventosantoantonio\/do-claustro-do-convento-santo-antonio-nasce-o-sonho-de-uma-nacao-independente\/#breadcrumb\",\"itemListElement\":[{\"@type\":\"ListItem\",\"position\":1,\"name\":\"Home\",\"item\":\"https:\/\/franciscanos.org.br\/conventosantoantonio\/\"},{\"@type\":\"ListItem\",\"position\":2,\"name\":\"Do claustro do Convento Santo Ant\u00f4nio nasce o sonho de uma na\u00e7\u00e3o independente\"}]},{\"@type\":\"Person\",\"@id\":\"https:\/\/franciscanos.org.br\/conventosantoantonio\/#\/schema\/person\/6c6c778405325adf8609b4e366788e19\",\"name\":\"Frei Augusto Luiz Gabriel\",\"image\":{\"@type\":\"ImageObject\",\"inLanguage\":\"pt-BR\",\"@id\":\"https:\/\/franciscanos.org.br\/conventosantoantonio\/#\/schema\/person\/image\/\",\"url\":\"https:\/\/secure.gravatar.com\/avatar\/9840b940e621801b24f3e6b059efb4b7?s=96&d=mm&r=g\",\"contentUrl\":\"https:\/\/secure.gravatar.com\/avatar\/9840b940e621801b24f3e6b059efb4b7?s=96&d=mm&r=g\",\"caption\":\"Frei Augusto Luiz Gabriel\"},\"url\":\"https:\/\/franciscanos.org.br\/conventosantoantonio\/author\/freiaugusto\/\"}]}<\/script>\n<!-- \/ Yoast SEO plugin. -->","yoast_head_json":{"title":"Do claustro do Convento Santo Ant\u00f4nio nasce o sonho de uma na\u00e7\u00e3o independente - Convento Santo Ant\u00f4nio- Franciscanos","robots":{"index":"index","follow":"follow","max-snippet":"max-snippet:-1","max-image-preview":"max-image-preview:large","max-video-preview":"max-video-preview:-1"},"canonical":"https:\/\/franciscanos.org.br\/conventosantoantonio\/do-claustro-do-convento-santo-antonio-nasce-o-sonho-de-uma-nacao-independente\/","og_locale":"pt_BR","og_type":"article","og_title":"Do claustro do Convento Santo Ant\u00f4nio nasce o sonho de uma na\u00e7\u00e3o independente - Convento Santo Ant\u00f4nio- Franciscanos","og_description":"Bicenten\u00e1rio da Proclama\u00e7\u00e3o da Independ\u00eancia do Brasil","og_url":"https:\/\/franciscanos.org.br\/conventosantoantonio\/do-claustro-do-convento-santo-antonio-nasce-o-sonho-de-uma-nacao-independente\/","og_site_name":"Convento Santo Ant\u00f4nio- Franciscanos","article_published_time":"2022-08-31T22:23:44+00:00","og_image":[{"width":1280,"height":720,"url":"https:\/\/franciscanos.org.br\/conventosantoantonio\/wp-content\/uploads\/2022\/08\/1.jpg","type":"image\/jpeg"}],"author":"Frei Augusto Luiz Gabriel","twitter_card":"summary_large_image","twitter_misc":{"Escrito por":"Frei Augusto Luiz Gabriel","Est. tempo de leitura":"5 minutos"},"schema":{"@context":"https:\/\/schema.org","@graph":[{"@type":"WebSite","@id":"https:\/\/franciscanos.org.br\/conventosantoantonio\/#website","url":"https:\/\/franciscanos.org.br\/conventosantoantonio\/","name":"Convento Santo Ant\u00f4nio- Franciscanos","description":"Prov\u00edncia Franciscana da Imaculada Concei\u00e7\u00e3o do Brasil - Ordem dos Frades Menores","potentialAction":[{"@type":"SearchAction","target":{"@type":"EntryPoint","urlTemplate":"https:\/\/franciscanos.org.br\/conventosantoantonio\/?s={search_term_string}"},"query-input":"required name=search_term_string"}],"inLanguage":"pt-BR"},{"@type":"WebPage","@id":"https:\/\/franciscanos.org.br\/conventosantoantonio\/do-claustro-do-convento-santo-antonio-nasce-o-sonho-de-uma-nacao-independente\/","url":"https:\/\/franciscanos.org.br\/conventosantoantonio\/do-claustro-do-convento-santo-antonio-nasce-o-sonho-de-uma-nacao-independente\/","name":"Do claustro do Convento Santo Ant\u00f4nio nasce o sonho de uma na\u00e7\u00e3o independente - Convento Santo Ant\u00f4nio- Franciscanos","isPartOf":{"@id":"https:\/\/franciscanos.org.br\/conventosantoantonio\/#website"},"datePublished":"2022-08-31T22:23:44+00:00","dateModified":"2022-08-31T22:23:44+00:00","author":{"@id":"https:\/\/franciscanos.org.br\/conventosantoantonio\/#\/schema\/person\/6c6c778405325adf8609b4e366788e19"},"breadcrumb":{"@id":"https:\/\/franciscanos.org.br\/conventosantoantonio\/do-claustro-do-convento-santo-antonio-nasce-o-sonho-de-uma-nacao-independente\/#breadcrumb"},"inLanguage":"pt-BR","potentialAction":[{"@type":"ReadAction","target":["https:\/\/franciscanos.org.br\/conventosantoantonio\/do-claustro-do-convento-santo-antonio-nasce-o-sonho-de-uma-nacao-independente\/"]}]},{"@type":"BreadcrumbList","@id":"https:\/\/franciscanos.org.br\/conventosantoantonio\/do-claustro-do-convento-santo-antonio-nasce-o-sonho-de-uma-nacao-independente\/#breadcrumb","itemListElement":[{"@type":"ListItem","position":1,"name":"Home","item":"https:\/\/franciscanos.org.br\/conventosantoantonio\/"},{"@type":"ListItem","position":2,"name":"Do claustro do Convento Santo Ant\u00f4nio nasce o sonho de uma na\u00e7\u00e3o independente"}]},{"@type":"Person","@id":"https:\/\/franciscanos.org.br\/conventosantoantonio\/#\/schema\/person\/6c6c778405325adf8609b4e366788e19","name":"Frei Augusto Luiz Gabriel","image":{"@type":"ImageObject","inLanguage":"pt-BR","@id":"https:\/\/franciscanos.org.br\/conventosantoantonio\/#\/schema\/person\/image\/","url":"https:\/\/secure.gravatar.com\/avatar\/9840b940e621801b24f3e6b059efb4b7?s=96&d=mm&r=g","contentUrl":"https:\/\/secure.gravatar.com\/avatar\/9840b940e621801b24f3e6b059efb4b7?s=96&d=mm&r=g","caption":"Frei Augusto Luiz Gabriel"},"url":"https:\/\/franciscanos.org.br\/conventosantoantonio\/author\/freiaugusto\/"}]}},"_links":{"self":[{"href":"https:\/\/franciscanos.org.br\/conventosantoantonio\/wp-json\/wp\/v2\/posts\/188410"}],"collection":[{"href":"https:\/\/franciscanos.org.br\/conventosantoantonio\/wp-json\/wp\/v2\/posts"}],"about":[{"href":"https:\/\/franciscanos.org.br\/conventosantoantonio\/wp-json\/wp\/v2\/types\/post"}],"author":[{"embeddable":true,"href":"https:\/\/franciscanos.org.br\/conventosantoantonio\/wp-json\/wp\/v2\/users\/10"}],"replies":[{"embeddable":true,"href":"https:\/\/franciscanos.org.br\/conventosantoantonio\/wp-json\/wp\/v2\/comments?post=188410"}],"version-history":[{"count":1,"href":"https:\/\/franciscanos.org.br\/conventosantoantonio\/wp-json\/wp\/v2\/posts\/188410\/revisions"}],"predecessor-version":[{"id":188415,"href":"https:\/\/franciscanos.org.br\/conventosantoantonio\/wp-json\/wp\/v2\/posts\/188410\/revisions\/188415"}],"wp:featuredmedia":[{"embeddable":true,"href":"https:\/\/franciscanos.org.br\/conventosantoantonio\/wp-json\/wp\/v2\/media\/188411"}],"wp:attachment":[{"href":"https:\/\/franciscanos.org.br\/conventosantoantonio\/wp-json\/wp\/v2\/media?parent=188410"}],"wp:term":[{"taxonomy":"category","embeddable":true,"href":"https:\/\/franciscanos.org.br\/conventosantoantonio\/wp-json\/wp\/v2\/categories?post=188410"},{"taxonomy":"post_tag","embeddable":true,"href":"https:\/\/franciscanos.org.br\/conventosantoantonio\/wp-json\/wp\/v2\/tags?post=188410"}],"curies":[{"name":"wp","href":"https:\/\/api.w.org\/{rel}","templated":true}]}}