{"id":188391,"date":"2022-08-10T20:46:06","date_gmt":"2022-08-10T23:46:06","guid":{"rendered":"https:\/\/franciscanos.org.br\/conventosantoantonio\/?p=188391"},"modified":"2022-08-27T22:00:51","modified_gmt":"2022-08-28T01:00:51","slug":"frei-geraldo-celebra-92-anos-de-vida","status":"publish","type":"post","link":"https:\/\/franciscanos.org.br\/conventosantoantonio\/frei-geraldo-celebra-92-anos-de-vida\/","title":{"rendered":"Frei Geraldo celebra 92 anos de vida"},"content":{"rendered":"<div dir=\"auto\"><img loading=\"lazy\" class=\"alignnone wp-image-188393 size-full\" src=\"https:\/\/franciscanos.org.br\/conventosantoantonio\/wp-content\/uploads\/2022\/08\/freigeraldo_100822_1.jpeg\" alt=\"\" width=\"1156\" height=\"867\" srcset=\"https:\/\/franciscanos.org.br\/conventosantoantonio\/wp-content\/uploads\/2022\/08\/freigeraldo_100822_1.jpeg 1156w, https:\/\/franciscanos.org.br\/conventosantoantonio\/wp-content\/uploads\/2022\/08\/freigeraldo_100822_1-450x338.jpeg 450w, https:\/\/franciscanos.org.br\/conventosantoantonio\/wp-content\/uploads\/2022\/08\/freigeraldo_100822_1-1024x768.jpeg 1024w, https:\/\/franciscanos.org.br\/conventosantoantonio\/wp-content\/uploads\/2022\/08\/freigeraldo_100822_1-768x576.jpeg 768w, https:\/\/franciscanos.org.br\/conventosantoantonio\/wp-content\/uploads\/2022\/08\/freigeraldo_100822_1-150x113.jpeg 150w\" sizes=\"(max-width: 1156px) 100vw, 1156px\" \/><\/div>\n<p>No dia 10 de agosto, na missa das 10h, a Fraternidade do Convento Santo Ant\u00f4nio do Rio de Janeiro (RJ) se reuniu para agradecer a Deus o dom da vida de Frei Geraldo Hagedorn, que completou 92 anos. Tamb\u00e9m recordou-se o anivers\u00e1rio de Frei Toni Michels, p\u00e1roco da Par\u00f3quia Nossa Senhora da Boa Viagem, na Rocinha.<\/p>\n<p><strong>Veja um breve hist\u00f3rico de Frei Geraldo:<\/strong><\/p>\n<p><strong>Nome: Frei Geraldo Hagedorn<\/strong><br \/>\nNaturalidade: Liesborn, Alemanha<br \/>\nPais: Theodor Hagedorn e Paula Vorwerk<br \/>\nNascimento: 10\/08\/1930 (92 anos de idade)<br \/>\nPrimeira Profiss\u00e3o: 23\/12\/1954 (67 anos de Vida Religiosa)<br \/>\nProfiss\u00e3o Solene: 23\/12\/1957<br \/>\nOrdena\u00e7\u00e3o Presbiteral: 12\/12\/1959 (62 anos de Minist\u00e9rio Presbiteral)<\/p>\n<p><strong>Transfer\u00eancias<\/strong><br \/>\n1962-1964 \u2013 Semin\u00e1rio S\u00e3o Lu\u00eds de Tolosa (Rio Negro, PR) \u2013 Lect. Coll., Mod. Conf.<br \/>\n1965 \u2013 Fraternidade Sagrado Cora\u00e7\u00e3o de Jesus (Petr\u00f3polis, RJ) \u2013 Estudante da Faculdade<br \/>\n1966 \u2013 Semin\u00e1rio S\u00e3o Lu\u00eds de Tolosa (Rio Negro, PR) \u2013 Lente do Semin\u00e1rio<br \/>\n1967-1970 \u2013 Semin\u00e1rio Santo Ant\u00f4nio (Agudos, SP) \u2013 Lente do Semin\u00e1rio<br \/>\n1971-1975 \u2013 Fraternidade Nossa Senhora Aparecida (Nil\u00f3polis, RJ) \u2013 Vig\u00e1rio Paroquial<br \/>\n1976-1985 \u2013 Semin\u00e1rio Santo Ant\u00f4nio (Agudos, SP) \u2013 Professor e Orientador<br \/>\n1986-1991 \u2013 Fraternidade S\u00e3o Jo\u00e3o Batista (Luzerna, SC) \u2013 P\u00e1roco<br \/>\n1992-1994 \u2013 Fraternidade S\u00e3o Francisco (Kelkheim, Alemanha) \u2013 Vig\u00e1rio Paroquial e Vig\u00e1rio da Casa<br \/>\n1995-2000 \u2013 Fraternidade Porci\u00fancula de Santana (Niter\u00f3i, RJ) \u2013 Vig\u00e1rio Paroquial e Vig\u00e1rio da Casa<br \/>\n2001-2006 \u2013 Fraternidade Nossa Senhora da Penha (Vila Velha, ES) \u2013 Atendente Conventual e do Santu\u00e1rio<br \/>\n2007-2012 \u2013 Fraternidade Porci\u00fancula de Santana (Niter\u00f3i, RJ) \u2013 Vig\u00e1rio Paroquial e Assistente da OFS<br \/>\n2013 \u2013 Fraternidade Santo Ant\u00f4nio (Rio de Janeiro, RJ) \u2013 Atendente Conventual.<\/p>\n<div dir=\"auto\"><img loading=\"lazy\" class=\"wp-image-188392 size-full alignleft\" src=\"https:\/\/franciscanos.org.br\/conventosantoantonio\/wp-content\/uploads\/2022\/08\/freigeraldo_100822.jpeg\" alt=\"\" width=\"1440\" height=\"1080\" srcset=\"https:\/\/franciscanos.org.br\/conventosantoantonio\/wp-content\/uploads\/2022\/08\/freigeraldo_100822.jpeg 1440w, https:\/\/franciscanos.org.br\/conventosantoantonio\/wp-content\/uploads\/2022\/08\/freigeraldo_100822-450x338.jpeg 450w, https:\/\/franciscanos.org.br\/conventosantoantonio\/wp-content\/uploads\/2022\/08\/freigeraldo_100822-1024x768.jpeg 1024w, https:\/\/franciscanos.org.br\/conventosantoantonio\/wp-content\/uploads\/2022\/08\/freigeraldo_100822-768x576.jpeg 768w, https:\/\/franciscanos.org.br\/conventosantoantonio\/wp-content\/uploads\/2022\/08\/freigeraldo_100822-1536x1152.jpeg 1536w, https:\/\/franciscanos.org.br\/conventosantoantonio\/wp-content\/uploads\/2022\/08\/freigeraldo_100822-150x113.jpeg 150w\" sizes=\"(max-width: 1440px) 100vw, 1440px\" \/><\/div>\n","protected":false},"excerpt":{"rendered":"<p>Fraternidade do Convento Santo Ant\u00f4nio<\/p>\n","protected":false},"author":10,"featured_media":188393,"comment_status":"open","ping_status":"open","sticky":false,"template":"","format":"standard","meta":[],"categories":[105],"tags":[],"yoast_head":"<!-- This site is optimized with the Yoast SEO plugin v19.4 - https:\/\/yoast.com\/wordpress\/plugins\/seo\/ -->\n<title>Frei Geraldo celebra 92 anos de vida - Convento Santo Ant\u00f4nio- Franciscanos<\/title>\n<meta name=\"robots\" content=\"index, follow, max-snippet:-1, max-image-preview:large, max-video-preview:-1\" \/>\n<link rel=\"canonical\" href=\"https:\/\/franciscanos.org.br\/conventosantoantonio\/frei-geraldo-celebra-92-anos-de-vida\/\" \/>\n<meta property=\"og:locale\" content=\"pt_BR\" \/>\n<meta property=\"og:type\" content=\"article\" \/>\n<meta property=\"og:title\" content=\"Frei Geraldo celebra 92 anos de vida - Convento Santo Ant\u00f4nio- Franciscanos\" \/>\n<meta property=\"og:description\" content=\"Fraternidade do Convento Santo Ant\u00f4nio\" \/>\n<meta property=\"og:url\" content=\"https:\/\/franciscanos.org.br\/conventosantoantonio\/frei-geraldo-celebra-92-anos-de-vida\/\" \/>\n<meta property=\"og:site_name\" content=\"Convento Santo Ant\u00f4nio- Franciscanos\" \/>\n<meta property=\"article:published_time\" content=\"2022-08-10T23:46:06+00:00\" \/>\n<meta property=\"article:modified_time\" content=\"2022-08-28T01:00:51+00:00\" \/>\n<meta property=\"og:image\" content=\"https:\/\/franciscanos.org.br\/conventosantoantonio\/wp-content\/uploads\/2022\/08\/freigeraldo_100822_1.jpeg\" \/>\n\t<meta property=\"og:image:width\" content=\"1156\" \/>\n\t<meta property=\"og:image:height\" content=\"867\" \/>\n\t<meta property=\"og:image:type\" content=\"image\/jpeg\" \/>\n<meta name=\"author\" content=\"Frei Augusto Luiz Gabriel\" \/>\n<meta name=\"twitter:card\" content=\"summary_large_image\" \/>\n<meta name=\"twitter:label1\" content=\"Escrito por\" \/>\n\t<meta name=\"twitter:data1\" content=\"Frei Augusto Luiz Gabriel\" \/>\n\t<meta name=\"twitter:label2\" content=\"Est. tempo de leitura\" \/>\n\t<meta name=\"twitter:data2\" content=\"2 minutos\" \/>\n<script type=\"application\/ld+json\" class=\"yoast-schema-graph\">{\"@context\":\"https:\/\/schema.org\",\"@graph\":[{\"@type\":\"WebSite\",\"@id\":\"https:\/\/franciscanos.org.br\/conventosantoantonio\/#website\",\"url\":\"https:\/\/franciscanos.org.br\/conventosantoantonio\/\",\"name\":\"Convento Santo Ant\u00f4nio- Franciscanos\",\"description\":\"Prov\u00edncia Franciscana da Imaculada Concei\u00e7\u00e3o do Brasil - Ordem dos Frades Menores\",\"potentialAction\":[{\"@type\":\"SearchAction\",\"target\":{\"@type\":\"EntryPoint\",\"urlTemplate\":\"https:\/\/franciscanos.org.br\/conventosantoantonio\/?s={search_term_string}\"},\"query-input\":\"required name=search_term_string\"}],\"inLanguage\":\"pt-BR\"},{\"@type\":\"WebPage\",\"@id\":\"https:\/\/franciscanos.org.br\/conventosantoantonio\/frei-geraldo-celebra-92-anos-de-vida\/\",\"url\":\"https:\/\/franciscanos.org.br\/conventosantoantonio\/frei-geraldo-celebra-92-anos-de-vida\/\",\"name\":\"Frei Geraldo celebra 92 anos de vida - Convento Santo Ant\u00f4nio- Franciscanos\",\"isPartOf\":{\"@id\":\"https:\/\/franciscanos.org.br\/conventosantoantonio\/#website\"},\"datePublished\":\"2022-08-10T23:46:06+00:00\",\"dateModified\":\"2022-08-28T01:00:51+00:00\",\"author\":{\"@id\":\"https:\/\/franciscanos.org.br\/conventosantoantonio\/#\/schema\/person\/6c6c778405325adf8609b4e366788e19\"},\"breadcrumb\":{\"@id\":\"https:\/\/franciscanos.org.br\/conventosantoantonio\/frei-geraldo-celebra-92-anos-de-vida\/#breadcrumb\"},\"inLanguage\":\"pt-BR\",\"potentialAction\":[{\"@type\":\"ReadAction\",\"target\":[\"https:\/\/franciscanos.org.br\/conventosantoantonio\/frei-geraldo-celebra-92-anos-de-vida\/\"]}]},{\"@type\":\"BreadcrumbList\",\"@id\":\"https:\/\/franciscanos.org.br\/conventosantoantonio\/frei-geraldo-celebra-92-anos-de-vida\/#breadcrumb\",\"itemListElement\":[{\"@type\":\"ListItem\",\"position\":1,\"name\":\"Home\",\"item\":\"https:\/\/franciscanos.org.br\/conventosantoantonio\/\"},{\"@type\":\"ListItem\",\"position\":2,\"name\":\"Frei Geraldo celebra 92 anos de vida\"}]},{\"@type\":\"Person\",\"@id\":\"https:\/\/franciscanos.org.br\/conventosantoantonio\/#\/schema\/person\/6c6c778405325adf8609b4e366788e19\",\"name\":\"Frei Augusto Luiz Gabriel\",\"image\":{\"@type\":\"ImageObject\",\"inLanguage\":\"pt-BR\",\"@id\":\"https:\/\/franciscanos.org.br\/conventosantoantonio\/#\/schema\/person\/image\/\",\"url\":\"https:\/\/secure.gravatar.com\/avatar\/9840b940e621801b24f3e6b059efb4b7?s=96&d=mm&r=g\",\"contentUrl\":\"https:\/\/secure.gravatar.com\/avatar\/9840b940e621801b24f3e6b059efb4b7?s=96&d=mm&r=g\",\"caption\":\"Frei Augusto Luiz Gabriel\"},\"url\":\"https:\/\/franciscanos.org.br\/conventosantoantonio\/author\/freiaugusto\/\"}]}<\/script>\n<!-- \/ Yoast SEO plugin. -->","yoast_head_json":{"title":"Frei Geraldo celebra 92 anos de vida - Convento Santo Ant\u00f4nio- Franciscanos","robots":{"index":"index","follow":"follow","max-snippet":"max-snippet:-1","max-image-preview":"max-image-preview:large","max-video-preview":"max-video-preview:-1"},"canonical":"https:\/\/franciscanos.org.br\/conventosantoantonio\/frei-geraldo-celebra-92-anos-de-vida\/","og_locale":"pt_BR","og_type":"article","og_title":"Frei Geraldo celebra 92 anos de vida - Convento Santo Ant\u00f4nio- Franciscanos","og_description":"Fraternidade do Convento Santo Ant\u00f4nio","og_url":"https:\/\/franciscanos.org.br\/conventosantoantonio\/frei-geraldo-celebra-92-anos-de-vida\/","og_site_name":"Convento Santo Ant\u00f4nio- Franciscanos","article_published_time":"2022-08-10T23:46:06+00:00","article_modified_time":"2022-08-28T01:00:51+00:00","og_image":[{"width":1156,"height":867,"url":"https:\/\/franciscanos.org.br\/conventosantoantonio\/wp-content\/uploads\/2022\/08\/freigeraldo_100822_1.jpeg","type":"image\/jpeg"}],"author":"Frei Augusto Luiz Gabriel","twitter_card":"summary_large_image","twitter_misc":{"Escrito por":"Frei Augusto Luiz Gabriel","Est. tempo de leitura":"2 minutos"},"schema":{"@context":"https:\/\/schema.org","@graph":[{"@type":"WebSite","@id":"https:\/\/franciscanos.org.br\/conventosantoantonio\/#website","url":"https:\/\/franciscanos.org.br\/conventosantoantonio\/","name":"Convento Santo Ant\u00f4nio- Franciscanos","description":"Prov\u00edncia Franciscana da Imaculada Concei\u00e7\u00e3o do Brasil - Ordem dos Frades Menores","potentialAction":[{"@type":"SearchAction","target":{"@type":"EntryPoint","urlTemplate":"https:\/\/franciscanos.org.br\/conventosantoantonio\/?s={search_term_string}"},"query-input":"required name=search_term_string"}],"inLanguage":"pt-BR"},{"@type":"WebPage","@id":"https:\/\/franciscanos.org.br\/conventosantoantonio\/frei-geraldo-celebra-92-anos-de-vida\/","url":"https:\/\/franciscanos.org.br\/conventosantoantonio\/frei-geraldo-celebra-92-anos-de-vida\/","name":"Frei Geraldo celebra 92 anos de vida - Convento Santo Ant\u00f4nio- Franciscanos","isPartOf":{"@id":"https:\/\/franciscanos.org.br\/conventosantoantonio\/#website"},"datePublished":"2022-08-10T23:46:06+00:00","dateModified":"2022-08-28T01:00:51+00:00","author":{"@id":"https:\/\/franciscanos.org.br\/conventosantoantonio\/#\/schema\/person\/6c6c778405325adf8609b4e366788e19"},"breadcrumb":{"@id":"https:\/\/franciscanos.org.br\/conventosantoantonio\/frei-geraldo-celebra-92-anos-de-vida\/#breadcrumb"},"inLanguage":"pt-BR","potentialAction":[{"@type":"ReadAction","target":["https:\/\/franciscanos.org.br\/conventosantoantonio\/frei-geraldo-celebra-92-anos-de-vida\/"]}]},{"@type":"BreadcrumbList","@id":"https:\/\/franciscanos.org.br\/conventosantoantonio\/frei-geraldo-celebra-92-anos-de-vida\/#breadcrumb","itemListElement":[{"@type":"ListItem","position":1,"name":"Home","item":"https:\/\/franciscanos.org.br\/conventosantoantonio\/"},{"@type":"ListItem","position":2,"name":"Frei Geraldo celebra 92 anos de vida"}]},{"@type":"Person","@id":"https:\/\/franciscanos.org.br\/conventosantoantonio\/#\/schema\/person\/6c6c778405325adf8609b4e366788e19","name":"Frei Augusto Luiz Gabriel","image":{"@type":"ImageObject","inLanguage":"pt-BR","@id":"https:\/\/franciscanos.org.br\/conventosantoantonio\/#\/schema\/person\/image\/","url":"https:\/\/secure.gravatar.com\/avatar\/9840b940e621801b24f3e6b059efb4b7?s=96&d=mm&r=g","contentUrl":"https:\/\/secure.gravatar.com\/avatar\/9840b940e621801b24f3e6b059efb4b7?s=96&d=mm&r=g","caption":"Frei Augusto Luiz Gabriel"},"url":"https:\/\/franciscanos.org.br\/conventosantoantonio\/author\/freiaugusto\/"}]}},"_links":{"self":[{"href":"https:\/\/franciscanos.org.br\/conventosantoantonio\/wp-json\/wp\/v2\/posts\/188391"}],"collection":[{"href":"https:\/\/franciscanos.org.br\/conventosantoantonio\/wp-json\/wp\/v2\/posts"}],"about":[{"href":"https:\/\/franciscanos.org.br\/conventosantoantonio\/wp-json\/wp\/v2\/types\/post"}],"author":[{"embeddable":true,"href":"https:\/\/franciscanos.org.br\/conventosantoantonio\/wp-json\/wp\/v2\/users\/10"}],"replies":[{"embeddable":true,"href":"https:\/\/franciscanos.org.br\/conventosantoantonio\/wp-json\/wp\/v2\/comments?post=188391"}],"version-history":[{"count":4,"href":"https:\/\/franciscanos.org.br\/conventosantoantonio\/wp-json\/wp\/v2\/posts\/188391\/revisions"}],"predecessor-version":[{"id":188397,"href":"https:\/\/franciscanos.org.br\/conventosantoantonio\/wp-json\/wp\/v2\/posts\/188391\/revisions\/188397"}],"wp:featuredmedia":[{"embeddable":true,"href":"https:\/\/franciscanos.org.br\/conventosantoantonio\/wp-json\/wp\/v2\/media\/188393"}],"wp:attachment":[{"href":"https:\/\/franciscanos.org.br\/conventosantoantonio\/wp-json\/wp\/v2\/media?parent=188391"}],"wp:term":[{"taxonomy":"category","embeddable":true,"href":"https:\/\/franciscanos.org.br\/conventosantoantonio\/wp-json\/wp\/v2\/categories?post=188391"},{"taxonomy":"post_tag","embeddable":true,"href":"https:\/\/franciscanos.org.br\/conventosantoantonio\/wp-json\/wp\/v2\/tags?post=188391"}],"curies":[{"name":"wp","href":"https:\/\/api.w.org\/{rel}","templated":true}]}}