{"id":188383,"date":"2022-08-27T19:57:57","date_gmt":"2022-08-27T22:57:57","guid":{"rendered":"https:\/\/franciscanos.org.br\/conventosantoantonio\/?p=188383"},"modified":"2022-08-27T20:01:45","modified_gmt":"2022-08-27T23:01:45","slug":"fraternidade-do-convento-recorda-a-participacao-franciscana-no-dia-do-fico","status":"publish","type":"post","link":"https:\/\/franciscanos.org.br\/conventosantoantonio\/fraternidade-do-convento-recorda-a-participacao-franciscana-no-dia-do-fico\/","title":{"rendered":"Fraternidade do Convento recorda a participa\u00e7\u00e3o franciscana no \u201cDia do Fico\u201d"},"content":{"rendered":"<p><img loading=\"lazy\" class=\"alignnone wp-image-188384 size-full\" src=\"https:\/\/franciscanos.org.br\/conventosantoantonio\/wp-content\/uploads\/2022\/08\/diadofico_270822.jpg\" alt=\"\" width=\"1280\" height=\"720\" srcset=\"https:\/\/franciscanos.org.br\/conventosantoantonio\/wp-content\/uploads\/2022\/08\/diadofico_270822.jpg 1280w, https:\/\/franciscanos.org.br\/conventosantoantonio\/wp-content\/uploads\/2022\/08\/diadofico_270822-450x253.jpg 450w, https:\/\/franciscanos.org.br\/conventosantoantonio\/wp-content\/uploads\/2022\/08\/diadofico_270822-1024x576.jpg 1024w, https:\/\/franciscanos.org.br\/conventosantoantonio\/wp-content\/uploads\/2022\/08\/diadofico_270822-768x432.jpg 768w, https:\/\/franciscanos.org.br\/conventosantoantonio\/wp-content\/uploads\/2022\/08\/diadofico_270822-150x84.jpg 150w\" sizes=\"(max-width: 1280px) 100vw, 1280px\" \/><\/p>\n<p><strong>Rio de Janeiro (RJ) &#8211;<\/strong> Neste s\u00e1bado, dia 27 de agosto, a Fraternidade do Convento Santo Ant\u00f4nio teve o privil\u00e9gio de viajar no tempo durante sua manh\u00e3 de espiritualidade e forma\u00e7\u00e3o. Conduzidos por Frei R\u00f3ger Brunorio, os frades se reuniram na c\u00e9lebre \u201cSala do Fico\u201d, espa\u00e7o do Convento onde, segundo fontes hist\u00f3ricas fidedignas, foi articulado o movimento de perman\u00eancia de Dom Pedro I no Brasil e redigido o famoso manifesto que deu origem ao \u201cDia do Fico\u201d, celebrado no dia 09 de janeiro de 1822.<\/p>\n<p>Frei Roger recordou \u00e0 Fraternidade a vida e o testemunho de tr\u00eas c\u00e9lebres frades: Frei Francisco do Monte Alverne, Frei Francisco de S\u00e3o Carlos e Frei Sampaio (Frei Francisco de Santa Teresa de Jesus Sampaio), este \u00faltimo conselheiro pr\u00f3ximo de Dom Pedro I e um dos intelectuais mais reconhecidos e respeitados da \u00e9poca. Frei era carioca e, j\u00e1 em seu tempo, tinha uma avan\u00e7ada compreens\u00e3o social e pol\u00edtica de participa\u00e7\u00e3o do povo nas decis\u00f5es importantes em favor do bem comum.<\/p>\n<p><a href=\"https:\/\/franciscanos.org.br\/noticias\/convento-santo-antonio-a-sede-do-manifesto-do-fico.html#gsc.tab=0\"><strong>Neste ano em que se celebram o Bicenten\u00e1rio da Proclama\u00e7\u00e3o da Independ\u00eancia do Brasil<\/strong><\/a>, a Fraternidade do Convento Santo Ant\u00f4nio teve mais uma chance de perceber a atua\u00e7\u00e3o direta dos franciscanos na hist\u00f3ria do pa\u00eds e o simbolismo deste espa\u00e7o de refer\u00eancia religiosa, hist\u00f3rica, arquitet\u00f4nica, cultural e art\u00edstica para o Rio de Janeiro e para o Brasil. No acervo do Convento, encontra-se um retrato de Frei Sampaio, pintado pelo artista Tirone, de 1860, com a t\u00e9cnica do \u00f3leo sobre tela.<\/p>\n\n\t\t<style type=\"text\/css\">\n\t\t\t#gallery-1 {\n\t\t\t\tmargin: auto;\n\t\t\t}\n\t\t\t#gallery-1 .gallery-item {\n\t\t\t\tfloat: left;\n\t\t\t\tmargin-top: 10px;\n\t\t\t\ttext-align: center;\n\t\t\t\twidth: 33%;\n\t\t\t}\n\t\t\t#gallery-1 img {\n\t\t\t\tborder: 2px solid #cfcfcf;\n\t\t\t}\n\t\t\t#gallery-1 .gallery-caption {\n\t\t\t\tmargin-left: 0;\n\t\t\t}\n\t\t\t\/* see gallery_shortcode() in wp-includes\/media.php *\/\n\t\t<\/style>\n\t\t<div id='gallery-1' class='gallery galleryid-188383 gallery-columns-3 gallery-size-thumbnail'><dl class='gallery-item'>\n\t\t\t<dt class='gallery-icon portrait'>\n\t\t\t\t<a href='https:\/\/franciscanos.org.br\/conventosantoantonio\/wp-content\/uploads\/2022\/08\/diadofico_27082022_3.jpeg'><img width=\"300\" height=\"300\" src=\"https:\/\/franciscanos.org.br\/conventosantoantonio\/wp-content\/uploads\/2022\/08\/diadofico_27082022_3-300x300.jpeg\" class=\"attachment-thumbnail size-thumbnail\" alt=\"\" loading=\"lazy\" srcset=\"https:\/\/franciscanos.org.br\/conventosantoantonio\/wp-content\/uploads\/2022\/08\/diadofico_27082022_3-300x300.jpeg 300w, https:\/\/franciscanos.org.br\/conventosantoantonio\/wp-content\/uploads\/2022\/08\/diadofico_27082022_3-400x400.jpeg 400w\" sizes=\"(max-width: 300px) 100vw, 300px\" \/><\/a>\n\t\t\t<\/dt><\/dl><dl class='gallery-item'>\n\t\t\t<dt class='gallery-icon landscape'>\n\t\t\t\t<a href='https:\/\/franciscanos.org.br\/conventosantoantonio\/wp-content\/uploads\/2022\/08\/diadofico_27082022_1.jpeg'><img width=\"300\" height=\"300\" src=\"https:\/\/franciscanos.org.br\/conventosantoantonio\/wp-content\/uploads\/2022\/08\/diadofico_27082022_1-300x300.jpeg\" class=\"attachment-thumbnail size-thumbnail\" alt=\"\" loading=\"lazy\" srcset=\"https:\/\/franciscanos.org.br\/conventosantoantonio\/wp-content\/uploads\/2022\/08\/diadofico_27082022_1-300x300.jpeg 300w, https:\/\/franciscanos.org.br\/conventosantoantonio\/wp-content\/uploads\/2022\/08\/diadofico_27082022_1-400x400.jpeg 400w\" sizes=\"(max-width: 300px) 100vw, 300px\" \/><\/a>\n\t\t\t<\/dt><\/dl><dl class='gallery-item'>\n\t\t\t<dt class='gallery-icon landscape'>\n\t\t\t\t<a href='https:\/\/franciscanos.org.br\/conventosantoantonio\/wp-content\/uploads\/2022\/08\/diadofico_27082022.jpeg'><img width=\"300\" height=\"300\" src=\"https:\/\/franciscanos.org.br\/conventosantoantonio\/wp-content\/uploads\/2022\/08\/diadofico_27082022-300x300.jpeg\" class=\"attachment-thumbnail size-thumbnail\" alt=\"\" loading=\"lazy\" srcset=\"https:\/\/franciscanos.org.br\/conventosantoantonio\/wp-content\/uploads\/2022\/08\/diadofico_27082022-300x300.jpeg 300w, https:\/\/franciscanos.org.br\/conventosantoantonio\/wp-content\/uploads\/2022\/08\/diadofico_27082022-400x400.jpeg 400w\" sizes=\"(max-width: 300px) 100vw, 300px\" \/><\/a>\n\t\t\t<\/dt><\/dl><br style=\"clear: both\" \/>\n\t\t<\/div>\n\n<p><em>Frei Gustavo Medella\u00a0<\/em><\/p>\n","protected":false},"excerpt":{"rendered":"<p>Bicenten\u00e1rio da Proclama\u00e7\u00e3o da Independ\u00eancia do Brasil<\/p>\n","protected":false},"author":10,"featured_media":188384,"comment_status":"open","ping_status":"open","sticky":false,"template":"","format":"standard","meta":[],"categories":[105],"tags":[365,366],"yoast_head":"<!-- This site is optimized with the Yoast SEO plugin v19.4 - https:\/\/yoast.com\/wordpress\/plugins\/seo\/ -->\n<title>Fraternidade do Convento recorda a participa\u00e7\u00e3o franciscana no \u201cDia do Fico\u201d - Convento Santo Ant\u00f4nio- Franciscanos<\/title>\n<meta name=\"robots\" content=\"index, follow, max-snippet:-1, max-image-preview:large, max-video-preview:-1\" \/>\n<link rel=\"canonical\" href=\"https:\/\/franciscanos.org.br\/conventosantoantonio\/fraternidade-do-convento-recorda-a-participacao-franciscana-no-dia-do-fico\/\" \/>\n<meta property=\"og:locale\" content=\"pt_BR\" \/>\n<meta property=\"og:type\" content=\"article\" \/>\n<meta property=\"og:title\" content=\"Fraternidade do Convento recorda a participa\u00e7\u00e3o franciscana no \u201cDia do Fico\u201d - Convento Santo Ant\u00f4nio- Franciscanos\" \/>\n<meta property=\"og:description\" content=\"Bicenten\u00e1rio da Proclama\u00e7\u00e3o da Independ\u00eancia do Brasil\" \/>\n<meta property=\"og:url\" content=\"https:\/\/franciscanos.org.br\/conventosantoantonio\/fraternidade-do-convento-recorda-a-participacao-franciscana-no-dia-do-fico\/\" \/>\n<meta property=\"og:site_name\" content=\"Convento Santo Ant\u00f4nio- Franciscanos\" \/>\n<meta property=\"article:published_time\" content=\"2022-08-27T22:57:57+00:00\" \/>\n<meta property=\"article:modified_time\" content=\"2022-08-27T23:01:45+00:00\" \/>\n<meta property=\"og:image\" content=\"https:\/\/franciscanos.org.br\/conventosantoantonio\/wp-content\/uploads\/2022\/08\/diadofico_270822.jpg\" \/>\n\t<meta property=\"og:image:width\" content=\"1280\" \/>\n\t<meta property=\"og:image:height\" content=\"720\" \/>\n\t<meta property=\"og:image:type\" content=\"image\/jpeg\" \/>\n<meta name=\"author\" content=\"Frei Augusto Luiz Gabriel\" \/>\n<meta name=\"twitter:card\" content=\"summary_large_image\" \/>\n<meta name=\"twitter:label1\" content=\"Escrito por\" \/>\n\t<meta name=\"twitter:data1\" content=\"Frei Augusto Luiz Gabriel\" \/>\n\t<meta name=\"twitter:label2\" content=\"Est. tempo de leitura\" \/>\n\t<meta name=\"twitter:data2\" content=\"2 minutos\" \/>\n<script type=\"application\/ld+json\" class=\"yoast-schema-graph\">{\"@context\":\"https:\/\/schema.org\",\"@graph\":[{\"@type\":\"WebSite\",\"@id\":\"https:\/\/franciscanos.org.br\/conventosantoantonio\/#website\",\"url\":\"https:\/\/franciscanos.org.br\/conventosantoantonio\/\",\"name\":\"Convento Santo Ant\u00f4nio- Franciscanos\",\"description\":\"Prov\u00edncia Franciscana da Imaculada Concei\u00e7\u00e3o do Brasil - Ordem dos Frades Menores\",\"potentialAction\":[{\"@type\":\"SearchAction\",\"target\":{\"@type\":\"EntryPoint\",\"urlTemplate\":\"https:\/\/franciscanos.org.br\/conventosantoantonio\/?s={search_term_string}\"},\"query-input\":\"required name=search_term_string\"}],\"inLanguage\":\"pt-BR\"},{\"@type\":\"WebPage\",\"@id\":\"https:\/\/franciscanos.org.br\/conventosantoantonio\/fraternidade-do-convento-recorda-a-participacao-franciscana-no-dia-do-fico\/\",\"url\":\"https:\/\/franciscanos.org.br\/conventosantoantonio\/fraternidade-do-convento-recorda-a-participacao-franciscana-no-dia-do-fico\/\",\"name\":\"Fraternidade do Convento recorda a participa\u00e7\u00e3o franciscana no \u201cDia do Fico\u201d - Convento Santo Ant\u00f4nio- Franciscanos\",\"isPartOf\":{\"@id\":\"https:\/\/franciscanos.org.br\/conventosantoantonio\/#website\"},\"datePublished\":\"2022-08-27T22:57:57+00:00\",\"dateModified\":\"2022-08-27T23:01:45+00:00\",\"author\":{\"@id\":\"https:\/\/franciscanos.org.br\/conventosantoantonio\/#\/schema\/person\/6c6c778405325adf8609b4e366788e19\"},\"breadcrumb\":{\"@id\":\"https:\/\/franciscanos.org.br\/conventosantoantonio\/fraternidade-do-convento-recorda-a-participacao-franciscana-no-dia-do-fico\/#breadcrumb\"},\"inLanguage\":\"pt-BR\",\"potentialAction\":[{\"@type\":\"ReadAction\",\"target\":[\"https:\/\/franciscanos.org.br\/conventosantoantonio\/fraternidade-do-convento-recorda-a-participacao-franciscana-no-dia-do-fico\/\"]}]},{\"@type\":\"BreadcrumbList\",\"@id\":\"https:\/\/franciscanos.org.br\/conventosantoantonio\/fraternidade-do-convento-recorda-a-participacao-franciscana-no-dia-do-fico\/#breadcrumb\",\"itemListElement\":[{\"@type\":\"ListItem\",\"position\":1,\"name\":\"Home\",\"item\":\"https:\/\/franciscanos.org.br\/conventosantoantonio\/\"},{\"@type\":\"ListItem\",\"position\":2,\"name\":\"Fraternidade do Convento recorda a participa\u00e7\u00e3o franciscana no \u201cDia do Fico\u201d\"}]},{\"@type\":\"Person\",\"@id\":\"https:\/\/franciscanos.org.br\/conventosantoantonio\/#\/schema\/person\/6c6c778405325adf8609b4e366788e19\",\"name\":\"Frei Augusto Luiz Gabriel\",\"image\":{\"@type\":\"ImageObject\",\"inLanguage\":\"pt-BR\",\"@id\":\"https:\/\/franciscanos.org.br\/conventosantoantonio\/#\/schema\/person\/image\/\",\"url\":\"https:\/\/secure.gravatar.com\/avatar\/9840b940e621801b24f3e6b059efb4b7?s=96&d=mm&r=g\",\"contentUrl\":\"https:\/\/secure.gravatar.com\/avatar\/9840b940e621801b24f3e6b059efb4b7?s=96&d=mm&r=g\",\"caption\":\"Frei Augusto Luiz Gabriel\"},\"url\":\"https:\/\/franciscanos.org.br\/conventosantoantonio\/author\/freiaugusto\/\"}]}<\/script>\n<!-- \/ Yoast SEO plugin. -->","yoast_head_json":{"title":"Fraternidade do Convento recorda a participa\u00e7\u00e3o franciscana no \u201cDia do Fico\u201d - Convento Santo Ant\u00f4nio- Franciscanos","robots":{"index":"index","follow":"follow","max-snippet":"max-snippet:-1","max-image-preview":"max-image-preview:large","max-video-preview":"max-video-preview:-1"},"canonical":"https:\/\/franciscanos.org.br\/conventosantoantonio\/fraternidade-do-convento-recorda-a-participacao-franciscana-no-dia-do-fico\/","og_locale":"pt_BR","og_type":"article","og_title":"Fraternidade do Convento recorda a participa\u00e7\u00e3o franciscana no \u201cDia do Fico\u201d - Convento Santo Ant\u00f4nio- Franciscanos","og_description":"Bicenten\u00e1rio da Proclama\u00e7\u00e3o da Independ\u00eancia do Brasil","og_url":"https:\/\/franciscanos.org.br\/conventosantoantonio\/fraternidade-do-convento-recorda-a-participacao-franciscana-no-dia-do-fico\/","og_site_name":"Convento Santo Ant\u00f4nio- Franciscanos","article_published_time":"2022-08-27T22:57:57+00:00","article_modified_time":"2022-08-27T23:01:45+00:00","og_image":[{"width":1280,"height":720,"url":"https:\/\/franciscanos.org.br\/conventosantoantonio\/wp-content\/uploads\/2022\/08\/diadofico_270822.jpg","type":"image\/jpeg"}],"author":"Frei Augusto Luiz Gabriel","twitter_card":"summary_large_image","twitter_misc":{"Escrito por":"Frei Augusto Luiz Gabriel","Est. tempo de leitura":"2 minutos"},"schema":{"@context":"https:\/\/schema.org","@graph":[{"@type":"WebSite","@id":"https:\/\/franciscanos.org.br\/conventosantoantonio\/#website","url":"https:\/\/franciscanos.org.br\/conventosantoantonio\/","name":"Convento Santo Ant\u00f4nio- Franciscanos","description":"Prov\u00edncia Franciscana da Imaculada Concei\u00e7\u00e3o do Brasil - Ordem dos Frades Menores","potentialAction":[{"@type":"SearchAction","target":{"@type":"EntryPoint","urlTemplate":"https:\/\/franciscanos.org.br\/conventosantoantonio\/?s={search_term_string}"},"query-input":"required name=search_term_string"}],"inLanguage":"pt-BR"},{"@type":"WebPage","@id":"https:\/\/franciscanos.org.br\/conventosantoantonio\/fraternidade-do-convento-recorda-a-participacao-franciscana-no-dia-do-fico\/","url":"https:\/\/franciscanos.org.br\/conventosantoantonio\/fraternidade-do-convento-recorda-a-participacao-franciscana-no-dia-do-fico\/","name":"Fraternidade do Convento recorda a participa\u00e7\u00e3o franciscana no \u201cDia do Fico\u201d - Convento Santo Ant\u00f4nio- Franciscanos","isPartOf":{"@id":"https:\/\/franciscanos.org.br\/conventosantoantonio\/#website"},"datePublished":"2022-08-27T22:57:57+00:00","dateModified":"2022-08-27T23:01:45+00:00","author":{"@id":"https:\/\/franciscanos.org.br\/conventosantoantonio\/#\/schema\/person\/6c6c778405325adf8609b4e366788e19"},"breadcrumb":{"@id":"https:\/\/franciscanos.org.br\/conventosantoantonio\/fraternidade-do-convento-recorda-a-participacao-franciscana-no-dia-do-fico\/#breadcrumb"},"inLanguage":"pt-BR","potentialAction":[{"@type":"ReadAction","target":["https:\/\/franciscanos.org.br\/conventosantoantonio\/fraternidade-do-convento-recorda-a-participacao-franciscana-no-dia-do-fico\/"]}]},{"@type":"BreadcrumbList","@id":"https:\/\/franciscanos.org.br\/conventosantoantonio\/fraternidade-do-convento-recorda-a-participacao-franciscana-no-dia-do-fico\/#breadcrumb","itemListElement":[{"@type":"ListItem","position":1,"name":"Home","item":"https:\/\/franciscanos.org.br\/conventosantoantonio\/"},{"@type":"ListItem","position":2,"name":"Fraternidade do Convento recorda a participa\u00e7\u00e3o franciscana no \u201cDia do Fico\u201d"}]},{"@type":"Person","@id":"https:\/\/franciscanos.org.br\/conventosantoantonio\/#\/schema\/person\/6c6c778405325adf8609b4e366788e19","name":"Frei Augusto Luiz Gabriel","image":{"@type":"ImageObject","inLanguage":"pt-BR","@id":"https:\/\/franciscanos.org.br\/conventosantoantonio\/#\/schema\/person\/image\/","url":"https:\/\/secure.gravatar.com\/avatar\/9840b940e621801b24f3e6b059efb4b7?s=96&d=mm&r=g","contentUrl":"https:\/\/secure.gravatar.com\/avatar\/9840b940e621801b24f3e6b059efb4b7?s=96&d=mm&r=g","caption":"Frei Augusto Luiz Gabriel"},"url":"https:\/\/franciscanos.org.br\/conventosantoantonio\/author\/freiaugusto\/"}]}},"_links":{"self":[{"href":"https:\/\/franciscanos.org.br\/conventosantoantonio\/wp-json\/wp\/v2\/posts\/188383"}],"collection":[{"href":"https:\/\/franciscanos.org.br\/conventosantoantonio\/wp-json\/wp\/v2\/posts"}],"about":[{"href":"https:\/\/franciscanos.org.br\/conventosantoantonio\/wp-json\/wp\/v2\/types\/post"}],"author":[{"embeddable":true,"href":"https:\/\/franciscanos.org.br\/conventosantoantonio\/wp-json\/wp\/v2\/users\/10"}],"replies":[{"embeddable":true,"href":"https:\/\/franciscanos.org.br\/conventosantoantonio\/wp-json\/wp\/v2\/comments?post=188383"}],"version-history":[{"count":2,"href":"https:\/\/franciscanos.org.br\/conventosantoantonio\/wp-json\/wp\/v2\/posts\/188383\/revisions"}],"predecessor-version":[{"id":188389,"href":"https:\/\/franciscanos.org.br\/conventosantoantonio\/wp-json\/wp\/v2\/posts\/188383\/revisions\/188389"}],"wp:featuredmedia":[{"embeddable":true,"href":"https:\/\/franciscanos.org.br\/conventosantoantonio\/wp-json\/wp\/v2\/media\/188384"}],"wp:attachment":[{"href":"https:\/\/franciscanos.org.br\/conventosantoantonio\/wp-json\/wp\/v2\/media?parent=188383"}],"wp:term":[{"taxonomy":"category","embeddable":true,"href":"https:\/\/franciscanos.org.br\/conventosantoantonio\/wp-json\/wp\/v2\/categories?post=188383"},{"taxonomy":"post_tag","embeddable":true,"href":"https:\/\/franciscanos.org.br\/conventosantoantonio\/wp-json\/wp\/v2\/tags?post=188383"}],"curies":[{"name":"wp","href":"https:\/\/api.w.org\/{rel}","templated":true}]}}