{"id":188357,"date":"2022-08-05T07:48:45","date_gmt":"2022-08-05T10:48:45","guid":{"rendered":"https:\/\/franciscanos.org.br\/conventosantoantonio\/?p=188357"},"modified":"2022-08-05T07:48:45","modified_gmt":"2022-08-05T10:48:45","slug":"clara-por-claras-santa-clara-e-o-evangelho","status":"publish","type":"post","link":"https:\/\/franciscanos.org.br\/conventosantoantonio\/clara-por-claras-santa-clara-e-o-evangelho\/","title":{"rendered":"Clara por Claras | Santa Clara e o Evangelho #03"},"content":{"rendered":"<p>Na s\u00e9rie, &#8220;Clara por Claras&#8221;, Irm\u00e3 Maria Jos\u00e9 de Jesus Crucificado fala sobre a vig\u00eancia do Evangelho no Mosteiro das Irm\u00e3s Clarissas, sob inspira\u00e7\u00e3o de Santa Clara de Assis.<\/p>\n","protected":false},"excerpt":{"rendered":"<p>Clara por Claras, III edi\u00e7\u00e3o<\/p>\n","protected":false},"author":10,"featured_media":0,"comment_status":"open","ping_status":"open","sticky":false,"template":"","format":"standard","meta":[],"categories":[349],"tags":[363,364],"yoast_head":"<!-- This site is optimized with the Yoast SEO plugin v19.4 - https:\/\/yoast.com\/wordpress\/plugins\/seo\/ -->\n<title>Clara por Claras | Santa Clara e o Evangelho #03 - Convento Santo Ant\u00f4nio- Franciscanos<\/title>\n<meta name=\"robots\" content=\"index, follow, max-snippet:-1, max-image-preview:large, max-video-preview:-1\" \/>\n<link rel=\"canonical\" href=\"https:\/\/franciscanos.org.br\/conventosantoantonio\/clara-por-claras-santa-clara-e-o-evangelho\/\" \/>\n<meta property=\"og:locale\" content=\"pt_BR\" \/>\n<meta property=\"og:type\" content=\"article\" \/>\n<meta property=\"og:title\" content=\"Clara por Claras | Santa Clara e o Evangelho #03 - Convento Santo Ant\u00f4nio- Franciscanos\" \/>\n<meta property=\"og:description\" content=\"Clara por Claras, III edi\u00e7\u00e3o\" \/>\n<meta property=\"og:url\" content=\"https:\/\/franciscanos.org.br\/conventosantoantonio\/clara-por-claras-santa-clara-e-o-evangelho\/\" \/>\n<meta property=\"og:site_name\" content=\"Convento Santo Ant\u00f4nio- Franciscanos\" \/>\n<meta property=\"article:published_time\" content=\"2022-08-05T10:48:45+00:00\" \/>\n<meta name=\"author\" content=\"Frei Augusto Luiz Gabriel\" \/>\n<meta name=\"twitter:card\" content=\"summary_large_image\" \/>\n<meta name=\"twitter:label1\" content=\"Escrito por\" \/>\n\t<meta name=\"twitter:data1\" content=\"Frei Augusto Luiz Gabriel\" \/>\n\t<meta name=\"twitter:label2\" content=\"Est. tempo de leitura\" \/>\n\t<meta name=\"twitter:data2\" content=\"1 minuto\" \/>\n<script type=\"application\/ld+json\" class=\"yoast-schema-graph\">{\"@context\":\"https:\/\/schema.org\",\"@graph\":[{\"@type\":\"WebSite\",\"@id\":\"https:\/\/franciscanos.org.br\/conventosantoantonio\/#website\",\"url\":\"https:\/\/franciscanos.org.br\/conventosantoantonio\/\",\"name\":\"Convento Santo Ant\u00f4nio- Franciscanos\",\"description\":\"Prov\u00edncia Franciscana da Imaculada Concei\u00e7\u00e3o do Brasil - Ordem dos Frades Menores\",\"potentialAction\":[{\"@type\":\"SearchAction\",\"target\":{\"@type\":\"EntryPoint\",\"urlTemplate\":\"https:\/\/franciscanos.org.br\/conventosantoantonio\/?s={search_term_string}\"},\"query-input\":\"required name=search_term_string\"}],\"inLanguage\":\"pt-BR\"},{\"@type\":\"WebPage\",\"@id\":\"https:\/\/franciscanos.org.br\/conventosantoantonio\/clara-por-claras-santa-clara-e-o-evangelho\/\",\"url\":\"https:\/\/franciscanos.org.br\/conventosantoantonio\/clara-por-claras-santa-clara-e-o-evangelho\/\",\"name\":\"Clara por Claras | Santa Clara e o Evangelho #03 - Convento Santo Ant\u00f4nio- Franciscanos\",\"isPartOf\":{\"@id\":\"https:\/\/franciscanos.org.br\/conventosantoantonio\/#website\"},\"datePublished\":\"2022-08-05T10:48:45+00:00\",\"dateModified\":\"2022-08-05T10:48:45+00:00\",\"author\":{\"@id\":\"https:\/\/franciscanos.org.br\/conventosantoantonio\/#\/schema\/person\/6c6c778405325adf8609b4e366788e19\"},\"breadcrumb\":{\"@id\":\"https:\/\/franciscanos.org.br\/conventosantoantonio\/clara-por-claras-santa-clara-e-o-evangelho\/#breadcrumb\"},\"inLanguage\":\"pt-BR\",\"potentialAction\":[{\"@type\":\"ReadAction\",\"target\":[\"https:\/\/franciscanos.org.br\/conventosantoantonio\/clara-por-claras-santa-clara-e-o-evangelho\/\"]}]},{\"@type\":\"BreadcrumbList\",\"@id\":\"https:\/\/franciscanos.org.br\/conventosantoantonio\/clara-por-claras-santa-clara-e-o-evangelho\/#breadcrumb\",\"itemListElement\":[{\"@type\":\"ListItem\",\"position\":1,\"name\":\"Home\",\"item\":\"https:\/\/franciscanos.org.br\/conventosantoantonio\/\"},{\"@type\":\"ListItem\",\"position\":2,\"name\":\"Clara por Claras | Santa Clara e o Evangelho #03\"}]},{\"@type\":\"Person\",\"@id\":\"https:\/\/franciscanos.org.br\/conventosantoantonio\/#\/schema\/person\/6c6c778405325adf8609b4e366788e19\",\"name\":\"Frei Augusto Luiz Gabriel\",\"image\":{\"@type\":\"ImageObject\",\"inLanguage\":\"pt-BR\",\"@id\":\"https:\/\/franciscanos.org.br\/conventosantoantonio\/#\/schema\/person\/image\/\",\"url\":\"https:\/\/secure.gravatar.com\/avatar\/9840b940e621801b24f3e6b059efb4b7?s=96&d=mm&r=g\",\"contentUrl\":\"https:\/\/secure.gravatar.com\/avatar\/9840b940e621801b24f3e6b059efb4b7?s=96&d=mm&r=g\",\"caption\":\"Frei Augusto Luiz Gabriel\"},\"url\":\"https:\/\/franciscanos.org.br\/conventosantoantonio\/author\/freiaugusto\/\"}]}<\/script>\n<!-- \/ Yoast SEO plugin. -->","yoast_head_json":{"title":"Clara por Claras | Santa Clara e o Evangelho #03 - Convento Santo Ant\u00f4nio- Franciscanos","robots":{"index":"index","follow":"follow","max-snippet":"max-snippet:-1","max-image-preview":"max-image-preview:large","max-video-preview":"max-video-preview:-1"},"canonical":"https:\/\/franciscanos.org.br\/conventosantoantonio\/clara-por-claras-santa-clara-e-o-evangelho\/","og_locale":"pt_BR","og_type":"article","og_title":"Clara por Claras | Santa Clara e o Evangelho #03 - Convento Santo Ant\u00f4nio- Franciscanos","og_description":"Clara por Claras, III edi\u00e7\u00e3o","og_url":"https:\/\/franciscanos.org.br\/conventosantoantonio\/clara-por-claras-santa-clara-e-o-evangelho\/","og_site_name":"Convento Santo Ant\u00f4nio- Franciscanos","article_published_time":"2022-08-05T10:48:45+00:00","author":"Frei Augusto Luiz Gabriel","twitter_card":"summary_large_image","twitter_misc":{"Escrito por":"Frei Augusto Luiz Gabriel","Est. tempo de leitura":"1 minuto"},"schema":{"@context":"https:\/\/schema.org","@graph":[{"@type":"WebSite","@id":"https:\/\/franciscanos.org.br\/conventosantoantonio\/#website","url":"https:\/\/franciscanos.org.br\/conventosantoantonio\/","name":"Convento Santo Ant\u00f4nio- Franciscanos","description":"Prov\u00edncia Franciscana da Imaculada Concei\u00e7\u00e3o do Brasil - Ordem dos Frades Menores","potentialAction":[{"@type":"SearchAction","target":{"@type":"EntryPoint","urlTemplate":"https:\/\/franciscanos.org.br\/conventosantoantonio\/?s={search_term_string}"},"query-input":"required name=search_term_string"}],"inLanguage":"pt-BR"},{"@type":"WebPage","@id":"https:\/\/franciscanos.org.br\/conventosantoantonio\/clara-por-claras-santa-clara-e-o-evangelho\/","url":"https:\/\/franciscanos.org.br\/conventosantoantonio\/clara-por-claras-santa-clara-e-o-evangelho\/","name":"Clara por Claras | Santa Clara e o Evangelho #03 - Convento Santo Ant\u00f4nio- Franciscanos","isPartOf":{"@id":"https:\/\/franciscanos.org.br\/conventosantoantonio\/#website"},"datePublished":"2022-08-05T10:48:45+00:00","dateModified":"2022-08-05T10:48:45+00:00","author":{"@id":"https:\/\/franciscanos.org.br\/conventosantoantonio\/#\/schema\/person\/6c6c778405325adf8609b4e366788e19"},"breadcrumb":{"@id":"https:\/\/franciscanos.org.br\/conventosantoantonio\/clara-por-claras-santa-clara-e-o-evangelho\/#breadcrumb"},"inLanguage":"pt-BR","potentialAction":[{"@type":"ReadAction","target":["https:\/\/franciscanos.org.br\/conventosantoantonio\/clara-por-claras-santa-clara-e-o-evangelho\/"]}]},{"@type":"BreadcrumbList","@id":"https:\/\/franciscanos.org.br\/conventosantoantonio\/clara-por-claras-santa-clara-e-o-evangelho\/#breadcrumb","itemListElement":[{"@type":"ListItem","position":1,"name":"Home","item":"https:\/\/franciscanos.org.br\/conventosantoantonio\/"},{"@type":"ListItem","position":2,"name":"Clara por Claras | Santa Clara e o Evangelho #03"}]},{"@type":"Person","@id":"https:\/\/franciscanos.org.br\/conventosantoantonio\/#\/schema\/person\/6c6c778405325adf8609b4e366788e19","name":"Frei Augusto Luiz Gabriel","image":{"@type":"ImageObject","inLanguage":"pt-BR","@id":"https:\/\/franciscanos.org.br\/conventosantoantonio\/#\/schema\/person\/image\/","url":"https:\/\/secure.gravatar.com\/avatar\/9840b940e621801b24f3e6b059efb4b7?s=96&d=mm&r=g","contentUrl":"https:\/\/secure.gravatar.com\/avatar\/9840b940e621801b24f3e6b059efb4b7?s=96&d=mm&r=g","caption":"Frei Augusto Luiz Gabriel"},"url":"https:\/\/franciscanos.org.br\/conventosantoantonio\/author\/freiaugusto\/"}]}},"_links":{"self":[{"href":"https:\/\/franciscanos.org.br\/conventosantoantonio\/wp-json\/wp\/v2\/posts\/188357"}],"collection":[{"href":"https:\/\/franciscanos.org.br\/conventosantoantonio\/wp-json\/wp\/v2\/posts"}],"about":[{"href":"https:\/\/franciscanos.org.br\/conventosantoantonio\/wp-json\/wp\/v2\/types\/post"}],"author":[{"embeddable":true,"href":"https:\/\/franciscanos.org.br\/conventosantoantonio\/wp-json\/wp\/v2\/users\/10"}],"replies":[{"embeddable":true,"href":"https:\/\/franciscanos.org.br\/conventosantoantonio\/wp-json\/wp\/v2\/comments?post=188357"}],"version-history":[{"count":1,"href":"https:\/\/franciscanos.org.br\/conventosantoantonio\/wp-json\/wp\/v2\/posts\/188357\/revisions"}],"predecessor-version":[{"id":188358,"href":"https:\/\/franciscanos.org.br\/conventosantoantonio\/wp-json\/wp\/v2\/posts\/188357\/revisions\/188358"}],"wp:attachment":[{"href":"https:\/\/franciscanos.org.br\/conventosantoantonio\/wp-json\/wp\/v2\/media?parent=188357"}],"wp:term":[{"taxonomy":"category","embeddable":true,"href":"https:\/\/franciscanos.org.br\/conventosantoantonio\/wp-json\/wp\/v2\/categories?post=188357"},{"taxonomy":"post_tag","embeddable":true,"href":"https:\/\/franciscanos.org.br\/conventosantoantonio\/wp-json\/wp\/v2\/tags?post=188357"}],"curies":[{"name":"wp","href":"https:\/\/api.w.org\/{rel}","templated":true}]}}