{"id":188302,"date":"2022-07-26T13:44:05","date_gmt":"2022-07-26T16:44:05","guid":{"rendered":"https:\/\/franciscanos.org.br\/conventosantoantonio\/?p=188302"},"modified":"2022-08-03T08:10:58","modified_gmt":"2022-08-03T11:10:58","slug":"convento-santo-antonio-inaugura-novo-sistema-de-transmissao","status":"publish","type":"post","link":"https:\/\/franciscanos.org.br\/conventosantoantonio\/convento-santo-antonio-inaugura-novo-sistema-de-transmissao\/","title":{"rendered":"Convento Santo Ant\u00f4nio inaugura novo sistema de transmiss\u00e3o"},"content":{"rendered":"<p><img loading=\"lazy\" class=\"alignnone wp-image-188306 size-full\" src=\"https:\/\/franciscanos.org.br\/conventosantoantonio\/wp-content\/uploads\/2022\/07\/convento_260722.jpg\" alt=\"\" width=\"1280\" height=\"750\" srcset=\"https:\/\/franciscanos.org.br\/conventosantoantonio\/wp-content\/uploads\/2022\/07\/convento_260722.jpg 1280w, https:\/\/franciscanos.org.br\/conventosantoantonio\/wp-content\/uploads\/2022\/07\/convento_260722-450x264.jpg 450w, https:\/\/franciscanos.org.br\/conventosantoantonio\/wp-content\/uploads\/2022\/07\/convento_260722-1024x600.jpg 1024w, https:\/\/franciscanos.org.br\/conventosantoantonio\/wp-content\/uploads\/2022\/07\/convento_260722-768x450.jpg 768w, https:\/\/franciscanos.org.br\/conventosantoantonio\/wp-content\/uploads\/2022\/07\/convento_260722-150x88.jpg 150w\" sizes=\"(max-width: 1280px) 100vw, 1280px\" \/><\/p>\n<p style=\"font-weight: 400;\"><strong>Rio de Janeiro (RJ) \u2013 <\/strong>Quem passa pelo Largo da Carioca do Rio de Janeiro (RJ) e olha para o morro Santo Ant\u00f4nio, avista de longe o belo, majestoso e imponente Convento dos Frades Menores Franciscanos que se destaca entre pr\u00e9dios e constru\u00e7\u00f5es. E, a partir desta ter\u00e7a-feira (26\/07), o Convento que teve um importante papel na pol\u00edtica da Independ\u00eancia do Brasil, apresenta aos fi\u00e9is seu mais novo e moderno sistema de transmiss\u00e3o pela internet. Agora, de suas casas ou de onde estiver, os devotos do santo franciscano podem acompanhar e visualizar o Convento com uma maior qualidade nas transmiss\u00f5es.<\/p>\n<p style=\"font-weight: 400;\">Desde o in\u00edcio deste ano os frades estudam meios e maneiras de modernizar os equipamentos. Por\u00e9m, foi durante todo este m\u00eas de julho, que se colocou em pr\u00e1tica o que se planejava. Por isso, para celebrar t\u00e3o grande feito, a Celebra\u00e7\u00e3o Eucar\u00edstica das 12h foi tamb\u00e9m para inaugurar este novo ve\u00edculo de comunica\u00e7\u00e3o. No entanto, h\u00e1 quase uma semana testes est\u00e3o sendo realizados para analisar ainda mais aquilo que se quer comunicar.<\/p>\n<p><img loading=\"lazy\" class=\"alignnone wp-image-188307 size-full\" src=\"https:\/\/franciscanos.org.br\/conventosantoantonio\/wp-content\/uploads\/2022\/07\/convento_260722_2.jpg\" alt=\"\" width=\"1280\" height=\"750\" srcset=\"https:\/\/franciscanos.org.br\/conventosantoantonio\/wp-content\/uploads\/2022\/07\/convento_260722_2.jpg 1280w, https:\/\/franciscanos.org.br\/conventosantoantonio\/wp-content\/uploads\/2022\/07\/convento_260722_2-450x264.jpg 450w, https:\/\/franciscanos.org.br\/conventosantoantonio\/wp-content\/uploads\/2022\/07\/convento_260722_2-1024x600.jpg 1024w, https:\/\/franciscanos.org.br\/conventosantoantonio\/wp-content\/uploads\/2022\/07\/convento_260722_2-768x450.jpg 768w, https:\/\/franciscanos.org.br\/conventosantoantonio\/wp-content\/uploads\/2022\/07\/convento_260722_2-150x88.jpg 150w\" sizes=\"(max-width: 1280px) 100vw, 1280px\" \/><\/p>\n<p style=\"font-weight: 400;\">O Vig\u00e1rio Provincial, Frei Gustavo Medella, explica que \u00e9 uma forma de qualificar ainda mais a miss\u00e3o evangelizadora do Convento Santo Ant\u00f4nio. \u201cQuando melhoramos a qualidade do som e da imagem de nossas transmiss\u00f5es, podemos levar mais longe, com mais clareza e a mais pessoas a for\u00e7a da hist\u00f3ria, da f\u00e9 e da devo\u00e7\u00e3o que este lugar transmite. Certamente \u00e9 mais uma forma de Santo Ant\u00f4nio se fazer presente e pr\u00f3ximo na vida do povo devoto, que encontra nele um verdadeiro amigo. Nosso sonho maior \u00e9 que a mensagem do Evangelho chegue longe e chegue bem, com qualidade no conte\u00fado e na forma, fiel \u00e0 proposta de Nosso Senhor Jesus Cristo\u201d, ressaltou.<\/p>\n<p style=\"font-weight: 400;\">O Guardi\u00e3o do Convento, Frei Walter Ferreira Junior, afirma que desde o in\u00edcio da pandemia o Convento se esfor\u00e7ou para estar presente nestes meios digitais, no entanto, ressalta a necessidade de aprimorar aquilo que at\u00e9 ent\u00e3o vinha sendo desenvolvido. \u201cNossa Igreja \u00e9 linda e hist\u00f3rica, por\u00e9m, a gente precisava melhorar a nossa imagem. A principal import\u00e2ncia \u00e9 melhorar o som e a imagem, para que assim as nossas transmiss\u00f5es fossem completas, em \u00e1udio, v\u00eddeo e tamb\u00e9m na ora\u00e7\u00e3o\u201d, destacou.<\/p>\n<p><img loading=\"lazy\" class=\"alignnone wp-image-188308 size-full\" src=\"https:\/\/franciscanos.org.br\/conventosantoantonio\/wp-content\/uploads\/2022\/07\/convento_260722_3.jpg\" alt=\"\" width=\"1280\" height=\"750\" srcset=\"https:\/\/franciscanos.org.br\/conventosantoantonio\/wp-content\/uploads\/2022\/07\/convento_260722_3.jpg 1280w, https:\/\/franciscanos.org.br\/conventosantoantonio\/wp-content\/uploads\/2022\/07\/convento_260722_3-450x264.jpg 450w, https:\/\/franciscanos.org.br\/conventosantoantonio\/wp-content\/uploads\/2022\/07\/convento_260722_3-1024x600.jpg 1024w, https:\/\/franciscanos.org.br\/conventosantoantonio\/wp-content\/uploads\/2022\/07\/convento_260722_3-768x450.jpg 768w, https:\/\/franciscanos.org.br\/conventosantoantonio\/wp-content\/uploads\/2022\/07\/convento_260722_3-150x88.jpg 150w\" sizes=\"(max-width: 1280px) 100vw, 1280px\" \/><\/p>\n<p style=\"font-weight: 400;\">Frei Walter explica que este \u00e9 mais um passo importante no processo de revitaliza\u00e7\u00e3o do Convento Santo Ant\u00f4nio, que no \u00faltimo m\u00eas de junho completou 414 anos. \u201cEsse passo \u00e9 sim muito importante pois ele \u00e9 um marco hist\u00f3rico da comunica\u00e7\u00e3o do Convento Santo Ant\u00f4nio com o mundo. A gente est\u00e1 restaurando as paredes, os objetos, mas tamb\u00e9m restaurando a nossa imagem que hoje se mostra t\u00e3o necess\u00e1ria e importante\u201d.<\/p>\n<p style=\"font-weight: 400;\">Para Frei Walter, vale lembrar tudo isso nasceu com a pandemia. \u201cOs desafios de uma doen\u00e7a fizeram com que a gente entrasse nesse mundo da comunica\u00e7\u00e3o. Fomos for\u00e7ados a isso e vejo que hoje n\u00e3o tem como ser diferente. Hoje, queria ou n\u00e3o, pessoas simples e humildes nos acompanham de casa. Por isso, \u00e9 um marco importante do Convento para o mundo, em especial para o nosso povo do Largo da Carioca e do Rio de Janeiro\u201d, disse, com um sorriso no rosto.<\/p>\n<p><img loading=\"lazy\" class=\"alignnone wp-image-188311 size-full\" src=\"https:\/\/franciscanos.org.br\/conventosantoantonio\/wp-content\/uploads\/2022\/07\/convento_260722_4.jpg\" alt=\"\" width=\"1280\" height=\"750\" srcset=\"https:\/\/franciscanos.org.br\/conventosantoantonio\/wp-content\/uploads\/2022\/07\/convento_260722_4.jpg 1280w, https:\/\/franciscanos.org.br\/conventosantoantonio\/wp-content\/uploads\/2022\/07\/convento_260722_4-450x264.jpg 450w, https:\/\/franciscanos.org.br\/conventosantoantonio\/wp-content\/uploads\/2022\/07\/convento_260722_4-1024x600.jpg 1024w, https:\/\/franciscanos.org.br\/conventosantoantonio\/wp-content\/uploads\/2022\/07\/convento_260722_4-768x450.jpg 768w, https:\/\/franciscanos.org.br\/conventosantoantonio\/wp-content\/uploads\/2022\/07\/convento_260722_4-150x88.jpg 150w\" sizes=\"(max-width: 1280px) 100vw, 1280px\" \/><\/p>\n<p style=\"font-weight: 400;\">Diariamente as Celebra\u00e7\u00f5es Eucar\u00edsticas contam com transmiss\u00e3o ao vivo. De segunda a sexta, \u00e0s 12h e 18h. Aos s\u00e1bados e domingos, \u00e0s 10h. \u201cEsperamos no decorrer do tempo ampliarmos ainda mais os nossos hor\u00e1rios\u201d, disse o guardi\u00e3o. \u201cVenha participar conosco destes momentos t\u00e3o importantes. Venha visitar o nosso convento. Ser\u00e1 uma alegria muito grande t\u00ea-los juntos de n\u00f3s. Cada um que por aqui passar com certeza levar\u00e1 uma b\u00ean\u00e7\u00e3o, uma mensagem, um abra\u00e7o. Que o Esp\u00edrito Santo de Deus continue iluminando voc\u00ea de onde estiver. Seja bem-vindo ao nosso Convento de Santo Ant\u00f4nio\u201d, convida e deseja Frei Walter.<\/p>\n<hr \/>\n<p style=\"font-weight: 400;\"><em>Frei Augusto Luiz Gabriel<\/em><\/p>\n","protected":false},"excerpt":{"rendered":"<p>Frente de Evangeliza\u00e7\u00e3o da Comunica\u00e7\u00e3o<\/p>\n","protected":false},"author":10,"featured_media":188306,"comment_status":"open","ping_status":"open","sticky":false,"template":"","format":"standard","meta":[],"categories":[105],"tags":[361,357],"yoast_head":"<!-- This site is optimized with the Yoast SEO plugin v19.4 - https:\/\/yoast.com\/wordpress\/plugins\/seo\/ -->\n<title>Convento Santo Ant\u00f4nio inaugura novo sistema de transmiss\u00e3o - Convento Santo Ant\u00f4nio- Franciscanos<\/title>\n<meta name=\"robots\" content=\"index, follow, max-snippet:-1, max-image-preview:large, max-video-preview:-1\" \/>\n<link rel=\"canonical\" href=\"https:\/\/franciscanos.org.br\/conventosantoantonio\/convento-santo-antonio-inaugura-novo-sistema-de-transmissao\/\" \/>\n<meta property=\"og:locale\" content=\"pt_BR\" \/>\n<meta property=\"og:type\" content=\"article\" \/>\n<meta property=\"og:title\" content=\"Convento Santo Ant\u00f4nio inaugura novo sistema de transmiss\u00e3o - Convento Santo Ant\u00f4nio- Franciscanos\" \/>\n<meta property=\"og:description\" content=\"Frente de Evangeliza\u00e7\u00e3o da Comunica\u00e7\u00e3o\" \/>\n<meta property=\"og:url\" content=\"https:\/\/franciscanos.org.br\/conventosantoantonio\/convento-santo-antonio-inaugura-novo-sistema-de-transmissao\/\" \/>\n<meta property=\"og:site_name\" content=\"Convento Santo Ant\u00f4nio- Franciscanos\" \/>\n<meta property=\"article:published_time\" content=\"2022-07-26T16:44:05+00:00\" \/>\n<meta property=\"article:modified_time\" content=\"2022-08-03T11:10:58+00:00\" \/>\n<meta property=\"og:image\" content=\"https:\/\/franciscanos.org.br\/conventosantoantonio\/wp-content\/uploads\/2022\/07\/convento_260722.jpg\" \/>\n\t<meta property=\"og:image:width\" content=\"1280\" \/>\n\t<meta property=\"og:image:height\" content=\"750\" \/>\n\t<meta property=\"og:image:type\" content=\"image\/jpeg\" \/>\n<meta name=\"author\" content=\"Frei Augusto Luiz Gabriel\" \/>\n<meta name=\"twitter:card\" content=\"summary_large_image\" \/>\n<meta name=\"twitter:label1\" content=\"Escrito por\" \/>\n\t<meta name=\"twitter:data1\" content=\"Frei Augusto Luiz Gabriel\" \/>\n\t<meta name=\"twitter:label2\" content=\"Est. tempo de leitura\" \/>\n\t<meta name=\"twitter:data2\" content=\"3 minutos\" \/>\n<script type=\"application\/ld+json\" class=\"yoast-schema-graph\">{\"@context\":\"https:\/\/schema.org\",\"@graph\":[{\"@type\":\"WebSite\",\"@id\":\"https:\/\/franciscanos.org.br\/conventosantoantonio\/#website\",\"url\":\"https:\/\/franciscanos.org.br\/conventosantoantonio\/\",\"name\":\"Convento Santo Ant\u00f4nio- Franciscanos\",\"description\":\"Prov\u00edncia Franciscana da Imaculada Concei\u00e7\u00e3o do Brasil - Ordem dos Frades Menores\",\"potentialAction\":[{\"@type\":\"SearchAction\",\"target\":{\"@type\":\"EntryPoint\",\"urlTemplate\":\"https:\/\/franciscanos.org.br\/conventosantoantonio\/?s={search_term_string}\"},\"query-input\":\"required name=search_term_string\"}],\"inLanguage\":\"pt-BR\"},{\"@type\":\"WebPage\",\"@id\":\"https:\/\/franciscanos.org.br\/conventosantoantonio\/convento-santo-antonio-inaugura-novo-sistema-de-transmissao\/\",\"url\":\"https:\/\/franciscanos.org.br\/conventosantoantonio\/convento-santo-antonio-inaugura-novo-sistema-de-transmissao\/\",\"name\":\"Convento Santo Ant\u00f4nio inaugura novo sistema de transmiss\u00e3o - Convento Santo Ant\u00f4nio- Franciscanos\",\"isPartOf\":{\"@id\":\"https:\/\/franciscanos.org.br\/conventosantoantonio\/#website\"},\"datePublished\":\"2022-07-26T16:44:05+00:00\",\"dateModified\":\"2022-08-03T11:10:58+00:00\",\"author\":{\"@id\":\"https:\/\/franciscanos.org.br\/conventosantoantonio\/#\/schema\/person\/6c6c778405325adf8609b4e366788e19\"},\"breadcrumb\":{\"@id\":\"https:\/\/franciscanos.org.br\/conventosantoantonio\/convento-santo-antonio-inaugura-novo-sistema-de-transmissao\/#breadcrumb\"},\"inLanguage\":\"pt-BR\",\"potentialAction\":[{\"@type\":\"ReadAction\",\"target\":[\"https:\/\/franciscanos.org.br\/conventosantoantonio\/convento-santo-antonio-inaugura-novo-sistema-de-transmissao\/\"]}]},{\"@type\":\"BreadcrumbList\",\"@id\":\"https:\/\/franciscanos.org.br\/conventosantoantonio\/convento-santo-antonio-inaugura-novo-sistema-de-transmissao\/#breadcrumb\",\"itemListElement\":[{\"@type\":\"ListItem\",\"position\":1,\"name\":\"Home\",\"item\":\"https:\/\/franciscanos.org.br\/conventosantoantonio\/\"},{\"@type\":\"ListItem\",\"position\":2,\"name\":\"Convento Santo Ant\u00f4nio inaugura novo sistema de transmiss\u00e3o\"}]},{\"@type\":\"Person\",\"@id\":\"https:\/\/franciscanos.org.br\/conventosantoantonio\/#\/schema\/person\/6c6c778405325adf8609b4e366788e19\",\"name\":\"Frei Augusto Luiz Gabriel\",\"image\":{\"@type\":\"ImageObject\",\"inLanguage\":\"pt-BR\",\"@id\":\"https:\/\/franciscanos.org.br\/conventosantoantonio\/#\/schema\/person\/image\/\",\"url\":\"https:\/\/secure.gravatar.com\/avatar\/9840b940e621801b24f3e6b059efb4b7?s=96&d=mm&r=g\",\"contentUrl\":\"https:\/\/secure.gravatar.com\/avatar\/9840b940e621801b24f3e6b059efb4b7?s=96&d=mm&r=g\",\"caption\":\"Frei Augusto Luiz Gabriel\"},\"url\":\"https:\/\/franciscanos.org.br\/conventosantoantonio\/author\/freiaugusto\/\"}]}<\/script>\n<!-- \/ Yoast SEO plugin. -->","yoast_head_json":{"title":"Convento Santo Ant\u00f4nio inaugura novo sistema de transmiss\u00e3o - Convento Santo Ant\u00f4nio- Franciscanos","robots":{"index":"index","follow":"follow","max-snippet":"max-snippet:-1","max-image-preview":"max-image-preview:large","max-video-preview":"max-video-preview:-1"},"canonical":"https:\/\/franciscanos.org.br\/conventosantoantonio\/convento-santo-antonio-inaugura-novo-sistema-de-transmissao\/","og_locale":"pt_BR","og_type":"article","og_title":"Convento Santo Ant\u00f4nio inaugura novo sistema de transmiss\u00e3o - Convento Santo Ant\u00f4nio- Franciscanos","og_description":"Frente de Evangeliza\u00e7\u00e3o da Comunica\u00e7\u00e3o","og_url":"https:\/\/franciscanos.org.br\/conventosantoantonio\/convento-santo-antonio-inaugura-novo-sistema-de-transmissao\/","og_site_name":"Convento Santo Ant\u00f4nio- Franciscanos","article_published_time":"2022-07-26T16:44:05+00:00","article_modified_time":"2022-08-03T11:10:58+00:00","og_image":[{"width":1280,"height":750,"url":"https:\/\/franciscanos.org.br\/conventosantoantonio\/wp-content\/uploads\/2022\/07\/convento_260722.jpg","type":"image\/jpeg"}],"author":"Frei Augusto Luiz Gabriel","twitter_card":"summary_large_image","twitter_misc":{"Escrito por":"Frei Augusto Luiz Gabriel","Est. tempo de leitura":"3 minutos"},"schema":{"@context":"https:\/\/schema.org","@graph":[{"@type":"WebSite","@id":"https:\/\/franciscanos.org.br\/conventosantoantonio\/#website","url":"https:\/\/franciscanos.org.br\/conventosantoantonio\/","name":"Convento Santo Ant\u00f4nio- Franciscanos","description":"Prov\u00edncia Franciscana da Imaculada Concei\u00e7\u00e3o do Brasil - Ordem dos Frades Menores","potentialAction":[{"@type":"SearchAction","target":{"@type":"EntryPoint","urlTemplate":"https:\/\/franciscanos.org.br\/conventosantoantonio\/?s={search_term_string}"},"query-input":"required name=search_term_string"}],"inLanguage":"pt-BR"},{"@type":"WebPage","@id":"https:\/\/franciscanos.org.br\/conventosantoantonio\/convento-santo-antonio-inaugura-novo-sistema-de-transmissao\/","url":"https:\/\/franciscanos.org.br\/conventosantoantonio\/convento-santo-antonio-inaugura-novo-sistema-de-transmissao\/","name":"Convento Santo Ant\u00f4nio inaugura novo sistema de transmiss\u00e3o - Convento Santo Ant\u00f4nio- Franciscanos","isPartOf":{"@id":"https:\/\/franciscanos.org.br\/conventosantoantonio\/#website"},"datePublished":"2022-07-26T16:44:05+00:00","dateModified":"2022-08-03T11:10:58+00:00","author":{"@id":"https:\/\/franciscanos.org.br\/conventosantoantonio\/#\/schema\/person\/6c6c778405325adf8609b4e366788e19"},"breadcrumb":{"@id":"https:\/\/franciscanos.org.br\/conventosantoantonio\/convento-santo-antonio-inaugura-novo-sistema-de-transmissao\/#breadcrumb"},"inLanguage":"pt-BR","potentialAction":[{"@type":"ReadAction","target":["https:\/\/franciscanos.org.br\/conventosantoantonio\/convento-santo-antonio-inaugura-novo-sistema-de-transmissao\/"]}]},{"@type":"BreadcrumbList","@id":"https:\/\/franciscanos.org.br\/conventosantoantonio\/convento-santo-antonio-inaugura-novo-sistema-de-transmissao\/#breadcrumb","itemListElement":[{"@type":"ListItem","position":1,"name":"Home","item":"https:\/\/franciscanos.org.br\/conventosantoantonio\/"},{"@type":"ListItem","position":2,"name":"Convento Santo Ant\u00f4nio inaugura novo sistema de transmiss\u00e3o"}]},{"@type":"Person","@id":"https:\/\/franciscanos.org.br\/conventosantoantonio\/#\/schema\/person\/6c6c778405325adf8609b4e366788e19","name":"Frei Augusto Luiz Gabriel","image":{"@type":"ImageObject","inLanguage":"pt-BR","@id":"https:\/\/franciscanos.org.br\/conventosantoantonio\/#\/schema\/person\/image\/","url":"https:\/\/secure.gravatar.com\/avatar\/9840b940e621801b24f3e6b059efb4b7?s=96&d=mm&r=g","contentUrl":"https:\/\/secure.gravatar.com\/avatar\/9840b940e621801b24f3e6b059efb4b7?s=96&d=mm&r=g","caption":"Frei Augusto Luiz Gabriel"},"url":"https:\/\/franciscanos.org.br\/conventosantoantonio\/author\/freiaugusto\/"}]}},"_links":{"self":[{"href":"https:\/\/franciscanos.org.br\/conventosantoantonio\/wp-json\/wp\/v2\/posts\/188302"}],"collection":[{"href":"https:\/\/franciscanos.org.br\/conventosantoantonio\/wp-json\/wp\/v2\/posts"}],"about":[{"href":"https:\/\/franciscanos.org.br\/conventosantoantonio\/wp-json\/wp\/v2\/types\/post"}],"author":[{"embeddable":true,"href":"https:\/\/franciscanos.org.br\/conventosantoantonio\/wp-json\/wp\/v2\/users\/10"}],"replies":[{"embeddable":true,"href":"https:\/\/franciscanos.org.br\/conventosantoantonio\/wp-json\/wp\/v2\/comments?post=188302"}],"version-history":[{"count":3,"href":"https:\/\/franciscanos.org.br\/conventosantoantonio\/wp-json\/wp\/v2\/posts\/188302\/revisions"}],"predecessor-version":[{"id":188312,"href":"https:\/\/franciscanos.org.br\/conventosantoantonio\/wp-json\/wp\/v2\/posts\/188302\/revisions\/188312"}],"wp:featuredmedia":[{"embeddable":true,"href":"https:\/\/franciscanos.org.br\/conventosantoantonio\/wp-json\/wp\/v2\/media\/188306"}],"wp:attachment":[{"href":"https:\/\/franciscanos.org.br\/conventosantoantonio\/wp-json\/wp\/v2\/media?parent=188302"}],"wp:term":[{"taxonomy":"category","embeddable":true,"href":"https:\/\/franciscanos.org.br\/conventosantoantonio\/wp-json\/wp\/v2\/categories?post=188302"},{"taxonomy":"post_tag","embeddable":true,"href":"https:\/\/franciscanos.org.br\/conventosantoantonio\/wp-json\/wp\/v2\/tags?post=188302"}],"curies":[{"name":"wp","href":"https:\/\/api.w.org\/{rel}","templated":true}]}}