{"id":188292,"date":"2022-07-19T10:24:53","date_gmt":"2022-07-19T13:24:53","guid":{"rendered":"https:\/\/franciscanos.org.br\/conventosantoantonio\/?p=188292"},"modified":"2022-08-03T08:11:05","modified_gmt":"2022-08-03T11:11:05","slug":"santo-antonio-nos-ensina-a-viver-o-dia-da-caridade","status":"publish","type":"post","link":"https:\/\/franciscanos.org.br\/conventosantoantonio\/santo-antonio-nos-ensina-a-viver-o-dia-da-caridade\/","title":{"rendered":"Santo Ant\u00f4nio nos ensina a viver o Dia da Caridade"},"content":{"rendered":"<p><img loading=\"lazy\" class=\"alignnone wp-image-188293 size-full\" src=\"https:\/\/franciscanos.org.br\/conventosantoantonio\/wp-content\/uploads\/2022\/07\/Dia-da-Caridade-1280-\u00d7-720-px.jpg\" alt=\"\" width=\"1920\" height=\"1080\" srcset=\"https:\/\/franciscanos.org.br\/conventosantoantonio\/wp-content\/uploads\/2022\/07\/Dia-da-Caridade-1280-\u00d7-720-px.jpg 1920w, https:\/\/franciscanos.org.br\/conventosantoantonio\/wp-content\/uploads\/2022\/07\/Dia-da-Caridade-1280-\u00d7-720-px-450x253.jpg 450w, https:\/\/franciscanos.org.br\/conventosantoantonio\/wp-content\/uploads\/2022\/07\/Dia-da-Caridade-1280-\u00d7-720-px-1024x576.jpg 1024w, https:\/\/franciscanos.org.br\/conventosantoantonio\/wp-content\/uploads\/2022\/07\/Dia-da-Caridade-1280-\u00d7-720-px-768x432.jpg 768w, https:\/\/franciscanos.org.br\/conventosantoantonio\/wp-content\/uploads\/2022\/07\/Dia-da-Caridade-1280-\u00d7-720-px-1536x864.jpg 1536w, https:\/\/franciscanos.org.br\/conventosantoantonio\/wp-content\/uploads\/2022\/07\/Dia-da-Caridade-1280-\u00d7-720-px-150x84.jpg 150w\" sizes=\"(max-width: 1920px) 100vw, 1920px\" \/><\/p>\n<p>No Brasil, desde 1966, o dia 19 de julho tornou-se oficialmente o Dia da Caridade, por decreto do ent\u00e3o presidente Humberto Castelo Branco. No entanto, para Santo Ant\u00f4nio, o assunto em quest\u00e3o j\u00e1 era uma preocupa\u00e7\u00e3o muito tempo antes.<\/p>\n<p>Dizem que Frei Ant\u00f4nio gostava de ajudar o m\u00e1ximo de pobres e pessoas que batiam \u00e0 porta do convento. E, certa vez, ele doou todos os p\u00e3es da despensa, inclusive os que os frades iriam comer naquele dia. O frei que cuidava da padaria ficou preocupado e perguntou para Frei Ant\u00f4nio o que eles iriam comer, e Frei Ant\u00f4nio disse para o frade dar novamente uma olhadinha nas cestas de p\u00e3es da cozinha. Milagrosamente, as cestas estavam cheias de p\u00e3es que serviram para alimentar os frades e os pobres. Este, a multiplica\u00e7\u00e3o do p\u00e3o dos pobres, \u00e9 um dos primeiros milagres atribu\u00eddos a Santo Ant\u00f4nio.<\/p>\n<p>Assim, nasceu a conhecida express\u00e3o \u201cP\u00e3o dos Pobres\u201d, uma antiga devo\u00e7\u00e3o a Santo Ant\u00f4nio. Por isso, toda ter\u00e7a-feira os fi\u00e9is e devotos do santo franciscano recorrem ao altar do Senhor para exercer a caridade, bem como para receberem as b\u00ean\u00e7\u00e3os de Deus.<\/p>\n<p>Com o passar do tempo, a tem\u00e1tica \u201cP\u00e3o dos Pobres\u201d ganhou outras express\u00f5es como: p\u00e3o da fraternidade, p\u00e3o da partilha, da uni\u00e3o, da solidariedade, da verdade, da f\u00e9, da voca\u00e7\u00e3o, dentre outras. P\u00e3o que vai muito al\u00e9m da farinha de trigo ou do dinheiro que se coloca no altar de Santo Ant\u00f4nio para comprar o \u201cP\u00e3o dos Pobres\u201d. Neste sentido, somente com a uni\u00e3o de todos \u00e9 poss\u00edvel que haja a partilha e que o p\u00e3o possa ser multiplicado.<\/p>\n<p>Segundo o Papa Francisco, \u201ca caridade \u00e9 dom, que d\u00e1 sentido \u00e0 nossa vida e gra\u00e7as ao qual consideramos quem se encontra na priva\u00e7\u00e3o como membro da nossa pr\u00f3pria fam\u00edlia, um amigo, um irm\u00e3o. O pouco, se partilhado com amor, nunca acaba, mas transforma-se em reserva de vida e felicidade\u201d.<\/p>\n<p>O Convento Santo Ant\u00f4nio \u00e9 um dos pontos de apoio do Servi\u00e7o Franciscano de Solidariedade (SEFRAS) e apoia os trabalhos que prop\u00f5em uma forma de ser sociedade onde \u00e9 preciso estar com aqueles que mais precisam, pensando a caridade como um instrumento potente para a transforma\u00e7\u00e3o social.<\/p>\n<p>Que, a exemplo de Santo Ant\u00f4nio, possamos ser exemplo e instrumento de partilha, caridade e generosidade para com o pr\u00f3ximo.<\/p>\n<hr \/>\n<p><em>Frei Augusto Luiz Gabriel<\/em><\/p>\n","protected":false},"excerpt":{"rendered":"<p>19 de julho, Dia da Caridade<\/p>\n","protected":false},"author":10,"featured_media":188297,"comment_status":"open","ping_status":"open","sticky":false,"template":"","format":"standard","meta":[],"categories":[26],"tags":[],"yoast_head":"<!-- This site is optimized with the Yoast SEO plugin v19.4 - https:\/\/yoast.com\/wordpress\/plugins\/seo\/ -->\n<title>Santo Ant\u00f4nio nos ensina a viver o Dia da Caridade - Convento Santo Ant\u00f4nio- Franciscanos<\/title>\n<meta name=\"robots\" content=\"index, follow, max-snippet:-1, max-image-preview:large, max-video-preview:-1\" \/>\n<link rel=\"canonical\" href=\"https:\/\/franciscanos.org.br\/conventosantoantonio\/santo-antonio-nos-ensina-a-viver-o-dia-da-caridade\/\" \/>\n<meta property=\"og:locale\" content=\"pt_BR\" \/>\n<meta property=\"og:type\" content=\"article\" \/>\n<meta property=\"og:title\" content=\"Santo Ant\u00f4nio nos ensina a viver o Dia da Caridade - Convento Santo Ant\u00f4nio- Franciscanos\" \/>\n<meta property=\"og:description\" content=\"19 de julho, Dia da Caridade\" \/>\n<meta property=\"og:url\" content=\"https:\/\/franciscanos.org.br\/conventosantoantonio\/santo-antonio-nos-ensina-a-viver-o-dia-da-caridade\/\" \/>\n<meta property=\"og:site_name\" content=\"Convento Santo Ant\u00f4nio- Franciscanos\" \/>\n<meta property=\"article:published_time\" content=\"2022-07-19T13:24:53+00:00\" \/>\n<meta property=\"article:modified_time\" content=\"2022-08-03T11:11:05+00:00\" \/>\n<meta property=\"og:image\" content=\"https:\/\/franciscanos.org.br\/conventosantoantonio\/wp-content\/uploads\/2022\/07\/diadacaridade_2022.jpg\" \/>\n\t<meta property=\"og:image:width\" content=\"1920\" \/>\n\t<meta property=\"og:image:height\" content=\"1080\" \/>\n\t<meta property=\"og:image:type\" content=\"image\/jpeg\" \/>\n<meta name=\"author\" content=\"Frei Augusto Luiz Gabriel\" \/>\n<meta name=\"twitter:card\" content=\"summary_large_image\" \/>\n<meta name=\"twitter:label1\" content=\"Escrito por\" \/>\n\t<meta name=\"twitter:data1\" content=\"Frei Augusto Luiz Gabriel\" \/>\n\t<meta name=\"twitter:label2\" content=\"Est. tempo de leitura\" \/>\n\t<meta name=\"twitter:data2\" content=\"2 minutos\" \/>\n<script type=\"application\/ld+json\" class=\"yoast-schema-graph\">{\"@context\":\"https:\/\/schema.org\",\"@graph\":[{\"@type\":\"WebSite\",\"@id\":\"https:\/\/franciscanos.org.br\/conventosantoantonio\/#website\",\"url\":\"https:\/\/franciscanos.org.br\/conventosantoantonio\/\",\"name\":\"Convento Santo Ant\u00f4nio- Franciscanos\",\"description\":\"Prov\u00edncia Franciscana da Imaculada Concei\u00e7\u00e3o do Brasil - Ordem dos Frades Menores\",\"potentialAction\":[{\"@type\":\"SearchAction\",\"target\":{\"@type\":\"EntryPoint\",\"urlTemplate\":\"https:\/\/franciscanos.org.br\/conventosantoantonio\/?s={search_term_string}\"},\"query-input\":\"required name=search_term_string\"}],\"inLanguage\":\"pt-BR\"},{\"@type\":\"WebPage\",\"@id\":\"https:\/\/franciscanos.org.br\/conventosantoantonio\/santo-antonio-nos-ensina-a-viver-o-dia-da-caridade\/\",\"url\":\"https:\/\/franciscanos.org.br\/conventosantoantonio\/santo-antonio-nos-ensina-a-viver-o-dia-da-caridade\/\",\"name\":\"Santo Ant\u00f4nio nos ensina a viver o Dia da Caridade - Convento Santo Ant\u00f4nio- Franciscanos\",\"isPartOf\":{\"@id\":\"https:\/\/franciscanos.org.br\/conventosantoantonio\/#website\"},\"datePublished\":\"2022-07-19T13:24:53+00:00\",\"dateModified\":\"2022-08-03T11:11:05+00:00\",\"author\":{\"@id\":\"https:\/\/franciscanos.org.br\/conventosantoantonio\/#\/schema\/person\/6c6c778405325adf8609b4e366788e19\"},\"breadcrumb\":{\"@id\":\"https:\/\/franciscanos.org.br\/conventosantoantonio\/santo-antonio-nos-ensina-a-viver-o-dia-da-caridade\/#breadcrumb\"},\"inLanguage\":\"pt-BR\",\"potentialAction\":[{\"@type\":\"ReadAction\",\"target\":[\"https:\/\/franciscanos.org.br\/conventosantoantonio\/santo-antonio-nos-ensina-a-viver-o-dia-da-caridade\/\"]}]},{\"@type\":\"BreadcrumbList\",\"@id\":\"https:\/\/franciscanos.org.br\/conventosantoantonio\/santo-antonio-nos-ensina-a-viver-o-dia-da-caridade\/#breadcrumb\",\"itemListElement\":[{\"@type\":\"ListItem\",\"position\":1,\"name\":\"Home\",\"item\":\"https:\/\/franciscanos.org.br\/conventosantoantonio\/\"},{\"@type\":\"ListItem\",\"position\":2,\"name\":\"Santo Ant\u00f4nio nos ensina a viver o Dia da Caridade\"}]},{\"@type\":\"Person\",\"@id\":\"https:\/\/franciscanos.org.br\/conventosantoantonio\/#\/schema\/person\/6c6c778405325adf8609b4e366788e19\",\"name\":\"Frei Augusto Luiz Gabriel\",\"image\":{\"@type\":\"ImageObject\",\"inLanguage\":\"pt-BR\",\"@id\":\"https:\/\/franciscanos.org.br\/conventosantoantonio\/#\/schema\/person\/image\/\",\"url\":\"https:\/\/secure.gravatar.com\/avatar\/9840b940e621801b24f3e6b059efb4b7?s=96&d=mm&r=g\",\"contentUrl\":\"https:\/\/secure.gravatar.com\/avatar\/9840b940e621801b24f3e6b059efb4b7?s=96&d=mm&r=g\",\"caption\":\"Frei Augusto Luiz Gabriel\"},\"url\":\"https:\/\/franciscanos.org.br\/conventosantoantonio\/author\/freiaugusto\/\"}]}<\/script>\n<!-- \/ Yoast SEO plugin. -->","yoast_head_json":{"title":"Santo Ant\u00f4nio nos ensina a viver o Dia da Caridade - Convento Santo Ant\u00f4nio- Franciscanos","robots":{"index":"index","follow":"follow","max-snippet":"max-snippet:-1","max-image-preview":"max-image-preview:large","max-video-preview":"max-video-preview:-1"},"canonical":"https:\/\/franciscanos.org.br\/conventosantoantonio\/santo-antonio-nos-ensina-a-viver-o-dia-da-caridade\/","og_locale":"pt_BR","og_type":"article","og_title":"Santo Ant\u00f4nio nos ensina a viver o Dia da Caridade - Convento Santo Ant\u00f4nio- Franciscanos","og_description":"19 de julho, Dia da Caridade","og_url":"https:\/\/franciscanos.org.br\/conventosantoantonio\/santo-antonio-nos-ensina-a-viver-o-dia-da-caridade\/","og_site_name":"Convento Santo Ant\u00f4nio- Franciscanos","article_published_time":"2022-07-19T13:24:53+00:00","article_modified_time":"2022-08-03T11:11:05+00:00","og_image":[{"width":1920,"height":1080,"url":"https:\/\/franciscanos.org.br\/conventosantoantonio\/wp-content\/uploads\/2022\/07\/diadacaridade_2022.jpg","type":"image\/jpeg"}],"author":"Frei Augusto Luiz Gabriel","twitter_card":"summary_large_image","twitter_misc":{"Escrito por":"Frei Augusto Luiz Gabriel","Est. tempo de leitura":"2 minutos"},"schema":{"@context":"https:\/\/schema.org","@graph":[{"@type":"WebSite","@id":"https:\/\/franciscanos.org.br\/conventosantoantonio\/#website","url":"https:\/\/franciscanos.org.br\/conventosantoantonio\/","name":"Convento Santo Ant\u00f4nio- Franciscanos","description":"Prov\u00edncia Franciscana da Imaculada Concei\u00e7\u00e3o do Brasil - Ordem dos Frades Menores","potentialAction":[{"@type":"SearchAction","target":{"@type":"EntryPoint","urlTemplate":"https:\/\/franciscanos.org.br\/conventosantoantonio\/?s={search_term_string}"},"query-input":"required name=search_term_string"}],"inLanguage":"pt-BR"},{"@type":"WebPage","@id":"https:\/\/franciscanos.org.br\/conventosantoantonio\/santo-antonio-nos-ensina-a-viver-o-dia-da-caridade\/","url":"https:\/\/franciscanos.org.br\/conventosantoantonio\/santo-antonio-nos-ensina-a-viver-o-dia-da-caridade\/","name":"Santo Ant\u00f4nio nos ensina a viver o Dia da Caridade - Convento Santo Ant\u00f4nio- Franciscanos","isPartOf":{"@id":"https:\/\/franciscanos.org.br\/conventosantoantonio\/#website"},"datePublished":"2022-07-19T13:24:53+00:00","dateModified":"2022-08-03T11:11:05+00:00","author":{"@id":"https:\/\/franciscanos.org.br\/conventosantoantonio\/#\/schema\/person\/6c6c778405325adf8609b4e366788e19"},"breadcrumb":{"@id":"https:\/\/franciscanos.org.br\/conventosantoantonio\/santo-antonio-nos-ensina-a-viver-o-dia-da-caridade\/#breadcrumb"},"inLanguage":"pt-BR","potentialAction":[{"@type":"ReadAction","target":["https:\/\/franciscanos.org.br\/conventosantoantonio\/santo-antonio-nos-ensina-a-viver-o-dia-da-caridade\/"]}]},{"@type":"BreadcrumbList","@id":"https:\/\/franciscanos.org.br\/conventosantoantonio\/santo-antonio-nos-ensina-a-viver-o-dia-da-caridade\/#breadcrumb","itemListElement":[{"@type":"ListItem","position":1,"name":"Home","item":"https:\/\/franciscanos.org.br\/conventosantoantonio\/"},{"@type":"ListItem","position":2,"name":"Santo Ant\u00f4nio nos ensina a viver o Dia da Caridade"}]},{"@type":"Person","@id":"https:\/\/franciscanos.org.br\/conventosantoantonio\/#\/schema\/person\/6c6c778405325adf8609b4e366788e19","name":"Frei Augusto Luiz Gabriel","image":{"@type":"ImageObject","inLanguage":"pt-BR","@id":"https:\/\/franciscanos.org.br\/conventosantoantonio\/#\/schema\/person\/image\/","url":"https:\/\/secure.gravatar.com\/avatar\/9840b940e621801b24f3e6b059efb4b7?s=96&d=mm&r=g","contentUrl":"https:\/\/secure.gravatar.com\/avatar\/9840b940e621801b24f3e6b059efb4b7?s=96&d=mm&r=g","caption":"Frei Augusto Luiz Gabriel"},"url":"https:\/\/franciscanos.org.br\/conventosantoantonio\/author\/freiaugusto\/"}]}},"_links":{"self":[{"href":"https:\/\/franciscanos.org.br\/conventosantoantonio\/wp-json\/wp\/v2\/posts\/188292"}],"collection":[{"href":"https:\/\/franciscanos.org.br\/conventosantoantonio\/wp-json\/wp\/v2\/posts"}],"about":[{"href":"https:\/\/franciscanos.org.br\/conventosantoantonio\/wp-json\/wp\/v2\/types\/post"}],"author":[{"embeddable":true,"href":"https:\/\/franciscanos.org.br\/conventosantoantonio\/wp-json\/wp\/v2\/users\/10"}],"replies":[{"embeddable":true,"href":"https:\/\/franciscanos.org.br\/conventosantoantonio\/wp-json\/wp\/v2\/comments?post=188292"}],"version-history":[{"count":3,"href":"https:\/\/franciscanos.org.br\/conventosantoantonio\/wp-json\/wp\/v2\/posts\/188292\/revisions"}],"predecessor-version":[{"id":188296,"href":"https:\/\/franciscanos.org.br\/conventosantoantonio\/wp-json\/wp\/v2\/posts\/188292\/revisions\/188296"}],"wp:featuredmedia":[{"embeddable":true,"href":"https:\/\/franciscanos.org.br\/conventosantoantonio\/wp-json\/wp\/v2\/media\/188297"}],"wp:attachment":[{"href":"https:\/\/franciscanos.org.br\/conventosantoantonio\/wp-json\/wp\/v2\/media?parent=188292"}],"wp:term":[{"taxonomy":"category","embeddable":true,"href":"https:\/\/franciscanos.org.br\/conventosantoantonio\/wp-json\/wp\/v2\/categories?post=188292"},{"taxonomy":"post_tag","embeddable":true,"href":"https:\/\/franciscanos.org.br\/conventosantoantonio\/wp-json\/wp\/v2\/tags?post=188292"}],"curies":[{"name":"wp","href":"https:\/\/api.w.org\/{rel}","templated":true}]}}