{"id":188219,"date":"2022-06-05T23:09:27","date_gmt":"2022-06-06T02:09:27","guid":{"rendered":"https:\/\/franciscanos.org.br\/conventosantoantonio\/?p=188219"},"modified":"2022-08-03T08:11:19","modified_gmt":"2022-08-03T11:11:19","slug":"celebracao-eucaristica-marca-os-414-anos-de-fundacao-do-convento-santo-antonio","status":"publish","type":"post","link":"https:\/\/franciscanos.org.br\/conventosantoantonio\/celebracao-eucaristica-marca-os-414-anos-de-fundacao-do-convento-santo-antonio\/","title":{"rendered":"Celebra\u00e7\u00e3o Eucar\u00edstica marca os 414 anos de funda\u00e7\u00e3o do Convento Santo Ant\u00f4nio"},"content":{"rendered":"<p><img loading=\"lazy\" class=\"alignnone wp-image-188220 size-full\" src=\"https:\/\/franciscanos.org.br\/conventosantoantonio\/wp-content\/uploads\/2022\/07\/convento_04_06.jpeg\" alt=\"\" width=\"1280\" height=\"853\" srcset=\"https:\/\/franciscanos.org.br\/conventosantoantonio\/wp-content\/uploads\/2022\/07\/convento_04_06.jpeg 1280w, https:\/\/franciscanos.org.br\/conventosantoantonio\/wp-content\/uploads\/2022\/07\/convento_04_06-450x300.jpeg 450w, https:\/\/franciscanos.org.br\/conventosantoantonio\/wp-content\/uploads\/2022\/07\/convento_04_06-1024x682.jpeg 1024w, https:\/\/franciscanos.org.br\/conventosantoantonio\/wp-content\/uploads\/2022\/07\/convento_04_06-768x512.jpeg 768w, https:\/\/franciscanos.org.br\/conventosantoantonio\/wp-content\/uploads\/2022\/07\/convento_04_06-150x100.jpeg 150w\" sizes=\"(max-width: 1280px) 100vw, 1280px\" \/><\/p>\n<p><strong>Rio de Janeiro (RJ) &#8211;<\/strong> No dia 4 de junho de 2022, a Celebra\u00e7\u00e3o Eucar\u00edstica das 10 horas comemorou os 414 anos de Funda\u00e7\u00e3o do Convento dos frades franciscanos do Largo da Carioca. Contou tamb\u00e9m com a presen\u00e7a do Coral das Meninas dos Canarinhos de Petr\u00f3polis (RJ), membros da Ordem Francisca Secular, frades e o povo que lotou a centen\u00e1ria Igreja dedicado ao santo franciscano.<\/p>\n<p>\u201cPodemos ter certeza de que, nestes 414 anos, n\u00e3o houve um dia sequer em que a intercess\u00e3o de Santo Ant\u00f4nio tivesse deixado de ser invocada por devotos que se espalham pelos quatro cantos desta Cidade Maravilhosa\u201d, disse o Guardi\u00e3o e Reitor do Convento Santo Ant\u00f4nio, Frei Walter Ferreira Junior, no coment\u00e1rio inicial da missa que foi presidida por Frei Jos\u00e9 Clemente M\u00fcller, pregador da Trezena.<\/p>\n<p><img loading=\"lazy\" class=\"alignnone size-full wp-image-238249\" src=\"https:\/\/franciscanos.org.br\/noticias\/wp-content\/uploads\/2022\/06\/convento_04_02.jpg\" sizes=\"(max-width: 1280px) 100vw, 1280px\" srcset=\"https:\/\/franciscanos.org.br\/noticias\/wp-content\/uploads\/2022\/06\/convento_04_02.jpg 1280w, https:\/\/franciscanos.org.br\/noticias\/wp-content\/uploads\/2022\/06\/convento_04_02-450x300.jpg 450w, https:\/\/franciscanos.org.br\/noticias\/wp-content\/uploads\/2022\/06\/convento_04_02-1024x682.jpg 1024w, https:\/\/franciscanos.org.br\/noticias\/wp-content\/uploads\/2022\/06\/convento_04_02-768x512.jpg 768w, https:\/\/franciscanos.org.br\/noticias\/wp-content\/uploads\/2022\/06\/convento_04_02-150x100.jpg 150w\" alt=\"\" width=\"1280\" height=\"853\" \/><\/p>\n<p><b>SANTO ANT\u00d4NIO \u00c9 DO LARGO DA CARIOCA, \u00c9 DO RIO DE JANEIRO, \u00c9 DO BRASIL<\/b><\/p>\n<p>Frei Walter recorreu \u00e0 hist\u00f3ria para explicar esta comemora\u00e7\u00e3o centen\u00e1ria. \u201cNeste morro doado aos franciscanos pelo ent\u00e3o governador Martim de S\u00e1, em 19 de abril de 1607, instalou-se, a partir de 4 de junho de 1608, com o lan\u00e7amento da pedra fundamental do Convento, esta constru\u00e7\u00e3o imponente cuja hist\u00f3ria se entrela\u00e7a com a hist\u00f3ria do Brasil. Aqui viveram e passaram santos, intelectuais, artistas, monarcas, pol\u00edticos, juristas, mas tamb\u00e9m foi lugar de acolhida do povo simples, das pessoas devotas, daqueles que, sem terem a quem recorrer, valiam-se da f\u00e9 no Santo de quem se consideravam amigos e companheiros. Santo Ant\u00f4nio jamais desviou o olhar de quem viesse a seu encontro. E ainda segue sendo a mesma presen\u00e7a atenciosa na vida dos pobres e simples de nosso tempo\u201d, disse.<\/p>\n<p>Para o guardi\u00e3o do Convento, celebrar 414 anos de funda\u00e7\u00e3o \u00e9 recordar com gratid\u00e3o as b\u00ean\u00e7\u00e3os que o Senhor diariamente derrama sobre o Rio de Janeiro e sobre o povo carioca por intercess\u00e3o de \u201cNosso Querido Santo Ant\u00f4nio da Cidade Maravilhosa\u201d -este tamb\u00e9m \u00e9 o lema da 340\u00aa Trezena de Santo Ant\u00f4nio deste ano.<\/p>\n<p><img loading=\"lazy\" class=\"alignnone size-full wp-image-238250\" src=\"https:\/\/franciscanos.org.br\/noticias\/wp-content\/uploads\/2022\/06\/convento_04_04.jpg\" sizes=\"(max-width: 1280px) 100vw, 1280px\" srcset=\"https:\/\/franciscanos.org.br\/noticias\/wp-content\/uploads\/2022\/06\/convento_04_04.jpg 1280w, https:\/\/franciscanos.org.br\/noticias\/wp-content\/uploads\/2022\/06\/convento_04_04-450x300.jpg 450w, https:\/\/franciscanos.org.br\/noticias\/wp-content\/uploads\/2022\/06\/convento_04_04-1024x682.jpg 1024w, https:\/\/franciscanos.org.br\/noticias\/wp-content\/uploads\/2022\/06\/convento_04_04-768x512.jpg 768w, https:\/\/franciscanos.org.br\/noticias\/wp-content\/uploads\/2022\/06\/convento_04_04-150x100.jpg 150w\" alt=\"\" width=\"1280\" height=\"853\" \/><\/p>\n<p>\u201c\u00c9 tamb\u00e9m ocasi\u00e3o de reafirmarmos com Santo Ant\u00f4nio o nosso compromisso concreto com os pobres e desvalidos, com quem ele jamais deixou de repartir o p\u00e3o. Que nosso amado Convento Santo Ant\u00f4nio permane\u00e7a e cres\u00e7a como lugar da presen\u00e7a amorosa de Deus no cora\u00e7\u00e3o desta cidade, inspirando em todos aqueles que sobem esta montanha os melhores sentimentos e atitudes que o Senhor deseja despertar no cora\u00e7\u00e3o de seus filhos e filhas\u201d, desejou.<\/p>\n","protected":false},"excerpt":{"rendered":"<p>414 anos de funda\u00e7\u00e3o do Convento Santo Ant\u00f4nio<\/p>\n","protected":false},"author":10,"featured_media":188220,"comment_status":"open","ping_status":"open","sticky":false,"template":"","format":"standard","meta":[],"categories":[105],"tags":[357,348],"yoast_head":"<!-- This site is optimized with the Yoast SEO plugin v19.4 - https:\/\/yoast.com\/wordpress\/plugins\/seo\/ -->\n<title>Celebra\u00e7\u00e3o Eucar\u00edstica marca os 414 anos de funda\u00e7\u00e3o do Convento Santo Ant\u00f4nio - Convento Santo Ant\u00f4nio- Franciscanos<\/title>\n<meta name=\"robots\" content=\"index, follow, max-snippet:-1, max-image-preview:large, max-video-preview:-1\" \/>\n<link rel=\"canonical\" href=\"https:\/\/franciscanos.org.br\/conventosantoantonio\/celebracao-eucaristica-marca-os-414-anos-de-fundacao-do-convento-santo-antonio\/\" \/>\n<meta property=\"og:locale\" content=\"pt_BR\" \/>\n<meta property=\"og:type\" content=\"article\" \/>\n<meta property=\"og:title\" content=\"Celebra\u00e7\u00e3o Eucar\u00edstica marca os 414 anos de funda\u00e7\u00e3o do Convento Santo Ant\u00f4nio - Convento Santo Ant\u00f4nio- Franciscanos\" \/>\n<meta property=\"og:description\" content=\"414 anos de funda\u00e7\u00e3o do Convento Santo Ant\u00f4nio\" \/>\n<meta property=\"og:url\" content=\"https:\/\/franciscanos.org.br\/conventosantoantonio\/celebracao-eucaristica-marca-os-414-anos-de-fundacao-do-convento-santo-antonio\/\" \/>\n<meta property=\"og:site_name\" content=\"Convento Santo Ant\u00f4nio- Franciscanos\" \/>\n<meta property=\"article:published_time\" content=\"2022-06-06T02:09:27+00:00\" \/>\n<meta property=\"article:modified_time\" content=\"2022-08-03T11:11:19+00:00\" \/>\n<meta property=\"og:image\" content=\"https:\/\/franciscanos.org.br\/conventosantoantonio\/wp-content\/uploads\/2022\/07\/convento_04_06.jpeg\" \/>\n\t<meta property=\"og:image:width\" content=\"1280\" \/>\n\t<meta property=\"og:image:height\" content=\"853\" \/>\n\t<meta property=\"og:image:type\" content=\"image\/jpeg\" \/>\n<meta name=\"author\" content=\"Frei Augusto Luiz Gabriel\" \/>\n<meta name=\"twitter:card\" content=\"summary_large_image\" \/>\n<meta name=\"twitter:label1\" content=\"Escrito por\" \/>\n\t<meta name=\"twitter:data1\" content=\"Frei Augusto Luiz Gabriel\" \/>\n\t<meta name=\"twitter:label2\" content=\"Est. tempo de leitura\" \/>\n\t<meta name=\"twitter:data2\" content=\"2 minutos\" \/>\n<script type=\"application\/ld+json\" class=\"yoast-schema-graph\">{\"@context\":\"https:\/\/schema.org\",\"@graph\":[{\"@type\":\"WebSite\",\"@id\":\"https:\/\/franciscanos.org.br\/conventosantoantonio\/#website\",\"url\":\"https:\/\/franciscanos.org.br\/conventosantoantonio\/\",\"name\":\"Convento Santo Ant\u00f4nio- Franciscanos\",\"description\":\"Prov\u00edncia Franciscana da Imaculada Concei\u00e7\u00e3o do Brasil - Ordem dos Frades Menores\",\"potentialAction\":[{\"@type\":\"SearchAction\",\"target\":{\"@type\":\"EntryPoint\",\"urlTemplate\":\"https:\/\/franciscanos.org.br\/conventosantoantonio\/?s={search_term_string}\"},\"query-input\":\"required name=search_term_string\"}],\"inLanguage\":\"pt-BR\"},{\"@type\":\"WebPage\",\"@id\":\"https:\/\/franciscanos.org.br\/conventosantoantonio\/celebracao-eucaristica-marca-os-414-anos-de-fundacao-do-convento-santo-antonio\/\",\"url\":\"https:\/\/franciscanos.org.br\/conventosantoantonio\/celebracao-eucaristica-marca-os-414-anos-de-fundacao-do-convento-santo-antonio\/\",\"name\":\"Celebra\u00e7\u00e3o Eucar\u00edstica marca os 414 anos de funda\u00e7\u00e3o do Convento Santo Ant\u00f4nio - Convento Santo Ant\u00f4nio- Franciscanos\",\"isPartOf\":{\"@id\":\"https:\/\/franciscanos.org.br\/conventosantoantonio\/#website\"},\"datePublished\":\"2022-06-06T02:09:27+00:00\",\"dateModified\":\"2022-08-03T11:11:19+00:00\",\"author\":{\"@id\":\"https:\/\/franciscanos.org.br\/conventosantoantonio\/#\/schema\/person\/6c6c778405325adf8609b4e366788e19\"},\"breadcrumb\":{\"@id\":\"https:\/\/franciscanos.org.br\/conventosantoantonio\/celebracao-eucaristica-marca-os-414-anos-de-fundacao-do-convento-santo-antonio\/#breadcrumb\"},\"inLanguage\":\"pt-BR\",\"potentialAction\":[{\"@type\":\"ReadAction\",\"target\":[\"https:\/\/franciscanos.org.br\/conventosantoantonio\/celebracao-eucaristica-marca-os-414-anos-de-fundacao-do-convento-santo-antonio\/\"]}]},{\"@type\":\"BreadcrumbList\",\"@id\":\"https:\/\/franciscanos.org.br\/conventosantoantonio\/celebracao-eucaristica-marca-os-414-anos-de-fundacao-do-convento-santo-antonio\/#breadcrumb\",\"itemListElement\":[{\"@type\":\"ListItem\",\"position\":1,\"name\":\"Home\",\"item\":\"https:\/\/franciscanos.org.br\/conventosantoantonio\/\"},{\"@type\":\"ListItem\",\"position\":2,\"name\":\"Celebra\u00e7\u00e3o Eucar\u00edstica marca os 414 anos de funda\u00e7\u00e3o do Convento Santo Ant\u00f4nio\"}]},{\"@type\":\"Person\",\"@id\":\"https:\/\/franciscanos.org.br\/conventosantoantonio\/#\/schema\/person\/6c6c778405325adf8609b4e366788e19\",\"name\":\"Frei Augusto Luiz Gabriel\",\"image\":{\"@type\":\"ImageObject\",\"inLanguage\":\"pt-BR\",\"@id\":\"https:\/\/franciscanos.org.br\/conventosantoantonio\/#\/schema\/person\/image\/\",\"url\":\"https:\/\/secure.gravatar.com\/avatar\/9840b940e621801b24f3e6b059efb4b7?s=96&d=mm&r=g\",\"contentUrl\":\"https:\/\/secure.gravatar.com\/avatar\/9840b940e621801b24f3e6b059efb4b7?s=96&d=mm&r=g\",\"caption\":\"Frei Augusto Luiz Gabriel\"},\"url\":\"https:\/\/franciscanos.org.br\/conventosantoantonio\/author\/freiaugusto\/\"}]}<\/script>\n<!-- \/ Yoast SEO plugin. -->","yoast_head_json":{"title":"Celebra\u00e7\u00e3o Eucar\u00edstica marca os 414 anos de funda\u00e7\u00e3o do Convento Santo Ant\u00f4nio - Convento Santo Ant\u00f4nio- Franciscanos","robots":{"index":"index","follow":"follow","max-snippet":"max-snippet:-1","max-image-preview":"max-image-preview:large","max-video-preview":"max-video-preview:-1"},"canonical":"https:\/\/franciscanos.org.br\/conventosantoantonio\/celebracao-eucaristica-marca-os-414-anos-de-fundacao-do-convento-santo-antonio\/","og_locale":"pt_BR","og_type":"article","og_title":"Celebra\u00e7\u00e3o Eucar\u00edstica marca os 414 anos de funda\u00e7\u00e3o do Convento Santo Ant\u00f4nio - Convento Santo Ant\u00f4nio- Franciscanos","og_description":"414 anos de funda\u00e7\u00e3o do Convento Santo Ant\u00f4nio","og_url":"https:\/\/franciscanos.org.br\/conventosantoantonio\/celebracao-eucaristica-marca-os-414-anos-de-fundacao-do-convento-santo-antonio\/","og_site_name":"Convento Santo Ant\u00f4nio- Franciscanos","article_published_time":"2022-06-06T02:09:27+00:00","article_modified_time":"2022-08-03T11:11:19+00:00","og_image":[{"width":1280,"height":853,"url":"https:\/\/franciscanos.org.br\/conventosantoantonio\/wp-content\/uploads\/2022\/07\/convento_04_06.jpeg","type":"image\/jpeg"}],"author":"Frei Augusto Luiz Gabriel","twitter_card":"summary_large_image","twitter_misc":{"Escrito por":"Frei Augusto Luiz Gabriel","Est. tempo de leitura":"2 minutos"},"schema":{"@context":"https:\/\/schema.org","@graph":[{"@type":"WebSite","@id":"https:\/\/franciscanos.org.br\/conventosantoantonio\/#website","url":"https:\/\/franciscanos.org.br\/conventosantoantonio\/","name":"Convento Santo Ant\u00f4nio- Franciscanos","description":"Prov\u00edncia Franciscana da Imaculada Concei\u00e7\u00e3o do Brasil - Ordem dos Frades Menores","potentialAction":[{"@type":"SearchAction","target":{"@type":"EntryPoint","urlTemplate":"https:\/\/franciscanos.org.br\/conventosantoantonio\/?s={search_term_string}"},"query-input":"required name=search_term_string"}],"inLanguage":"pt-BR"},{"@type":"WebPage","@id":"https:\/\/franciscanos.org.br\/conventosantoantonio\/celebracao-eucaristica-marca-os-414-anos-de-fundacao-do-convento-santo-antonio\/","url":"https:\/\/franciscanos.org.br\/conventosantoantonio\/celebracao-eucaristica-marca-os-414-anos-de-fundacao-do-convento-santo-antonio\/","name":"Celebra\u00e7\u00e3o Eucar\u00edstica marca os 414 anos de funda\u00e7\u00e3o do Convento Santo Ant\u00f4nio - Convento Santo Ant\u00f4nio- Franciscanos","isPartOf":{"@id":"https:\/\/franciscanos.org.br\/conventosantoantonio\/#website"},"datePublished":"2022-06-06T02:09:27+00:00","dateModified":"2022-08-03T11:11:19+00:00","author":{"@id":"https:\/\/franciscanos.org.br\/conventosantoantonio\/#\/schema\/person\/6c6c778405325adf8609b4e366788e19"},"breadcrumb":{"@id":"https:\/\/franciscanos.org.br\/conventosantoantonio\/celebracao-eucaristica-marca-os-414-anos-de-fundacao-do-convento-santo-antonio\/#breadcrumb"},"inLanguage":"pt-BR","potentialAction":[{"@type":"ReadAction","target":["https:\/\/franciscanos.org.br\/conventosantoantonio\/celebracao-eucaristica-marca-os-414-anos-de-fundacao-do-convento-santo-antonio\/"]}]},{"@type":"BreadcrumbList","@id":"https:\/\/franciscanos.org.br\/conventosantoantonio\/celebracao-eucaristica-marca-os-414-anos-de-fundacao-do-convento-santo-antonio\/#breadcrumb","itemListElement":[{"@type":"ListItem","position":1,"name":"Home","item":"https:\/\/franciscanos.org.br\/conventosantoantonio\/"},{"@type":"ListItem","position":2,"name":"Celebra\u00e7\u00e3o Eucar\u00edstica marca os 414 anos de funda\u00e7\u00e3o do Convento Santo Ant\u00f4nio"}]},{"@type":"Person","@id":"https:\/\/franciscanos.org.br\/conventosantoantonio\/#\/schema\/person\/6c6c778405325adf8609b4e366788e19","name":"Frei Augusto Luiz Gabriel","image":{"@type":"ImageObject","inLanguage":"pt-BR","@id":"https:\/\/franciscanos.org.br\/conventosantoantonio\/#\/schema\/person\/image\/","url":"https:\/\/secure.gravatar.com\/avatar\/9840b940e621801b24f3e6b059efb4b7?s=96&d=mm&r=g","contentUrl":"https:\/\/secure.gravatar.com\/avatar\/9840b940e621801b24f3e6b059efb4b7?s=96&d=mm&r=g","caption":"Frei Augusto Luiz Gabriel"},"url":"https:\/\/franciscanos.org.br\/conventosantoantonio\/author\/freiaugusto\/"}]}},"_links":{"self":[{"href":"https:\/\/franciscanos.org.br\/conventosantoantonio\/wp-json\/wp\/v2\/posts\/188219"}],"collection":[{"href":"https:\/\/franciscanos.org.br\/conventosantoantonio\/wp-json\/wp\/v2\/posts"}],"about":[{"href":"https:\/\/franciscanos.org.br\/conventosantoantonio\/wp-json\/wp\/v2\/types\/post"}],"author":[{"embeddable":true,"href":"https:\/\/franciscanos.org.br\/conventosantoantonio\/wp-json\/wp\/v2\/users\/10"}],"replies":[{"embeddable":true,"href":"https:\/\/franciscanos.org.br\/conventosantoantonio\/wp-json\/wp\/v2\/comments?post=188219"}],"version-history":[{"count":4,"href":"https:\/\/franciscanos.org.br\/conventosantoantonio\/wp-json\/wp\/v2\/posts\/188219\/revisions"}],"predecessor-version":[{"id":188228,"href":"https:\/\/franciscanos.org.br\/conventosantoantonio\/wp-json\/wp\/v2\/posts\/188219\/revisions\/188228"}],"wp:featuredmedia":[{"embeddable":true,"href":"https:\/\/franciscanos.org.br\/conventosantoantonio\/wp-json\/wp\/v2\/media\/188220"}],"wp:attachment":[{"href":"https:\/\/franciscanos.org.br\/conventosantoantonio\/wp-json\/wp\/v2\/media?parent=188219"}],"wp:term":[{"taxonomy":"category","embeddable":true,"href":"https:\/\/franciscanos.org.br\/conventosantoantonio\/wp-json\/wp\/v2\/categories?post=188219"},{"taxonomy":"post_tag","embeddable":true,"href":"https:\/\/franciscanos.org.br\/conventosantoantonio\/wp-json\/wp\/v2\/tags?post=188219"}],"curies":[{"name":"wp","href":"https:\/\/api.w.org\/{rel}","templated":true}]}}