{"id":188210,"date":"2022-06-05T22:29:26","date_gmt":"2022-06-06T01:29:26","guid":{"rendered":"https:\/\/franciscanos.org.br\/conventosantoantonio\/?p=188210"},"modified":"2022-07-02T22:45:05","modified_gmt":"2022-07-03T01:45:05","slug":"convento-santo-antonio-participa-de-programa-na-tv-aparecida","status":"publish","type":"post","link":"https:\/\/franciscanos.org.br\/conventosantoantonio\/convento-santo-antonio-participa-de-programa-na-tv-aparecida\/","title":{"rendered":"Convento Santo Ant\u00f4nio participa de programa na Tv Aparecida"},"content":{"rendered":"<p><img loading=\"lazy\" class=\"alignnone wp-image-188212 size-full\" src=\"https:\/\/franciscanos.org.br\/conventosantoantonio\/wp-content\/uploads\/2022\/07\/freiwalter_040622.png\" alt=\"\" width=\"1919\" height=\"1080\" srcset=\"https:\/\/franciscanos.org.br\/conventosantoantonio\/wp-content\/uploads\/2022\/07\/freiwalter_040622.png 1919w, https:\/\/franciscanos.org.br\/conventosantoantonio\/wp-content\/uploads\/2022\/07\/freiwalter_040622-450x253.png 450w, https:\/\/franciscanos.org.br\/conventosantoantonio\/wp-content\/uploads\/2022\/07\/freiwalter_040622-1024x576.png 1024w, https:\/\/franciscanos.org.br\/conventosantoantonio\/wp-content\/uploads\/2022\/07\/freiwalter_040622-768x432.png 768w, https:\/\/franciscanos.org.br\/conventosantoantonio\/wp-content\/uploads\/2022\/07\/freiwalter_040622-1536x864.png 1536w, https:\/\/franciscanos.org.br\/conventosantoantonio\/wp-content\/uploads\/2022\/07\/freiwalter_040622-150x84.png 150w\" sizes=\"(max-width: 1919px) 100vw, 1919px\" \/><\/p>\n<p><strong>Rio de Janeiro (RJ) &#8211;<\/strong> A Rede Aparecida de Televis\u00e3o apresentou ao vivo o programa \u201cS\u00e1bado no Santu\u00e1rio\u201d com tomadas diretamente do hist\u00f3rico e centen\u00e1rio Convento Santo Ant\u00f4nio no s\u00e1bado\u00a0(4\/06). Essa presen\u00e7a da TV Aparecida \u00e9 fruto do Encontro dos Reitores dos principais santu\u00e1rios do Brasil que ocorreu recentemente em Florian\u00f3polis (SC), onde discutiu-se o projeto de se divulgar e conhecer in\u00fameros santu\u00e1rios espalhados pelo Brasil afora, a partir da Casa da M\u00e3e, o Santu\u00e1rio de Aparecida.<\/p>\n<p>O rep\u00f3rter da TV Aparecida, Jos\u00e9 Eymard, conversou com Frei R\u00f3ger Brun\u00f3rio e Frei Walter Ferreira Junior. Antes, por\u00e9m, o\u00a0reitor do Santu\u00e1rio Nacional, padre Carlos Eduardo Catalfo falou da import\u00e2ncia deste programa.<\/p>\n<p>\u201cTemos um link ao vivo com o Convento Santo Ant\u00f4nio do Rio de Janeiro e eu quero agradecer \u00e0 TV Aparecida que abre este espa\u00e7o t\u00e3o bonito para outros santu\u00e1rios do Brasil. Tenho certeza que o Santu\u00e1rio Nacional e todos os outros santu\u00e1rios do Brasil s\u00e3o sempre lugares sagrados, lugares onde Deus se faz presente, se revela e tamb\u00e9m nos acolhe. Que Nossa Senhora Aparecida nos aben\u00e7oe e aben\u00e7oe o trabalho dos franciscanos no Santu\u00e1rio de Santo Ant\u00f4nio no Rio de Janeiro e nos santu\u00e1rios do mundo todo. Os franciscanos est\u00e3o presentes em grandes santu\u00e1rios, est\u00e3o presentes aqui bem pertinho de n\u00f3s, no Santu\u00e1rio Frei Galv\u00e3o em Guaratinguet\u00e1 (SP)\u201d, disse.<\/p>\n<p><img loading=\"lazy\" class=\"alignnone wp-image-188214 size-full\" src=\"https:\/\/franciscanos.org.br\/conventosantoantonio\/wp-content\/uploads\/2022\/07\/convento_04_13.png\" alt=\"\" width=\"1280\" height=\"716\" srcset=\"https:\/\/franciscanos.org.br\/conventosantoantonio\/wp-content\/uploads\/2022\/07\/convento_04_13.png 1280w, https:\/\/franciscanos.org.br\/conventosantoantonio\/wp-content\/uploads\/2022\/07\/convento_04_13-450x252.png 450w, https:\/\/franciscanos.org.br\/conventosantoantonio\/wp-content\/uploads\/2022\/07\/convento_04_13-1024x573.png 1024w, https:\/\/franciscanos.org.br\/conventosantoantonio\/wp-content\/uploads\/2022\/07\/convento_04_13-768x430.png 768w, https:\/\/franciscanos.org.br\/conventosantoantonio\/wp-content\/uploads\/2022\/07\/convento_04_13-150x84.png 150w\" sizes=\"(max-width: 1280px) 100vw, 1280px\" \/><\/p>\n<p>O Convento Santo Ant\u00f4nio \u00e9 famoso pelo manifesto do \u201cFico da Independ\u00eancia\u201d, que neste ano completou 200 anos de hist\u00f3ria. Segundo Jos\u00e9 Eymard, o convento \u00e9 o ber\u00e7o da na\u00e7\u00e3o do Brasil, onde um franciscano, Frei Sampaio, orientou Dom Pedro a ficar no Brasil e dar o seu grande manifesto, em luta do nosso povo. \u201cUm lugar t\u00e3o especial, que vou contar para voc\u00ea ao longo do nosso programa\u201d, destacou.<\/p>\n<p>Do claustro do convento, Frei Roger explicou que os franciscanos chegaram ao Rio e Janeiro no ano de 1592 e ficaram por 16 anos na capelinha de Santa Luzia. \u201cQuando ent\u00e3o decidiram por este local, o morro de Santo Ant\u00f4nio, encontraram aqui inicialmente uma capela dedicada a este santo t\u00e3o popular. E aqui os frades encontraram tamb\u00e9m no terreno terra, \u00e1gua e pedra, tr\u00eas elementos importantes para a vida franciscana\u201d, ressaltou.<\/p>\n<p><img loading=\"lazy\" class=\"alignnone wp-image-188213 size-full\" src=\"https:\/\/franciscanos.org.br\/conventosantoantonio\/wp-content\/uploads\/2022\/07\/convento_04_12.png\" alt=\"\" width=\"1280\" height=\"723\" srcset=\"https:\/\/franciscanos.org.br\/conventosantoantonio\/wp-content\/uploads\/2022\/07\/convento_04_12.png 1280w, https:\/\/franciscanos.org.br\/conventosantoantonio\/wp-content\/uploads\/2022\/07\/convento_04_12-450x254.png 450w, https:\/\/franciscanos.org.br\/conventosantoantonio\/wp-content\/uploads\/2022\/07\/convento_04_12-1024x578.png 1024w, https:\/\/franciscanos.org.br\/conventosantoantonio\/wp-content\/uploads\/2022\/07\/convento_04_12-768x434.png 768w, https:\/\/franciscanos.org.br\/conventosantoantonio\/wp-content\/uploads\/2022\/07\/convento_04_12-150x85.png 150w\" sizes=\"(max-width: 1280px) 100vw, 1280px\" \/><\/p>\n<p>Caminhando entre as colunas do claustro, Frei R\u00f3ger apresentou as capelinhas que narram a hist\u00f3ria de alguns santos, como S\u00e3o Francisco de Assis, por exemplo. \u201cTamb\u00e9m temos a rica hist\u00f3rica do tempo em que Frei Galv\u00e3o viveu aqui, a partir do ano de 1762, quando foi ordenado. Da \u00e9poca dele temos a imagem de Santo Ant\u00f4nio, da Imaculada Concei\u00e7\u00e3o, de S\u00e3o Francisco e algumas capelas de dentro do claustro, onde os frades do passado e da atualidade, apresentam a espiritualidade franciscana\u201d, explicou.<\/p>\n<p><b>CONTINUADORES DA HIST\u00d3RIA FRANCISCANA<\/b><\/p>\n<p>O franciscano n\u00e3o escondeu a alegria em dizer que ap\u00f3s dois anos de festa online, neste ano o Convento vem sendo reaberto com todo potencial. \u201cSanto Ant\u00f4nio \u00e9 um santo muito carinhoso e a cidade do Rio de Janeiro \u00e9 a cidade que tamb\u00e9m sofre com duras realidades, ent\u00e3o festejar Santo Ant\u00f4nio \u00e9 um sinal de esperan\u00e7a\u201d, sublinhou Frei R\u00f3ger.<\/p>\n<p><img loading=\"lazy\" class=\"alignnone wp-image-188211 size-full\" src=\"https:\/\/franciscanos.org.br\/conventosantoantonio\/wp-content\/uploads\/2022\/07\/freiroger_040622.png\" alt=\"\" width=\"1917\" height=\"1073\" srcset=\"https:\/\/franciscanos.org.br\/conventosantoantonio\/wp-content\/uploads\/2022\/07\/freiroger_040622.png 1917w, https:\/\/franciscanos.org.br\/conventosantoantonio\/wp-content\/uploads\/2022\/07\/freiroger_040622-450x252.png 450w, https:\/\/franciscanos.org.br\/conventosantoantonio\/wp-content\/uploads\/2022\/07\/freiroger_040622-1024x573.png 1024w, https:\/\/franciscanos.org.br\/conventosantoantonio\/wp-content\/uploads\/2022\/07\/freiroger_040622-768x430.png 768w, https:\/\/franciscanos.org.br\/conventosantoantonio\/wp-content\/uploads\/2022\/07\/freiroger_040622-1536x860.png 1536w, https:\/\/franciscanos.org.br\/conventosantoantonio\/wp-content\/uploads\/2022\/07\/freiroger_040622-150x84.png 150w\" sizes=\"(max-width: 1917px) 100vw, 1917px\" \/><\/p>\n<p>Frei Walter explicou que neste ano se celebra 340 anos da Trezena de Santo Ant\u00f4nio. \u201cA trezena s\u00e3o 13 dias de prepara\u00e7\u00e3o para a Festa de Santo Ant\u00f4nio. E, neste ano, Frei Jos\u00e9 Clemente M\u00fcller est\u00e1 pregando a trezena\u201d, informou. \u201cEste convento \u00e9 um marco hist\u00f3rico. \u00c9 um monumento enorme que foi constru\u00eddo com o suor do povo do Rio de Janeiro, com a gra\u00e7a de Deus e as b\u00ean\u00e7\u00e3os de Santo Ant\u00f4nio. Hoje, n\u00f3s somos os continuadores desta linda hist\u00f3ria\u201d, disse, e acrescentou que \u201cp\u00e3o partilhado \u00e9 p\u00e3o aben\u00e7oado\u201d, referindo-se a miss\u00e3o dos frades junto dos mais necessitados.<\/p>\n<hr \/>\n<p><i>Frei Augusto Luiz Gabriel<\/i><\/p>\n","protected":false},"excerpt":{"rendered":"<p>Convento Santo Ant\u00f4nio celebra 414 anos com programa na Tv Aparecida<\/p>\n","protected":false},"author":3,"featured_media":188212,"comment_status":"open","ping_status":"open","sticky":false,"template":"","format":"standard","meta":[],"categories":[105],"tags":[],"yoast_head":"<!-- This site is optimized with the Yoast SEO plugin v19.4 - https:\/\/yoast.com\/wordpress\/plugins\/seo\/ -->\n<title>Convento Santo Ant\u00f4nio participa de programa na Tv Aparecida - Convento Santo Ant\u00f4nio- Franciscanos<\/title>\n<meta name=\"robots\" content=\"index, follow, max-snippet:-1, max-image-preview:large, max-video-preview:-1\" \/>\n<link rel=\"canonical\" href=\"https:\/\/franciscanos.org.br\/conventosantoantonio\/convento-santo-antonio-participa-de-programa-na-tv-aparecida\/\" \/>\n<meta property=\"og:locale\" content=\"pt_BR\" \/>\n<meta property=\"og:type\" content=\"article\" \/>\n<meta property=\"og:title\" content=\"Convento Santo Ant\u00f4nio participa de programa na Tv Aparecida - Convento Santo Ant\u00f4nio- Franciscanos\" \/>\n<meta property=\"og:description\" content=\"Convento Santo Ant\u00f4nio celebra 414 anos com programa na Tv Aparecida\" \/>\n<meta property=\"og:url\" content=\"https:\/\/franciscanos.org.br\/conventosantoantonio\/convento-santo-antonio-participa-de-programa-na-tv-aparecida\/\" \/>\n<meta property=\"og:site_name\" content=\"Convento Santo Ant\u00f4nio- Franciscanos\" \/>\n<meta property=\"article:published_time\" content=\"2022-06-06T01:29:26+00:00\" \/>\n<meta property=\"article:modified_time\" content=\"2022-07-03T01:45:05+00:00\" \/>\n<meta property=\"og:image\" content=\"https:\/\/franciscanos.org.br\/conventosantoantonio\/wp-content\/uploads\/2022\/07\/freiwalter_040622.png\" \/>\n\t<meta property=\"og:image:width\" content=\"1919\" \/>\n\t<meta property=\"og:image:height\" content=\"1080\" \/>\n\t<meta property=\"og:image:type\" content=\"image\/png\" \/>\n<meta name=\"author\" content=\"moacir\" \/>\n<meta name=\"twitter:card\" content=\"summary_large_image\" \/>\n<meta name=\"twitter:label1\" content=\"Escrito por\" \/>\n\t<meta name=\"twitter:data1\" content=\"moacir\" \/>\n\t<meta name=\"twitter:label2\" content=\"Est. tempo de leitura\" \/>\n\t<meta name=\"twitter:data2\" content=\"3 minutos\" \/>\n<script type=\"application\/ld+json\" class=\"yoast-schema-graph\">{\"@context\":\"https:\/\/schema.org\",\"@graph\":[{\"@type\":\"WebSite\",\"@id\":\"https:\/\/franciscanos.org.br\/conventosantoantonio\/#website\",\"url\":\"https:\/\/franciscanos.org.br\/conventosantoantonio\/\",\"name\":\"Convento Santo Ant\u00f4nio- Franciscanos\",\"description\":\"Prov\u00edncia Franciscana da Imaculada Concei\u00e7\u00e3o do Brasil - Ordem dos Frades Menores\",\"potentialAction\":[{\"@type\":\"SearchAction\",\"target\":{\"@type\":\"EntryPoint\",\"urlTemplate\":\"https:\/\/franciscanos.org.br\/conventosantoantonio\/?s={search_term_string}\"},\"query-input\":\"required name=search_term_string\"}],\"inLanguage\":\"pt-BR\"},{\"@type\":\"WebPage\",\"@id\":\"https:\/\/franciscanos.org.br\/conventosantoantonio\/convento-santo-antonio-participa-de-programa-na-tv-aparecida\/\",\"url\":\"https:\/\/franciscanos.org.br\/conventosantoantonio\/convento-santo-antonio-participa-de-programa-na-tv-aparecida\/\",\"name\":\"Convento Santo Ant\u00f4nio participa de programa na Tv Aparecida - Convento Santo Ant\u00f4nio- Franciscanos\",\"isPartOf\":{\"@id\":\"https:\/\/franciscanos.org.br\/conventosantoantonio\/#website\"},\"datePublished\":\"2022-06-06T01:29:26+00:00\",\"dateModified\":\"2022-07-03T01:45:05+00:00\",\"author\":{\"@id\":\"https:\/\/franciscanos.org.br\/conventosantoantonio\/#\/schema\/person\/73421c01c49c32a7bb0a19d9b36df6ad\"},\"breadcrumb\":{\"@id\":\"https:\/\/franciscanos.org.br\/conventosantoantonio\/convento-santo-antonio-participa-de-programa-na-tv-aparecida\/#breadcrumb\"},\"inLanguage\":\"pt-BR\",\"potentialAction\":[{\"@type\":\"ReadAction\",\"target\":[\"https:\/\/franciscanos.org.br\/conventosantoantonio\/convento-santo-antonio-participa-de-programa-na-tv-aparecida\/\"]}]},{\"@type\":\"BreadcrumbList\",\"@id\":\"https:\/\/franciscanos.org.br\/conventosantoantonio\/convento-santo-antonio-participa-de-programa-na-tv-aparecida\/#breadcrumb\",\"itemListElement\":[{\"@type\":\"ListItem\",\"position\":1,\"name\":\"Home\",\"item\":\"https:\/\/franciscanos.org.br\/conventosantoantonio\/\"},{\"@type\":\"ListItem\",\"position\":2,\"name\":\"Convento Santo Ant\u00f4nio participa de programa na Tv Aparecida\"}]},{\"@type\":\"Person\",\"@id\":\"https:\/\/franciscanos.org.br\/conventosantoantonio\/#\/schema\/person\/73421c01c49c32a7bb0a19d9b36df6ad\",\"name\":\"moacir\",\"image\":{\"@type\":\"ImageObject\",\"inLanguage\":\"pt-BR\",\"@id\":\"https:\/\/franciscanos.org.br\/conventosantoantonio\/#\/schema\/person\/image\/\",\"url\":\"https:\/\/secure.gravatar.com\/avatar\/d08aa2ce4c8dd416d4479aa8536fcf64?s=96&d=mm&r=g\",\"contentUrl\":\"https:\/\/secure.gravatar.com\/avatar\/d08aa2ce4c8dd416d4479aa8536fcf64?s=96&d=mm&r=g\",\"caption\":\"moacir\"},\"url\":\"https:\/\/franciscanos.org.br\/conventosantoantonio\/author\/moacir\/\"}]}<\/script>\n<!-- \/ Yoast SEO plugin. -->","yoast_head_json":{"title":"Convento Santo Ant\u00f4nio participa de programa na Tv Aparecida - Convento Santo Ant\u00f4nio- Franciscanos","robots":{"index":"index","follow":"follow","max-snippet":"max-snippet:-1","max-image-preview":"max-image-preview:large","max-video-preview":"max-video-preview:-1"},"canonical":"https:\/\/franciscanos.org.br\/conventosantoantonio\/convento-santo-antonio-participa-de-programa-na-tv-aparecida\/","og_locale":"pt_BR","og_type":"article","og_title":"Convento Santo Ant\u00f4nio participa de programa na Tv Aparecida - Convento Santo Ant\u00f4nio- Franciscanos","og_description":"Convento Santo Ant\u00f4nio celebra 414 anos com programa na Tv Aparecida","og_url":"https:\/\/franciscanos.org.br\/conventosantoantonio\/convento-santo-antonio-participa-de-programa-na-tv-aparecida\/","og_site_name":"Convento Santo Ant\u00f4nio- Franciscanos","article_published_time":"2022-06-06T01:29:26+00:00","article_modified_time":"2022-07-03T01:45:05+00:00","og_image":[{"width":1919,"height":1080,"url":"https:\/\/franciscanos.org.br\/conventosantoantonio\/wp-content\/uploads\/2022\/07\/freiwalter_040622.png","type":"image\/png"}],"author":"moacir","twitter_card":"summary_large_image","twitter_misc":{"Escrito por":"moacir","Est. tempo de leitura":"3 minutos"},"schema":{"@context":"https:\/\/schema.org","@graph":[{"@type":"WebSite","@id":"https:\/\/franciscanos.org.br\/conventosantoantonio\/#website","url":"https:\/\/franciscanos.org.br\/conventosantoantonio\/","name":"Convento Santo Ant\u00f4nio- Franciscanos","description":"Prov\u00edncia Franciscana da Imaculada Concei\u00e7\u00e3o do Brasil - Ordem dos Frades Menores","potentialAction":[{"@type":"SearchAction","target":{"@type":"EntryPoint","urlTemplate":"https:\/\/franciscanos.org.br\/conventosantoantonio\/?s={search_term_string}"},"query-input":"required name=search_term_string"}],"inLanguage":"pt-BR"},{"@type":"WebPage","@id":"https:\/\/franciscanos.org.br\/conventosantoantonio\/convento-santo-antonio-participa-de-programa-na-tv-aparecida\/","url":"https:\/\/franciscanos.org.br\/conventosantoantonio\/convento-santo-antonio-participa-de-programa-na-tv-aparecida\/","name":"Convento Santo Ant\u00f4nio participa de programa na Tv Aparecida - Convento Santo Ant\u00f4nio- Franciscanos","isPartOf":{"@id":"https:\/\/franciscanos.org.br\/conventosantoantonio\/#website"},"datePublished":"2022-06-06T01:29:26+00:00","dateModified":"2022-07-03T01:45:05+00:00","author":{"@id":"https:\/\/franciscanos.org.br\/conventosantoantonio\/#\/schema\/person\/73421c01c49c32a7bb0a19d9b36df6ad"},"breadcrumb":{"@id":"https:\/\/franciscanos.org.br\/conventosantoantonio\/convento-santo-antonio-participa-de-programa-na-tv-aparecida\/#breadcrumb"},"inLanguage":"pt-BR","potentialAction":[{"@type":"ReadAction","target":["https:\/\/franciscanos.org.br\/conventosantoantonio\/convento-santo-antonio-participa-de-programa-na-tv-aparecida\/"]}]},{"@type":"BreadcrumbList","@id":"https:\/\/franciscanos.org.br\/conventosantoantonio\/convento-santo-antonio-participa-de-programa-na-tv-aparecida\/#breadcrumb","itemListElement":[{"@type":"ListItem","position":1,"name":"Home","item":"https:\/\/franciscanos.org.br\/conventosantoantonio\/"},{"@type":"ListItem","position":2,"name":"Convento Santo Ant\u00f4nio participa de programa na Tv Aparecida"}]},{"@type":"Person","@id":"https:\/\/franciscanos.org.br\/conventosantoantonio\/#\/schema\/person\/73421c01c49c32a7bb0a19d9b36df6ad","name":"moacir","image":{"@type":"ImageObject","inLanguage":"pt-BR","@id":"https:\/\/franciscanos.org.br\/conventosantoantonio\/#\/schema\/person\/image\/","url":"https:\/\/secure.gravatar.com\/avatar\/d08aa2ce4c8dd416d4479aa8536fcf64?s=96&d=mm&r=g","contentUrl":"https:\/\/secure.gravatar.com\/avatar\/d08aa2ce4c8dd416d4479aa8536fcf64?s=96&d=mm&r=g","caption":"moacir"},"url":"https:\/\/franciscanos.org.br\/conventosantoantonio\/author\/moacir\/"}]}},"_links":{"self":[{"href":"https:\/\/franciscanos.org.br\/conventosantoantonio\/wp-json\/wp\/v2\/posts\/188210"}],"collection":[{"href":"https:\/\/franciscanos.org.br\/conventosantoantonio\/wp-json\/wp\/v2\/posts"}],"about":[{"href":"https:\/\/franciscanos.org.br\/conventosantoantonio\/wp-json\/wp\/v2\/types\/post"}],"author":[{"embeddable":true,"href":"https:\/\/franciscanos.org.br\/conventosantoantonio\/wp-json\/wp\/v2\/users\/3"}],"replies":[{"embeddable":true,"href":"https:\/\/franciscanos.org.br\/conventosantoantonio\/wp-json\/wp\/v2\/comments?post=188210"}],"version-history":[{"count":2,"href":"https:\/\/franciscanos.org.br\/conventosantoantonio\/wp-json\/wp\/v2\/posts\/188210\/revisions"}],"predecessor-version":[{"id":188216,"href":"https:\/\/franciscanos.org.br\/conventosantoantonio\/wp-json\/wp\/v2\/posts\/188210\/revisions\/188216"}],"wp:featuredmedia":[{"embeddable":true,"href":"https:\/\/franciscanos.org.br\/conventosantoantonio\/wp-json\/wp\/v2\/media\/188212"}],"wp:attachment":[{"href":"https:\/\/franciscanos.org.br\/conventosantoantonio\/wp-json\/wp\/v2\/media?parent=188210"}],"wp:term":[{"taxonomy":"category","embeddable":true,"href":"https:\/\/franciscanos.org.br\/conventosantoantonio\/wp-json\/wp\/v2\/categories?post=188210"},{"taxonomy":"post_tag","embeddable":true,"href":"https:\/\/franciscanos.org.br\/conventosantoantonio\/wp-json\/wp\/v2\/tags?post=188210"}],"curies":[{"name":"wp","href":"https:\/\/api.w.org\/{rel}","templated":true}]}}