{"id":188074,"date":"2022-03-12T00:57:17","date_gmt":"2022-03-12T03:57:17","guid":{"rendered":"https:\/\/franciscanos.org.br\/conventosantoantonio\/?p=188074"},"modified":"2022-03-12T09:12:20","modified_gmt":"2022-03-12T12:12:20","slug":"semanasanta","status":"publish","type":"post","link":"https:\/\/franciscanos.org.br\/conventosantoantonio\/semanasanta\/","title":{"rendered":"Convento amplia hor\u00e1rio de confiss\u00f5es e ter\u00e1 Semana Santa presencial"},"content":{"rendered":"<p><img loading=\"lazy\" class=\"alignnone wp-image-188075 size-full\" src=\"https:\/\/franciscanos.org.br\/conventosantoantonio\/wp-content\/uploads\/2021\/11\/convento_santoantonio_0911.jpg\" alt=\"\" width=\"1280\" height=\"720\" srcset=\"https:\/\/franciscanos.org.br\/conventosantoantonio\/wp-content\/uploads\/2021\/11\/convento_santoantonio_0911.jpg 1280w, https:\/\/franciscanos.org.br\/conventosantoantonio\/wp-content\/uploads\/2021\/11\/convento_santoantonio_0911-450x253.jpg 450w, https:\/\/franciscanos.org.br\/conventosantoantonio\/wp-content\/uploads\/2021\/11\/convento_santoantonio_0911-1024x576.jpg 1024w, https:\/\/franciscanos.org.br\/conventosantoantonio\/wp-content\/uploads\/2021\/11\/convento_santoantonio_0911-768x432.jpg 768w, https:\/\/franciscanos.org.br\/conventosantoantonio\/wp-content\/uploads\/2021\/11\/convento_santoantonio_0911-150x84.jpg 150w\" sizes=\"(max-width: 1280px) 100vw, 1280px\" \/><\/p>\n<p>Dentro do plano de retomada das atividades e revitaliza\u00e7\u00e3o da presen\u00e7a evangelizadora, a Fraternidade do Convento Santo Ant\u00f4nio decidiu ampliar os hor\u00e1rios de atendimento de confiss\u00f5es, tendo em vista tamb\u00e9m o in\u00edcio do tempo da Quaresma. A partir da pr\u00f3xima segunda-feira, dia 14 de mar\u00e7o, os penitentes ter\u00e3o atendimento de segunda a sexta-feira, das 9h \u00e0s 15h30.<\/p>\n<p>Outra novidade \u00e9 a programa\u00e7\u00e3o da Semana Santa com todas as celebra\u00e7\u00f5es presenciais, inclusive no S\u00e1bado Santo, Domingo de Ramos e Domingo de P\u00e1scoa. Em breve os hor\u00e1rios ser\u00e3o divulgados nas Redes Sociais do Convento. Para o guardi\u00e3o da Fraternidade e reitor do Santu\u00e1rio, Frei Walter Ferreira Junior, a Fraternidade e o Convento, assim como o Brasil, vivem um tempo de retomada: \u201cH\u00e1 mais de 400 anos, nosso Convento se destaca como lugar de acolhida, b\u00ean\u00e7\u00e3o e de encontro com Deus neste peda\u00e7o privilegiado do Centro do Rio de Janeiro. Estamos em um momento de retomada respons\u00e1vel diante dos desafios da pandemia. Nosso desejo \u00e9 oferecer o melhor em termos de acolhida \u00e0queles que v\u00eam ao encontro de Santo Ant\u00f4nio pela via da devo\u00e7\u00e3o, da hist\u00f3ria, da cultura, da religiosidade e do turismo\u201d, explicou.<\/p>\n<p>Frei Walter destacou ainda que a retomada e a revitaliza\u00e7\u00e3o deste importante marco da Hist\u00f3ria do Brasil s\u00e3o tarefas grandes e desafiantes, que dever\u00e3o envolver diversos setores da sociedade e grande n\u00famero de fi\u00e9is e devotos de Santo Ant\u00f4nio. \u201cQueremos contar com a colabora\u00e7\u00e3o de todos e estamos totalmente abertos ao di\u00e1logo e \u00e0 parceria em vista do bem de nosso Convento e de todo o povo devoto de nosso querido padroeiro\u201d, declarou.<\/p>\n<p><strong>Abertura do Convento<\/strong><\/p>\n<p style=\"padding-left: 40px;\">Segunda a sexta-feira, das 9h \u00e0s 16h.<\/p>\n<p><strong>Confiss\u00e3o<\/strong><\/p>\n<p style=\"padding-left: 40px;\">Segunda a sexta-feira, das 9h \u00e0s 15h30.<\/p>\n<p><strong>Missas<\/strong><\/p>\n<p style=\"padding-left: 40px;\">Segunda a sexta-feira: 10h, 12h (presencial e on-line), 15h e 18h (on-line)<\/p>\n<p style=\"padding-left: 40px;\">S\u00e1bado e Domingo: 10h (on-line)<\/p>\n<p><strong>B\u00ean\u00e7\u00e3o de Santo Ant\u00f4nio e distribui\u00e7\u00e3o do p\u00e3o aben\u00e7oado<\/strong><\/p>\n<p style=\"padding-left: 40px;\">Ter\u00e7a-feira, ap\u00f3s cada missa, e \u00e0s 14h<\/p>\n","protected":false},"excerpt":{"rendered":"<p>Novos hor\u00e1rios<\/p>\n","protected":false},"author":3,"featured_media":188075,"comment_status":"open","ping_status":"open","sticky":false,"template":"","format":"standard","meta":[],"categories":[105],"tags":[355],"yoast_head":"<!-- This site is optimized with the Yoast SEO plugin v19.4 - https:\/\/yoast.com\/wordpress\/plugins\/seo\/ -->\n<title>Convento amplia hor\u00e1rio de confiss\u00f5es e ter\u00e1 Semana Santa presencial - Convento Santo Ant\u00f4nio- Franciscanos<\/title>\n<meta name=\"robots\" content=\"index, follow, max-snippet:-1, max-image-preview:large, max-video-preview:-1\" \/>\n<link rel=\"canonical\" href=\"https:\/\/franciscanos.org.br\/conventosantoantonio\/semanasanta\/\" \/>\n<meta property=\"og:locale\" content=\"pt_BR\" \/>\n<meta property=\"og:type\" content=\"article\" \/>\n<meta property=\"og:title\" content=\"Convento amplia hor\u00e1rio de confiss\u00f5es e ter\u00e1 Semana Santa presencial - Convento Santo Ant\u00f4nio- Franciscanos\" \/>\n<meta property=\"og:description\" content=\"Novos hor\u00e1rios\" \/>\n<meta property=\"og:url\" content=\"https:\/\/franciscanos.org.br\/conventosantoantonio\/semanasanta\/\" \/>\n<meta property=\"og:site_name\" content=\"Convento Santo Ant\u00f4nio- Franciscanos\" \/>\n<meta property=\"article:published_time\" content=\"2022-03-12T03:57:17+00:00\" \/>\n<meta property=\"article:modified_time\" content=\"2022-03-12T12:12:20+00:00\" \/>\n<meta property=\"og:image\" content=\"https:\/\/franciscanos.org.br\/conventosantoantonio\/wp-content\/uploads\/2021\/11\/convento_santoantonio_0911.jpg\" \/>\n\t<meta property=\"og:image:width\" content=\"1280\" \/>\n\t<meta property=\"og:image:height\" content=\"720\" \/>\n\t<meta property=\"og:image:type\" content=\"image\/jpeg\" \/>\n<meta name=\"author\" content=\"moacir\" \/>\n<meta name=\"twitter:card\" content=\"summary_large_image\" \/>\n<meta name=\"twitter:label1\" content=\"Escrito por\" \/>\n\t<meta name=\"twitter:data1\" content=\"moacir\" \/>\n\t<meta name=\"twitter:label2\" content=\"Est. tempo de leitura\" \/>\n\t<meta name=\"twitter:data2\" content=\"2 minutos\" \/>\n<script type=\"application\/ld+json\" class=\"yoast-schema-graph\">{\"@context\":\"https:\/\/schema.org\",\"@graph\":[{\"@type\":\"WebSite\",\"@id\":\"https:\/\/franciscanos.org.br\/conventosantoantonio\/#website\",\"url\":\"https:\/\/franciscanos.org.br\/conventosantoantonio\/\",\"name\":\"Convento Santo Ant\u00f4nio- Franciscanos\",\"description\":\"Prov\u00edncia Franciscana da Imaculada Concei\u00e7\u00e3o do Brasil - Ordem dos Frades Menores\",\"potentialAction\":[{\"@type\":\"SearchAction\",\"target\":{\"@type\":\"EntryPoint\",\"urlTemplate\":\"https:\/\/franciscanos.org.br\/conventosantoantonio\/?s={search_term_string}\"},\"query-input\":\"required name=search_term_string\"}],\"inLanguage\":\"pt-BR\"},{\"@type\":\"WebPage\",\"@id\":\"https:\/\/franciscanos.org.br\/conventosantoantonio\/semanasanta\/\",\"url\":\"https:\/\/franciscanos.org.br\/conventosantoantonio\/semanasanta\/\",\"name\":\"Convento amplia hor\u00e1rio de confiss\u00f5es e ter\u00e1 Semana Santa presencial - Convento Santo Ant\u00f4nio- Franciscanos\",\"isPartOf\":{\"@id\":\"https:\/\/franciscanos.org.br\/conventosantoantonio\/#website\"},\"datePublished\":\"2022-03-12T03:57:17+00:00\",\"dateModified\":\"2022-03-12T12:12:20+00:00\",\"author\":{\"@id\":\"https:\/\/franciscanos.org.br\/conventosantoantonio\/#\/schema\/person\/73421c01c49c32a7bb0a19d9b36df6ad\"},\"breadcrumb\":{\"@id\":\"https:\/\/franciscanos.org.br\/conventosantoantonio\/semanasanta\/#breadcrumb\"},\"inLanguage\":\"pt-BR\",\"potentialAction\":[{\"@type\":\"ReadAction\",\"target\":[\"https:\/\/franciscanos.org.br\/conventosantoantonio\/semanasanta\/\"]}]},{\"@type\":\"BreadcrumbList\",\"@id\":\"https:\/\/franciscanos.org.br\/conventosantoantonio\/semanasanta\/#breadcrumb\",\"itemListElement\":[{\"@type\":\"ListItem\",\"position\":1,\"name\":\"Home\",\"item\":\"https:\/\/franciscanos.org.br\/conventosantoantonio\/\"},{\"@type\":\"ListItem\",\"position\":2,\"name\":\"Convento amplia hor\u00e1rio de confiss\u00f5es e ter\u00e1 Semana Santa presencial\"}]},{\"@type\":\"Person\",\"@id\":\"https:\/\/franciscanos.org.br\/conventosantoantonio\/#\/schema\/person\/73421c01c49c32a7bb0a19d9b36df6ad\",\"name\":\"moacir\",\"image\":{\"@type\":\"ImageObject\",\"inLanguage\":\"pt-BR\",\"@id\":\"https:\/\/franciscanos.org.br\/conventosantoantonio\/#\/schema\/person\/image\/\",\"url\":\"https:\/\/secure.gravatar.com\/avatar\/d08aa2ce4c8dd416d4479aa8536fcf64?s=96&d=mm&r=g\",\"contentUrl\":\"https:\/\/secure.gravatar.com\/avatar\/d08aa2ce4c8dd416d4479aa8536fcf64?s=96&d=mm&r=g\",\"caption\":\"moacir\"},\"url\":\"https:\/\/franciscanos.org.br\/conventosantoantonio\/author\/moacir\/\"}]}<\/script>\n<!-- \/ Yoast SEO plugin. -->","yoast_head_json":{"title":"Convento amplia hor\u00e1rio de confiss\u00f5es e ter\u00e1 Semana Santa presencial - Convento Santo Ant\u00f4nio- Franciscanos","robots":{"index":"index","follow":"follow","max-snippet":"max-snippet:-1","max-image-preview":"max-image-preview:large","max-video-preview":"max-video-preview:-1"},"canonical":"https:\/\/franciscanos.org.br\/conventosantoantonio\/semanasanta\/","og_locale":"pt_BR","og_type":"article","og_title":"Convento amplia hor\u00e1rio de confiss\u00f5es e ter\u00e1 Semana Santa presencial - Convento Santo Ant\u00f4nio- Franciscanos","og_description":"Novos hor\u00e1rios","og_url":"https:\/\/franciscanos.org.br\/conventosantoantonio\/semanasanta\/","og_site_name":"Convento Santo Ant\u00f4nio- Franciscanos","article_published_time":"2022-03-12T03:57:17+00:00","article_modified_time":"2022-03-12T12:12:20+00:00","og_image":[{"width":1280,"height":720,"url":"https:\/\/franciscanos.org.br\/conventosantoantonio\/wp-content\/uploads\/2021\/11\/convento_santoantonio_0911.jpg","type":"image\/jpeg"}],"author":"moacir","twitter_card":"summary_large_image","twitter_misc":{"Escrito por":"moacir","Est. tempo de leitura":"2 minutos"},"schema":{"@context":"https:\/\/schema.org","@graph":[{"@type":"WebSite","@id":"https:\/\/franciscanos.org.br\/conventosantoantonio\/#website","url":"https:\/\/franciscanos.org.br\/conventosantoantonio\/","name":"Convento Santo Ant\u00f4nio- Franciscanos","description":"Prov\u00edncia Franciscana da Imaculada Concei\u00e7\u00e3o do Brasil - Ordem dos Frades Menores","potentialAction":[{"@type":"SearchAction","target":{"@type":"EntryPoint","urlTemplate":"https:\/\/franciscanos.org.br\/conventosantoantonio\/?s={search_term_string}"},"query-input":"required name=search_term_string"}],"inLanguage":"pt-BR"},{"@type":"WebPage","@id":"https:\/\/franciscanos.org.br\/conventosantoantonio\/semanasanta\/","url":"https:\/\/franciscanos.org.br\/conventosantoantonio\/semanasanta\/","name":"Convento amplia hor\u00e1rio de confiss\u00f5es e ter\u00e1 Semana Santa presencial - Convento Santo Ant\u00f4nio- Franciscanos","isPartOf":{"@id":"https:\/\/franciscanos.org.br\/conventosantoantonio\/#website"},"datePublished":"2022-03-12T03:57:17+00:00","dateModified":"2022-03-12T12:12:20+00:00","author":{"@id":"https:\/\/franciscanos.org.br\/conventosantoantonio\/#\/schema\/person\/73421c01c49c32a7bb0a19d9b36df6ad"},"breadcrumb":{"@id":"https:\/\/franciscanos.org.br\/conventosantoantonio\/semanasanta\/#breadcrumb"},"inLanguage":"pt-BR","potentialAction":[{"@type":"ReadAction","target":["https:\/\/franciscanos.org.br\/conventosantoantonio\/semanasanta\/"]}]},{"@type":"BreadcrumbList","@id":"https:\/\/franciscanos.org.br\/conventosantoantonio\/semanasanta\/#breadcrumb","itemListElement":[{"@type":"ListItem","position":1,"name":"Home","item":"https:\/\/franciscanos.org.br\/conventosantoantonio\/"},{"@type":"ListItem","position":2,"name":"Convento amplia hor\u00e1rio de confiss\u00f5es e ter\u00e1 Semana Santa presencial"}]},{"@type":"Person","@id":"https:\/\/franciscanos.org.br\/conventosantoantonio\/#\/schema\/person\/73421c01c49c32a7bb0a19d9b36df6ad","name":"moacir","image":{"@type":"ImageObject","inLanguage":"pt-BR","@id":"https:\/\/franciscanos.org.br\/conventosantoantonio\/#\/schema\/person\/image\/","url":"https:\/\/secure.gravatar.com\/avatar\/d08aa2ce4c8dd416d4479aa8536fcf64?s=96&d=mm&r=g","contentUrl":"https:\/\/secure.gravatar.com\/avatar\/d08aa2ce4c8dd416d4479aa8536fcf64?s=96&d=mm&r=g","caption":"moacir"},"url":"https:\/\/franciscanos.org.br\/conventosantoantonio\/author\/moacir\/"}]}},"_links":{"self":[{"href":"https:\/\/franciscanos.org.br\/conventosantoantonio\/wp-json\/wp\/v2\/posts\/188074"}],"collection":[{"href":"https:\/\/franciscanos.org.br\/conventosantoantonio\/wp-json\/wp\/v2\/posts"}],"about":[{"href":"https:\/\/franciscanos.org.br\/conventosantoantonio\/wp-json\/wp\/v2\/types\/post"}],"author":[{"embeddable":true,"href":"https:\/\/franciscanos.org.br\/conventosantoantonio\/wp-json\/wp\/v2\/users\/3"}],"replies":[{"embeddable":true,"href":"https:\/\/franciscanos.org.br\/conventosantoantonio\/wp-json\/wp\/v2\/comments?post=188074"}],"version-history":[{"count":11,"href":"https:\/\/franciscanos.org.br\/conventosantoantonio\/wp-json\/wp\/v2\/posts\/188074\/revisions"}],"predecessor-version":[{"id":188122,"href":"https:\/\/franciscanos.org.br\/conventosantoantonio\/wp-json\/wp\/v2\/posts\/188074\/revisions\/188122"}],"wp:featuredmedia":[{"embeddable":true,"href":"https:\/\/franciscanos.org.br\/conventosantoantonio\/wp-json\/wp\/v2\/media\/188075"}],"wp:attachment":[{"href":"https:\/\/franciscanos.org.br\/conventosantoantonio\/wp-json\/wp\/v2\/media?parent=188074"}],"wp:term":[{"taxonomy":"category","embeddable":true,"href":"https:\/\/franciscanos.org.br\/conventosantoantonio\/wp-json\/wp\/v2\/categories?post=188074"},{"taxonomy":"post_tag","embeddable":true,"href":"https:\/\/franciscanos.org.br\/conventosantoantonio\/wp-json\/wp\/v2\/tags?post=188074"}],"curies":[{"name":"wp","href":"https:\/\/api.w.org\/{rel}","templated":true}]}}