{"id":188036,"date":"2019-04-20T09:39:28","date_gmt":"2019-04-20T12:39:28","guid":{"rendered":"https:\/\/franciscanos.org.br\/conventosantoantonio\/?p=188036"},"modified":"2021-09-30T09:40:08","modified_gmt":"2021-09-30T12:40:08","slug":"a-pia-uniao-de-santo-antonio","status":"publish","type":"post","link":"https:\/\/franciscanos.org.br\/conventosantoantonio\/a-pia-uniao-de-santo-antonio\/","title":{"rendered":"A Pia Uni\u00e3o de Santo Ant\u00f4nio"},"content":{"rendered":"<p><img loading=\"lazy\" class=\"alignnone wp-image-188037 size-full\" src=\"https:\/\/franciscanos.org.br\/conventosantoantonio\/wp-content\/uploads\/2021\/09\/antonio_300921.jpg\" alt=\"\" width=\"1200\" height=\"781\" srcset=\"https:\/\/franciscanos.org.br\/conventosantoantonio\/wp-content\/uploads\/2021\/09\/antonio_300921.jpg 1200w, https:\/\/franciscanos.org.br\/conventosantoantonio\/wp-content\/uploads\/2021\/09\/antonio_300921-450x293.jpg 450w, https:\/\/franciscanos.org.br\/conventosantoantonio\/wp-content\/uploads\/2021\/09\/antonio_300921-1024x666.jpg 1024w, https:\/\/franciscanos.org.br\/conventosantoantonio\/wp-content\/uploads\/2021\/09\/antonio_300921-768x500.jpg 768w, https:\/\/franciscanos.org.br\/conventosantoantonio\/wp-content\/uploads\/2021\/09\/antonio_300921-150x98.jpg 150w\" sizes=\"(max-width: 1200px) 100vw, 1200px\" \/><br \/>\nO Centro Prim\u00e1rio da Pia Uni\u00e3o de Santo Ant\u00f4nio tem a sua sede em Roma, It\u00e1lia, na Igreja de Santo Ant\u00f4nio, Via Merulana,124. O Centro Nacional da Pia Uni\u00e3o \u00e9 aqui no Convento Santo Ant\u00f4nio do Largo da Carioca,RJ,\u00a0 que segue o mesmo Estatuto do Centro prim\u00e1rio com algumas adequa\u00e7\u00f5es a realidade local.<\/p>\n<h3>OBJETIVO DA PIA UNI\u00c3O<\/h3>\n<ol>\n<li>Dar gra\u00e7as a Deus pelos singulares privil\u00e9gios de que foi enriquecido Santo Ant\u00f4nio e pela gl\u00f3ria com que o galardoou no c\u00e9u e na terra.<\/li>\n<\/ol>\n<ol start=\"2\">\n<li>Pedir ao Santo que se digne socorrer a todos que o invocam nas necessidades da alma e do corpo, e tudo esperam do reino e justi\u00e7a de Deus.<\/li>\n<\/ol>\n<ol start=\"3\">\n<li>Ajudar na prepara\u00e7\u00e3o e no brilho piedoso da Trezena de Santo<\/li>\n<\/ol>\n<p>Ant\u00f4nio e fazer da Festa do Santo um grande momento de religiosidade popular e confraterniza\u00e7\u00e3o.<\/p>\n<ol start=\"4\">\n<li>Socorrer as necessidades dos mais necessitados atrav\u00e9s da Obra do P\u00c3O DOS POBRES DE SANTO ANT\u00d4NIO, com<\/li>\n<\/ol>\n<p>mensalidades, doa\u00e7\u00f5es, campanhas, rifas, festas, livro de ouro,\u00a0trabalho volunt\u00e1rio, bazar e diversas atividades e obras piedosas. Toda arrecada\u00e7\u00e3o vai para as Obras Sociais do Convento de Santo Ant\u00f4nio (SEFRAS) e para a distribui\u00e7\u00e3o do p\u00e3o aos pobres.<\/p>\n<h3><strong>A PIA UNI\u00c3O TEM TAMB\u00c9M A FINALIDADE :<\/strong><strong>\u00a0<\/strong><\/h3>\n<ol>\n<li>Rezar pelos incr\u00e9dulos ou pelos que perderam a f\u00e9, para que alcancem a luz de Deus em seu caminho.<\/li>\n<\/ol>\n<ol start=\"2\">\n<li>Rezar pelos pecadores, t\u00e3o amados por Santo Ant\u00f4nio, para que recuperem a Divina Gra\u00e7a.<\/li>\n<\/ol>\n<ol start=\"3\">\n<li>Criar e animar a uni\u00e3o entre as Tr\u00eas Ordens Franciscanas, e inspirados na mesma Regra de Vida e Constitui\u00e7\u00f5es, levar \u00e0 Fam\u00edlia Franciscana a vida, a espiritualidade e as obras do Santo, para que todos possam conhecer e imitar o ardor antoniano no caminho da perfei\u00e7\u00e3o ser\u00e1fica.<\/li>\n<\/ol>\n<ol start=\"4\">\n<li>Que n\u00e3o falte aos pobres o p\u00e3o de cada dia.<\/li>\n<\/ol>\n<ol start=\"5\">\n<li>Que todos consigam readquir os bens perdidos, n\u00e3o s\u00f3 materiais, mas da pr\u00f3pria reputa\u00e7\u00e3o.<\/li>\n<\/ol>\n<h3><strong>A PIA UNI\u00c3O TEM POR OBRIGA\u00c7\u00d5ES:<\/strong><strong>\u00a0<\/strong><\/h3>\n<ol>\n<li>Recitar todo dia por tr\u00eas vezes o Gl\u00f3ria ao Pai, dando gra\u00e7as \u00e0 Sant\u00edssima Trindade pelo admir\u00e1vel poder que outorgou a Santo Ant\u00f4nio.<\/li>\n<\/ol>\n<ol start=\"2\">\n<li>Recitar cada dia, uma vez, o respons\u00f3rio \u201cSi quaeris\u201d, em honra do Santo; ou o Pai Nosso, Ave Maria e Gl\u00f3ria ao Pai.<\/li>\n<\/ol>\n<ol start=\"3\">\n<li>Dar uma esmola \u00e0 Caixa dos Pobres toda vez que receber um obs\u00e9quio por favor do Santo.<\/li>\n<\/ol>\n<ol start=\"4\">\n<li>Enviar ao Frade ou Sacerdote Diretor Espiritual ou a Presidente da Pia Uni\u00e3o, a rela\u00e7\u00e3o das gra\u00e7as concedidas pelo Santo.<\/li>\n<\/ol>\n<ol start=\"5\">\n<li>Participar da Missa das 8h de cada primeira ter\u00e7a feira do m\u00eas,celebrada no Convento de Santo Ant\u00f4nio, participando assim da B\u00ean\u00e7\u00e3o e outras Devo\u00e7\u00f5es ao Santo.<\/li>\n<\/ol>\n<ol start=\"6\">\n<li>Colaborar com a mensalidade estabelecida.<\/li>\n<\/ol>\n<h3>ADMISS\u00c3O A PIA UNI\u00c3O DE SANTO ANT\u00d4NIO<strong>\u00a0<\/strong><\/h3>\n<p>As pessoas devotas do Santo que desejarem filiar-se \u00e0 Pia Uni\u00e3o, dar\u00e3o seus nomes e endere\u00e7o. Ser\u00e3o formadas nas finalidades e m\u00edstica da Pia Uni\u00e3o e no ato da Admiss\u00e3o ( com data e momento oportuno ) receber\u00e3o o\u00a0 distintivo,diploma e textos normativos da Pia Uni\u00e3o. O distintivo da Pia Uni\u00e3o de Santo Ant\u00f4nio, adotado\u00a0 pela associa\u00e7\u00e3o aqui no Convento, consiste numa fita de seda verde com a cruz\u00a0 e medalha de Santo Ant\u00f4nio\u00a0 para as iniciantes; e uma\u00a0fita mais larga para as zeladoras.<\/p>\n<p><strong>ALGUNS PRIVIL\u00c9GIOS \u00a0DA PIA UNI\u00c3O<\/strong><strong>\u00a0<\/strong><\/p>\n<p>Desde o momento da Admiss\u00e3o, os associados come\u00e7am a participar dos frutos da Missa que, em todas as ter\u00e7as feiras, \u00e9 celebrada na igreja de Santo Ant\u00f4nio, em Roma, e nas inten\u00e7\u00f5es comunit\u00e1rias da Missa do Convento do Largo da Carioca, RJ; por inten\u00e7\u00e3o sua e de todos os demais benfeitores.<\/p>\n<p>Participam das Comunica\u00e7\u00f5es do Ministro Geral da Ordem no que se refere as ora\u00e7\u00f5es e obras praticadas pelos frades da OFM do mundo inteiro.<\/p>\n<p>Indulg\u00eancia Plen\u00e1ria no dia da Admiss\u00e3o, na Festa de Santo Ant\u00f4nio, confessando-se e comungando, visitando uma igreja e orando nas inten\u00e7\u00f5es do Sumo\u00a0 Pont\u00edfice.<\/p>\n<p>Como Associa\u00e7\u00e3o canonicamente ereta, a Pia Uni\u00e3o de Santo Ant\u00f4nio, j\u00e1 n\u00e3o existe mais em muitos lugares do mundo; mas aqui no Convento de Santo Ant\u00f4nio do Largo da Carioca ela est\u00e1 muito\u00a0 viva e participativa!<\/p>\n","protected":false},"excerpt":{"rendered":"<p>Pelos necessitados<\/p>\n","protected":false},"author":3,"featured_media":188037,"comment_status":"open","ping_status":"open","sticky":false,"template":"","format":"standard","meta":[],"categories":[26],"tags":[352],"yoast_head":"<!-- This site is optimized with the Yoast SEO plugin v19.4 - https:\/\/yoast.com\/wordpress\/plugins\/seo\/ -->\n<title>A Pia Uni\u00e3o de Santo Ant\u00f4nio - Convento Santo Ant\u00f4nio- Franciscanos<\/title>\n<meta name=\"robots\" content=\"index, follow, max-snippet:-1, max-image-preview:large, max-video-preview:-1\" \/>\n<link rel=\"canonical\" href=\"https:\/\/franciscanos.org.br\/conventosantoantonio\/a-pia-uniao-de-santo-antonio\/\" \/>\n<meta property=\"og:locale\" content=\"pt_BR\" \/>\n<meta property=\"og:type\" content=\"article\" \/>\n<meta property=\"og:title\" content=\"A Pia Uni\u00e3o de Santo Ant\u00f4nio - Convento Santo Ant\u00f4nio- Franciscanos\" \/>\n<meta property=\"og:description\" content=\"Pelos necessitados\" \/>\n<meta property=\"og:url\" content=\"https:\/\/franciscanos.org.br\/conventosantoantonio\/a-pia-uniao-de-santo-antonio\/\" \/>\n<meta property=\"og:site_name\" content=\"Convento Santo Ant\u00f4nio- Franciscanos\" \/>\n<meta property=\"article:published_time\" content=\"2019-04-20T12:39:28+00:00\" \/>\n<meta property=\"article:modified_time\" content=\"2021-09-30T12:40:08+00:00\" \/>\n<meta property=\"og:image\" content=\"https:\/\/franciscanos.org.br\/conventosantoantonio\/wp-content\/uploads\/2021\/09\/antonio_300921.jpg\" \/>\n\t<meta property=\"og:image:width\" content=\"1200\" \/>\n\t<meta property=\"og:image:height\" content=\"781\" \/>\n\t<meta property=\"og:image:type\" content=\"image\/jpeg\" \/>\n<meta name=\"author\" content=\"moacir\" \/>\n<meta name=\"twitter:card\" content=\"summary_large_image\" \/>\n<meta name=\"twitter:label1\" content=\"Escrito por\" \/>\n\t<meta name=\"twitter:data1\" content=\"moacir\" \/>\n\t<meta name=\"twitter:label2\" content=\"Est. tempo de leitura\" \/>\n\t<meta name=\"twitter:data2\" content=\"4 minutos\" \/>\n<script type=\"application\/ld+json\" class=\"yoast-schema-graph\">{\"@context\":\"https:\/\/schema.org\",\"@graph\":[{\"@type\":\"WebSite\",\"@id\":\"https:\/\/franciscanos.org.br\/conventosantoantonio\/#website\",\"url\":\"https:\/\/franciscanos.org.br\/conventosantoantonio\/\",\"name\":\"Convento Santo Ant\u00f4nio- Franciscanos\",\"description\":\"Prov\u00edncia Franciscana da Imaculada Concei\u00e7\u00e3o do Brasil - Ordem dos Frades Menores\",\"potentialAction\":[{\"@type\":\"SearchAction\",\"target\":{\"@type\":\"EntryPoint\",\"urlTemplate\":\"https:\/\/franciscanos.org.br\/conventosantoantonio\/?s={search_term_string}\"},\"query-input\":\"required name=search_term_string\"}],\"inLanguage\":\"pt-BR\"},{\"@type\":\"WebPage\",\"@id\":\"https:\/\/franciscanos.org.br\/conventosantoantonio\/a-pia-uniao-de-santo-antonio\/\",\"url\":\"https:\/\/franciscanos.org.br\/conventosantoantonio\/a-pia-uniao-de-santo-antonio\/\",\"name\":\"A Pia Uni\u00e3o de Santo Ant\u00f4nio - Convento Santo Ant\u00f4nio- Franciscanos\",\"isPartOf\":{\"@id\":\"https:\/\/franciscanos.org.br\/conventosantoantonio\/#website\"},\"datePublished\":\"2019-04-20T12:39:28+00:00\",\"dateModified\":\"2021-09-30T12:40:08+00:00\",\"author\":{\"@id\":\"https:\/\/franciscanos.org.br\/conventosantoantonio\/#\/schema\/person\/73421c01c49c32a7bb0a19d9b36df6ad\"},\"breadcrumb\":{\"@id\":\"https:\/\/franciscanos.org.br\/conventosantoantonio\/a-pia-uniao-de-santo-antonio\/#breadcrumb\"},\"inLanguage\":\"pt-BR\",\"potentialAction\":[{\"@type\":\"ReadAction\",\"target\":[\"https:\/\/franciscanos.org.br\/conventosantoantonio\/a-pia-uniao-de-santo-antonio\/\"]}]},{\"@type\":\"BreadcrumbList\",\"@id\":\"https:\/\/franciscanos.org.br\/conventosantoantonio\/a-pia-uniao-de-santo-antonio\/#breadcrumb\",\"itemListElement\":[{\"@type\":\"ListItem\",\"position\":1,\"name\":\"Home\",\"item\":\"https:\/\/franciscanos.org.br\/conventosantoantonio\/\"},{\"@type\":\"ListItem\",\"position\":2,\"name\":\"A Pia Uni\u00e3o de Santo Ant\u00f4nio\"}]},{\"@type\":\"Person\",\"@id\":\"https:\/\/franciscanos.org.br\/conventosantoantonio\/#\/schema\/person\/73421c01c49c32a7bb0a19d9b36df6ad\",\"name\":\"moacir\",\"image\":{\"@type\":\"ImageObject\",\"inLanguage\":\"pt-BR\",\"@id\":\"https:\/\/franciscanos.org.br\/conventosantoantonio\/#\/schema\/person\/image\/\",\"url\":\"https:\/\/secure.gravatar.com\/avatar\/d08aa2ce4c8dd416d4479aa8536fcf64?s=96&d=mm&r=g\",\"contentUrl\":\"https:\/\/secure.gravatar.com\/avatar\/d08aa2ce4c8dd416d4479aa8536fcf64?s=96&d=mm&r=g\",\"caption\":\"moacir\"},\"url\":\"https:\/\/franciscanos.org.br\/conventosantoantonio\/author\/moacir\/\"}]}<\/script>\n<!-- \/ Yoast SEO plugin. -->","yoast_head_json":{"title":"A Pia Uni\u00e3o de Santo Ant\u00f4nio - Convento Santo Ant\u00f4nio- Franciscanos","robots":{"index":"index","follow":"follow","max-snippet":"max-snippet:-1","max-image-preview":"max-image-preview:large","max-video-preview":"max-video-preview:-1"},"canonical":"https:\/\/franciscanos.org.br\/conventosantoantonio\/a-pia-uniao-de-santo-antonio\/","og_locale":"pt_BR","og_type":"article","og_title":"A Pia Uni\u00e3o de Santo Ant\u00f4nio - Convento Santo Ant\u00f4nio- Franciscanos","og_description":"Pelos necessitados","og_url":"https:\/\/franciscanos.org.br\/conventosantoantonio\/a-pia-uniao-de-santo-antonio\/","og_site_name":"Convento Santo Ant\u00f4nio- Franciscanos","article_published_time":"2019-04-20T12:39:28+00:00","article_modified_time":"2021-09-30T12:40:08+00:00","og_image":[{"width":1200,"height":781,"url":"https:\/\/franciscanos.org.br\/conventosantoantonio\/wp-content\/uploads\/2021\/09\/antonio_300921.jpg","type":"image\/jpeg"}],"author":"moacir","twitter_card":"summary_large_image","twitter_misc":{"Escrito por":"moacir","Est. tempo de leitura":"4 minutos"},"schema":{"@context":"https:\/\/schema.org","@graph":[{"@type":"WebSite","@id":"https:\/\/franciscanos.org.br\/conventosantoantonio\/#website","url":"https:\/\/franciscanos.org.br\/conventosantoantonio\/","name":"Convento Santo Ant\u00f4nio- Franciscanos","description":"Prov\u00edncia Franciscana da Imaculada Concei\u00e7\u00e3o do Brasil - Ordem dos Frades Menores","potentialAction":[{"@type":"SearchAction","target":{"@type":"EntryPoint","urlTemplate":"https:\/\/franciscanos.org.br\/conventosantoantonio\/?s={search_term_string}"},"query-input":"required name=search_term_string"}],"inLanguage":"pt-BR"},{"@type":"WebPage","@id":"https:\/\/franciscanos.org.br\/conventosantoantonio\/a-pia-uniao-de-santo-antonio\/","url":"https:\/\/franciscanos.org.br\/conventosantoantonio\/a-pia-uniao-de-santo-antonio\/","name":"A Pia Uni\u00e3o de Santo Ant\u00f4nio - Convento Santo Ant\u00f4nio- Franciscanos","isPartOf":{"@id":"https:\/\/franciscanos.org.br\/conventosantoantonio\/#website"},"datePublished":"2019-04-20T12:39:28+00:00","dateModified":"2021-09-30T12:40:08+00:00","author":{"@id":"https:\/\/franciscanos.org.br\/conventosantoantonio\/#\/schema\/person\/73421c01c49c32a7bb0a19d9b36df6ad"},"breadcrumb":{"@id":"https:\/\/franciscanos.org.br\/conventosantoantonio\/a-pia-uniao-de-santo-antonio\/#breadcrumb"},"inLanguage":"pt-BR","potentialAction":[{"@type":"ReadAction","target":["https:\/\/franciscanos.org.br\/conventosantoantonio\/a-pia-uniao-de-santo-antonio\/"]}]},{"@type":"BreadcrumbList","@id":"https:\/\/franciscanos.org.br\/conventosantoantonio\/a-pia-uniao-de-santo-antonio\/#breadcrumb","itemListElement":[{"@type":"ListItem","position":1,"name":"Home","item":"https:\/\/franciscanos.org.br\/conventosantoantonio\/"},{"@type":"ListItem","position":2,"name":"A Pia Uni\u00e3o de Santo Ant\u00f4nio"}]},{"@type":"Person","@id":"https:\/\/franciscanos.org.br\/conventosantoantonio\/#\/schema\/person\/73421c01c49c32a7bb0a19d9b36df6ad","name":"moacir","image":{"@type":"ImageObject","inLanguage":"pt-BR","@id":"https:\/\/franciscanos.org.br\/conventosantoantonio\/#\/schema\/person\/image\/","url":"https:\/\/secure.gravatar.com\/avatar\/d08aa2ce4c8dd416d4479aa8536fcf64?s=96&d=mm&r=g","contentUrl":"https:\/\/secure.gravatar.com\/avatar\/d08aa2ce4c8dd416d4479aa8536fcf64?s=96&d=mm&r=g","caption":"moacir"},"url":"https:\/\/franciscanos.org.br\/conventosantoantonio\/author\/moacir\/"}]}},"_links":{"self":[{"href":"https:\/\/franciscanos.org.br\/conventosantoantonio\/wp-json\/wp\/v2\/posts\/188036"}],"collection":[{"href":"https:\/\/franciscanos.org.br\/conventosantoantonio\/wp-json\/wp\/v2\/posts"}],"about":[{"href":"https:\/\/franciscanos.org.br\/conventosantoantonio\/wp-json\/wp\/v2\/types\/post"}],"author":[{"embeddable":true,"href":"https:\/\/franciscanos.org.br\/conventosantoantonio\/wp-json\/wp\/v2\/users\/3"}],"replies":[{"embeddable":true,"href":"https:\/\/franciscanos.org.br\/conventosantoantonio\/wp-json\/wp\/v2\/comments?post=188036"}],"version-history":[{"count":1,"href":"https:\/\/franciscanos.org.br\/conventosantoantonio\/wp-json\/wp\/v2\/posts\/188036\/revisions"}],"predecessor-version":[{"id":188038,"href":"https:\/\/franciscanos.org.br\/conventosantoantonio\/wp-json\/wp\/v2\/posts\/188036\/revisions\/188038"}],"wp:featuredmedia":[{"embeddable":true,"href":"https:\/\/franciscanos.org.br\/conventosantoantonio\/wp-json\/wp\/v2\/media\/188037"}],"wp:attachment":[{"href":"https:\/\/franciscanos.org.br\/conventosantoantonio\/wp-json\/wp\/v2\/media?parent=188036"}],"wp:term":[{"taxonomy":"category","embeddable":true,"href":"https:\/\/franciscanos.org.br\/conventosantoantonio\/wp-json\/wp\/v2\/categories?post=188036"},{"taxonomy":"post_tag","embeddable":true,"href":"https:\/\/franciscanos.org.br\/conventosantoantonio\/wp-json\/wp\/v2\/tags?post=188036"}],"curies":[{"name":"wp","href":"https:\/\/api.w.org\/{rel}","templated":true}]}}