{"id":188025,"date":"2019-12-18T17:03:34","date_gmt":"2019-12-18T20:03:34","guid":{"rendered":"https:\/\/franciscanos.org.br\/conventosantoantonio\/?p=188025"},"modified":"2021-09-27T17:04:42","modified_gmt":"2021-09-27T20:04:42","slug":"v-exposicao-de-presepios-no-convento-de-santo-antonio","status":"publish","type":"post","link":"https:\/\/franciscanos.org.br\/conventosantoantonio\/v-exposicao-de-presepios-no-convento-de-santo-antonio\/","title":{"rendered":"V Exposi\u00e7\u00e3o de Pres\u00e9pios no Convento de Santo Ant\u00f4nio"},"content":{"rendered":"<h3><a href=\"http:\/\/conventosantoantonio.org.br\/wp-content\/uploads\/2019\/11\/face_instagram-01-e1574780547968.jpg\"><img loading=\"lazy\" class=\"aligncenter wp-image-4185\" src=\"http:\/\/conventosantoantonio.org.br\/wp-content\/uploads\/2019\/11\/face_instagram-01-e1574780547968.jpg\" alt=\"\" width=\"600\" height=\"600\" \/><\/a><\/h3>\n<p>Com alegria, n\u00f3s frades franciscanos do Convento Santo Ant\u00f4nio convidamos voc\u00ea, seus familiares e amigos para visitarem a\u00a0<strong>\u201cV Exposi\u00e7\u00e3o Franciscana de Pres\u00e9pios\u201d<\/strong>. A mostra de pres\u00e9pios \u00e9 oportunidade para contemplar o verdadeiro significado do Natal e apreciar a diversidade cultural expressa em cada obra de arte.<\/p>\n<p><strong>\u201cDe gra\u00e7a recebestes, de gra\u00e7a dai\u201d,<\/strong>\u00a0\u00e9 o tema da exposi\u00e7\u00e3o que quer refletir sobre a generosidade de Deus para com a humanidade e tamb\u00e9m a generosidade dos visitantes que contribuem livre e espontaneamente com a manuten\u00e7\u00e3o da cole\u00e7\u00e3o franciscana de pres\u00e9pios. Neste sentido, grande parte das obras que estar\u00e3o expostas foram adquiridas gra\u00e7as a doa\u00e7\u00e3o dos visitantes e amigos dos frades. Na gratuidade a generosidade gera generosidade, e ao contemplar o Mist\u00e9rio da Encarna\u00e7\u00e3o por meio da arte poderemos celebrar o Natal com mais intensidade.<\/p>\n<p>Contamos com a sua participa\u00e7\u00e3o e divulga\u00e7\u00e3o. Paz\u00a0 e Bem.<\/p>\n","protected":false},"excerpt":{"rendered":"<p>Exposi\u00e7\u00e3o de Pres\u00e9pios<\/p>\n","protected":false},"author":3,"featured_media":0,"comment_status":"open","ping_status":"open","sticky":false,"template":"","format":"standard","meta":[],"categories":[105],"tags":[350],"yoast_head":"<!-- This site is optimized with the Yoast SEO plugin v19.4 - https:\/\/yoast.com\/wordpress\/plugins\/seo\/ -->\n<title>V Exposi\u00e7\u00e3o de Pres\u00e9pios no Convento de Santo Ant\u00f4nio - Convento Santo Ant\u00f4nio- Franciscanos<\/title>\n<meta name=\"robots\" content=\"index, follow, max-snippet:-1, max-image-preview:large, max-video-preview:-1\" \/>\n<link rel=\"canonical\" href=\"https:\/\/franciscanos.org.br\/conventosantoantonio\/v-exposicao-de-presepios-no-convento-de-santo-antonio\/\" \/>\n<meta property=\"og:locale\" content=\"pt_BR\" \/>\n<meta property=\"og:type\" content=\"article\" \/>\n<meta property=\"og:title\" content=\"V Exposi\u00e7\u00e3o de Pres\u00e9pios no Convento de Santo Ant\u00f4nio - Convento Santo Ant\u00f4nio- Franciscanos\" \/>\n<meta property=\"og:description\" content=\"Exposi\u00e7\u00e3o de Pres\u00e9pios\" \/>\n<meta property=\"og:url\" content=\"https:\/\/franciscanos.org.br\/conventosantoantonio\/v-exposicao-de-presepios-no-convento-de-santo-antonio\/\" \/>\n<meta property=\"og:site_name\" content=\"Convento Santo Ant\u00f4nio- Franciscanos\" \/>\n<meta property=\"article:published_time\" content=\"2019-12-18T20:03:34+00:00\" \/>\n<meta property=\"article:modified_time\" content=\"2021-09-27T20:04:42+00:00\" \/>\n<meta property=\"og:image\" content=\"http:\/\/conventosantoantonio.org.br\/wp-content\/uploads\/2019\/11\/face_instagram-01-e1574780547968.jpg\" \/>\n<meta name=\"author\" content=\"moacir\" \/>\n<meta name=\"twitter:card\" content=\"summary_large_image\" \/>\n<meta name=\"twitter:label1\" content=\"Escrito por\" \/>\n\t<meta name=\"twitter:data1\" content=\"moacir\" \/>\n\t<meta name=\"twitter:label2\" content=\"Est. tempo de leitura\" \/>\n\t<meta name=\"twitter:data2\" content=\"1 minuto\" \/>\n<script type=\"application\/ld+json\" class=\"yoast-schema-graph\">{\"@context\":\"https:\/\/schema.org\",\"@graph\":[{\"@type\":\"WebSite\",\"@id\":\"https:\/\/franciscanos.org.br\/conventosantoantonio\/#website\",\"url\":\"https:\/\/franciscanos.org.br\/conventosantoantonio\/\",\"name\":\"Convento Santo Ant\u00f4nio- Franciscanos\",\"description\":\"Prov\u00edncia Franciscana da Imaculada Concei\u00e7\u00e3o do Brasil - Ordem dos Frades Menores\",\"potentialAction\":[{\"@type\":\"SearchAction\",\"target\":{\"@type\":\"EntryPoint\",\"urlTemplate\":\"https:\/\/franciscanos.org.br\/conventosantoantonio\/?s={search_term_string}\"},\"query-input\":\"required name=search_term_string\"}],\"inLanguage\":\"pt-BR\"},{\"@type\":\"WebPage\",\"@id\":\"https:\/\/franciscanos.org.br\/conventosantoantonio\/v-exposicao-de-presepios-no-convento-de-santo-antonio\/\",\"url\":\"https:\/\/franciscanos.org.br\/conventosantoantonio\/v-exposicao-de-presepios-no-convento-de-santo-antonio\/\",\"name\":\"V Exposi\u00e7\u00e3o de Pres\u00e9pios no Convento de Santo Ant\u00f4nio - Convento Santo Ant\u00f4nio- Franciscanos\",\"isPartOf\":{\"@id\":\"https:\/\/franciscanos.org.br\/conventosantoantonio\/#website\"},\"datePublished\":\"2019-12-18T20:03:34+00:00\",\"dateModified\":\"2021-09-27T20:04:42+00:00\",\"author\":{\"@id\":\"https:\/\/franciscanos.org.br\/conventosantoantonio\/#\/schema\/person\/73421c01c49c32a7bb0a19d9b36df6ad\"},\"breadcrumb\":{\"@id\":\"https:\/\/franciscanos.org.br\/conventosantoantonio\/v-exposicao-de-presepios-no-convento-de-santo-antonio\/#breadcrumb\"},\"inLanguage\":\"pt-BR\",\"potentialAction\":[{\"@type\":\"ReadAction\",\"target\":[\"https:\/\/franciscanos.org.br\/conventosantoantonio\/v-exposicao-de-presepios-no-convento-de-santo-antonio\/\"]}]},{\"@type\":\"BreadcrumbList\",\"@id\":\"https:\/\/franciscanos.org.br\/conventosantoantonio\/v-exposicao-de-presepios-no-convento-de-santo-antonio\/#breadcrumb\",\"itemListElement\":[{\"@type\":\"ListItem\",\"position\":1,\"name\":\"Home\",\"item\":\"https:\/\/franciscanos.org.br\/conventosantoantonio\/\"},{\"@type\":\"ListItem\",\"position\":2,\"name\":\"V Exposi\u00e7\u00e3o de Pres\u00e9pios no Convento de Santo Ant\u00f4nio\"}]},{\"@type\":\"Person\",\"@id\":\"https:\/\/franciscanos.org.br\/conventosantoantonio\/#\/schema\/person\/73421c01c49c32a7bb0a19d9b36df6ad\",\"name\":\"moacir\",\"image\":{\"@type\":\"ImageObject\",\"inLanguage\":\"pt-BR\",\"@id\":\"https:\/\/franciscanos.org.br\/conventosantoantonio\/#\/schema\/person\/image\/\",\"url\":\"https:\/\/secure.gravatar.com\/avatar\/d08aa2ce4c8dd416d4479aa8536fcf64?s=96&d=mm&r=g\",\"contentUrl\":\"https:\/\/secure.gravatar.com\/avatar\/d08aa2ce4c8dd416d4479aa8536fcf64?s=96&d=mm&r=g\",\"caption\":\"moacir\"},\"url\":\"https:\/\/franciscanos.org.br\/conventosantoantonio\/author\/moacir\/\"}]}<\/script>\n<!-- \/ Yoast SEO plugin. -->","yoast_head_json":{"title":"V Exposi\u00e7\u00e3o de Pres\u00e9pios no Convento de Santo Ant\u00f4nio - Convento Santo Ant\u00f4nio- Franciscanos","robots":{"index":"index","follow":"follow","max-snippet":"max-snippet:-1","max-image-preview":"max-image-preview:large","max-video-preview":"max-video-preview:-1"},"canonical":"https:\/\/franciscanos.org.br\/conventosantoantonio\/v-exposicao-de-presepios-no-convento-de-santo-antonio\/","og_locale":"pt_BR","og_type":"article","og_title":"V Exposi\u00e7\u00e3o de Pres\u00e9pios no Convento de Santo Ant\u00f4nio - Convento Santo Ant\u00f4nio- Franciscanos","og_description":"Exposi\u00e7\u00e3o de Pres\u00e9pios","og_url":"https:\/\/franciscanos.org.br\/conventosantoantonio\/v-exposicao-de-presepios-no-convento-de-santo-antonio\/","og_site_name":"Convento Santo Ant\u00f4nio- Franciscanos","article_published_time":"2019-12-18T20:03:34+00:00","article_modified_time":"2021-09-27T20:04:42+00:00","og_image":[{"url":"http:\/\/conventosantoantonio.org.br\/wp-content\/uploads\/2019\/11\/face_instagram-01-e1574780547968.jpg"}],"author":"moacir","twitter_card":"summary_large_image","twitter_misc":{"Escrito por":"moacir","Est. tempo de leitura":"1 minuto"},"schema":{"@context":"https:\/\/schema.org","@graph":[{"@type":"WebSite","@id":"https:\/\/franciscanos.org.br\/conventosantoantonio\/#website","url":"https:\/\/franciscanos.org.br\/conventosantoantonio\/","name":"Convento Santo Ant\u00f4nio- Franciscanos","description":"Prov\u00edncia Franciscana da Imaculada Concei\u00e7\u00e3o do Brasil - Ordem dos Frades Menores","potentialAction":[{"@type":"SearchAction","target":{"@type":"EntryPoint","urlTemplate":"https:\/\/franciscanos.org.br\/conventosantoantonio\/?s={search_term_string}"},"query-input":"required name=search_term_string"}],"inLanguage":"pt-BR"},{"@type":"WebPage","@id":"https:\/\/franciscanos.org.br\/conventosantoantonio\/v-exposicao-de-presepios-no-convento-de-santo-antonio\/","url":"https:\/\/franciscanos.org.br\/conventosantoantonio\/v-exposicao-de-presepios-no-convento-de-santo-antonio\/","name":"V Exposi\u00e7\u00e3o de Pres\u00e9pios no Convento de Santo Ant\u00f4nio - Convento Santo Ant\u00f4nio- Franciscanos","isPartOf":{"@id":"https:\/\/franciscanos.org.br\/conventosantoantonio\/#website"},"datePublished":"2019-12-18T20:03:34+00:00","dateModified":"2021-09-27T20:04:42+00:00","author":{"@id":"https:\/\/franciscanos.org.br\/conventosantoantonio\/#\/schema\/person\/73421c01c49c32a7bb0a19d9b36df6ad"},"breadcrumb":{"@id":"https:\/\/franciscanos.org.br\/conventosantoantonio\/v-exposicao-de-presepios-no-convento-de-santo-antonio\/#breadcrumb"},"inLanguage":"pt-BR","potentialAction":[{"@type":"ReadAction","target":["https:\/\/franciscanos.org.br\/conventosantoantonio\/v-exposicao-de-presepios-no-convento-de-santo-antonio\/"]}]},{"@type":"BreadcrumbList","@id":"https:\/\/franciscanos.org.br\/conventosantoantonio\/v-exposicao-de-presepios-no-convento-de-santo-antonio\/#breadcrumb","itemListElement":[{"@type":"ListItem","position":1,"name":"Home","item":"https:\/\/franciscanos.org.br\/conventosantoantonio\/"},{"@type":"ListItem","position":2,"name":"V Exposi\u00e7\u00e3o de Pres\u00e9pios no Convento de Santo Ant\u00f4nio"}]},{"@type":"Person","@id":"https:\/\/franciscanos.org.br\/conventosantoantonio\/#\/schema\/person\/73421c01c49c32a7bb0a19d9b36df6ad","name":"moacir","image":{"@type":"ImageObject","inLanguage":"pt-BR","@id":"https:\/\/franciscanos.org.br\/conventosantoantonio\/#\/schema\/person\/image\/","url":"https:\/\/secure.gravatar.com\/avatar\/d08aa2ce4c8dd416d4479aa8536fcf64?s=96&d=mm&r=g","contentUrl":"https:\/\/secure.gravatar.com\/avatar\/d08aa2ce4c8dd416d4479aa8536fcf64?s=96&d=mm&r=g","caption":"moacir"},"url":"https:\/\/franciscanos.org.br\/conventosantoantonio\/author\/moacir\/"}]}},"_links":{"self":[{"href":"https:\/\/franciscanos.org.br\/conventosantoantonio\/wp-json\/wp\/v2\/posts\/188025"}],"collection":[{"href":"https:\/\/franciscanos.org.br\/conventosantoantonio\/wp-json\/wp\/v2\/posts"}],"about":[{"href":"https:\/\/franciscanos.org.br\/conventosantoantonio\/wp-json\/wp\/v2\/types\/post"}],"author":[{"embeddable":true,"href":"https:\/\/franciscanos.org.br\/conventosantoantonio\/wp-json\/wp\/v2\/users\/3"}],"replies":[{"embeddable":true,"href":"https:\/\/franciscanos.org.br\/conventosantoantonio\/wp-json\/wp\/v2\/comments?post=188025"}],"version-history":[{"count":1,"href":"https:\/\/franciscanos.org.br\/conventosantoantonio\/wp-json\/wp\/v2\/posts\/188025\/revisions"}],"predecessor-version":[{"id":188026,"href":"https:\/\/franciscanos.org.br\/conventosantoantonio\/wp-json\/wp\/v2\/posts\/188025\/revisions\/188026"}],"wp:attachment":[{"href":"https:\/\/franciscanos.org.br\/conventosantoantonio\/wp-json\/wp\/v2\/media?parent=188025"}],"wp:term":[{"taxonomy":"category","embeddable":true,"href":"https:\/\/franciscanos.org.br\/conventosantoantonio\/wp-json\/wp\/v2\/categories?post=188025"},{"taxonomy":"post_tag","embeddable":true,"href":"https:\/\/franciscanos.org.br\/conventosantoantonio\/wp-json\/wp\/v2\/tags?post=188025"}],"curies":[{"name":"wp","href":"https:\/\/api.w.org\/{rel}","templated":true}]}}