{"id":188018,"date":"2020-02-06T16:42:11","date_gmt":"2020-02-06T19:42:11","guid":{"rendered":"https:\/\/franciscanos.org.br\/conventosantoantonio\/?p=188018"},"modified":"2023-07-04T14:17:36","modified_gmt":"2023-07-04T17:17:36","slug":"recados-de-sao-francisco","status":"publish","type":"post","link":"https:\/\/franciscanos.org.br\/conventosantoantonio\/recados-de-sao-francisco\/","title":{"rendered":"Recados de S\u00e3o Francisco"},"content":{"rendered":"<p><img loading=\"lazy\" class=\"aligncenter size-full wp-image-188020\" src=\"https:\/\/franciscanos.org.br\/conventosantoantonio\/wp-content\/uploads\/2020\/02\/saofrancisco_060220.jpg\" alt=\"\" width=\"600\" height=\"360\" srcset=\"https:\/\/franciscanos.org.br\/conventosantoantonio\/wp-content\/uploads\/2020\/02\/saofrancisco_060220.jpg 600w, https:\/\/franciscanos.org.br\/conventosantoantonio\/wp-content\/uploads\/2020\/02\/saofrancisco_060220-450x270.jpg 450w, https:\/\/franciscanos.org.br\/conventosantoantonio\/wp-content\/uploads\/2020\/02\/saofrancisco_060220-150x90.jpg 150w\" sizes=\"(max-width: 600px) 100vw, 600px\" \/><\/p>\n<h3><em>Uma p\u00e1gina de sadio otimismo<\/em><\/h3>\n<p>N\u00e3o se trata de uma ora\u00e7\u00e3o a S\u00e3o Francisco, mas de exorta\u00e7\u00f5es do santo para nossos dias e nossa vida. Sem men\u00e7\u00e3o de autor, foi traduzida de texto que apareceu na revista francesa \u201cPrier\u201d, em outubro de 1986.<\/p>\n<p>Meu irm\u00e3o,<br \/>\nsei muito bem que voc\u00ea est\u00e1 coberto de raz\u00f5es para des\u00e2nimo<br \/>\ne quase desespero e para reclamar da vida.<br \/>\nGostaria de lhe dizer, no entanto, que h\u00e1 muitos motivos e raz\u00f5es para deixar levantada a esperan\u00e7a.<br \/>\nN\u00e3o deixe que seu cora\u00e7\u00e3o fique impregnado com a mar\u00e9 de terr\u00edveis noticias, b\u00e1rbaras mesmo.<br \/>\nPara mudar o mundo, procure mudar o seu olhar.<br \/>\nN\u00e3o fixe seu olhar nas trevas.<\/p>\n<p>Eu, Frei Francisco seu pequeno servo pe\u00e7o:<br \/>\nolhe o mundo com os olhos de Cristo Jesus.<br \/>\nEle, nosso Senhor e nosso Irm\u00e3o,<br \/>\nsempre levou em considera\u00e7\u00e3o os pequenos gestos<br \/>\ncomo o \u00f3bolo da vi\u00fava, deixando-se encantar por ele.<br \/>\nMeu irm\u00e3o,<br \/>\ntente ver como o Reino do amor emerge<br \/>\nlentamente atrav\u00e9s de mil pequenos gestos repetidos,<br \/>\ngestos de coragem, ternura, garra<br \/>\nque n\u00e3o, sem estardalha\u00e7o,<br \/>\n\u00e0 l\u00f3gica do dinheiro, do \u00f3dio ou da indiferen\u00e7a.<\/p>\n<p>Preste aten\u00e7\u00e3o: voc\u00ea vai se surpreender<br \/>\ndescobrindo homens e mulheres que, dia ap\u00f3s dia,<br \/>\ninventam maneiras novas de viver, partilhar e esperar e que manifestam assim que o Reino de Deus est\u00e1 ao alcance de nossas m\u00e3os.<\/p>\n<p>Preste aten\u00e7\u00e3o nesses homens e nessas mulheres que,<br \/>\nem vez de ficarem gritando que Deus \u00e9 cego,<br \/>\npassam a emprestarem-lhe os seus olhos;<br \/>\nem de ficarem dizendo que Deus \u00e9 desajeitado com suas m\u00e3os, emprestam-lhe as suas;<br \/>\nem vez de ficarem bradando que Deus \u00e9 mudo,<br \/>\nemprestam-lhe sua voz.<\/p>\n<p>Ou\u00e7a o apelo daquele que chora \u201cporque o Amor n\u00e3o \u00e9 amado\u201d.<br \/>\nAcorde a for\u00e7a que dorme dentro de voc\u00ea<br \/>\ne que a\u00ed foi delicadamente colocada pelo Bom Senhor.<\/p>\n<p>O mundo necessita reencontrar o \u201colhar do cora\u00e7\u00e3o\u201d,<br \/>\ncolher as flores da esperan\u00e7a para respirar e viver melhor.<\/p>\n<p><strong>Frei Almir Ribeiro Guimar\u00e3es<\/strong><\/p>\n","protected":false},"excerpt":{"rendered":"<p>Ora\u00e7\u00e3o<\/p>\n","protected":false},"author":3,"featured_media":188020,"comment_status":"open","ping_status":"open","sticky":false,"template":"","format":"standard","meta":[],"categories":[26],"tags":[],"yoast_head":"<!-- This site is optimized with the Yoast SEO plugin v19.4 - https:\/\/yoast.com\/wordpress\/plugins\/seo\/ -->\n<title>Recados de S\u00e3o Francisco - Convento Santo Ant\u00f4nio- Franciscanos<\/title>\n<meta name=\"robots\" content=\"index, follow, max-snippet:-1, max-image-preview:large, max-video-preview:-1\" \/>\n<link rel=\"canonical\" href=\"https:\/\/franciscanos.org.br\/conventosantoantonio\/recados-de-sao-francisco\/\" \/>\n<meta property=\"og:locale\" content=\"pt_BR\" \/>\n<meta property=\"og:type\" content=\"article\" \/>\n<meta property=\"og:title\" content=\"Recados de S\u00e3o Francisco - Convento Santo Ant\u00f4nio- Franciscanos\" \/>\n<meta property=\"og:description\" content=\"Ora\u00e7\u00e3o\" \/>\n<meta property=\"og:url\" content=\"https:\/\/franciscanos.org.br\/conventosantoantonio\/recados-de-sao-francisco\/\" \/>\n<meta property=\"og:site_name\" content=\"Convento Santo Ant\u00f4nio- Franciscanos\" \/>\n<meta property=\"article:published_time\" content=\"2020-02-06T19:42:11+00:00\" \/>\n<meta property=\"article:modified_time\" content=\"2023-07-04T17:17:36+00:00\" \/>\n<meta property=\"og:image\" content=\"https:\/\/franciscanos.org.br\/conventosantoantonio\/wp-content\/uploads\/2020\/02\/saofrancisco_060220.jpg\" \/>\n\t<meta property=\"og:image:width\" content=\"600\" \/>\n\t<meta property=\"og:image:height\" content=\"360\" \/>\n\t<meta property=\"og:image:type\" content=\"image\/jpeg\" \/>\n<meta name=\"author\" content=\"moacir\" \/>\n<meta name=\"twitter:card\" content=\"summary_large_image\" \/>\n<meta name=\"twitter:label1\" content=\"Escrito por\" \/>\n\t<meta name=\"twitter:data1\" content=\"moacir\" \/>\n\t<meta name=\"twitter:label2\" content=\"Est. tempo de leitura\" \/>\n\t<meta name=\"twitter:data2\" content=\"2 minutos\" \/>\n<script type=\"application\/ld+json\" class=\"yoast-schema-graph\">{\"@context\":\"https:\/\/schema.org\",\"@graph\":[{\"@type\":\"WebSite\",\"@id\":\"https:\/\/franciscanos.org.br\/conventosantoantonio\/#website\",\"url\":\"https:\/\/franciscanos.org.br\/conventosantoantonio\/\",\"name\":\"Convento Santo Ant\u00f4nio- Franciscanos\",\"description\":\"Prov\u00edncia Franciscana da Imaculada Concei\u00e7\u00e3o do Brasil - Ordem dos Frades Menores\",\"potentialAction\":[{\"@type\":\"SearchAction\",\"target\":{\"@type\":\"EntryPoint\",\"urlTemplate\":\"https:\/\/franciscanos.org.br\/conventosantoantonio\/?s={search_term_string}\"},\"query-input\":\"required name=search_term_string\"}],\"inLanguage\":\"pt-BR\"},{\"@type\":\"WebPage\",\"@id\":\"https:\/\/franciscanos.org.br\/conventosantoantonio\/recados-de-sao-francisco\/\",\"url\":\"https:\/\/franciscanos.org.br\/conventosantoantonio\/recados-de-sao-francisco\/\",\"name\":\"Recados de S\u00e3o Francisco - Convento Santo Ant\u00f4nio- Franciscanos\",\"isPartOf\":{\"@id\":\"https:\/\/franciscanos.org.br\/conventosantoantonio\/#website\"},\"datePublished\":\"2020-02-06T19:42:11+00:00\",\"dateModified\":\"2023-07-04T17:17:36+00:00\",\"author\":{\"@id\":\"https:\/\/franciscanos.org.br\/conventosantoantonio\/#\/schema\/person\/73421c01c49c32a7bb0a19d9b36df6ad\"},\"breadcrumb\":{\"@id\":\"https:\/\/franciscanos.org.br\/conventosantoantonio\/recados-de-sao-francisco\/#breadcrumb\"},\"inLanguage\":\"pt-BR\",\"potentialAction\":[{\"@type\":\"ReadAction\",\"target\":[\"https:\/\/franciscanos.org.br\/conventosantoantonio\/recados-de-sao-francisco\/\"]}]},{\"@type\":\"BreadcrumbList\",\"@id\":\"https:\/\/franciscanos.org.br\/conventosantoantonio\/recados-de-sao-francisco\/#breadcrumb\",\"itemListElement\":[{\"@type\":\"ListItem\",\"position\":1,\"name\":\"Home\",\"item\":\"https:\/\/franciscanos.org.br\/conventosantoantonio\/\"},{\"@type\":\"ListItem\",\"position\":2,\"name\":\"Recados de S\u00e3o Francisco\"}]},{\"@type\":\"Person\",\"@id\":\"https:\/\/franciscanos.org.br\/conventosantoantonio\/#\/schema\/person\/73421c01c49c32a7bb0a19d9b36df6ad\",\"name\":\"moacir\",\"image\":{\"@type\":\"ImageObject\",\"inLanguage\":\"pt-BR\",\"@id\":\"https:\/\/franciscanos.org.br\/conventosantoantonio\/#\/schema\/person\/image\/\",\"url\":\"https:\/\/secure.gravatar.com\/avatar\/d08aa2ce4c8dd416d4479aa8536fcf64?s=96&d=mm&r=g\",\"contentUrl\":\"https:\/\/secure.gravatar.com\/avatar\/d08aa2ce4c8dd416d4479aa8536fcf64?s=96&d=mm&r=g\",\"caption\":\"moacir\"},\"url\":\"https:\/\/franciscanos.org.br\/conventosantoantonio\/author\/moacir\/\"}]}<\/script>\n<!-- \/ Yoast SEO plugin. -->","yoast_head_json":{"title":"Recados de S\u00e3o Francisco - Convento Santo Ant\u00f4nio- Franciscanos","robots":{"index":"index","follow":"follow","max-snippet":"max-snippet:-1","max-image-preview":"max-image-preview:large","max-video-preview":"max-video-preview:-1"},"canonical":"https:\/\/franciscanos.org.br\/conventosantoantonio\/recados-de-sao-francisco\/","og_locale":"pt_BR","og_type":"article","og_title":"Recados de S\u00e3o Francisco - Convento Santo Ant\u00f4nio- Franciscanos","og_description":"Ora\u00e7\u00e3o","og_url":"https:\/\/franciscanos.org.br\/conventosantoantonio\/recados-de-sao-francisco\/","og_site_name":"Convento Santo Ant\u00f4nio- Franciscanos","article_published_time":"2020-02-06T19:42:11+00:00","article_modified_time":"2023-07-04T17:17:36+00:00","og_image":[{"width":600,"height":360,"url":"https:\/\/franciscanos.org.br\/conventosantoantonio\/wp-content\/uploads\/2020\/02\/saofrancisco_060220.jpg","type":"image\/jpeg"}],"author":"moacir","twitter_card":"summary_large_image","twitter_misc":{"Escrito por":"moacir","Est. tempo de leitura":"2 minutos"},"schema":{"@context":"https:\/\/schema.org","@graph":[{"@type":"WebSite","@id":"https:\/\/franciscanos.org.br\/conventosantoantonio\/#website","url":"https:\/\/franciscanos.org.br\/conventosantoantonio\/","name":"Convento Santo Ant\u00f4nio- Franciscanos","description":"Prov\u00edncia Franciscana da Imaculada Concei\u00e7\u00e3o do Brasil - Ordem dos Frades Menores","potentialAction":[{"@type":"SearchAction","target":{"@type":"EntryPoint","urlTemplate":"https:\/\/franciscanos.org.br\/conventosantoantonio\/?s={search_term_string}"},"query-input":"required name=search_term_string"}],"inLanguage":"pt-BR"},{"@type":"WebPage","@id":"https:\/\/franciscanos.org.br\/conventosantoantonio\/recados-de-sao-francisco\/","url":"https:\/\/franciscanos.org.br\/conventosantoantonio\/recados-de-sao-francisco\/","name":"Recados de S\u00e3o Francisco - Convento Santo Ant\u00f4nio- Franciscanos","isPartOf":{"@id":"https:\/\/franciscanos.org.br\/conventosantoantonio\/#website"},"datePublished":"2020-02-06T19:42:11+00:00","dateModified":"2023-07-04T17:17:36+00:00","author":{"@id":"https:\/\/franciscanos.org.br\/conventosantoantonio\/#\/schema\/person\/73421c01c49c32a7bb0a19d9b36df6ad"},"breadcrumb":{"@id":"https:\/\/franciscanos.org.br\/conventosantoantonio\/recados-de-sao-francisco\/#breadcrumb"},"inLanguage":"pt-BR","potentialAction":[{"@type":"ReadAction","target":["https:\/\/franciscanos.org.br\/conventosantoantonio\/recados-de-sao-francisco\/"]}]},{"@type":"BreadcrumbList","@id":"https:\/\/franciscanos.org.br\/conventosantoantonio\/recados-de-sao-francisco\/#breadcrumb","itemListElement":[{"@type":"ListItem","position":1,"name":"Home","item":"https:\/\/franciscanos.org.br\/conventosantoantonio\/"},{"@type":"ListItem","position":2,"name":"Recados de S\u00e3o Francisco"}]},{"@type":"Person","@id":"https:\/\/franciscanos.org.br\/conventosantoantonio\/#\/schema\/person\/73421c01c49c32a7bb0a19d9b36df6ad","name":"moacir","image":{"@type":"ImageObject","inLanguage":"pt-BR","@id":"https:\/\/franciscanos.org.br\/conventosantoantonio\/#\/schema\/person\/image\/","url":"https:\/\/secure.gravatar.com\/avatar\/d08aa2ce4c8dd416d4479aa8536fcf64?s=96&d=mm&r=g","contentUrl":"https:\/\/secure.gravatar.com\/avatar\/d08aa2ce4c8dd416d4479aa8536fcf64?s=96&d=mm&r=g","caption":"moacir"},"url":"https:\/\/franciscanos.org.br\/conventosantoantonio\/author\/moacir\/"}]}},"_links":{"self":[{"href":"https:\/\/franciscanos.org.br\/conventosantoantonio\/wp-json\/wp\/v2\/posts\/188018"}],"collection":[{"href":"https:\/\/franciscanos.org.br\/conventosantoantonio\/wp-json\/wp\/v2\/posts"}],"about":[{"href":"https:\/\/franciscanos.org.br\/conventosantoantonio\/wp-json\/wp\/v2\/types\/post"}],"author":[{"embeddable":true,"href":"https:\/\/franciscanos.org.br\/conventosantoantonio\/wp-json\/wp\/v2\/users\/3"}],"replies":[{"embeddable":true,"href":"https:\/\/franciscanos.org.br\/conventosantoantonio\/wp-json\/wp\/v2\/comments?post=188018"}],"version-history":[{"count":5,"href":"https:\/\/franciscanos.org.br\/conventosantoantonio\/wp-json\/wp\/v2\/posts\/188018\/revisions"}],"predecessor-version":[{"id":188907,"href":"https:\/\/franciscanos.org.br\/conventosantoantonio\/wp-json\/wp\/v2\/posts\/188018\/revisions\/188907"}],"wp:featuredmedia":[{"embeddable":true,"href":"https:\/\/franciscanos.org.br\/conventosantoantonio\/wp-json\/wp\/v2\/media\/188020"}],"wp:attachment":[{"href":"https:\/\/franciscanos.org.br\/conventosantoantonio\/wp-json\/wp\/v2\/media?parent=188018"}],"wp:term":[{"taxonomy":"category","embeddable":true,"href":"https:\/\/franciscanos.org.br\/conventosantoantonio\/wp-json\/wp\/v2\/categories?post=188018"},{"taxonomy":"post_tag","embeddable":true,"href":"https:\/\/franciscanos.org.br\/conventosantoantonio\/wp-json\/wp\/v2\/tags?post=188018"}],"curies":[{"name":"wp","href":"https:\/\/api.w.org\/{rel}","templated":true}]}}