{"id":187956,"date":"2018-06-05T16:15:09","date_gmt":"2018-06-05T19:15:09","guid":{"rendered":"https:\/\/franciscanos.org.br\/conventosantoantonio\/?p=187956"},"modified":"2021-09-24T16:16:15","modified_gmt":"2021-09-24T19:16:15","slug":"a-mensagem-franciscana-para-o-dia-mundial-do-meio-ambiente-no-convento-santo-antonio","status":"publish","type":"post","link":"https:\/\/franciscanos.org.br\/conventosantoantonio\/a-mensagem-franciscana-para-o-dia-mundial-do-meio-ambiente-no-convento-santo-antonio\/","title":{"rendered":"A mensagem franciscana para o Dia Mundial do Meio Ambiente no Convento Santo Ant\u00f4nio"},"content":{"rendered":"<p><img loading=\"lazy\" src=\"http:\/\/franciscanos.org.br\/wp-content\/uploads\/2018\/06\/trezena_050618.jpg\" alt=\"trezena_050618\" width=\"830\" height=\"623\" \/><\/p>\n<p><strong>Moacir Beggo<\/strong><\/p>\n<p><strong>\u00a0<\/strong><strong>Rio de Janeiro (RJ)<\/strong>\u00a0\u2013 Neste 5 de junho, Dia Mundial do Meio Ambiente, a Trezena de Santo Ant\u00f4nio do Largo da Carioca (RJ) trouxe para a reflex\u00e3o um tema muito caro e precioso para o franciscano Santo Ant\u00f4nio e todos os filhos de S\u00e3o Francisco de Assis: \u201cO cuidado pela vida\u201d. Em todas as Celebra\u00e7\u00f5es Eucar\u00edsticas desta manh\u00e3 de ter\u00e7a-feira \u2013 um dia muito movimentado no Convento Santo Ant\u00f4nio pela tradi\u00e7\u00e3o da devo\u00e7\u00e3o ao santo nas ter\u00e7as-feiras -, falou-se muito do cuidado pela vida, e a terceira franciscana, Moema Miranda, lembrou que na modernidade acostumamos, infelizmente, a dissociar o ser humano da natureza. \u201cN\u00f3s hoje sabemos que tudo \u00e9 vivo. Que tudo tem vida e que n\u00f3s podemos e somos chamados a participar desse mundo criado com um amor incondicional pelo Pai\u201d, pregou.<\/p>\n<p>Na Celebra\u00e7\u00e3o Eucar\u00edstica do meio-dia, a primeira com a devo\u00e7\u00e3o da Trezena, Frei Cid Tadeu Passos foi o presidente tendo como concelebrante o guardi\u00e3o e reitor do Convento, Frei Jos\u00e9 Pereira. Moema Miranda fez a leitura b\u00edblica. E dentro desta celebra\u00e7\u00e3o do Meio Ambiente, Frei Roger Brun\u00f3rio lembrou mais alguns fatos hist\u00f3ricos do Convento Santo Ant\u00f4nio, como um ilustre morador desta casa, o Pai da Bot\u00e2nica Brasileira, Frei Jos\u00e9 Mariano da Concei\u00e7\u00e3o Vellozo. Ontem, o Convento celebrou 410 anos de funda\u00e7\u00e3o.<\/p>\n<p>Como era de se esperar, a igreja do Convento lotou para esta Celebra\u00e7\u00e3o, a primeira de Frei Cid neste templo. \u201cN\u00f3s amamos muito este lugar e a cada um de voc\u00eas\u201d, confessou. Para o celebrante, nossa sociedade, hoje, tem todos os meios sofisticados para se comunicar mas falta o principal: amor. \u201cE como falta o compromisso com a vida!\u201d, disse, lamentando a banaliza\u00e7\u00e3o que se tornou a vida.\u00a0 \u201cDesde que estou em Nil\u00f3polis (RJ) como vig\u00e1rio, j\u00e1 celebrei umas 40 missas de jovens que foram assassinados. Voc\u00ea imagina uma m\u00e3e chegando para a Missa de 7\u00ba dia de seu filho? Ela vem carregada e destro\u00e7ada\u201d, disse, citando a destrui\u00e7\u00e3o com nosso o nosso planeta, com os nossos rios, cidades.<\/p>\n<p><img loading=\"lazy\" src=\"http:\/\/franciscanos.org.br\/wp-content\/uploads\/2018\/06\/trezena_050618_2.jpg\" alt=\"trezena_050618_2\" width=\"830\" height=\"441\" \/><\/p>\n<p>Segundo Frei Cid, hoje vivemos ref\u00e9ns da viol\u00eancia. \u201cNa nossa Par\u00f3quia as reuni\u00f5es n\u00e3o podem passar das 9 horas da noite. Todos precisam estar em casa\u201d, acrescentou.<\/p>\n<p>Segundo o frade, falta respeito e toler\u00e2ncia. \u201c\u00c9 um ego\u00edsmo muito grande que impera. Ser\u00e1 que \u00e9 isso que Deus quer de n\u00f3s?\u201d, perguntou. \u201cHoje, a exemplo de Santo Ant\u00f4nio, temos de buscar o fortalecimento de nossa espiritualidade, o fortalecimento da nossa ora\u00e7\u00e3o. Mas nossa ora\u00e7\u00e3o tem que se transformar em testemunho de vida, para que a gente possa saber cuidar uns dos outros\u201d, ensinou.<\/p>\n<p>\u201cVamos pedir a esse santo e confrade querido que aben\u00e7oe o povo brasileiro. Eu tenho orgulho de ser brasileiro. Aconte\u00e7a o que acontecer, eu nasci aqui! \u00c9 a minha terra. E se Deus quiser n\u00f3s vamos vencer, vamos atravessar essa crise. E vamos sair vitoriosos pela gra\u00e7a desse Deus, porque sou cat\u00f3lico e crist\u00e3o, porque trago a esperan\u00e7a no cora\u00e7\u00e3o, como \u00e9 a marca de Santo Ant\u00f4nio\u201d, animou.<\/p>\n<p><img loading=\"lazy\" src=\"http:\/\/franciscanos.org.br\/wp-content\/uploads\/2018\/06\/trezena_050618_3.jpg\" alt=\"trezena_050618_3\" width=\"830\" height=\"555\" \/><\/p>\n<p><strong>UM MUNDO PLENO DA CRIA\u00c7\u00c3O DE DEUS<\/strong><\/p>\n<p>Moema Miranda, ministra da Fraternidade da OFS Santo Ant\u00f4nio do Largo da Carioca e nomeada no ano passado assessora no Grupo de Trabalho para as Quest\u00f5es da Minera\u00e7\u00e3o da CNBB, como boa franciscana v\u00ea motivos para comemorar este Dia Mundial do Meio Ambiente. \u201cAcho que hoje, mais do que nunca, compreendemos que menos o meio ambiente e mais o mundo em comum unifica humanos e tudo o que foi criado. N\u00f3s, na modernidade, acostumamos a pensar assim: \u2018N\u00f3s somos os humanos e l\u00e1 est\u00e1 a natureza\u2019. Se se perguntar onde est\u00e1 a natureza, voc\u00ea vai mostrar l\u00e1 embaixo\u2026 \u00a0Tem uma \u00e1rvore l\u00e1 e l\u00e1 tem natureza, como se n\u00f3s n\u00e3o f\u00f4ssemos natureza, n\u00e3o \u00e9? A\u00ed n\u00f3s pensamos tamb\u00e9m que existe um meio ambiente que est\u00e1 do lado de l\u00e1\u2026 \u00a0Hoje, sabemos que tudo \u00e9 vivo, que tudo tem vida e que n\u00f3s podemos e somos chamados a participar desse mundo criado com um amor incondicional pelo Pai\u201d, enfatiza a tamb\u00e9m \u00e9 diretora do Instituto Brasileiro de An\u00e1lises Sociais.<\/p>\n<p>Para Moema, mais do que simplesmente seres humanos como a quinta ess\u00eancia da cria\u00e7\u00e3o, e muito mais como irm\u00e3os na Fraternidade Universal, Francisco de Assis compreendeu essa mensagem andando descal\u00e7o no ch\u00e3o da estrada, saindo de dentro do muro protegido de Assis. \u201cE o Papa Francisco tomou essa mensagem como cora\u00e7\u00e3o mesmo da Enc\u00edclica\u00a0<em>Laudato Si\u2019<\/em>. \u00a0Veja que coisa importante: a primeira Enc\u00edclica da Igreja, do alt\u00edssimo escal\u00e3o da Igreja, escrita sobre o mundo que n\u00f3s vivemos na sua complexidade, na sua combina\u00e7\u00e3o, tanto de mazelas quanto de possibilidades. Essa enc\u00edclica que come\u00e7a dizendo \u201ca terra e os pobres clamam\u201d. Ent\u00e3o, a terra fala, a terra n\u00e3o \u00e9 s\u00f3 o lugar onde n\u00f3s estamos. Ela \u00e9 um agente tamb\u00e9m de salva\u00e7\u00e3o, de express\u00e3o da cria\u00e7\u00e3o de Deus. O centro dessa mensagem da\u00a0<em>Laudato S\u00ed<\/em>\u00a0\u00e9 a mensagem franciscana da\u00a0<em>Laudato Si\u2019<\/em>\u00a0da Fraternidade Universal. Ent\u00e3o nesse dia, n\u00f3s, franciscanos, temos que renovar a convic\u00e7\u00e3o do nosso carisma, a for\u00e7a do nosso carisma para esse compromisso de como reencontrar o nosso lugar na comunidade da vida. Voltar a participar da comunidade da vida como irm\u00e3os, como irm\u00e3s, como fraternos. Voltarmos a perguntar qual \u00e9 a sabedoria que existe nesse todo criado e onde \u00e9 que mais nos integramos, n\u00f3s nos fazemos parte. E a\u00ed n\u00e3o vai ter mais um meio ambiente partido, n\u00f3s vamos ter um ambiente inteiro, um mundo pleno da cria\u00e7\u00e3o de Deus, do qual n\u00f3s somos convidados a participar\u201d, proclamou.<\/p>\n<p><strong>O PAI DA BOT\u00c2NICA<\/strong><\/p>\n<p><img loading=\"lazy\" class=\"alignright size-full wp-image-161802\" src=\"http:\/\/franciscanos.org.br\/wp-content\/uploads\/2018\/06\/trezena_050618_5.jpg\" alt=\"trezena_050618_5\" width=\"232\" height=\"280\" \/>Entre os naturalistas brasileiros que se empenharam no estudo de nossa flora, Frei Jos\u00e9 Mariano da Concei\u00e7\u00e3o Vellozo ocupa um lugar de destaque pela sua obra monumental intitulada \u201cFlora Fluminensis\u201d, terminada em 1790. Frei Vellozo nasceu em 1741, na ent\u00e3o Prov\u00edncia de Minas Gerais, na freguesia de Santo Ant\u00f4nio da Vila de S\u00e3o Jos\u00e9, Bispado de Mariana.<\/p>\n<p><img loading=\"lazy\" class=\"alignleft wp-image-161804 \" src=\"http:\/\/franciscanos.org.br\/wp-content\/uploads\/2018\/06\/trezena_050618_6.jpg\" alt=\"trezena_050618_6\" width=\"217\" height=\"201\" \/>Naturalista por voca\u00e7\u00e3o, transformou sua cela num gabinete de estudos. No ano de 1779 veio governar o Brasil, na qualidade de vice-rei, um portugu\u00eas distinto, chamado Luiz de Vasconcellos e Souza. Tendo not\u00edcias da predile\u00e7\u00e3o e do raro talento de Frei Vellozo pelas ci\u00eancias naturais, principalmente pela bot\u00e2nica, pediu ao ent\u00e3o provincial Frei Jos\u00e9 dos Anjos Passos para que Frei Vellozo fizesse excurs\u00f5es em toda a Capitania do Rio de Janeiro e reunisse o resultado de suas pesquisas numa obra conjunta. Surge ent\u00e3o a fase mais importante da vida do ilustre frade naturalista.<\/p>\n<p>Consta a obra de Frei Vellozo de onze volumes em f\u00f3lio, com suas estampas originais executadas a tinta, juntamente com dois volumes manuscritos do texto. Depois de terminada a obra, seu autor foi apresent\u00e1-la \u00e0 Corte de Lisboa. A obra provocou a admira\u00e7\u00e3o de todos. Segundo Frei R\u00f3ger Brunorio, diretor do Departamento de Bens Culturais da Prov\u00edncia, somente a Prov\u00edncia, a Biblioteca Nacional e a Cole\u00e7\u00e3o Brasiliana t\u00eam onze volumes dessa obra. \u201cInfelizmente, das mais de 5 mil pranchas originais, temos apenas 149, que fica guardada no Departamento de Bens Culturais da Prov\u00edncia\u201d, explicou.<\/p>\n<p>\u00c0s 18 horas, a Trezena ser\u00e1 presidida pelo Cardeal D. Orani Tempesta.<\/p>\n","protected":false},"excerpt":{"rendered":"<p>5\u00ba Dia da Trezena de Santo Ant\u00f4nio<\/p>\n","protected":false},"author":3,"featured_media":0,"comment_status":"open","ping_status":"open","sticky":false,"template":"","format":"standard","meta":[],"categories":[105],"tags":[347],"yoast_head":"<!-- This site is optimized with the Yoast SEO plugin v19.4 - https:\/\/yoast.com\/wordpress\/plugins\/seo\/ -->\n<title>A mensagem franciscana para o Dia Mundial do Meio Ambiente no Convento Santo Ant\u00f4nio - Convento Santo Ant\u00f4nio- Franciscanos<\/title>\n<meta name=\"robots\" content=\"index, follow, max-snippet:-1, max-image-preview:large, max-video-preview:-1\" \/>\n<link rel=\"canonical\" href=\"https:\/\/franciscanos.org.br\/conventosantoantonio\/a-mensagem-franciscana-para-o-dia-mundial-do-meio-ambiente-no-convento-santo-antonio\/\" \/>\n<meta property=\"og:locale\" content=\"pt_BR\" \/>\n<meta property=\"og:type\" content=\"article\" \/>\n<meta property=\"og:title\" content=\"A mensagem franciscana para o Dia Mundial do Meio Ambiente no Convento Santo Ant\u00f4nio - Convento Santo Ant\u00f4nio- Franciscanos\" \/>\n<meta property=\"og:description\" content=\"5\u00ba Dia da Trezena de Santo Ant\u00f4nio\" \/>\n<meta property=\"og:url\" content=\"https:\/\/franciscanos.org.br\/conventosantoantonio\/a-mensagem-franciscana-para-o-dia-mundial-do-meio-ambiente-no-convento-santo-antonio\/\" \/>\n<meta property=\"og:site_name\" content=\"Convento Santo Ant\u00f4nio- Franciscanos\" \/>\n<meta property=\"article:published_time\" content=\"2018-06-05T19:15:09+00:00\" \/>\n<meta property=\"article:modified_time\" content=\"2021-09-24T19:16:15+00:00\" \/>\n<meta property=\"og:image\" content=\"http:\/\/franciscanos.org.br\/wp-content\/uploads\/2018\/06\/trezena_050618.jpg\" \/>\n<meta name=\"author\" content=\"moacir\" \/>\n<meta name=\"twitter:card\" content=\"summary_large_image\" \/>\n<meta name=\"twitter:label1\" content=\"Escrito por\" \/>\n\t<meta name=\"twitter:data1\" content=\"moacir\" \/>\n\t<meta name=\"twitter:label2\" content=\"Est. tempo de leitura\" \/>\n\t<meta name=\"twitter:data2\" content=\"6 minutos\" \/>\n<script type=\"application\/ld+json\" class=\"yoast-schema-graph\">{\"@context\":\"https:\/\/schema.org\",\"@graph\":[{\"@type\":\"WebSite\",\"@id\":\"https:\/\/franciscanos.org.br\/conventosantoantonio\/#website\",\"url\":\"https:\/\/franciscanos.org.br\/conventosantoantonio\/\",\"name\":\"Convento Santo Ant\u00f4nio- Franciscanos\",\"description\":\"Prov\u00edncia Franciscana da Imaculada Concei\u00e7\u00e3o do Brasil - Ordem dos Frades Menores\",\"potentialAction\":[{\"@type\":\"SearchAction\",\"target\":{\"@type\":\"EntryPoint\",\"urlTemplate\":\"https:\/\/franciscanos.org.br\/conventosantoantonio\/?s={search_term_string}\"},\"query-input\":\"required name=search_term_string\"}],\"inLanguage\":\"pt-BR\"},{\"@type\":\"WebPage\",\"@id\":\"https:\/\/franciscanos.org.br\/conventosantoantonio\/a-mensagem-franciscana-para-o-dia-mundial-do-meio-ambiente-no-convento-santo-antonio\/\",\"url\":\"https:\/\/franciscanos.org.br\/conventosantoantonio\/a-mensagem-franciscana-para-o-dia-mundial-do-meio-ambiente-no-convento-santo-antonio\/\",\"name\":\"A mensagem franciscana para o Dia Mundial do Meio Ambiente no Convento Santo Ant\u00f4nio - Convento Santo Ant\u00f4nio- Franciscanos\",\"isPartOf\":{\"@id\":\"https:\/\/franciscanos.org.br\/conventosantoantonio\/#website\"},\"datePublished\":\"2018-06-05T19:15:09+00:00\",\"dateModified\":\"2021-09-24T19:16:15+00:00\",\"author\":{\"@id\":\"https:\/\/franciscanos.org.br\/conventosantoantonio\/#\/schema\/person\/73421c01c49c32a7bb0a19d9b36df6ad\"},\"breadcrumb\":{\"@id\":\"https:\/\/franciscanos.org.br\/conventosantoantonio\/a-mensagem-franciscana-para-o-dia-mundial-do-meio-ambiente-no-convento-santo-antonio\/#breadcrumb\"},\"inLanguage\":\"pt-BR\",\"potentialAction\":[{\"@type\":\"ReadAction\",\"target\":[\"https:\/\/franciscanos.org.br\/conventosantoantonio\/a-mensagem-franciscana-para-o-dia-mundial-do-meio-ambiente-no-convento-santo-antonio\/\"]}]},{\"@type\":\"BreadcrumbList\",\"@id\":\"https:\/\/franciscanos.org.br\/conventosantoantonio\/a-mensagem-franciscana-para-o-dia-mundial-do-meio-ambiente-no-convento-santo-antonio\/#breadcrumb\",\"itemListElement\":[{\"@type\":\"ListItem\",\"position\":1,\"name\":\"Home\",\"item\":\"https:\/\/franciscanos.org.br\/conventosantoantonio\/\"},{\"@type\":\"ListItem\",\"position\":2,\"name\":\"A mensagem franciscana para o Dia Mundial do Meio Ambiente no Convento Santo Ant\u00f4nio\"}]},{\"@type\":\"Person\",\"@id\":\"https:\/\/franciscanos.org.br\/conventosantoantonio\/#\/schema\/person\/73421c01c49c32a7bb0a19d9b36df6ad\",\"name\":\"moacir\",\"image\":{\"@type\":\"ImageObject\",\"inLanguage\":\"pt-BR\",\"@id\":\"https:\/\/franciscanos.org.br\/conventosantoantonio\/#\/schema\/person\/image\/\",\"url\":\"https:\/\/secure.gravatar.com\/avatar\/d08aa2ce4c8dd416d4479aa8536fcf64?s=96&d=mm&r=g\",\"contentUrl\":\"https:\/\/secure.gravatar.com\/avatar\/d08aa2ce4c8dd416d4479aa8536fcf64?s=96&d=mm&r=g\",\"caption\":\"moacir\"},\"url\":\"https:\/\/franciscanos.org.br\/conventosantoantonio\/author\/moacir\/\"}]}<\/script>\n<!-- \/ Yoast SEO plugin. -->","yoast_head_json":{"title":"A mensagem franciscana para o Dia Mundial do Meio Ambiente no Convento Santo Ant\u00f4nio - Convento Santo Ant\u00f4nio- Franciscanos","robots":{"index":"index","follow":"follow","max-snippet":"max-snippet:-1","max-image-preview":"max-image-preview:large","max-video-preview":"max-video-preview:-1"},"canonical":"https:\/\/franciscanos.org.br\/conventosantoantonio\/a-mensagem-franciscana-para-o-dia-mundial-do-meio-ambiente-no-convento-santo-antonio\/","og_locale":"pt_BR","og_type":"article","og_title":"A mensagem franciscana para o Dia Mundial do Meio Ambiente no Convento Santo Ant\u00f4nio - Convento Santo Ant\u00f4nio- Franciscanos","og_description":"5\u00ba Dia da Trezena de Santo Ant\u00f4nio","og_url":"https:\/\/franciscanos.org.br\/conventosantoantonio\/a-mensagem-franciscana-para-o-dia-mundial-do-meio-ambiente-no-convento-santo-antonio\/","og_site_name":"Convento Santo Ant\u00f4nio- Franciscanos","article_published_time":"2018-06-05T19:15:09+00:00","article_modified_time":"2021-09-24T19:16:15+00:00","og_image":[{"url":"http:\/\/franciscanos.org.br\/wp-content\/uploads\/2018\/06\/trezena_050618.jpg"}],"author":"moacir","twitter_card":"summary_large_image","twitter_misc":{"Escrito por":"moacir","Est. tempo de leitura":"6 minutos"},"schema":{"@context":"https:\/\/schema.org","@graph":[{"@type":"WebSite","@id":"https:\/\/franciscanos.org.br\/conventosantoantonio\/#website","url":"https:\/\/franciscanos.org.br\/conventosantoantonio\/","name":"Convento Santo Ant\u00f4nio- Franciscanos","description":"Prov\u00edncia Franciscana da Imaculada Concei\u00e7\u00e3o do Brasil - Ordem dos Frades Menores","potentialAction":[{"@type":"SearchAction","target":{"@type":"EntryPoint","urlTemplate":"https:\/\/franciscanos.org.br\/conventosantoantonio\/?s={search_term_string}"},"query-input":"required name=search_term_string"}],"inLanguage":"pt-BR"},{"@type":"WebPage","@id":"https:\/\/franciscanos.org.br\/conventosantoantonio\/a-mensagem-franciscana-para-o-dia-mundial-do-meio-ambiente-no-convento-santo-antonio\/","url":"https:\/\/franciscanos.org.br\/conventosantoantonio\/a-mensagem-franciscana-para-o-dia-mundial-do-meio-ambiente-no-convento-santo-antonio\/","name":"A mensagem franciscana para o Dia Mundial do Meio Ambiente no Convento Santo Ant\u00f4nio - Convento Santo Ant\u00f4nio- Franciscanos","isPartOf":{"@id":"https:\/\/franciscanos.org.br\/conventosantoantonio\/#website"},"datePublished":"2018-06-05T19:15:09+00:00","dateModified":"2021-09-24T19:16:15+00:00","author":{"@id":"https:\/\/franciscanos.org.br\/conventosantoantonio\/#\/schema\/person\/73421c01c49c32a7bb0a19d9b36df6ad"},"breadcrumb":{"@id":"https:\/\/franciscanos.org.br\/conventosantoantonio\/a-mensagem-franciscana-para-o-dia-mundial-do-meio-ambiente-no-convento-santo-antonio\/#breadcrumb"},"inLanguage":"pt-BR","potentialAction":[{"@type":"ReadAction","target":["https:\/\/franciscanos.org.br\/conventosantoantonio\/a-mensagem-franciscana-para-o-dia-mundial-do-meio-ambiente-no-convento-santo-antonio\/"]}]},{"@type":"BreadcrumbList","@id":"https:\/\/franciscanos.org.br\/conventosantoantonio\/a-mensagem-franciscana-para-o-dia-mundial-do-meio-ambiente-no-convento-santo-antonio\/#breadcrumb","itemListElement":[{"@type":"ListItem","position":1,"name":"Home","item":"https:\/\/franciscanos.org.br\/conventosantoantonio\/"},{"@type":"ListItem","position":2,"name":"A mensagem franciscana para o Dia Mundial do Meio Ambiente no Convento Santo Ant\u00f4nio"}]},{"@type":"Person","@id":"https:\/\/franciscanos.org.br\/conventosantoantonio\/#\/schema\/person\/73421c01c49c32a7bb0a19d9b36df6ad","name":"moacir","image":{"@type":"ImageObject","inLanguage":"pt-BR","@id":"https:\/\/franciscanos.org.br\/conventosantoantonio\/#\/schema\/person\/image\/","url":"https:\/\/secure.gravatar.com\/avatar\/d08aa2ce4c8dd416d4479aa8536fcf64?s=96&d=mm&r=g","contentUrl":"https:\/\/secure.gravatar.com\/avatar\/d08aa2ce4c8dd416d4479aa8536fcf64?s=96&d=mm&r=g","caption":"moacir"},"url":"https:\/\/franciscanos.org.br\/conventosantoantonio\/author\/moacir\/"}]}},"_links":{"self":[{"href":"https:\/\/franciscanos.org.br\/conventosantoantonio\/wp-json\/wp\/v2\/posts\/187956"}],"collection":[{"href":"https:\/\/franciscanos.org.br\/conventosantoantonio\/wp-json\/wp\/v2\/posts"}],"about":[{"href":"https:\/\/franciscanos.org.br\/conventosantoantonio\/wp-json\/wp\/v2\/types\/post"}],"author":[{"embeddable":true,"href":"https:\/\/franciscanos.org.br\/conventosantoantonio\/wp-json\/wp\/v2\/users\/3"}],"replies":[{"embeddable":true,"href":"https:\/\/franciscanos.org.br\/conventosantoantonio\/wp-json\/wp\/v2\/comments?post=187956"}],"version-history":[{"count":1,"href":"https:\/\/franciscanos.org.br\/conventosantoantonio\/wp-json\/wp\/v2\/posts\/187956\/revisions"}],"predecessor-version":[{"id":187957,"href":"https:\/\/franciscanos.org.br\/conventosantoantonio\/wp-json\/wp\/v2\/posts\/187956\/revisions\/187957"}],"wp:attachment":[{"href":"https:\/\/franciscanos.org.br\/conventosantoantonio\/wp-json\/wp\/v2\/media?parent=187956"}],"wp:term":[{"taxonomy":"category","embeddable":true,"href":"https:\/\/franciscanos.org.br\/conventosantoantonio\/wp-json\/wp\/v2\/categories?post=187956"},{"taxonomy":"post_tag","embeddable":true,"href":"https:\/\/franciscanos.org.br\/conventosantoantonio\/wp-json\/wp\/v2\/tags?post=187956"}],"curies":[{"name":"wp","href":"https:\/\/api.w.org\/{rel}","templated":true}]}}