{"id":187947,"date":"2018-06-07T16:04:57","date_gmt":"2018-06-07T19:04:57","guid":{"rendered":"https:\/\/franciscanos.org.br\/conventosantoantonio\/?p=187947"},"modified":"2021-09-24T16:06:18","modified_gmt":"2021-09-24T19:06:18","slug":"convento-volta-a-ser-casa-de-formacao-religiosa-com-fav","status":"publish","type":"post","link":"https:\/\/franciscanos.org.br\/conventosantoantonio\/convento-volta-a-ser-casa-de-formacao-religiosa-com-fav\/","title":{"rendered":"Convento volta a ser casa de forma\u00e7\u00e3o religiosa com FAV"},"content":{"rendered":"<p><img loading=\"lazy\" src=\"http:\/\/franciscanos.org.br\/wp-content\/uploads\/2018\/06\/sav_070618.jpg\" alt=\"sav_070618\" width=\"830\" height=\"479\" \/><\/p>\n<p><strong>Moacir Beggo<\/strong><\/p>\n<p><strong>Rio de Janeiro (RJ)<\/strong>\u00a0\u2013 Ao completar 410 anos, o Convento Santo Ant\u00f4nio \u00e9 tamb\u00e9m, neste in\u00edcio de m\u00eas, uma Fraternidade de Acolhimento Vocacional (FAV). At\u00e9 o final de setembro, os jovens aspirantes \u00e0 vida religiosa franciscana, Gilberto Silveira da Costa J\u00fanior, de Agudos (SP); Gustavo Henrique da Silva Toratti, de Guapia\u00e7u (SP); e Bruno Almeida de Mello, de Curitibanos (SC), poder\u00e3o fazer melhor o seu discernimento vocacional, conhecendo e convivendo com os frades em uma fraternidade franciscana. Neste per\u00edodo, Frei Roger Brunorio ser\u00e1 o respons\u00e1vel para acompanh\u00e1-los nesta etapa de forma\u00e7\u00e3o.<\/p>\n<p>No passado, o Convento Santo Ant\u00f4nio foi \u201cum ateneu c\u00e9lebre de estudo e dele se irradiava a a\u00e7\u00e3o franciscana sobre todas as partes do Sul\u201d, explica o historiador Frei Bas\u00edlio R\u00f6wer. Foi casa de estudos filos\u00f3ficos, teol\u00f3gicos e do noviciado. Tanto que o primeiro jovem \u201ccarioca\u201d que tomou o h\u00e1bito franciscano no Convento de Santo Ant\u00f4nio foi Frei Sebasti\u00e3o dos M\u00e1rtires, provavelmente no ano de 1638.<\/p>\n<p>Atualmente, na Prov\u00edncia da Imaculada, os aspirantes passam por duas fases antes do Postulantado. Ficam os tr\u00eas primeiros meses no Semin\u00e1rio S\u00e3o Francisco de Assis, em Ituporanga (SC), e depois fazem uma experi\u00eancia de quatro meses em uma das Fraternidades de Acolhimento Vocacional da Prov\u00edncia (FAV), um tempo de discernimento vocacional a partir da modalidade evang\u00e9lica do \u201cVinde e Vede\u201d. No final do ano, no in\u00edcio de outubro, retornam ao Semin\u00e1rio para concluir esta fase antes do Postulantado.<\/p>\n<p><img loading=\"lazy\" class=\"alignleft size-full wp-image-162193\" src=\"http:\/\/franciscanos.org.br\/wp-content\/uploads\/2018\/06\/sav_070618_1.jpg\" alt=\"sav_070618_1\" width=\"375\" height=\"500\" \/>A ideia do Convento de se tornar uma FAV partiu de Frei Roger, que obteve apoio da Fraternidade. \u201cTemos um Convento muito grande, uma Fraternidade grande e uma realidade muito diversa. Acho que \u00e9 uma contribui\u00e7\u00e3o que podemos dar \u00e0 Prov\u00edncia trazendo para c\u00e1 esses jovens para que eles possam sentir como \u00e9 a vida em fraternidade\u201d, explicou o frade, que tamb\u00e9m \u00e9 animador do grupo de jovens vocacionados, hoje com cinco candidatos.<\/p>\n<p>Frei Roger, contudo, ter\u00e1 o apoio dos frades na forma\u00e7\u00e3o em \u00e1reas como liturgia, espiritualidade, b\u00edblia, hist\u00f3ria franciscana e hist\u00f3ria da Prov\u00edncia. \u201c\u00c9 uma riqueza muito grande voc\u00ea ter um aspirante fazendo uma experi\u00eancia aqui, onde h\u00e1 um idoso que precisa de cuidados, outro que \u00e9 mais jovem, um frade que \u00e9 confessor, outro pregador, outro escritor. \u00c9 uma casa que est\u00e1 no centro urbano de umas das principais capitais do pa\u00eds. Ao mesmo tempo que est\u00e1 num espa\u00e7o urbano, que re\u00fane o antigo e o moderno, o convento de 410 anos fica num morro com um espa\u00e7o de verde. Isso ajuda muito. \u00c9 uma cidade tur\u00edstica e o nosso p\u00fablico \u00e9 muito devoto de Santo Ant\u00f4nio. Ou seja, \u00e9 um desafio para se viver uma vida mais conventual ou uma vida mais pastoral. S\u00e3o muitas as possibilidades\u201d, acredita Frei Roger.<\/p>\n<p>\u201cA presen\u00e7a deles \u00e9 uma presen\u00e7a jovial, j\u00e1 que temos uma Fraternidade mais idosa. N\u00e3o s\u00f3 os fi\u00e9is ganham mas a Fraternidade tamb\u00e9m ganha com eles\u201d, acrescenta o frade.<\/p>\n<p>Frei Roger, em contrapartida, n\u00e3o acredita que uma casa antiga e uma grande fraternidade poderiam sufocar esse discernimento. \u201cOs vocacionados est\u00e3o vindo por causa do seguimento de Nosso Senhor Jesus Cristo, do modo de S\u00e3o Francisco. Ent\u00e3o, esse ponto de partida n\u00e3o pode ser perdido. Se a gente olhar para n\u00f3s mesmos, vamos ver que somos limitados. Temos v\u00edcios e virtudes. O mais importante \u00e9 ver as virtudes e trabalhar os v\u00edcios\u201d, ensina o frade, citando S\u00e3o Francisco: \u201cAi daquele frade que escandaliza os outros, mas \u00e9 pior aquele que fica escandalizado com o v\u00edcio do outro\u201d.\u00a0 Para ele, temos que procurar ver \u201cem toda a Fraternidade as coisas boas\u201d.<\/p>\n<p>Frei Roger recordou que, quando era vocacionado, trabalhou como sacrist\u00e3o numa experi\u00eancia semelhante no Convento da Penha. \u201cTinha conviv\u00eancia em tempo integral com a Fraternidade. Fiz uma experi\u00eancia riqu\u00edssima. Foi a\u00ed que conheci o Frei Daniel Kromer, que est\u00e1 enterrado aqui no Convento. Morreu em 2000. Ele dizia: \u2018Olhe os problemas que voc\u00ea v\u00ea de uma fraternidade, isso vai te dar for\u00e7as\u2019. Foi um tempo de experi\u00eancia muito bom e enriquecedor. Ent\u00e3o, eu vivi uma FAV\u201d, garante Frei Roger.<\/p>\n<p><img loading=\"lazy\" src=\"http:\/\/franciscanos.org.br\/wp-content\/uploads\/2018\/06\/sav_070618_2.jpg\" alt=\"sav_070618_2\" width=\"830\" height=\"450\" \/><\/p>\n<p>Outro aspecto muito positivo para a FAV do Convento Santo Ant\u00f4nio \u00e9 a proximidades das casas do Regional.\u00a0 \u201cOs aspirantes aqui tamb\u00e9m v\u00e3o ter oportunidade de estar nas outras fraternidades do Regional, principalmente nos finais de semana, quando a atividade conventual \u00e9 pequena aqui. Eles tomar\u00e3o contato com fraternidades e realidades contrastantes, por exemplo, Niter\u00f3i e a Rocinha, a Baixada Fluminense e Petr\u00f3polis\u201d, acrescenta o animador vocacional.<\/p>\n<p>Ter uma FAV no Convento Santo Ant\u00f4nio \u00e9 uma forma de a Prov\u00edncia, atrav\u00e9s do Pr\u00f3-Voca\u00e7\u00f5es, retribuir aos benfeitores, que aqui no Rio s\u00e3o muitos. \u201c\u00c9 uma forma de estar prestando contas para os benfeitores que n\u00e3o s\u00f3 ajudam materialmente mas que rezam pelas voca\u00e7\u00f5es\u201d, observou.<\/p>\n<p><strong>TESTEMUNHO MOVE OS JOVENS<\/strong><\/p>\n<p>Os tr\u00eas jovens, contudo, que iniciam esta experi\u00eancia foram un\u00e2nimes em dizer que o impulso para a tomada de decis\u00e3o veio do testemunho dos frades.<\/p>\n<p>Eles chegam no momento mais efervescente da vida pastoral e conventual do Santo Ant\u00f4nio. At\u00e9 o dia 13 estar\u00e3o fazendo o \u201cbatismo de fogo\u201d em meio \u00e0 Trezena de Santo Ant\u00f4nio. \u201cA forma\u00e7\u00e3o come\u00e7a mesmo depois das festividades\u201d, adianta Frei Roger. Neste per\u00edodo, tr\u00eas pilares sustentar\u00e3o a sua forma\u00e7\u00e3o: Experi\u00eancia da vida e miss\u00e3o da Fraternidade; participa\u00e7\u00e3o ativa na vida da Igreja local; e Leitura, estudo e reflex\u00e3o.<\/p>\n<p><img loading=\"lazy\" class=\"alignleft wp-image-193712 size-full\" src=\"https:\/\/franciscanos.org.br\/noticias\/wp-content\/uploads\/2018\/06\/gustavo_070618.jpg\" alt=\"\" width=\"150\" height=\"221\" \/><strong>Gustavo Henrique da Silva Toratti<\/strong><\/p>\n<p>Tem 24 anos. \u00c9 natural de\u00a0Guapia\u00e7u, Noroeste Paulista. Cursou at\u00e9 o segundo ano de Filosofia na Diocese de S\u00e3o Jos\u00e9 Rio Preto quando decidiu conhecer melhor a vida franciscana. \u201cEstava bem no semin\u00e1rio da Diocese. Sentia seguran\u00e7a por estar perto da fam\u00edlia. Mas na Par\u00f3quia da Diocese, onde atuava, conheci um frade capuchinho que veio do Nordeste e seu modo de evangelizar me chamou a aten\u00e7\u00e3o. O jeito de estar com o povo era diferente. Aquilo me questionou mas n\u00e3o tinha coragem de abrir m\u00e3o do que vivia, at\u00e9 que tudo mudou quando passei a fazer parte da Pastoral com o Povo de Rua. Me desliguei da Diocese durante um ano e procurei os franciscanos\u201d, contou.<\/p>\n<p><strong><img loading=\"lazy\" class=\"alignleft wp-image-162197 \" src=\"http:\/\/franciscanos.org.br\/wp-content\/uploads\/2018\/06\/bruno_070618.jpg\" alt=\"bruno_070618\" width=\"96\" height=\"118\" \/>Bruno Almeida de Mello<\/strong><\/p>\n<p>Tem 19 anos . \u00c9 natural de Curitibanos (SC). Por incentivo do av\u00f4, ingressou na Universidade Federal de Santa Catarina para fazer Agronomia. J\u00e1 estava no segundo ano quando come\u00e7ou a frequentar a Par\u00f3quia Nossa Senhora da Concei\u00e7\u00e3o e ter contato com os frades desta Prov\u00edncia. \u201cO Frei Roberto Carlos me chamou para participar do grupo de jovens e depois ajudei no Apostolado da Ora\u00e7\u00e3o. Eu n\u00e3o tinha coragem de dizer que queria ir para o Semin\u00e1rio, at\u00e9 que um senhor, o Germano, me animou. E assim comecei a ter orienta\u00e7\u00e3o com Frei Roberto\u201d, recordou. Filho \u00fanico, a decis\u00e3o foi bem recebida pela fam\u00edlia da m\u00e3e, mas a fam\u00edlia do pai, a mais cat\u00f3lica, n\u00e3o aceitou at\u00e9 agora.<\/p>\n<p><img loading=\"lazy\" class=\"alignleft wp-image-162196 \" src=\"http:\/\/franciscanos.org.br\/wp-content\/uploads\/2018\/06\/gilberto_070618.jpg\" alt=\"gilberto_070618\" width=\"81\" height=\"99\" \/><strong>Gilberto Silveira da Costa J\u00fanior<\/strong><\/p>\n<p>Tem 18 anos. \u00c9 natural de Agudos (SP). J\u00e1 havia conclu\u00eddo um semestre da Faculdade de Sistemas de Informa\u00e7\u00e3o na Unesp, quando resolveu deixar tudo para seguir S\u00e3o Francisco. \u201cQuando falei para minha m\u00e3e que iria para o Semin\u00e1rio, ela ficou branca e em choque\u201d, recordou. Mas hoje, segundo ele, a fam\u00edlia aceita bem sua escolha e apoia. Em agudos, existem tr\u00eas presen\u00e7as franciscanas dos frades da Imaculada \u2013 um semin\u00e1rio e duas par\u00f3quias \u2013 e esse contato com os frades foi mudando a vida de Gilberto. \u201cAt\u00e9 que na Caminhada Franciscana de 2016, vi um grupo grande de frades. Aquele \u201cmonte\u201d de frades reunido, fraternos e alegres, mexeu comigo\u201d, revelou o jovem, surpreso com a grandiosidade do Convento Santo Ant\u00f4nio. Mas feliz por estar aqui.<\/p>\n<p>&nbsp;<\/p>\n","protected":false},"excerpt":{"rendered":"<p>Servi\u00e7o de Anima\u00e7\u00e3o Vocacional<\/p>\n","protected":false},"author":3,"featured_media":0,"comment_status":"open","ping_status":"open","sticky":false,"template":"","format":"standard","meta":[],"categories":[105],"tags":[331],"yoast_head":"<!-- This site is optimized with the Yoast SEO plugin v19.4 - https:\/\/yoast.com\/wordpress\/plugins\/seo\/ -->\n<title>Convento volta a ser casa de forma\u00e7\u00e3o religiosa com FAV - Convento Santo Ant\u00f4nio- Franciscanos<\/title>\n<meta name=\"robots\" content=\"index, follow, max-snippet:-1, max-image-preview:large, max-video-preview:-1\" \/>\n<link rel=\"canonical\" href=\"https:\/\/franciscanos.org.br\/conventosantoantonio\/convento-volta-a-ser-casa-de-formacao-religiosa-com-fav\/\" \/>\n<meta property=\"og:locale\" content=\"pt_BR\" \/>\n<meta property=\"og:type\" content=\"article\" \/>\n<meta property=\"og:title\" content=\"Convento volta a ser casa de forma\u00e7\u00e3o religiosa com FAV - Convento Santo Ant\u00f4nio- Franciscanos\" \/>\n<meta property=\"og:description\" content=\"Servi\u00e7o de Anima\u00e7\u00e3o Vocacional\" \/>\n<meta property=\"og:url\" content=\"https:\/\/franciscanos.org.br\/conventosantoantonio\/convento-volta-a-ser-casa-de-formacao-religiosa-com-fav\/\" \/>\n<meta property=\"og:site_name\" content=\"Convento Santo Ant\u00f4nio- Franciscanos\" \/>\n<meta property=\"article:published_time\" content=\"2018-06-07T19:04:57+00:00\" \/>\n<meta property=\"article:modified_time\" content=\"2021-09-24T19:06:18+00:00\" \/>\n<meta property=\"og:image\" content=\"http:\/\/franciscanos.org.br\/wp-content\/uploads\/2018\/06\/sav_070618.jpg\" \/>\n<meta name=\"author\" content=\"moacir\" \/>\n<meta name=\"twitter:card\" content=\"summary_large_image\" \/>\n<meta name=\"twitter:label1\" content=\"Escrito por\" \/>\n\t<meta name=\"twitter:data1\" content=\"moacir\" \/>\n\t<meta name=\"twitter:label2\" content=\"Est. tempo de leitura\" \/>\n\t<meta name=\"twitter:data2\" content=\"7 minutos\" \/>\n<script type=\"application\/ld+json\" class=\"yoast-schema-graph\">{\"@context\":\"https:\/\/schema.org\",\"@graph\":[{\"@type\":\"WebSite\",\"@id\":\"https:\/\/franciscanos.org.br\/conventosantoantonio\/#website\",\"url\":\"https:\/\/franciscanos.org.br\/conventosantoantonio\/\",\"name\":\"Convento Santo Ant\u00f4nio- Franciscanos\",\"description\":\"Prov\u00edncia Franciscana da Imaculada Concei\u00e7\u00e3o do Brasil - Ordem dos Frades Menores\",\"potentialAction\":[{\"@type\":\"SearchAction\",\"target\":{\"@type\":\"EntryPoint\",\"urlTemplate\":\"https:\/\/franciscanos.org.br\/conventosantoantonio\/?s={search_term_string}\"},\"query-input\":\"required name=search_term_string\"}],\"inLanguage\":\"pt-BR\"},{\"@type\":\"WebPage\",\"@id\":\"https:\/\/franciscanos.org.br\/conventosantoantonio\/convento-volta-a-ser-casa-de-formacao-religiosa-com-fav\/\",\"url\":\"https:\/\/franciscanos.org.br\/conventosantoantonio\/convento-volta-a-ser-casa-de-formacao-religiosa-com-fav\/\",\"name\":\"Convento volta a ser casa de forma\u00e7\u00e3o religiosa com FAV - Convento Santo Ant\u00f4nio- Franciscanos\",\"isPartOf\":{\"@id\":\"https:\/\/franciscanos.org.br\/conventosantoantonio\/#website\"},\"datePublished\":\"2018-06-07T19:04:57+00:00\",\"dateModified\":\"2021-09-24T19:06:18+00:00\",\"author\":{\"@id\":\"https:\/\/franciscanos.org.br\/conventosantoantonio\/#\/schema\/person\/73421c01c49c32a7bb0a19d9b36df6ad\"},\"breadcrumb\":{\"@id\":\"https:\/\/franciscanos.org.br\/conventosantoantonio\/convento-volta-a-ser-casa-de-formacao-religiosa-com-fav\/#breadcrumb\"},\"inLanguage\":\"pt-BR\",\"potentialAction\":[{\"@type\":\"ReadAction\",\"target\":[\"https:\/\/franciscanos.org.br\/conventosantoantonio\/convento-volta-a-ser-casa-de-formacao-religiosa-com-fav\/\"]}]},{\"@type\":\"BreadcrumbList\",\"@id\":\"https:\/\/franciscanos.org.br\/conventosantoantonio\/convento-volta-a-ser-casa-de-formacao-religiosa-com-fav\/#breadcrumb\",\"itemListElement\":[{\"@type\":\"ListItem\",\"position\":1,\"name\":\"Home\",\"item\":\"https:\/\/franciscanos.org.br\/conventosantoantonio\/\"},{\"@type\":\"ListItem\",\"position\":2,\"name\":\"Convento volta a ser casa de forma\u00e7\u00e3o religiosa com FAV\"}]},{\"@type\":\"Person\",\"@id\":\"https:\/\/franciscanos.org.br\/conventosantoantonio\/#\/schema\/person\/73421c01c49c32a7bb0a19d9b36df6ad\",\"name\":\"moacir\",\"image\":{\"@type\":\"ImageObject\",\"inLanguage\":\"pt-BR\",\"@id\":\"https:\/\/franciscanos.org.br\/conventosantoantonio\/#\/schema\/person\/image\/\",\"url\":\"https:\/\/secure.gravatar.com\/avatar\/d08aa2ce4c8dd416d4479aa8536fcf64?s=96&d=mm&r=g\",\"contentUrl\":\"https:\/\/secure.gravatar.com\/avatar\/d08aa2ce4c8dd416d4479aa8536fcf64?s=96&d=mm&r=g\",\"caption\":\"moacir\"},\"url\":\"https:\/\/franciscanos.org.br\/conventosantoantonio\/author\/moacir\/\"}]}<\/script>\n<!-- \/ Yoast SEO plugin. -->","yoast_head_json":{"title":"Convento volta a ser casa de forma\u00e7\u00e3o religiosa com FAV - Convento Santo Ant\u00f4nio- Franciscanos","robots":{"index":"index","follow":"follow","max-snippet":"max-snippet:-1","max-image-preview":"max-image-preview:large","max-video-preview":"max-video-preview:-1"},"canonical":"https:\/\/franciscanos.org.br\/conventosantoantonio\/convento-volta-a-ser-casa-de-formacao-religiosa-com-fav\/","og_locale":"pt_BR","og_type":"article","og_title":"Convento volta a ser casa de forma\u00e7\u00e3o religiosa com FAV - Convento Santo Ant\u00f4nio- Franciscanos","og_description":"Servi\u00e7o de Anima\u00e7\u00e3o Vocacional","og_url":"https:\/\/franciscanos.org.br\/conventosantoantonio\/convento-volta-a-ser-casa-de-formacao-religiosa-com-fav\/","og_site_name":"Convento Santo Ant\u00f4nio- Franciscanos","article_published_time":"2018-06-07T19:04:57+00:00","article_modified_time":"2021-09-24T19:06:18+00:00","og_image":[{"url":"http:\/\/franciscanos.org.br\/wp-content\/uploads\/2018\/06\/sav_070618.jpg"}],"author":"moacir","twitter_card":"summary_large_image","twitter_misc":{"Escrito por":"moacir","Est. tempo de leitura":"7 minutos"},"schema":{"@context":"https:\/\/schema.org","@graph":[{"@type":"WebSite","@id":"https:\/\/franciscanos.org.br\/conventosantoantonio\/#website","url":"https:\/\/franciscanos.org.br\/conventosantoantonio\/","name":"Convento Santo Ant\u00f4nio- Franciscanos","description":"Prov\u00edncia Franciscana da Imaculada Concei\u00e7\u00e3o do Brasil - Ordem dos Frades Menores","potentialAction":[{"@type":"SearchAction","target":{"@type":"EntryPoint","urlTemplate":"https:\/\/franciscanos.org.br\/conventosantoantonio\/?s={search_term_string}"},"query-input":"required name=search_term_string"}],"inLanguage":"pt-BR"},{"@type":"WebPage","@id":"https:\/\/franciscanos.org.br\/conventosantoantonio\/convento-volta-a-ser-casa-de-formacao-religiosa-com-fav\/","url":"https:\/\/franciscanos.org.br\/conventosantoantonio\/convento-volta-a-ser-casa-de-formacao-religiosa-com-fav\/","name":"Convento volta a ser casa de forma\u00e7\u00e3o religiosa com FAV - Convento Santo Ant\u00f4nio- Franciscanos","isPartOf":{"@id":"https:\/\/franciscanos.org.br\/conventosantoantonio\/#website"},"datePublished":"2018-06-07T19:04:57+00:00","dateModified":"2021-09-24T19:06:18+00:00","author":{"@id":"https:\/\/franciscanos.org.br\/conventosantoantonio\/#\/schema\/person\/73421c01c49c32a7bb0a19d9b36df6ad"},"breadcrumb":{"@id":"https:\/\/franciscanos.org.br\/conventosantoantonio\/convento-volta-a-ser-casa-de-formacao-religiosa-com-fav\/#breadcrumb"},"inLanguage":"pt-BR","potentialAction":[{"@type":"ReadAction","target":["https:\/\/franciscanos.org.br\/conventosantoantonio\/convento-volta-a-ser-casa-de-formacao-religiosa-com-fav\/"]}]},{"@type":"BreadcrumbList","@id":"https:\/\/franciscanos.org.br\/conventosantoantonio\/convento-volta-a-ser-casa-de-formacao-religiosa-com-fav\/#breadcrumb","itemListElement":[{"@type":"ListItem","position":1,"name":"Home","item":"https:\/\/franciscanos.org.br\/conventosantoantonio\/"},{"@type":"ListItem","position":2,"name":"Convento volta a ser casa de forma\u00e7\u00e3o religiosa com FAV"}]},{"@type":"Person","@id":"https:\/\/franciscanos.org.br\/conventosantoantonio\/#\/schema\/person\/73421c01c49c32a7bb0a19d9b36df6ad","name":"moacir","image":{"@type":"ImageObject","inLanguage":"pt-BR","@id":"https:\/\/franciscanos.org.br\/conventosantoantonio\/#\/schema\/person\/image\/","url":"https:\/\/secure.gravatar.com\/avatar\/d08aa2ce4c8dd416d4479aa8536fcf64?s=96&d=mm&r=g","contentUrl":"https:\/\/secure.gravatar.com\/avatar\/d08aa2ce4c8dd416d4479aa8536fcf64?s=96&d=mm&r=g","caption":"moacir"},"url":"https:\/\/franciscanos.org.br\/conventosantoantonio\/author\/moacir\/"}]}},"_links":{"self":[{"href":"https:\/\/franciscanos.org.br\/conventosantoantonio\/wp-json\/wp\/v2\/posts\/187947"}],"collection":[{"href":"https:\/\/franciscanos.org.br\/conventosantoantonio\/wp-json\/wp\/v2\/posts"}],"about":[{"href":"https:\/\/franciscanos.org.br\/conventosantoantonio\/wp-json\/wp\/v2\/types\/post"}],"author":[{"embeddable":true,"href":"https:\/\/franciscanos.org.br\/conventosantoantonio\/wp-json\/wp\/v2\/users\/3"}],"replies":[{"embeddable":true,"href":"https:\/\/franciscanos.org.br\/conventosantoantonio\/wp-json\/wp\/v2\/comments?post=187947"}],"version-history":[{"count":1,"href":"https:\/\/franciscanos.org.br\/conventosantoantonio\/wp-json\/wp\/v2\/posts\/187947\/revisions"}],"predecessor-version":[{"id":187948,"href":"https:\/\/franciscanos.org.br\/conventosantoantonio\/wp-json\/wp\/v2\/posts\/187947\/revisions\/187948"}],"wp:attachment":[{"href":"https:\/\/franciscanos.org.br\/conventosantoantonio\/wp-json\/wp\/v2\/media?parent=187947"}],"wp:term":[{"taxonomy":"category","embeddable":true,"href":"https:\/\/franciscanos.org.br\/conventosantoantonio\/wp-json\/wp\/v2\/categories?post=187947"},{"taxonomy":"post_tag","embeddable":true,"href":"https:\/\/franciscanos.org.br\/conventosantoantonio\/wp-json\/wp\/v2\/tags?post=187947"}],"curies":[{"name":"wp","href":"https:\/\/api.w.org\/{rel}","templated":true}]}}