{"id":187944,"date":"2018-06-07T16:02:54","date_gmt":"2018-06-07T19:02:54","guid":{"rendered":"https:\/\/franciscanos.org.br\/conventosantoantonio\/?p=187944"},"modified":"2021-09-24T16:04:28","modified_gmt":"2021-09-24T19:04:28","slug":"santo-antonio-leva-o-claustro-franciscano-ao-mundo","status":"publish","type":"post","link":"https:\/\/franciscanos.org.br\/conventosantoantonio\/santo-antonio-leva-o-claustro-franciscano-ao-mundo\/","title":{"rendered":"Santo Ant\u00f4nio leva o claustro franciscano ao mundo"},"content":{"rendered":"<p><strong><img loading=\"lazy\" src=\"http:\/\/franciscanos.org.br\/wp-content\/uploads\/2018\/06\/trezena_070618_1.jpg\" alt=\"trezena_070618_1\" width=\"830\" height=\"396\" \/><\/strong><\/p>\n<p><strong>Moacir Beggo<\/strong><\/p>\n<p><strong>Rio de Janeiro (RJ)<\/strong>\u00a0\u2013 Santo Ant\u00f4nio saiu de Portugal ainda jovem para ser m\u00e1rtir no Marrocos, mas acabou sendo o santo com mais devotos no mundo inteiro. O tema do s\u00e9timo dia (7\/6) da Trezena de Santo Ant\u00f4nio no Convento Santo Ant\u00f4nio do Largo da Carioca (RJ), durante as Missas das 12 e das 18 horas, abordou a presen\u00e7a de Santo Ant\u00f4nio no mundo.<\/p>\n<p>Frei Alan Maia de Fran\u00e7a Victor, que foi ordenado no dia 30 de setembro do ano passado, presidiu as duas Celebra\u00e7\u00f5es, tendo como concelebrante o guardi\u00e3o Frei Jos\u00e9 Pereira e Frei Robson Guimar\u00e3es (18 hs). A prega\u00e7\u00e3o ao meio-dia, no entanto, coube ao jovem Frei Erick de Ara\u00fajo Lazaro, ficando a reflex\u00e3o para Frei Alan no final do dia.<\/p>\n<p>Para ir t\u00e3o longe no mundo, os dois pregadores ressaltaram que Santo Ant\u00f4nio n\u00e3o usou de poderes m\u00e1gicos, mas fez a experi\u00eancia do Evangelho. \u201cUm homem que acreditou e colocou sua vida nas m\u00e3os do Pai, tendo como centro Jesus Cristo, vivendo de forma concreta em sua vida a Palavra de Deus e sendo testemunha do Cristo ressuscitado a todos os irm\u00e3os e irm\u00e3s\u201d, disse Frei Alan.<\/p>\n<p><img loading=\"lazy\" src=\"http:\/\/franciscanos.org.br\/wp-content\/uploads\/2018\/06\/trezena_070618_3.jpg\" alt=\"trezena_070618_3\" width=\"830\" height=\"514\" \/><\/p>\n<p>O frade lembrou que os franciscanos, evangelizam em fraternidade. \u201cAssim \u00e9 que S\u00e3o Francisco de Assis nos enviou em miss\u00e3o. Como nos diz, Jacques de Vitry, uma testemunha sobre os frades no s\u00e9culo XIII: \u2018O mundo inteiro \u00e9 o seu espa\u00e7oso claustro\u2019. Assim vivemos at\u00e9 nossos dias, nosso claustro \u00e9 o mundo, para levar o Evangelho\u201d, explicou.<\/p>\n<p>\u201cSanto Ant\u00f4nio, padroeiro deste convento, como bom franciscano, viveu a itiner\u00e2ncia. Sua presen\u00e7a evangelizadora nos pa\u00edses onde foi como frade menor \u00e9 hoje reconhecida no mundo inteiro. Ele \u00e9 Santo Ant\u00f4nio de P\u00e1dua, na It\u00e1lia; Santo Ant\u00f4nio de Lisboa, Portugal; podemos dizer, Santo Ant\u00f4nio do Rio de Janeiro, este convento que comemorou 410 anos no \u00faltimo dia 4 de junho. Santo Ant\u00f4nio da devo\u00e7\u00e3o de homens e mulheres do mundo inteiro, que pede sua intercess\u00e3o junto a Deus, por milagres, namorados (as), casamentos etc\u201d, acrescentou Frei Alan, fazendo um resumo da vida do santo, desde a partida para o Norte da \u00c1frica, sendo presen\u00e7a na It\u00e1lia e na Fran\u00e7a, at\u00e9 morrer em P\u00e1dua em 1231.<\/p>\n<p>Santo Ant\u00f4nio, segundo o presidente da Celebra\u00e7\u00e3o, falava com liberdade, era profundo ao se referir \u00e0s Sagradas Escrituras. N\u00e3o procurava nem honras nem aplausos. Chamava aten\u00e7\u00e3o das pessoas importantes do povo, mas a todos atra\u00eda com seus serm\u00f5es e prega\u00e7\u00f5es, falando com bondade e amor. \u201cConvidado a pregar em um s\u00ednodo diocesano na Fran\u00e7a, dirigiu seu serm\u00e3o a um bispo que com seu mau exemplo dava esc\u00e2ndalos. Iluminado pela Sagrada Escritura, reprovou os seus desvios e mostrou a gravidade de seus pecados. Fez com tanto jeito, que o bispo n\u00e3o se ofendeu. Caiu em si e depois pediu a Santo Ant\u00f4nio que ouvisse sua confiss\u00e3o. Deixou a Fran\u00e7a como grande taumaturgo (que faz milagres), martelo dos hereges (combateu muitos hereges que tinham no seu tempo), trombeta do Evangelho\u201d, ilustrou Frei Alan.<\/p>\n<p><img loading=\"lazy\" src=\"http:\/\/franciscanos.org.br\/wp-content\/uploads\/2018\/06\/trezena_070618_4.jpg\" alt=\"trezena_070618_4\" width=\"830\" height=\"445\" \/><\/p>\n<p><strong>TESTEMUNHO<\/strong><\/p>\n<p>\u201cSe a gente quer ser testemunhas do Evangelho, precisamos t\u00ea-lo presente em nossa vida. Esse grande homem que n\u00f3s veneramos hoje fez essa experi\u00eancia\u201d, destacou Frei Erick, que est\u00e1 fazendo o Ano Mission\u00e1rio no Convento Santo Ant\u00f4nio antes de cursar Teologia.<\/p>\n<p>Para o jovem frade, as Escrituras n\u00e3o podem ficar amareladas e empoeiradas no altar. Elas precisam fazer parte da vida. \u201cSanto Ant\u00f4nio tem uma famosa frase de suas homilias: \u2018As palavras s\u00e3o vivas quando as obras falam\u2019. Ou seja, de que adianta muitas vezes pregar, sair pelo mundo, converter o mundo inteiro, se n\u00e3o consigo nem me converter e muito menos a pr\u00f3pria fam\u00edlia. A prega\u00e7\u00e3o com atos, primeiramente, come\u00e7a em casa. O testemunho de vida come\u00e7a em casa, no nosso lar\u201d, disse.<\/p>\n<p>Frei Erick contou que, certa vez um jovem jornalista foi entrevistar Santa Madre Teresa de Calcut\u00e1. No meio da conversa, entusiasmado com as respostas dela, ele perguntou: \u201cMadre Teresa, o que \u00e9 preciso para melhorar o mundo?\u201d \u201cEla, com seu jeitinho simples, respondeu: \u2018Primeiramente eu e depois voc\u00ea\u2019. Virou as costas e foi embora, deixando o jovem meio \u2018perdido\u2019 com a inesperada resposta\u201d, observou Frei Erick.<\/p>\n<p><iframe loading=\"lazy\" src=\"https:\/\/www.youtube.com\/embed\/F_kWWRxnpUE\" width=\"100%\" height=\"480\" frameborder=\"0\" allowfullscreen=\"allowfullscreen\" data-mce-fragment=\"1\"><\/iframe><\/p>\n<p>\u201cOu seja, a mudan\u00e7a do mundo n\u00e3o est\u00e1 nas coisas, mas em n\u00f3s. Se cada um de n\u00f3s fizer a sua parte, o nosso exemplo vai atrair outros e assim por diante. Assim como Santo Ant\u00f4nio, S\u00e3o Francisco, que atra\u00edram multid\u00f5es pelo Evangelho, pela viv\u00eancia dele. E n\u00f3s, aqui, estamos atra\u00eddos por esse Evangelho?\u201d, perguntou.<\/p>\n<p>\u201cPor isso, a exemplo desse grande homem, Santo Ant\u00f4nio, que ele possa nos ensinar a levar para esse mundo um testemunho verdadeiro e essa viv\u00eancia do Evangelho para transformar o mundo\u201d, pediu o jovem frade.<\/p>\n<p>J\u00e1 Frei Alan pediu a intercess\u00e3o de Santo Ant\u00f4nio junto de Deus pela conc\u00f3rdia, pela paz e pela justi\u00e7a na cidade do Rio de Janeiro, que vive uma grave crise econ\u00f4mica e de seguran\u00e7a.<\/p>\n<p><img loading=\"lazy\" src=\"http:\/\/franciscanos.org.br\/wp-content\/uploads\/2018\/06\/trezena_070618_2.jpg\" alt=\"trezena_070618_2\" width=\"830\" height=\"562\" \/><\/p>\n<p>Todas as celebra\u00e7\u00f5es terminam com a ora\u00e7\u00e3o da Trezena e a b\u00ean\u00e7\u00e3o dos l\u00edrios e dos p\u00e3es. No Convento Santo Ant\u00f4nio, o povo s\u00f3 deixa a igreja depois de receber a \u00e1gua benta aspergida. Aspergir, contudo, \u00e9 um termo sofisticado no Convento. Os fi\u00e9is gostam de receber muita \u00e1gua, de serem molhados. Para isso, os frades do Convento usam uma brocha, e os fi\u00e9is se deslocam para o centro do templo, em torno do frade e do balde.<\/p>\n<p>Nesta Celebra\u00e7\u00e3o estavam presentes a m\u00e3e Anita Maria de Fran\u00e7a Victor, a irm\u00e3 Aline e pequeno sobrinho de Frei Alan.<\/p>\n<p>Nesta sexta-feira, Solenidade do Sagrado Cora\u00e7\u00e3o de Jesus, o tema n\u00e3o poderia ser outro numa casa franciscana: a devo\u00e7\u00e3o ao Sagrado Cora\u00e7\u00e3o.<\/p>\n","protected":false},"excerpt":{"rendered":"<p>7\u00ba Dia da Trezena de Santo Ant\u00f4nio <\/p>\n","protected":false},"author":3,"featured_media":0,"comment_status":"open","ping_status":"open","sticky":false,"template":"","format":"standard","meta":[],"categories":[105],"tags":[347],"yoast_head":"<!-- This site is optimized with the Yoast SEO plugin v19.4 - https:\/\/yoast.com\/wordpress\/plugins\/seo\/ -->\n<title>Santo Ant\u00f4nio leva o claustro franciscano ao mundo - Convento Santo Ant\u00f4nio- Franciscanos<\/title>\n<meta name=\"robots\" content=\"index, follow, max-snippet:-1, max-image-preview:large, max-video-preview:-1\" \/>\n<link rel=\"canonical\" href=\"https:\/\/franciscanos.org.br\/conventosantoantonio\/santo-antonio-leva-o-claustro-franciscano-ao-mundo\/\" \/>\n<meta property=\"og:locale\" content=\"pt_BR\" \/>\n<meta property=\"og:type\" content=\"article\" \/>\n<meta property=\"og:title\" content=\"Santo Ant\u00f4nio leva o claustro franciscano ao mundo - Convento Santo Ant\u00f4nio- Franciscanos\" \/>\n<meta property=\"og:description\" content=\"7\u00ba Dia da Trezena de Santo Ant\u00f4nio\" \/>\n<meta property=\"og:url\" content=\"https:\/\/franciscanos.org.br\/conventosantoantonio\/santo-antonio-leva-o-claustro-franciscano-ao-mundo\/\" \/>\n<meta property=\"og:site_name\" content=\"Convento Santo Ant\u00f4nio- Franciscanos\" \/>\n<meta property=\"article:published_time\" content=\"2018-06-07T19:02:54+00:00\" \/>\n<meta property=\"article:modified_time\" content=\"2021-09-24T19:04:28+00:00\" \/>\n<meta property=\"og:image\" content=\"http:\/\/franciscanos.org.br\/wp-content\/uploads\/2018\/06\/trezena_070618_1.jpg\" \/>\n<meta name=\"author\" content=\"moacir\" \/>\n<meta name=\"twitter:card\" content=\"summary_large_image\" \/>\n<meta name=\"twitter:label1\" content=\"Escrito por\" \/>\n\t<meta name=\"twitter:data1\" content=\"moacir\" \/>\n\t<meta name=\"twitter:label2\" content=\"Est. tempo de leitura\" \/>\n\t<meta name=\"twitter:data2\" content=\"5 minutos\" \/>\n<script type=\"application\/ld+json\" class=\"yoast-schema-graph\">{\"@context\":\"https:\/\/schema.org\",\"@graph\":[{\"@type\":\"WebSite\",\"@id\":\"https:\/\/franciscanos.org.br\/conventosantoantonio\/#website\",\"url\":\"https:\/\/franciscanos.org.br\/conventosantoantonio\/\",\"name\":\"Convento Santo Ant\u00f4nio- Franciscanos\",\"description\":\"Prov\u00edncia Franciscana da Imaculada Concei\u00e7\u00e3o do Brasil - Ordem dos Frades Menores\",\"potentialAction\":[{\"@type\":\"SearchAction\",\"target\":{\"@type\":\"EntryPoint\",\"urlTemplate\":\"https:\/\/franciscanos.org.br\/conventosantoantonio\/?s={search_term_string}\"},\"query-input\":\"required name=search_term_string\"}],\"inLanguage\":\"pt-BR\"},{\"@type\":\"WebPage\",\"@id\":\"https:\/\/franciscanos.org.br\/conventosantoantonio\/santo-antonio-leva-o-claustro-franciscano-ao-mundo\/\",\"url\":\"https:\/\/franciscanos.org.br\/conventosantoantonio\/santo-antonio-leva-o-claustro-franciscano-ao-mundo\/\",\"name\":\"Santo Ant\u00f4nio leva o claustro franciscano ao mundo - Convento Santo Ant\u00f4nio- Franciscanos\",\"isPartOf\":{\"@id\":\"https:\/\/franciscanos.org.br\/conventosantoantonio\/#website\"},\"datePublished\":\"2018-06-07T19:02:54+00:00\",\"dateModified\":\"2021-09-24T19:04:28+00:00\",\"author\":{\"@id\":\"https:\/\/franciscanos.org.br\/conventosantoantonio\/#\/schema\/person\/73421c01c49c32a7bb0a19d9b36df6ad\"},\"breadcrumb\":{\"@id\":\"https:\/\/franciscanos.org.br\/conventosantoantonio\/santo-antonio-leva-o-claustro-franciscano-ao-mundo\/#breadcrumb\"},\"inLanguage\":\"pt-BR\",\"potentialAction\":[{\"@type\":\"ReadAction\",\"target\":[\"https:\/\/franciscanos.org.br\/conventosantoantonio\/santo-antonio-leva-o-claustro-franciscano-ao-mundo\/\"]}]},{\"@type\":\"BreadcrumbList\",\"@id\":\"https:\/\/franciscanos.org.br\/conventosantoantonio\/santo-antonio-leva-o-claustro-franciscano-ao-mundo\/#breadcrumb\",\"itemListElement\":[{\"@type\":\"ListItem\",\"position\":1,\"name\":\"Home\",\"item\":\"https:\/\/franciscanos.org.br\/conventosantoantonio\/\"},{\"@type\":\"ListItem\",\"position\":2,\"name\":\"Santo Ant\u00f4nio leva o claustro franciscano ao mundo\"}]},{\"@type\":\"Person\",\"@id\":\"https:\/\/franciscanos.org.br\/conventosantoantonio\/#\/schema\/person\/73421c01c49c32a7bb0a19d9b36df6ad\",\"name\":\"moacir\",\"image\":{\"@type\":\"ImageObject\",\"inLanguage\":\"pt-BR\",\"@id\":\"https:\/\/franciscanos.org.br\/conventosantoantonio\/#\/schema\/person\/image\/\",\"url\":\"https:\/\/secure.gravatar.com\/avatar\/d08aa2ce4c8dd416d4479aa8536fcf64?s=96&d=mm&r=g\",\"contentUrl\":\"https:\/\/secure.gravatar.com\/avatar\/d08aa2ce4c8dd416d4479aa8536fcf64?s=96&d=mm&r=g\",\"caption\":\"moacir\"},\"url\":\"https:\/\/franciscanos.org.br\/conventosantoantonio\/author\/moacir\/\"}]}<\/script>\n<!-- \/ Yoast SEO plugin. -->","yoast_head_json":{"title":"Santo Ant\u00f4nio leva o claustro franciscano ao mundo - Convento Santo Ant\u00f4nio- Franciscanos","robots":{"index":"index","follow":"follow","max-snippet":"max-snippet:-1","max-image-preview":"max-image-preview:large","max-video-preview":"max-video-preview:-1"},"canonical":"https:\/\/franciscanos.org.br\/conventosantoantonio\/santo-antonio-leva-o-claustro-franciscano-ao-mundo\/","og_locale":"pt_BR","og_type":"article","og_title":"Santo Ant\u00f4nio leva o claustro franciscano ao mundo - Convento Santo Ant\u00f4nio- Franciscanos","og_description":"7\u00ba Dia da Trezena de Santo Ant\u00f4nio","og_url":"https:\/\/franciscanos.org.br\/conventosantoantonio\/santo-antonio-leva-o-claustro-franciscano-ao-mundo\/","og_site_name":"Convento Santo Ant\u00f4nio- Franciscanos","article_published_time":"2018-06-07T19:02:54+00:00","article_modified_time":"2021-09-24T19:04:28+00:00","og_image":[{"url":"http:\/\/franciscanos.org.br\/wp-content\/uploads\/2018\/06\/trezena_070618_1.jpg"}],"author":"moacir","twitter_card":"summary_large_image","twitter_misc":{"Escrito por":"moacir","Est. tempo de leitura":"5 minutos"},"schema":{"@context":"https:\/\/schema.org","@graph":[{"@type":"WebSite","@id":"https:\/\/franciscanos.org.br\/conventosantoantonio\/#website","url":"https:\/\/franciscanos.org.br\/conventosantoantonio\/","name":"Convento Santo Ant\u00f4nio- Franciscanos","description":"Prov\u00edncia Franciscana da Imaculada Concei\u00e7\u00e3o do Brasil - Ordem dos Frades Menores","potentialAction":[{"@type":"SearchAction","target":{"@type":"EntryPoint","urlTemplate":"https:\/\/franciscanos.org.br\/conventosantoantonio\/?s={search_term_string}"},"query-input":"required name=search_term_string"}],"inLanguage":"pt-BR"},{"@type":"WebPage","@id":"https:\/\/franciscanos.org.br\/conventosantoantonio\/santo-antonio-leva-o-claustro-franciscano-ao-mundo\/","url":"https:\/\/franciscanos.org.br\/conventosantoantonio\/santo-antonio-leva-o-claustro-franciscano-ao-mundo\/","name":"Santo Ant\u00f4nio leva o claustro franciscano ao mundo - Convento Santo Ant\u00f4nio- Franciscanos","isPartOf":{"@id":"https:\/\/franciscanos.org.br\/conventosantoantonio\/#website"},"datePublished":"2018-06-07T19:02:54+00:00","dateModified":"2021-09-24T19:04:28+00:00","author":{"@id":"https:\/\/franciscanos.org.br\/conventosantoantonio\/#\/schema\/person\/73421c01c49c32a7bb0a19d9b36df6ad"},"breadcrumb":{"@id":"https:\/\/franciscanos.org.br\/conventosantoantonio\/santo-antonio-leva-o-claustro-franciscano-ao-mundo\/#breadcrumb"},"inLanguage":"pt-BR","potentialAction":[{"@type":"ReadAction","target":["https:\/\/franciscanos.org.br\/conventosantoantonio\/santo-antonio-leva-o-claustro-franciscano-ao-mundo\/"]}]},{"@type":"BreadcrumbList","@id":"https:\/\/franciscanos.org.br\/conventosantoantonio\/santo-antonio-leva-o-claustro-franciscano-ao-mundo\/#breadcrumb","itemListElement":[{"@type":"ListItem","position":1,"name":"Home","item":"https:\/\/franciscanos.org.br\/conventosantoantonio\/"},{"@type":"ListItem","position":2,"name":"Santo Ant\u00f4nio leva o claustro franciscano ao mundo"}]},{"@type":"Person","@id":"https:\/\/franciscanos.org.br\/conventosantoantonio\/#\/schema\/person\/73421c01c49c32a7bb0a19d9b36df6ad","name":"moacir","image":{"@type":"ImageObject","inLanguage":"pt-BR","@id":"https:\/\/franciscanos.org.br\/conventosantoantonio\/#\/schema\/person\/image\/","url":"https:\/\/secure.gravatar.com\/avatar\/d08aa2ce4c8dd416d4479aa8536fcf64?s=96&d=mm&r=g","contentUrl":"https:\/\/secure.gravatar.com\/avatar\/d08aa2ce4c8dd416d4479aa8536fcf64?s=96&d=mm&r=g","caption":"moacir"},"url":"https:\/\/franciscanos.org.br\/conventosantoantonio\/author\/moacir\/"}]}},"_links":{"self":[{"href":"https:\/\/franciscanos.org.br\/conventosantoantonio\/wp-json\/wp\/v2\/posts\/187944"}],"collection":[{"href":"https:\/\/franciscanos.org.br\/conventosantoantonio\/wp-json\/wp\/v2\/posts"}],"about":[{"href":"https:\/\/franciscanos.org.br\/conventosantoantonio\/wp-json\/wp\/v2\/types\/post"}],"author":[{"embeddable":true,"href":"https:\/\/franciscanos.org.br\/conventosantoantonio\/wp-json\/wp\/v2\/users\/3"}],"replies":[{"embeddable":true,"href":"https:\/\/franciscanos.org.br\/conventosantoantonio\/wp-json\/wp\/v2\/comments?post=187944"}],"version-history":[{"count":1,"href":"https:\/\/franciscanos.org.br\/conventosantoantonio\/wp-json\/wp\/v2\/posts\/187944\/revisions"}],"predecessor-version":[{"id":187945,"href":"https:\/\/franciscanos.org.br\/conventosantoantonio\/wp-json\/wp\/v2\/posts\/187944\/revisions\/187945"}],"wp:attachment":[{"href":"https:\/\/franciscanos.org.br\/conventosantoantonio\/wp-json\/wp\/v2\/media?parent=187944"}],"wp:term":[{"taxonomy":"category","embeddable":true,"href":"https:\/\/franciscanos.org.br\/conventosantoantonio\/wp-json\/wp\/v2\/categories?post=187944"},{"taxonomy":"post_tag","embeddable":true,"href":"https:\/\/franciscanos.org.br\/conventosantoantonio\/wp-json\/wp\/v2\/tags?post=187944"}],"curies":[{"name":"wp","href":"https:\/\/api.w.org\/{rel}","templated":true}]}}