{"id":187927,"date":"2018-06-12T15:47:02","date_gmt":"2018-06-12T18:47:02","guid":{"rendered":"https:\/\/franciscanos.org.br\/conventosantoantonio\/?p=187927"},"modified":"2021-09-24T15:48:16","modified_gmt":"2021-09-24T18:48:16","slug":"diade","status":"publish","type":"post","link":"https:\/\/franciscanos.org.br\/conventosantoantonio\/diade\/","title":{"rendered":"Chegou o dia! Viva Santo Ant\u00f4nio!"},"content":{"rendered":"<div class=\"sub_header tl-center\">\n<p><i class=\"fas fa-clock\"><\/i>\u00a0<img loading=\"lazy\" src=\"http:\/\/franciscanos.org.br\/wp-content\/uploads\/2018\/06\/trezena_120618.jpg\" alt=\"trezena_120618\" width=\"830\" height=\"512\" \/><\/p>\n<\/div>\n<div class=\"conteudo\">\n<p><strong>Moacir Beggo<\/strong><\/p>\n<p><strong>\u00a0<\/strong><strong>Rio de Janeiro (RJ)<\/strong>\u00a0\u2013 Com a devida licen\u00e7a do Padroeiro S\u00e3o Sebasti\u00e3o, neste 13 de junho, quem manda na Cidade Maravilhosa \u00e9 Santo Ant\u00f4nio. H\u00e1 410 anos, o Convento Santo Ant\u00f4nio, no centro da cidade, \u00e9 a refer\u00eancia desta devo\u00e7\u00e3o popular. E n\u00e3o \u00e9 s\u00f3 no Rio de Janeiro, n\u00e3o! Cidades, distritos, dioceses e muitos conventos e par\u00f3quias \u2013 para ficar mais no campo religioso \u2013 homenageiam Santo Ant\u00f4nio, o santo que no Brasil s\u00f3 perde em popularidade para Nossa Senhora. Sua festa, neste dia, \u00e9 simples e grande como ele mesmo, o franciscano de P\u00e1dua e Lisboa, o homem de Deus.<\/p>\n<p>Durante 12 dias, os fi\u00e9is e devotos de Santo Ant\u00f4nio se preparam para este momento. Chegou o dia de homenagear Ant\u00f4nio, o grande pregador do mist\u00e9rio de Jesus Cristo, um exemplo a ser seguido no cotidiano de nossas vidas. Neste dia, ele ser\u00e1 compassivo e misericordioso, como apresentou Jesus nos seus serm\u00f5es. No seu cora\u00e7\u00e3o ter\u00e1 espa\u00e7o para os devotos que v\u00eam em busca de sa\u00fade, alimento, trabalho, coisas perdidas, sal\u00e1rio digno, prote\u00e7\u00e3o. Neste dia 13, o povo brasileiro, e especialmente o carioca, pedir\u00e1 paz. Muita paz.<\/p>\n<p><strong>TER\u00c7A-FEIRA DO SANTO<\/strong><\/p>\n<p>Igrejas cheias em todas as Celebra\u00e7\u00f5es Eucar\u00edsticas, distribui\u00e7\u00e3o do P\u00e3ozinho de Santo Ant\u00f4nio, b\u00ean\u00e7\u00e3o de Santo Ant\u00f4nio, filas nos confession\u00e1rios e aspers\u00e3o dos fi\u00e9is com muita \u00e1gua benta no final de casa Missa. Assim foi a ter\u00e7a-feira, 12 de junho, o Dia dos Namorados. As ter\u00e7as-feiras, nos conventos franciscanos e igrejas dedicadas a Santo Ant\u00f4nio de P\u00e1dua e Lisboa, \u00e9 mais forte a devo\u00e7\u00e3o ao santo, porque Santo Ant\u00f4nio foi sepultado no dia 17 de junho, uma ter\u00e7a-feira.<\/p>\n<p><img loading=\"lazy\" src=\"http:\/\/franciscanos.org.br\/wp-content\/uploads\/2018\/06\/sandro_120618.jpg\" alt=\"sandro_120618\" width=\"830\" height=\"445\" \/><\/p>\n<p>Na \u00faltima Celebra\u00e7\u00e3o Eucar\u00edstica da Trezena, \u00e0s 18 horas, o p\u00e1roco da Rocinha, Frei Sandro Roberto da Costa, foi o pregador e presidente. Ao abordar o tema \u201cAmor e fam\u00edlia\u201d, ele disse que era um tema trivial, mas t\u00e3o essencial \u00e0 nossa vida, essencial \u00e0 humanidade, tendo em vista a realidade t\u00e3o conturbada que vivemos.<\/p>\n<p>Segundo o pregador, falar de Santo Ant\u00f4nio e o amor n\u00e3o \u00e9 muito dif\u00edcil, porque os santos viveram intensamente esse amor de Deus: \u201cTodos s\u00e3o santos e basta!\u201d, disse. Mas alguns s\u00e3o mais conhecidos, t\u00eam virtudes que nos colocam em sintonia com eles e Santo Ant\u00f4nio \u00e9 um desses. \u201cSanto Ant\u00f4nio \u00e9 quase algu\u00e9m da nossa fam\u00edlia. Eu sentia isso da parte da minha m\u00e3e, das minhas tias, da parte das pessoas com quem convivo\u201d, contou.<\/p>\n<p>\u201cFalar dos grandes santos \u00e9 falar do amor de Deus na vida deles porque um santo ou uma santa, especificamente Santo Ant\u00f4nio, foram aqueles que vivenciaram do modo mais pleno, do modo mais perfeito, o amor de Deus nas suas vidas\u201d, disse.<\/p>\n<p>Mas, segundo ele, o amor de Deus tem endere\u00e7o, identidade e rosto. \u201cHoje em dia na realidade que vivemos, o amor parece uma palavra t\u00e3o sem sentido, t\u00e3o sem ess\u00eancia, uma palavra que perdeu toda a sua carga de afetividade, de transforma\u00e7\u00e3o, toda energia. Usa-se a palavra, mas o gesto n\u00e3o diz a mesma coisa\u201d, lamentou.<\/p>\n<p>Para Frei Sandro, o ser humano foi criado para amar e ser amado. \u201cEssa \u00e9 a ess\u00eancia da nossa vida. N\u00f3s somos chamados \u00e0 vida por amor\u201d, pregou. Todos somos queridos e amados por Deus. \u201cInfelizmente, nem todas as pessoas t\u00eam essa consci\u00eancia. Infelizmente nem todas sabem disso. Principalmente aquelas pessoas que n\u00e3o fizeram essa experi\u00eancia do amor de Deus. Por qu\u00ea? Porque o amor de Deus se expressa atrav\u00e9s das pessoas. Ele se expressa atrav\u00e9s das rela\u00e7\u00f5es humanas. O amor de Deus se expressa atrav\u00e9s do amor do pai, daquela m\u00e3e que geram aquela crian\u00e7a. O amor de Deus se expressa atrav\u00e9s daquela crian\u00e7a, do carinho, do cuidado, da ternura que ela recebe do seu pai, da sua m\u00e3e, da sua fam\u00edlia e das rela\u00e7\u00f5es \u00e0 medida que aquela pessoa vai crescendo\u201d, explicou.<\/p>\n<p>\u201cMas independentemente disso, todos temos essa sede de sermos amados, e por outro lado uma sede profunda de amar. Amar o pr\u00f3ximo, amar o outro\u201d, disse, referindo ao amor \u00e1gape, er\u00f3tico etc.<\/p>\n<p>Frei Sandro lembrou do Dia dos Namorados, uma festa muito bonita, mas que infelizmente foi se tornando comercial. \u201cMas tem uma coisa bonita porque \u00e9 amor dos enamorados, das pessoas que se gostam, das pessoas que querem dar o seu amor e querem receber o seu amor\u201d, disse<\/p>\n<p><img loading=\"lazy\" class=\"alignleft size-full wp-image-163654\" src=\"http:\/\/franciscanos.org.br\/wp-content\/uploads\/2018\/06\/sandro_120618_1.jpg\" alt=\"sandro_120618_1\" width=\"400\" height=\"445\" \/>Essa din\u00e2mica Santo Ant\u00f4nio viveu em a sua vida. \u201cMas ele sentia necessidade de algo mais. Isso tamb\u00e9m \u00e9 humano, antropol\u00f3gico. Deus coloca dentro de n\u00f3s a sede do infinito. O amor pode ser saciado at\u00e9 uma certa altura do n\u00edvel de um homem e uma mulher que se amam, at\u00e9 um certo n\u00edvel dos pais que se amam, at\u00e9 um certo n\u00edvel na realidade de amor de amigos, de pessoas com quem n\u00f3s convivemos. Mas h\u00e1 tamb\u00e9m alguns casos de amor que nos impulsiona como uma mola que quer nos levar para algo maior. E a\u00ed n\u00f3s temos os grandes homens que sentiram dentro de si esta sede do infinito, esta saudade de Deus, como dizem alguns te\u00f3logos, no sentido de dizer que n\u00e3o estavam satisfeitos, mesmos sendo pessoas boas, pessoas realizadas, com a fam\u00edlia que tinham. Com tudo isso n\u00e3o estavam satisfeitos. S\u00e3o Francisco \u00e9 um desses homens. Santo Ant\u00f4nio tamb\u00e9m\u201d, acrescentou.<\/p>\n<p>\u201cOra, quando Ant\u00f4nio teve contato com os frades franciscanos que iam para o Marrocos e depois em Assis, ele percebe que ali estava a possibilidade de saciar essa profunda sede de amor que mexia com seu cora\u00e7\u00e3o e que fazia ser um homem satisfeito\u201d, explicou.<\/p>\n<p>Frei Sandro ainda lembrou que Santo Ant\u00f4nio teve muitas dificuldades e problemas. Hoje em dia, confundimos felicidade com vida pac\u00edfica. Nenhum ser humano consegue viver uma vida totalmente harm\u00f4nica. Todos temos problemas\u201d, disse.<\/p>\n<p>Segundo ele, hoje a sociedade est\u00e1 se tornando neur\u00f3tica, esquizofr\u00eanica, porque v\u00ea a felicidade como tudo bem resolvido: \u201cN\u00e3o \u00e9. A felicidade \u00e9 essa busca do amor que se d\u00e1 no dia a dia. Essa certeza de sermos amados por Deus e que fomos criados para amar e buscamos a nossa realiza\u00e7\u00e3o nas atividades que fazemos na nossa comunidade, na igreja, na fam\u00edlia, na sociedade, enfim buscando fazer o bem\u201d.<\/p>\n<p>\u201cNa verdade, \u2013 e eu digo isso l\u00e1 na comunidade da Rocinha, onde moro \u2013 muita gente vem \u00e0 igreja com essa mentalidade que Deus vai resolver todos os problemas. \u201cAi meu Deus, me ajuda!\u201d. Deus ajuda sim, milagres acontecem. Mas n\u00e3o \u00e9 s\u00f3 para isso que a gente vai \u00e0 igreja, mas principalmente para celebrar o dom da vida que Deus nos d\u00e1. Para rezarmos, para fazermos de fato essa celebra\u00e7\u00e3o bonita desse imenso amor Deus para conosco, que nos faz viver, que nos faz enfrentar as dificuldades e que nos d\u00e1 for\u00e7as para que, quando sairmos da igreja, a gente consiga levar a vida l\u00e1 fora do jeito que a vida vem\u201d, completou.<\/p>\n<p><strong>O CASAMENTO \u00c9 VOCA\u00c7\u00c3O<\/strong><\/p>\n<p><img loading=\"lazy\" class=\"alignright wp-image-163528 size-full\" src=\"http:\/\/franciscanos.org.br\/wp-content\/uploads\/2018\/06\/trezena_120618-2.jpg\" alt=\"trezena_120618-2\" width=\"375\" height=\"500\" \/>Neste 12\u00ba dia da Trezena, Frei Almir Guimar\u00e3es pregou pela segunda vez, agora sobre o tema do \u201cAmor e Fam\u00edlia\u201d, ao meio-dia. Na sua reflex\u00e3o, Frei Almir lamentou muito que o amor seja um artigo banal na nossa sociedade e fez duras cr\u00edticas aos relacionamentos sem maturidade. Em compensa\u00e7\u00e3o, p\u00f4de parabenizar a uni\u00e3o do casal Maria Aparecida e Manoel Sendas que, neste dia 12, completou 58 anos.<\/p>\n<p>\u201cO namoro, que era um tempo de estudo quando dois jovens se conheciam, agora est\u00e1 fora do dicion\u00e1rio. Hoje em dia, namoro significa chegar \u2018aos finalmente\u2019 e arranhar-se muitas vezes. N\u00f3s n\u00e3o podemos, absolutamente, transformar esse encontro de um homem e de uma mulher numa banalidade. Ele deve ser sempre muito solene e sempre muito alicer\u00e7ado em um grande bem-querer\u201d, enfatizou.<\/p>\n<p>\u201cA uni\u00e3o n\u00e3o \u00e9 feita com base no sentimentalismo, com base na admira\u00e7\u00e3o dos m\u00fasculos dele ou na gra\u00e7a do corpo dela. No casamento se juntam hist\u00f3rias. Eu vou cuidar dele e ela vai cuidar de mim at\u00e9 o fim\u201d, ensinou o frade.<\/p>\n<p>\u201cAs pessoas s\u00e3o imaturas e brincam com essa hist\u00f3ria toda e saem todos machucados, e os filhos mais ainda machucados. E vem mais uma uni\u00e3o, mais uma uni\u00e3o, e assim por diante. \u00c9 um fuzu\u00ea que eu n\u00e3o entendo mais. \u00c9 preciso maturidade. Quando tiro algu\u00e9m do seu universo, n\u00e3o posso fazer dela ou dele gato e sapato. Vejam como as separa\u00e7\u00f5es s\u00e3o feitas com palavr\u00f5es, com um linguajar baixo. Aqueles corpos que estavam t\u00e3o gozosamente unidos, agora s\u00e3o puro \u00f3dio encarnado. Eu n\u00e3o me caso de qualquer jeito, eu me caso com uma decis\u00e3o do cora\u00e7\u00e3o. Os filhos devem ser frutos desta decis\u00e3o\u201d, refor\u00e7ou. Para ele, h\u00e1 tamb\u00e9m problemas no sacramento do matrim\u00f4nio: \u201cEsses casamentos religiosos seriam t\u00e3o maravilhosos se ele e ela tivessem no fundo do cora\u00e7\u00e3o um doido amor de Cristo\u201d.<\/p>\n<p>Segundo Frei Almir, o casamento \u00e9 uma constru\u00e7\u00e3o e n\u00e3o acontece por acaso. \u201cO casamento \u00e9 voca\u00e7\u00e3o. Muitas pessoas se casam por casar sem voca\u00e7\u00e3o, para ser marido e mulher. Falta essa profundidade e esse generoso esquecimento de si para fazer que o outro cres\u00e7a\u201d, disse.<\/p>\n<p>Neste dia 13, as portas do Convento estar\u00e3o abertas a partir das 5 horas. A primeira Missa ser\u00e1 celebrada \u00e0s 6 horas. Durante o dia, haver\u00e1 Missas \u00e0s 8, 10, 12, 15 e 18 horas. O Ministro Provincial da Prov\u00edncia Franciscana da Imaculada Concei\u00e7\u00e3o, Frei Fid\u00eancio Vanboemmel, celebra \u00e0s 15 horas. Haver\u00e1 b\u00ean\u00e7\u00e3o de Santo Ant\u00f4nio no final das missas e nos intervalos, al\u00e9m de distribui\u00e7\u00e3o de p\u00e3es e atendimento de confiss\u00e3o. No p\u00e1tio em frente ao Convento, h\u00e1 barracas de artigos religiosos, artesanato, comidas e bebidas e o delicioso bolo de Santo Ant\u00f4nio.<\/p>\n<p><img loading=\"lazy\" src=\"http:\/\/franciscanos.org.br\/wp-content\/uploads\/2018\/06\/trezena_120618-3.jpg\" alt=\"trezena_120618-3\" width=\"830\" height=\"536\" \/><\/p>\n<hr \/>\n<div class=\"tags\"><i class=\"fas fa-tags\"><\/i>\u00a0<a href=\"https:\/\/franciscanos.org.br\/noticias\/tag\/largo-da-carioca\" rel=\"tag\">Largo da Carioca<\/a>\u00a0<a href=\"https:\/\/franciscanos.org.br\/noticias\/tag\/santo-antonio\" rel=\"tag\">Santo Ant\u00f4nio<\/a><\/div>\n<\/div>\n","protected":false},"excerpt":{"rendered":"<p>12\u00ba Dia da Trezena de Santo Ant\u00f4nio<\/p>\n","protected":false},"author":3,"featured_media":0,"comment_status":"open","ping_status":"open","sticky":false,"template":"","format":"standard","meta":[],"categories":[105],"tags":[347],"yoast_head":"<!-- This site is optimized with the Yoast SEO plugin v19.4 - https:\/\/yoast.com\/wordpress\/plugins\/seo\/ -->\n<title>Chegou o dia! Viva Santo Ant\u00f4nio! - Convento Santo Ant\u00f4nio- Franciscanos<\/title>\n<meta name=\"robots\" content=\"index, follow, max-snippet:-1, max-image-preview:large, max-video-preview:-1\" \/>\n<link rel=\"canonical\" href=\"https:\/\/franciscanos.org.br\/conventosantoantonio\/diade\/\" \/>\n<meta property=\"og:locale\" content=\"pt_BR\" \/>\n<meta property=\"og:type\" content=\"article\" \/>\n<meta property=\"og:title\" content=\"Chegou o dia! Viva Santo Ant\u00f4nio! - Convento Santo Ant\u00f4nio- Franciscanos\" \/>\n<meta property=\"og:description\" content=\"12\u00ba Dia da Trezena de Santo Ant\u00f4nio\" \/>\n<meta property=\"og:url\" content=\"https:\/\/franciscanos.org.br\/conventosantoantonio\/diade\/\" \/>\n<meta property=\"og:site_name\" content=\"Convento Santo Ant\u00f4nio- Franciscanos\" \/>\n<meta property=\"article:published_time\" content=\"2018-06-12T18:47:02+00:00\" \/>\n<meta property=\"article:modified_time\" content=\"2021-09-24T18:48:16+00:00\" \/>\n<meta property=\"og:image\" content=\"http:\/\/franciscanos.org.br\/wp-content\/uploads\/2018\/06\/trezena_120618.jpg\" \/>\n<meta name=\"author\" content=\"moacir\" \/>\n<meta name=\"twitter:card\" content=\"summary_large_image\" \/>\n<meta name=\"twitter:label1\" content=\"Escrito por\" \/>\n\t<meta name=\"twitter:data1\" content=\"moacir\" \/>\n\t<meta name=\"twitter:label2\" content=\"Est. tempo de leitura\" \/>\n\t<meta name=\"twitter:data2\" content=\"9 minutos\" \/>\n<script type=\"application\/ld+json\" class=\"yoast-schema-graph\">{\"@context\":\"https:\/\/schema.org\",\"@graph\":[{\"@type\":\"WebSite\",\"@id\":\"https:\/\/franciscanos.org.br\/conventosantoantonio\/#website\",\"url\":\"https:\/\/franciscanos.org.br\/conventosantoantonio\/\",\"name\":\"Convento Santo Ant\u00f4nio- Franciscanos\",\"description\":\"Prov\u00edncia Franciscana da Imaculada Concei\u00e7\u00e3o do Brasil - Ordem dos Frades Menores\",\"potentialAction\":[{\"@type\":\"SearchAction\",\"target\":{\"@type\":\"EntryPoint\",\"urlTemplate\":\"https:\/\/franciscanos.org.br\/conventosantoantonio\/?s={search_term_string}\"},\"query-input\":\"required name=search_term_string\"}],\"inLanguage\":\"pt-BR\"},{\"@type\":\"WebPage\",\"@id\":\"https:\/\/franciscanos.org.br\/conventosantoantonio\/diade\/\",\"url\":\"https:\/\/franciscanos.org.br\/conventosantoantonio\/diade\/\",\"name\":\"Chegou o dia! Viva Santo Ant\u00f4nio! - Convento Santo Ant\u00f4nio- Franciscanos\",\"isPartOf\":{\"@id\":\"https:\/\/franciscanos.org.br\/conventosantoantonio\/#website\"},\"datePublished\":\"2018-06-12T18:47:02+00:00\",\"dateModified\":\"2021-09-24T18:48:16+00:00\",\"author\":{\"@id\":\"https:\/\/franciscanos.org.br\/conventosantoantonio\/#\/schema\/person\/73421c01c49c32a7bb0a19d9b36df6ad\"},\"breadcrumb\":{\"@id\":\"https:\/\/franciscanos.org.br\/conventosantoantonio\/diade\/#breadcrumb\"},\"inLanguage\":\"pt-BR\",\"potentialAction\":[{\"@type\":\"ReadAction\",\"target\":[\"https:\/\/franciscanos.org.br\/conventosantoantonio\/diade\/\"]}]},{\"@type\":\"BreadcrumbList\",\"@id\":\"https:\/\/franciscanos.org.br\/conventosantoantonio\/diade\/#breadcrumb\",\"itemListElement\":[{\"@type\":\"ListItem\",\"position\":1,\"name\":\"Home\",\"item\":\"https:\/\/franciscanos.org.br\/conventosantoantonio\/\"},{\"@type\":\"ListItem\",\"position\":2,\"name\":\"Chegou o dia! Viva Santo Ant\u00f4nio!\"}]},{\"@type\":\"Person\",\"@id\":\"https:\/\/franciscanos.org.br\/conventosantoantonio\/#\/schema\/person\/73421c01c49c32a7bb0a19d9b36df6ad\",\"name\":\"moacir\",\"image\":{\"@type\":\"ImageObject\",\"inLanguage\":\"pt-BR\",\"@id\":\"https:\/\/franciscanos.org.br\/conventosantoantonio\/#\/schema\/person\/image\/\",\"url\":\"https:\/\/secure.gravatar.com\/avatar\/d08aa2ce4c8dd416d4479aa8536fcf64?s=96&d=mm&r=g\",\"contentUrl\":\"https:\/\/secure.gravatar.com\/avatar\/d08aa2ce4c8dd416d4479aa8536fcf64?s=96&d=mm&r=g\",\"caption\":\"moacir\"},\"url\":\"https:\/\/franciscanos.org.br\/conventosantoantonio\/author\/moacir\/\"}]}<\/script>\n<!-- \/ Yoast SEO plugin. -->","yoast_head_json":{"title":"Chegou o dia! Viva Santo Ant\u00f4nio! - Convento Santo Ant\u00f4nio- Franciscanos","robots":{"index":"index","follow":"follow","max-snippet":"max-snippet:-1","max-image-preview":"max-image-preview:large","max-video-preview":"max-video-preview:-1"},"canonical":"https:\/\/franciscanos.org.br\/conventosantoantonio\/diade\/","og_locale":"pt_BR","og_type":"article","og_title":"Chegou o dia! Viva Santo Ant\u00f4nio! - Convento Santo Ant\u00f4nio- Franciscanos","og_description":"12\u00ba Dia da Trezena de Santo Ant\u00f4nio","og_url":"https:\/\/franciscanos.org.br\/conventosantoantonio\/diade\/","og_site_name":"Convento Santo Ant\u00f4nio- Franciscanos","article_published_time":"2018-06-12T18:47:02+00:00","article_modified_time":"2021-09-24T18:48:16+00:00","og_image":[{"url":"http:\/\/franciscanos.org.br\/wp-content\/uploads\/2018\/06\/trezena_120618.jpg"}],"author":"moacir","twitter_card":"summary_large_image","twitter_misc":{"Escrito por":"moacir","Est. tempo de leitura":"9 minutos"},"schema":{"@context":"https:\/\/schema.org","@graph":[{"@type":"WebSite","@id":"https:\/\/franciscanos.org.br\/conventosantoantonio\/#website","url":"https:\/\/franciscanos.org.br\/conventosantoantonio\/","name":"Convento Santo Ant\u00f4nio- Franciscanos","description":"Prov\u00edncia Franciscana da Imaculada Concei\u00e7\u00e3o do Brasil - Ordem dos Frades Menores","potentialAction":[{"@type":"SearchAction","target":{"@type":"EntryPoint","urlTemplate":"https:\/\/franciscanos.org.br\/conventosantoantonio\/?s={search_term_string}"},"query-input":"required name=search_term_string"}],"inLanguage":"pt-BR"},{"@type":"WebPage","@id":"https:\/\/franciscanos.org.br\/conventosantoantonio\/diade\/","url":"https:\/\/franciscanos.org.br\/conventosantoantonio\/diade\/","name":"Chegou o dia! Viva Santo Ant\u00f4nio! - Convento Santo Ant\u00f4nio- Franciscanos","isPartOf":{"@id":"https:\/\/franciscanos.org.br\/conventosantoantonio\/#website"},"datePublished":"2018-06-12T18:47:02+00:00","dateModified":"2021-09-24T18:48:16+00:00","author":{"@id":"https:\/\/franciscanos.org.br\/conventosantoantonio\/#\/schema\/person\/73421c01c49c32a7bb0a19d9b36df6ad"},"breadcrumb":{"@id":"https:\/\/franciscanos.org.br\/conventosantoantonio\/diade\/#breadcrumb"},"inLanguage":"pt-BR","potentialAction":[{"@type":"ReadAction","target":["https:\/\/franciscanos.org.br\/conventosantoantonio\/diade\/"]}]},{"@type":"BreadcrumbList","@id":"https:\/\/franciscanos.org.br\/conventosantoantonio\/diade\/#breadcrumb","itemListElement":[{"@type":"ListItem","position":1,"name":"Home","item":"https:\/\/franciscanos.org.br\/conventosantoantonio\/"},{"@type":"ListItem","position":2,"name":"Chegou o dia! Viva Santo Ant\u00f4nio!"}]},{"@type":"Person","@id":"https:\/\/franciscanos.org.br\/conventosantoantonio\/#\/schema\/person\/73421c01c49c32a7bb0a19d9b36df6ad","name":"moacir","image":{"@type":"ImageObject","inLanguage":"pt-BR","@id":"https:\/\/franciscanos.org.br\/conventosantoantonio\/#\/schema\/person\/image\/","url":"https:\/\/secure.gravatar.com\/avatar\/d08aa2ce4c8dd416d4479aa8536fcf64?s=96&d=mm&r=g","contentUrl":"https:\/\/secure.gravatar.com\/avatar\/d08aa2ce4c8dd416d4479aa8536fcf64?s=96&d=mm&r=g","caption":"moacir"},"url":"https:\/\/franciscanos.org.br\/conventosantoantonio\/author\/moacir\/"}]}},"_links":{"self":[{"href":"https:\/\/franciscanos.org.br\/conventosantoantonio\/wp-json\/wp\/v2\/posts\/187927"}],"collection":[{"href":"https:\/\/franciscanos.org.br\/conventosantoantonio\/wp-json\/wp\/v2\/posts"}],"about":[{"href":"https:\/\/franciscanos.org.br\/conventosantoantonio\/wp-json\/wp\/v2\/types\/post"}],"author":[{"embeddable":true,"href":"https:\/\/franciscanos.org.br\/conventosantoantonio\/wp-json\/wp\/v2\/users\/3"}],"replies":[{"embeddable":true,"href":"https:\/\/franciscanos.org.br\/conventosantoantonio\/wp-json\/wp\/v2\/comments?post=187927"}],"version-history":[{"count":2,"href":"https:\/\/franciscanos.org.br\/conventosantoantonio\/wp-json\/wp\/v2\/posts\/187927\/revisions"}],"predecessor-version":[{"id":187931,"href":"https:\/\/franciscanos.org.br\/conventosantoantonio\/wp-json\/wp\/v2\/posts\/187927\/revisions\/187931"}],"wp:attachment":[{"href":"https:\/\/franciscanos.org.br\/conventosantoantonio\/wp-json\/wp\/v2\/media?parent=187927"}],"wp:term":[{"taxonomy":"category","embeddable":true,"href":"https:\/\/franciscanos.org.br\/conventosantoantonio\/wp-json\/wp\/v2\/categories?post=187927"},{"taxonomy":"post_tag","embeddable":true,"href":"https:\/\/franciscanos.org.br\/conventosantoantonio\/wp-json\/wp\/v2\/tags?post=187927"}],"curies":[{"name":"wp","href":"https:\/\/api.w.org\/{rel}","templated":true}]}}