{"id":187921,"date":"2018-06-13T15:43:13","date_gmt":"2018-06-13T18:43:13","guid":{"rendered":"https:\/\/franciscanos.org.br\/conventosantoantonio\/?p=187921"},"modified":"2021-09-24T15:44:26","modified_gmt":"2021-09-24T18:44:26","slug":"pedidos-insistentes-de-paz-na-manha-deste-dia","status":"publish","type":"post","link":"https:\/\/franciscanos.org.br\/conventosantoantonio\/pedidos-insistentes-de-paz-na-manha-deste-dia\/","title":{"rendered":"Pedidos insistentes de paz na manh\u00e3 deste dia"},"content":{"rendered":"<p><img loading=\"lazy\" src=\"http:\/\/franciscanos.org.br\/wp-content\/uploads\/2018\/06\/antonio_130618_dia2.jpg\" alt=\"antonio_130618_dia2\" width=\"830\" height=\"623\" \/><\/p>\n<p><strong>Moacir Beggo<\/strong><\/p>\n<p><strong>Rio de Janeiro (RJ)<\/strong>\u00a0\u2013 Como j\u00e1 \u00e9 tradi\u00e7\u00e3o na cidade do Rio de Janeiro, o Convento de Santo Ant\u00f4nio, que celebrou 410 anos de funda\u00e7\u00e3o no \u00faltimo dia 4 de junho, tornou-se o centro da devo\u00e7\u00e3o e da f\u00e9 a Santo Ant\u00f4nio neste dia 13 de junho. Pessoas do Rio, das cidades vizinhas e de outros estados lotaram as escadarias e a igreja para celebrar o Santo mais popular do Brasil. Em muitos lugares do mundo, invocam o Santo como sendo de Lisboa, onde nasceu, e de P\u00e1dua, onde morreu, mas no Rio de Janeiro, os devotos o invocam como Santo Ant\u00f4nio do Largo da Carioca.<\/p>\n<p>As festividades ao Padroeiro do Convento come\u00e7aram logo cedo com os sinos chamando para a primeira Missa \u00e0s 6 horas. Ontem \u00e0 noite foi dia de preparar a igreja, com a ornamenta\u00e7\u00e3o dos altares e retirada dos bancos da igreja para receber a multid\u00e3o.<\/p>\n<p>Para que todos pudessem fazer a sua ora\u00e7\u00e3o e devo\u00e7\u00e3o a Santo Ant\u00f4nio, o povo subia por uma escadaria e pelo elevador e descia por outra. Antes de entrar na igreja para receber a b\u00ean\u00e7\u00e3o e a comunh\u00e3o, os fi\u00e9is podiam se dirigir \u00e0 imagem do Santo que ficou no p\u00e1tio em frente ao convento. Mesmo assim, o local ficou pequeno para tantos devotos. Todo mundo queria chegar perto da imagem, toc\u00e1-la e deixar o bilhete escrito.<\/p>\n<p><img loading=\"lazy\" src=\"http:\/\/franciscanos.org.br\/wp-content\/uploads\/2018\/06\/antonio_130618_dia1.jpg\" alt=\"antonio_130618_dia1\" width=\"830\" height=\"604\" \/><\/p>\n<p>No interior da igreja, os frades se revezavam para dar a b\u00ean\u00e7\u00e3o de Santo Ant\u00f4nio, aspergindo \u00e1gua benta e distribuindo a comunh\u00e3o. No sal\u00e3o ao lado da igreja, outros frades se revezavam para atender as confiss\u00f5es. Na descida, os fi\u00e9is faziam fila para n\u00e3o voltar \u00e0 casa sem o s\u00edmbolo da festa: o \u2018p\u00e3ozinho\u2019 de Santo Ant\u00f4nio.<\/p>\n<div id=\"attachment_163702\" class=\"wp-caption alignleft\">\n<p><img loading=\"lazy\" class=\"wp-image-163702 \" src=\"http:\/\/franciscanos.org.br\/wp-content\/uploads\/2018\/06\/antonio_130618_dia5.jpg\" alt=\"antonio_130618_dia5\" width=\"134\" height=\"158\" aria-describedby=\"caption-attachment-163702\" \/><\/p>\n<p id=\"caption-attachment-163702\" class=\"wp-caption-text\">Simone pediu paz e um emprego<\/p>\n<\/div>\n<div id=\"attachment_163703\" class=\"wp-caption alignright\">\n<p><img loading=\"lazy\" class=\"wp-image-163703 size-full\" src=\"http:\/\/franciscanos.org.br\/wp-content\/uploads\/2018\/06\/antonio_130618_dia4.jpg\" alt=\"antonio_130618_dia4\" width=\"400\" height=\"216\" aria-describedby=\"caption-attachment-163703\" \/><\/p>\n<p id=\"caption-attachment-163703\" class=\"wp-caption-text\">Rosa tamb\u00e9m pediu paz<\/p>\n<\/div>\n<p>Como n\u00e3o poderia ser de outra forma, neste ano, a grande maioria dos devotos pediu pela paz no Rio de Janeiro. Foi uma s\u00faplica por paz e prote\u00e7\u00e3o na Cidade Maravilhosa. Rosa Maria veio de Copacabana para fazer a sua devo\u00e7\u00e3o. \u201cSempre pedi sua intercess\u00e3o e fui atendida. Quando tenho minhas apreens\u00f5es, corro para ele. Mas tamb\u00e9m pe\u00e7o muita prote\u00e7\u00e3o e ajuda para acabar com essa viol\u00eancia. Que as pessoas tenham sensibilidade para perceber que todos temos necessidades e queremos viver em paz\u201d, disse. J\u00e1 Adriana Matias Ribeiro, que nasceu em Caxias e sempre ia na Igreja de Santo Ant\u00f4nio desta cidade, neste ano veio ao Convento: \u201cVim agradecer uma gra\u00e7a alcan\u00e7ada e pedir para que essa viol\u00eancia acabe\u201d.<\/p>\n<p>Simone Vieira mora em Copacabana, mas tinha compromissos no Centro e aproveitou para fazer a sua devo\u00e7\u00e3o. \u201cSou muito devota de Santo Ant\u00f4nio. Eu vim pedir muita paz para a cidade, que essa viol\u00eancia termine para que a gente possa sair de casa com a certeza de que vai voltar. Antes de pedir, eu tenho muita gratid\u00e3o por ele. No momento de dor, eu pe\u00e7o a ele e ele me levanta. Mas n\u00e3o pe\u00e7o s\u00f3 pra mim. A gente est\u00e1 precisando de paz. \u00c9 tanta gente morta, tantas pessoas que perderam familiares queridos. Ent\u00e3o, pe\u00e7o prote\u00e7\u00e3o e paz para todo mundo\u201d, repetiu Simone, dizendo que est\u00e1 desempregada: \u201cFoi um dos meus pedidos a Santo Ant\u00f4nio. Mas eu tenho certeza que vou conseguir um emprego\u201d.<\/p>\n<p><img loading=\"lazy\" src=\"http:\/\/franciscanos.org.br\/wp-content\/uploads\/2018\/06\/antonio_130618_dia3.jpg\" alt=\"antonio_130618_dia3\" width=\"830\" height=\"1107\" \/><\/p>\n<p>O guardi\u00e3o e reitor, Frei Jos\u00e9 Pereira, acordou cedo. Demonstrava felicidade e alegria pelo dia da festa e pediu intercess\u00e3o do Santo para que tudo corra bem nesta 336\u00aa Festa e Trezena do Santo Padroeiro. Na sua homilia, na Missa das 10 horas, Frei Jos\u00e9 lembrou que Santo Ant\u00f4nio \u00e9 sempre essa presen\u00e7a no cora\u00e7\u00e3o do brasileiro e do mundo inteiro. \u201cTanta presen\u00e7a que nos ajuda no mundo de hoje, muito ferido, quando a vida \u00e9 destru\u00edda e negada. Onde o ego\u00edsmo perdura, a vaidade e o poder sobem \u00e0s cabe\u00e7as das pessoas e a fraternidade \u00e9 esvaziada\u201d, lamentou.<\/p>\n<p>\u201cO reconhecimento da vida como dom de Deus \u00e9 que deveria movimentar, motivar, iluminar, comprometer o cora\u00e7\u00e3o e a vontade de todos os seres humanos na face da terra. Porque n\u00e3o seremos melhores porque somos cat\u00f3licos, mas Deus nos reconhece se reconhecermos seu Rosto no rosto de cada irm\u00e3o, porque o amor nos identifica como fam\u00edlia\u201d, ressaltou.<\/p>\n<p>Frei Jos\u00e9 lembrou que Papa Francisco disse que hoje \u201cos pobres pagam pelos pecados dos corruptos\u201d e Santo Ant\u00f4nio era implac\u00e1vel para defender a vida e o povo sofrido, muitas vezes marcado pela enfermidade. \u201cQue Deus acolha o que vai dentro do cora\u00e7\u00e3o de cada um. Que Santo Ant\u00f4nio nos ajude a sermos tolerantes, misericordiosos como sempre lembra com insist\u00eancia o Papa Francisco!\u201d, completou Frei Jos\u00e9.<\/p>\n<p><img loading=\"lazy\" src=\"http:\/\/franciscanos.org.br\/wp-content\/uploads\/2018\/06\/antonio_130618_dia6.jpg\" alt=\"antonio_130618_dia6\" width=\"830\" height=\"577\" \/><\/p>\n<p>Neste dia 13, as portas do Convento estar\u00e3o abertas a partir das 5 horas. A primeira Missa ser\u00e1 celebrada \u00e0s 6 horas. Durante o dia, haver\u00e1 Missas \u00e0s 8, 10, 12, 15 e 18 horas. O Ministro Provincial da Prov\u00edncia Franciscana da Imaculada Concei\u00e7\u00e3o, Frei Fid\u00eancio Vanboemmel, celebra \u00e0s 15 horas. Haver\u00e1 b\u00ean\u00e7\u00e3o de Santo Ant\u00f4nio no final das missas e nos intervalos, al\u00e9m de distribui\u00e7\u00e3o de p\u00e3es e atendimento de confiss\u00e3o. No p\u00e1tio em frente ao Convento, h\u00e1 barracas de artigos religiosos, artesanato, comidas e bebidas e o delicioso bolo de Santo Ant\u00f4nio.<\/p>\n","protected":false},"excerpt":{"rendered":"<p>Dia de Santo Ant\u00f4nio no Largo da Carioca<\/p>\n","protected":false},"author":3,"featured_media":0,"comment_status":"open","ping_status":"open","sticky":false,"template":"","format":"standard","meta":[],"categories":[105],"tags":[347],"yoast_head":"<!-- This site is optimized with the Yoast SEO plugin v19.4 - https:\/\/yoast.com\/wordpress\/plugins\/seo\/ -->\n<title>Pedidos insistentes de paz na manh\u00e3 deste dia - Convento Santo Ant\u00f4nio- Franciscanos<\/title>\n<meta name=\"robots\" content=\"index, follow, max-snippet:-1, max-image-preview:large, max-video-preview:-1\" \/>\n<link rel=\"canonical\" href=\"https:\/\/franciscanos.org.br\/conventosantoantonio\/pedidos-insistentes-de-paz-na-manha-deste-dia\/\" \/>\n<meta property=\"og:locale\" content=\"pt_BR\" \/>\n<meta property=\"og:type\" content=\"article\" \/>\n<meta property=\"og:title\" content=\"Pedidos insistentes de paz na manh\u00e3 deste dia - Convento Santo Ant\u00f4nio- Franciscanos\" \/>\n<meta property=\"og:description\" content=\"Dia de Santo Ant\u00f4nio no Largo da Carioca\" \/>\n<meta property=\"og:url\" content=\"https:\/\/franciscanos.org.br\/conventosantoantonio\/pedidos-insistentes-de-paz-na-manha-deste-dia\/\" \/>\n<meta property=\"og:site_name\" content=\"Convento Santo Ant\u00f4nio- Franciscanos\" \/>\n<meta property=\"article:published_time\" content=\"2018-06-13T18:43:13+00:00\" \/>\n<meta property=\"article:modified_time\" content=\"2021-09-24T18:44:26+00:00\" \/>\n<meta property=\"og:image\" content=\"http:\/\/franciscanos.org.br\/wp-content\/uploads\/2018\/06\/antonio_130618_dia2.jpg\" \/>\n<meta name=\"author\" content=\"moacir\" \/>\n<meta name=\"twitter:card\" content=\"summary_large_image\" \/>\n<meta name=\"twitter:label1\" content=\"Escrito por\" \/>\n\t<meta name=\"twitter:data1\" content=\"moacir\" \/>\n\t<meta name=\"twitter:label2\" content=\"Est. tempo de leitura\" \/>\n\t<meta name=\"twitter:data2\" content=\"5 minutos\" \/>\n<script type=\"application\/ld+json\" class=\"yoast-schema-graph\">{\"@context\":\"https:\/\/schema.org\",\"@graph\":[{\"@type\":\"WebSite\",\"@id\":\"https:\/\/franciscanos.org.br\/conventosantoantonio\/#website\",\"url\":\"https:\/\/franciscanos.org.br\/conventosantoantonio\/\",\"name\":\"Convento Santo Ant\u00f4nio- Franciscanos\",\"description\":\"Prov\u00edncia Franciscana da Imaculada Concei\u00e7\u00e3o do Brasil - Ordem dos Frades Menores\",\"potentialAction\":[{\"@type\":\"SearchAction\",\"target\":{\"@type\":\"EntryPoint\",\"urlTemplate\":\"https:\/\/franciscanos.org.br\/conventosantoantonio\/?s={search_term_string}\"},\"query-input\":\"required name=search_term_string\"}],\"inLanguage\":\"pt-BR\"},{\"@type\":\"WebPage\",\"@id\":\"https:\/\/franciscanos.org.br\/conventosantoantonio\/pedidos-insistentes-de-paz-na-manha-deste-dia\/\",\"url\":\"https:\/\/franciscanos.org.br\/conventosantoantonio\/pedidos-insistentes-de-paz-na-manha-deste-dia\/\",\"name\":\"Pedidos insistentes de paz na manh\u00e3 deste dia - Convento Santo Ant\u00f4nio- Franciscanos\",\"isPartOf\":{\"@id\":\"https:\/\/franciscanos.org.br\/conventosantoantonio\/#website\"},\"datePublished\":\"2018-06-13T18:43:13+00:00\",\"dateModified\":\"2021-09-24T18:44:26+00:00\",\"author\":{\"@id\":\"https:\/\/franciscanos.org.br\/conventosantoantonio\/#\/schema\/person\/73421c01c49c32a7bb0a19d9b36df6ad\"},\"breadcrumb\":{\"@id\":\"https:\/\/franciscanos.org.br\/conventosantoantonio\/pedidos-insistentes-de-paz-na-manha-deste-dia\/#breadcrumb\"},\"inLanguage\":\"pt-BR\",\"potentialAction\":[{\"@type\":\"ReadAction\",\"target\":[\"https:\/\/franciscanos.org.br\/conventosantoantonio\/pedidos-insistentes-de-paz-na-manha-deste-dia\/\"]}]},{\"@type\":\"BreadcrumbList\",\"@id\":\"https:\/\/franciscanos.org.br\/conventosantoantonio\/pedidos-insistentes-de-paz-na-manha-deste-dia\/#breadcrumb\",\"itemListElement\":[{\"@type\":\"ListItem\",\"position\":1,\"name\":\"Home\",\"item\":\"https:\/\/franciscanos.org.br\/conventosantoantonio\/\"},{\"@type\":\"ListItem\",\"position\":2,\"name\":\"Pedidos insistentes de paz na manh\u00e3 deste dia\"}]},{\"@type\":\"Person\",\"@id\":\"https:\/\/franciscanos.org.br\/conventosantoantonio\/#\/schema\/person\/73421c01c49c32a7bb0a19d9b36df6ad\",\"name\":\"moacir\",\"image\":{\"@type\":\"ImageObject\",\"inLanguage\":\"pt-BR\",\"@id\":\"https:\/\/franciscanos.org.br\/conventosantoantonio\/#\/schema\/person\/image\/\",\"url\":\"https:\/\/secure.gravatar.com\/avatar\/d08aa2ce4c8dd416d4479aa8536fcf64?s=96&d=mm&r=g\",\"contentUrl\":\"https:\/\/secure.gravatar.com\/avatar\/d08aa2ce4c8dd416d4479aa8536fcf64?s=96&d=mm&r=g\",\"caption\":\"moacir\"},\"url\":\"https:\/\/franciscanos.org.br\/conventosantoantonio\/author\/moacir\/\"}]}<\/script>\n<!-- \/ Yoast SEO plugin. -->","yoast_head_json":{"title":"Pedidos insistentes de paz na manh\u00e3 deste dia - Convento Santo Ant\u00f4nio- Franciscanos","robots":{"index":"index","follow":"follow","max-snippet":"max-snippet:-1","max-image-preview":"max-image-preview:large","max-video-preview":"max-video-preview:-1"},"canonical":"https:\/\/franciscanos.org.br\/conventosantoantonio\/pedidos-insistentes-de-paz-na-manha-deste-dia\/","og_locale":"pt_BR","og_type":"article","og_title":"Pedidos insistentes de paz na manh\u00e3 deste dia - Convento Santo Ant\u00f4nio- Franciscanos","og_description":"Dia de Santo Ant\u00f4nio no Largo da Carioca","og_url":"https:\/\/franciscanos.org.br\/conventosantoantonio\/pedidos-insistentes-de-paz-na-manha-deste-dia\/","og_site_name":"Convento Santo Ant\u00f4nio- Franciscanos","article_published_time":"2018-06-13T18:43:13+00:00","article_modified_time":"2021-09-24T18:44:26+00:00","og_image":[{"url":"http:\/\/franciscanos.org.br\/wp-content\/uploads\/2018\/06\/antonio_130618_dia2.jpg"}],"author":"moacir","twitter_card":"summary_large_image","twitter_misc":{"Escrito por":"moacir","Est. tempo de leitura":"5 minutos"},"schema":{"@context":"https:\/\/schema.org","@graph":[{"@type":"WebSite","@id":"https:\/\/franciscanos.org.br\/conventosantoantonio\/#website","url":"https:\/\/franciscanos.org.br\/conventosantoantonio\/","name":"Convento Santo Ant\u00f4nio- Franciscanos","description":"Prov\u00edncia Franciscana da Imaculada Concei\u00e7\u00e3o do Brasil - Ordem dos Frades Menores","potentialAction":[{"@type":"SearchAction","target":{"@type":"EntryPoint","urlTemplate":"https:\/\/franciscanos.org.br\/conventosantoantonio\/?s={search_term_string}"},"query-input":"required name=search_term_string"}],"inLanguage":"pt-BR"},{"@type":"WebPage","@id":"https:\/\/franciscanos.org.br\/conventosantoantonio\/pedidos-insistentes-de-paz-na-manha-deste-dia\/","url":"https:\/\/franciscanos.org.br\/conventosantoantonio\/pedidos-insistentes-de-paz-na-manha-deste-dia\/","name":"Pedidos insistentes de paz na manh\u00e3 deste dia - Convento Santo Ant\u00f4nio- Franciscanos","isPartOf":{"@id":"https:\/\/franciscanos.org.br\/conventosantoantonio\/#website"},"datePublished":"2018-06-13T18:43:13+00:00","dateModified":"2021-09-24T18:44:26+00:00","author":{"@id":"https:\/\/franciscanos.org.br\/conventosantoantonio\/#\/schema\/person\/73421c01c49c32a7bb0a19d9b36df6ad"},"breadcrumb":{"@id":"https:\/\/franciscanos.org.br\/conventosantoantonio\/pedidos-insistentes-de-paz-na-manha-deste-dia\/#breadcrumb"},"inLanguage":"pt-BR","potentialAction":[{"@type":"ReadAction","target":["https:\/\/franciscanos.org.br\/conventosantoantonio\/pedidos-insistentes-de-paz-na-manha-deste-dia\/"]}]},{"@type":"BreadcrumbList","@id":"https:\/\/franciscanos.org.br\/conventosantoantonio\/pedidos-insistentes-de-paz-na-manha-deste-dia\/#breadcrumb","itemListElement":[{"@type":"ListItem","position":1,"name":"Home","item":"https:\/\/franciscanos.org.br\/conventosantoantonio\/"},{"@type":"ListItem","position":2,"name":"Pedidos insistentes de paz na manh\u00e3 deste dia"}]},{"@type":"Person","@id":"https:\/\/franciscanos.org.br\/conventosantoantonio\/#\/schema\/person\/73421c01c49c32a7bb0a19d9b36df6ad","name":"moacir","image":{"@type":"ImageObject","inLanguage":"pt-BR","@id":"https:\/\/franciscanos.org.br\/conventosantoantonio\/#\/schema\/person\/image\/","url":"https:\/\/secure.gravatar.com\/avatar\/d08aa2ce4c8dd416d4479aa8536fcf64?s=96&d=mm&r=g","contentUrl":"https:\/\/secure.gravatar.com\/avatar\/d08aa2ce4c8dd416d4479aa8536fcf64?s=96&d=mm&r=g","caption":"moacir"},"url":"https:\/\/franciscanos.org.br\/conventosantoantonio\/author\/moacir\/"}]}},"_links":{"self":[{"href":"https:\/\/franciscanos.org.br\/conventosantoantonio\/wp-json\/wp\/v2\/posts\/187921"}],"collection":[{"href":"https:\/\/franciscanos.org.br\/conventosantoantonio\/wp-json\/wp\/v2\/posts"}],"about":[{"href":"https:\/\/franciscanos.org.br\/conventosantoantonio\/wp-json\/wp\/v2\/types\/post"}],"author":[{"embeddable":true,"href":"https:\/\/franciscanos.org.br\/conventosantoantonio\/wp-json\/wp\/v2\/users\/3"}],"replies":[{"embeddable":true,"href":"https:\/\/franciscanos.org.br\/conventosantoantonio\/wp-json\/wp\/v2\/comments?post=187921"}],"version-history":[{"count":2,"href":"https:\/\/franciscanos.org.br\/conventosantoantonio\/wp-json\/wp\/v2\/posts\/187921\/revisions"}],"predecessor-version":[{"id":187924,"href":"https:\/\/franciscanos.org.br\/conventosantoantonio\/wp-json\/wp\/v2\/posts\/187921\/revisions\/187924"}],"wp:attachment":[{"href":"https:\/\/franciscanos.org.br\/conventosantoantonio\/wp-json\/wp\/v2\/media?parent=187921"}],"wp:term":[{"taxonomy":"category","embeddable":true,"href":"https:\/\/franciscanos.org.br\/conventosantoantonio\/wp-json\/wp\/v2\/categories?post=187921"},{"taxonomy":"post_tag","embeddable":true,"href":"https:\/\/franciscanos.org.br\/conventosantoantonio\/wp-json\/wp\/v2\/tags?post=187921"}],"curies":[{"name":"wp","href":"https:\/\/api.w.org\/{rel}","templated":true}]}}