{"id":187917,"date":"2018-06-13T15:41:23","date_gmt":"2018-06-13T18:41:23","guid":{"rendered":"https:\/\/franciscanos.org.br\/conventosantoantonio\/?p=187917"},"modified":"2021-09-24T15:42:23","modified_gmt":"2021-09-24T18:42:23","slug":"187917-2","status":"publish","type":"post","link":"https:\/\/franciscanos.org.br\/conventosantoantonio\/187917-2\/","title":{"rendered":"Frei Fid\u00eancio suplica intercess\u00e3o do Padroeiro: \u201cMeu povo \u00e9 afrontado!\u201d"},"content":{"rendered":"<div id=\"linha_identificacao\"><\/div>\n<div class=\"sub_header tl-center\">\n<p><img loading=\"lazy\" src=\"http:\/\/franciscanos.org.br\/wp-content\/uploads\/2018\/06\/fidencio_130618.jpg\" alt=\"fidencio_130618\" width=\"830\" height=\"623\" \/><\/p>\n<\/div>\n<div class=\"conteudo\">\n<p><strong>Moacir Beggo<\/strong><\/p>\n<p><strong>Rio de Janeiro (RJ)<\/strong>\u00a0\u2013 A Festa de Santo Ant\u00f4nio, neste 13 de junho de 2018, atingiu o ponto alto durante a Celebra\u00e7\u00e3o Eucar\u00edstica das 15 horas, quando os fi\u00e9is devotos do Padroeiro lotaram a igreja do Convento Santo Ant\u00f4nio para celebrar com o Ministro Provincial dos Frades Franciscanos da Imaculada Concei\u00e7\u00e3o, Frei Fid\u00eancio Vanboemmel, este momento de A\u00e7\u00e3o de Gra\u00e7as. Em tom de ora\u00e7\u00e3o, dirigindo-se \u00e0 imagem centen\u00e1ria de Santo Ant\u00f4nio, o Ministro Provincial pediu pelo povo brasileiro: \u201cMeu povo \u00e9 afrontado com tantos esc\u00e2ndalos, onde criaturas humanas desavergonhadas e corruptas fazem gra\u00e7a da desgra\u00e7a de seu povo\u201d, subiu o tom o celebrante.<\/p>\n<p>O morro de Santo Ant\u00f4nio, no Largo da Carioca, parecia um \u201cformigueiro\u201d nesta \u201cquarta-feira santa\u201d. Milhares de pessoas subiam por uma escadaria e milhares desciam por outra, al\u00e9m do elevador que atendia pessoas mais idosas e com dificuldades de locomo\u00e7\u00e3o. O dia quente impulsionou os devotos, que n\u00e3o se importavam com o \u201cbanho\u201d de \u00e1gua benta que recebiam dos frades nos corredores do claustro do Convento. Para que os fi\u00e9is pudessem transitar sem grandes problemas na igreja durante as celebra\u00e7\u00f5es, o Convento abriu uma sa\u00edda lateral passando pelo claustro.<\/p>\n<p>Frei Fid\u00eancio, depois de celebrar \u00e0s 9h30 na Par\u00f3quia Porci\u00fancula de Sant\u2019Ana, assistida pelos franciscanos em Niter\u00f3i, presidiu a Celebra\u00e7\u00e3o Eucar\u00edstica no Convento, confessando sua alegria por este momento, ao mesmo tempo que agradeceu carinhosamente o convite do guardi\u00e3o Frei Jos\u00e9 Pereira.<\/p>\n<p>Frei Fid\u00eancio fez a sua s\u00faplica ao Santo Padroeiro deste Convento, que celebrou 410 anos no \u00faltimo dia 4 de junho, partindo de seis invoca\u00e7\u00f5es da Ladainha de Santo Ant\u00f4nio: \u201cDoutor da verdade, Batalhador contra a Falsidade, Estirpador dos crimes, Restaurador da paz, Reformador dos costumes e Restituidor das coisas perdidas\u201d.<\/p>\n<p><img loading=\"lazy\" src=\"http:\/\/franciscanos.org.br\/wp-content\/uploads\/2018\/06\/fidencio_130618_11.jpg\" alt=\"fidencio_130618_1\" width=\"830\" height=\"573\" \/><\/p>\n<p><strong>INVOCA\u00c7\u00d5ES<\/strong><\/p>\n<p>Segundo o Ministro Provincial, entre todas as invoca\u00e7\u00f5es, essas s\u00e3o as que mostram exatamente a eloqu\u00eancia prof\u00e9tica de Santo Ant\u00f4nio, que tamb\u00e9m viveu num per\u00edodo da hist\u00f3ria, inserido numa realidade social da \u00e9poca, carente de verdade, de \u00e9tica, de justi\u00e7a, de paz e de bons costumes. \u201cComo no tempo de Santo Ant\u00f4nio, tamb\u00e9m nos nossos dias contemplamos uma realidade social que causa medo, incerteza e desconforto, principalmente quando olhamos o nosso Brasil mergulhado numa vergonhosa crise institucional em todos os n\u00edveis. E a gente se volta para Santo Ant\u00f4nio, e pergunta: Meu querido Santo Ant\u00f4nio, \u00e9 poss\u00edvel oferecer uma resposta de esperan\u00e7a ao clamor do povo pobre que mais sofre as consequ\u00eancias desse desastre pol\u00edtico-econ\u00f4mico, protegido por fal\u00e1cias e conveni\u00eancias jur\u00eddicas?\u201d, perguntou Frei Fid\u00eancio, em tom de s\u00faplica.<\/p>\n<p>\u201cSanto Ant\u00f4nio, n\u00f3s sabemos o quanto \u00e9 am\u00e1vel por esse povo querido, o quanto \u00e9 amado por n\u00f3s, brasileiros. Cada fiel carrega no seu cora\u00e7\u00e3o agradecimentos, que apesar dos desafios, quer louvar, quer bendizer, quer dizer o muito obrigado por todas as gra\u00e7as alcan\u00e7adas. Mas tamb\u00e9m, Santo Ant\u00f4nio, aqui reunido, cada fiel vem com o cora\u00e7\u00e3o ferido, vem com o cora\u00e7\u00e3o machucado, mas vem aqui com confian\u00e7a porque sabe, Ant\u00f4nio, que tu \u00e9s \u201camigo do Menino Deus\u201d. Por isso, n\u00f3s confiamos em ti, Santo Ant\u00f4nio. Hoje, Santo Ant\u00f4nio, o clamor e o grito dos pobres e de todos aqueles e aquelas que sofrem chegam mais forte aos c\u00e9us, porque n\u00f3s sabemos que tu \u00e9s um forte intercessor. A tua intercess\u00e3o \u00e9 poderosa porque \u00e9s \u2018fidel\u00edssimo filho de S\u00e3o Francisco\u2019\u201d.<\/p>\n<p><img loading=\"lazy\" src=\"http:\/\/franciscanos.org.br\/wp-content\/uploads\/2018\/06\/fidencio_130618_4.jpg\" alt=\"fidencio_130618_4\" width=\"830\" height=\"1107\" \/><\/p>\n<p><strong>FREI FID\u00caNCIO SUPLICA MAIS FORTE:<\/strong><\/p>\n<p>\u201cSanto Ant\u00f4nio, meu povo \u00e9 afrontado com tantos esc\u00e2ndalos, onde criaturas humanas desavergonhadas e corruptas fazem gra\u00e7a da desgra\u00e7a de seu povo. Santo Ant\u00f4nio, este teu povo pobre necessita de p\u00e3o, de moradia, de amor, de respeito, de justi\u00e7a, de direitos, de educa\u00e7\u00e3o. Necessita, sobretudo, de sa\u00fade e sa\u00fade de qualidade.<\/p>\n<p>Santo Ant\u00f4nio, n\u00f3s pedimos, ajude-os a recuperar as coisas perdidas. E \u201ccoisas perdidas\u201d, no meu entender, n\u00e3o se referem exclusivamente a objetos pessoais, como um anel, um brinco, um documento, uma carteira. Existem coisas muitas maiores que n\u00f3s estamos perdendo.<\/p>\n<p>Santo Ant\u00f4nio, as perdas que seu povo est\u00e1 sofrendo hoje s\u00e3o exatamente as mais belas conquistas sociais. Perdas de valores que geram desigualdades, geram injusti\u00e7as. Perdas que s\u00e3o as retiradas de direitos, principalmente dessa contrarreforma que espolia os pobres, os trabalhadores, aqueles que precisam pegar o trem, o metr\u00f4, o \u00f4nibus, lotados todos os dias. Em meio a tudo isso, n\u00f3s vivemos um estado onde n\u00f3s experimentamos a dor da viol\u00eancia\u201d.<\/p>\n<p>&nbsp;<\/p>\n<p><img loading=\"lazy\" src=\"http:\/\/franciscanos.org.br\/wp-content\/uploads\/2018\/06\/fidencio_130618_2.jpg\" alt=\"fidencio_130618_2\" width=\"830\" height=\"400\" \/><\/p>\n<p><strong>FREI FID\u00caNCO PEDE \u00c9TICA E JUSTI\u00c7A DOS GOVERNANTES<\/strong><\/p>\n<p>\u201cSanto Ant\u00f4nio, n\u00f3s te invocamos como reformador dos costumes, cria, por favor, no cora\u00e7\u00e3o do teu povo brasileiro, particularmente naqueles que governam, a verdadeira \u00e9tica, a verdadeira justi\u00e7a. E os bons costumes que brotam do Evangelho.<\/p>\n<p>Santo Ant\u00f4nio, doutor da verdade, abre o nosso cora\u00e7\u00e3o para tomarmos consci\u00eancia da coragem que necessitamos ter para construir um mundo melhor, onde a justi\u00e7a e solidariedade caminham de bra\u00e7os dados.<\/p>\n<p>Santo Ant\u00f4nio, \u201crestaurador da paz\u201d e \u201cextirpador de crimes\u201d, com a tua coragem, com o teu exemplo de f\u00e9, com o teu profetismo, vem em socorro do teu povo, que grita pela paz, que clama pela n\u00e3o viol\u00eancia. Vem em socorro de seu povo, que em meio de tanta fal\u00e1cia e demagogia, sonha com a verdade que nos torna livres.<\/p>\n<p>Santo Ant\u00f4nio, aqui no cora\u00e7\u00e3o do Rio de Janeiro, a partir deste centro orante, n\u00f3s queremos hoje, sobretudo, pedir a paz, mas tudo aquilo que envolve a paz\u201d.<\/p>\n<p>\u201cQue n\u00f3s possamos, assim, rezar e suplicar a Santo Ant\u00f4nio: Dai-nos a coragem prof\u00e9tica para sermos uma Igreja em sa\u00edda. Dai-nos a ousadia de traduzirmos, como Santo Ant\u00f4nio mesmo nos ensina sempre mais, as nossas palavras em obras. \u2018Calem-se as palavras, falem as obras\u2019, nos diz o santo. Por isso, Santo Ant\u00f4nio, rogai por n\u00f3s!\u201d, concluiu Frei Fid\u00eancio, recebendo uma sonora e demorada salva de palmas.<\/p>\n<p><img loading=\"lazy\" src=\"http:\/\/franciscanos.org.br\/wp-content\/uploads\/2018\/06\/fidencio_130618_3.jpg\" alt=\"fidencio_130618_3\" width=\"830\" height=\"623\" \/><\/p>\n<p><strong>OS \u2018ANT\u00d4NIOS\u2019 DO CONVENTO<\/strong><\/p>\n<p>Durante o dia, o povo procurava sempre a proximidade de uma imagem para fazer as suas preces. Espalhadas pelo interior e na parte exterior do Convento havia cinco imagens do Santo. Elas podiam ser encontradas ao lado do vel\u00e1rio; no centro do p\u00e1tio em frente do Convento, a mais procurada e que no final do dia nem mais parecia uma imagem tamanha a quantidade de fitinhas amarradas nela; uma imagem no nicho da parede na entrada da igreja; a imagem\u00a0 principal no altar-mor, que tem 1,66 de altura \u00e9 datada do s\u00e9culo XVII,sendo muito procurada e venerada; e a imagem no andor que acompanhou toda a Trezena e que ser\u00e1 rifada, ficou exposta no corredor do claustro, onde um frade aspergia a \u00e1gua benta. Tamb\u00e9m, mais \u00e0 dist\u00e2ncia, est\u00e1 a imagem do frontisp\u00edcio da igreja. Essa imagem \u00e9 a que garantiu a expuls\u00e3o dos franceses no memor\u00e1vel dia 19 de setembro de 1710 e \u00e9 conhecida como \u201cSanto Ant\u00f4nio do Relento\u201d. Ela \u00e9 iluminada toda noite.<\/p>\n<p>\u00c0s 18 horas, os sinos do Convento tocaram para a \u00faltima Celebra\u00e7\u00e3o Eucar\u00edstica.<\/p>\n<p>______________________________________________________________________<\/p>\n<\/div>\n","protected":false},"excerpt":{"rendered":"<p>Moacir Beggo Rio de Janeiro (RJ)\u00a0\u2013 A Festa de Santo Ant\u00f4nio, neste 13 de junho de 2018, atingiu o ponto alto durante a Celebra\u00e7\u00e3o Eucar\u00edstica das 15 horas, quando os fi\u00e9is devotos do Padroeiro lotaram a igreja do Convento Santo Ant\u00f4nio para celebrar com o Ministro Provincial dos Frades Franciscanos da Imaculada Concei\u00e7\u00e3o, Frei Fid\u00eancio [&hellip;]<\/p>\n","protected":false},"author":3,"featured_media":0,"comment_status":"open","ping_status":"open","sticky":false,"template":"","format":"standard","meta":[],"categories":[105],"tags":[347],"yoast_head":"<!-- This site is optimized with the Yoast SEO plugin v19.4 - https:\/\/yoast.com\/wordpress\/plugins\/seo\/ -->\n<title>Frei Fid\u00eancio suplica intercess\u00e3o do Padroeiro: \u201cMeu povo \u00e9 afrontado!\u201d - Convento Santo Ant\u00f4nio- Franciscanos<\/title>\n<meta name=\"robots\" content=\"index, follow, max-snippet:-1, max-image-preview:large, max-video-preview:-1\" \/>\n<link rel=\"canonical\" href=\"https:\/\/franciscanos.org.br\/conventosantoantonio\/187917-2\/\" \/>\n<meta property=\"og:locale\" content=\"pt_BR\" \/>\n<meta property=\"og:type\" content=\"article\" \/>\n<meta property=\"og:title\" content=\"Frei Fid\u00eancio suplica intercess\u00e3o do Padroeiro: \u201cMeu povo \u00e9 afrontado!\u201d - Convento Santo Ant\u00f4nio- Franciscanos\" \/>\n<meta property=\"og:description\" content=\"Moacir Beggo Rio de Janeiro (RJ)\u00a0\u2013 A Festa de Santo Ant\u00f4nio, neste 13 de junho de 2018, atingiu o ponto alto durante a Celebra\u00e7\u00e3o Eucar\u00edstica das 15 horas, quando os fi\u00e9is devotos do Padroeiro lotaram a igreja do Convento Santo Ant\u00f4nio para celebrar com o Ministro Provincial dos Frades Franciscanos da Imaculada Concei\u00e7\u00e3o, Frei Fid\u00eancio [&hellip;]\" \/>\n<meta property=\"og:url\" content=\"https:\/\/franciscanos.org.br\/conventosantoantonio\/187917-2\/\" \/>\n<meta property=\"og:site_name\" content=\"Convento Santo Ant\u00f4nio- Franciscanos\" \/>\n<meta property=\"article:published_time\" content=\"2018-06-13T18:41:23+00:00\" \/>\n<meta property=\"article:modified_time\" content=\"2021-09-24T18:42:23+00:00\" \/>\n<meta property=\"og:image\" content=\"http:\/\/franciscanos.org.br\/wp-content\/uploads\/2018\/06\/fidencio_130618.jpg\" \/>\n<meta name=\"author\" content=\"moacir\" \/>\n<meta name=\"twitter:card\" content=\"summary_large_image\" \/>\n<meta name=\"twitter:label1\" content=\"Escrito por\" \/>\n\t<meta name=\"twitter:data1\" content=\"moacir\" \/>\n\t<meta name=\"twitter:label2\" content=\"Est. tempo de leitura\" \/>\n\t<meta name=\"twitter:data2\" content=\"6 minutos\" \/>\n<script type=\"application\/ld+json\" class=\"yoast-schema-graph\">{\"@context\":\"https:\/\/schema.org\",\"@graph\":[{\"@type\":\"WebSite\",\"@id\":\"https:\/\/franciscanos.org.br\/conventosantoantonio\/#website\",\"url\":\"https:\/\/franciscanos.org.br\/conventosantoantonio\/\",\"name\":\"Convento Santo Ant\u00f4nio- Franciscanos\",\"description\":\"Prov\u00edncia Franciscana da Imaculada Concei\u00e7\u00e3o do Brasil - Ordem dos Frades Menores\",\"potentialAction\":[{\"@type\":\"SearchAction\",\"target\":{\"@type\":\"EntryPoint\",\"urlTemplate\":\"https:\/\/franciscanos.org.br\/conventosantoantonio\/?s={search_term_string}\"},\"query-input\":\"required name=search_term_string\"}],\"inLanguage\":\"pt-BR\"},{\"@type\":\"WebPage\",\"@id\":\"https:\/\/franciscanos.org.br\/conventosantoantonio\/187917-2\/\",\"url\":\"https:\/\/franciscanos.org.br\/conventosantoantonio\/187917-2\/\",\"name\":\"Frei Fid\u00eancio suplica intercess\u00e3o do Padroeiro: \u201cMeu povo \u00e9 afrontado!\u201d - Convento Santo Ant\u00f4nio- Franciscanos\",\"isPartOf\":{\"@id\":\"https:\/\/franciscanos.org.br\/conventosantoantonio\/#website\"},\"datePublished\":\"2018-06-13T18:41:23+00:00\",\"dateModified\":\"2021-09-24T18:42:23+00:00\",\"author\":{\"@id\":\"https:\/\/franciscanos.org.br\/conventosantoantonio\/#\/schema\/person\/73421c01c49c32a7bb0a19d9b36df6ad\"},\"breadcrumb\":{\"@id\":\"https:\/\/franciscanos.org.br\/conventosantoantonio\/187917-2\/#breadcrumb\"},\"inLanguage\":\"pt-BR\",\"potentialAction\":[{\"@type\":\"ReadAction\",\"target\":[\"https:\/\/franciscanos.org.br\/conventosantoantonio\/187917-2\/\"]}]},{\"@type\":\"BreadcrumbList\",\"@id\":\"https:\/\/franciscanos.org.br\/conventosantoantonio\/187917-2\/#breadcrumb\",\"itemListElement\":[{\"@type\":\"ListItem\",\"position\":1,\"name\":\"Home\",\"item\":\"https:\/\/franciscanos.org.br\/conventosantoantonio\/\"},{\"@type\":\"ListItem\",\"position\":2,\"name\":\"Frei Fid\u00eancio suplica intercess\u00e3o do Padroeiro: \u201cMeu povo \u00e9 afrontado!\u201d\"}]},{\"@type\":\"Person\",\"@id\":\"https:\/\/franciscanos.org.br\/conventosantoantonio\/#\/schema\/person\/73421c01c49c32a7bb0a19d9b36df6ad\",\"name\":\"moacir\",\"image\":{\"@type\":\"ImageObject\",\"inLanguage\":\"pt-BR\",\"@id\":\"https:\/\/franciscanos.org.br\/conventosantoantonio\/#\/schema\/person\/image\/\",\"url\":\"https:\/\/secure.gravatar.com\/avatar\/d08aa2ce4c8dd416d4479aa8536fcf64?s=96&d=mm&r=g\",\"contentUrl\":\"https:\/\/secure.gravatar.com\/avatar\/d08aa2ce4c8dd416d4479aa8536fcf64?s=96&d=mm&r=g\",\"caption\":\"moacir\"},\"url\":\"https:\/\/franciscanos.org.br\/conventosantoantonio\/author\/moacir\/\"}]}<\/script>\n<!-- \/ Yoast SEO plugin. -->","yoast_head_json":{"title":"Frei Fid\u00eancio suplica intercess\u00e3o do Padroeiro: \u201cMeu povo \u00e9 afrontado!\u201d - Convento Santo Ant\u00f4nio- Franciscanos","robots":{"index":"index","follow":"follow","max-snippet":"max-snippet:-1","max-image-preview":"max-image-preview:large","max-video-preview":"max-video-preview:-1"},"canonical":"https:\/\/franciscanos.org.br\/conventosantoantonio\/187917-2\/","og_locale":"pt_BR","og_type":"article","og_title":"Frei Fid\u00eancio suplica intercess\u00e3o do Padroeiro: \u201cMeu povo \u00e9 afrontado!\u201d - Convento Santo Ant\u00f4nio- Franciscanos","og_description":"Moacir Beggo Rio de Janeiro (RJ)\u00a0\u2013 A Festa de Santo Ant\u00f4nio, neste 13 de junho de 2018, atingiu o ponto alto durante a Celebra\u00e7\u00e3o Eucar\u00edstica das 15 horas, quando os fi\u00e9is devotos do Padroeiro lotaram a igreja do Convento Santo Ant\u00f4nio para celebrar com o Ministro Provincial dos Frades Franciscanos da Imaculada Concei\u00e7\u00e3o, Frei Fid\u00eancio [&hellip;]","og_url":"https:\/\/franciscanos.org.br\/conventosantoantonio\/187917-2\/","og_site_name":"Convento Santo Ant\u00f4nio- Franciscanos","article_published_time":"2018-06-13T18:41:23+00:00","article_modified_time":"2021-09-24T18:42:23+00:00","og_image":[{"url":"http:\/\/franciscanos.org.br\/wp-content\/uploads\/2018\/06\/fidencio_130618.jpg"}],"author":"moacir","twitter_card":"summary_large_image","twitter_misc":{"Escrito por":"moacir","Est. tempo de leitura":"6 minutos"},"schema":{"@context":"https:\/\/schema.org","@graph":[{"@type":"WebSite","@id":"https:\/\/franciscanos.org.br\/conventosantoantonio\/#website","url":"https:\/\/franciscanos.org.br\/conventosantoantonio\/","name":"Convento Santo Ant\u00f4nio- Franciscanos","description":"Prov\u00edncia Franciscana da Imaculada Concei\u00e7\u00e3o do Brasil - Ordem dos Frades Menores","potentialAction":[{"@type":"SearchAction","target":{"@type":"EntryPoint","urlTemplate":"https:\/\/franciscanos.org.br\/conventosantoantonio\/?s={search_term_string}"},"query-input":"required name=search_term_string"}],"inLanguage":"pt-BR"},{"@type":"WebPage","@id":"https:\/\/franciscanos.org.br\/conventosantoantonio\/187917-2\/","url":"https:\/\/franciscanos.org.br\/conventosantoantonio\/187917-2\/","name":"Frei Fid\u00eancio suplica intercess\u00e3o do Padroeiro: \u201cMeu povo \u00e9 afrontado!\u201d - Convento Santo Ant\u00f4nio- Franciscanos","isPartOf":{"@id":"https:\/\/franciscanos.org.br\/conventosantoantonio\/#website"},"datePublished":"2018-06-13T18:41:23+00:00","dateModified":"2021-09-24T18:42:23+00:00","author":{"@id":"https:\/\/franciscanos.org.br\/conventosantoantonio\/#\/schema\/person\/73421c01c49c32a7bb0a19d9b36df6ad"},"breadcrumb":{"@id":"https:\/\/franciscanos.org.br\/conventosantoantonio\/187917-2\/#breadcrumb"},"inLanguage":"pt-BR","potentialAction":[{"@type":"ReadAction","target":["https:\/\/franciscanos.org.br\/conventosantoantonio\/187917-2\/"]}]},{"@type":"BreadcrumbList","@id":"https:\/\/franciscanos.org.br\/conventosantoantonio\/187917-2\/#breadcrumb","itemListElement":[{"@type":"ListItem","position":1,"name":"Home","item":"https:\/\/franciscanos.org.br\/conventosantoantonio\/"},{"@type":"ListItem","position":2,"name":"Frei Fid\u00eancio suplica intercess\u00e3o do Padroeiro: \u201cMeu povo \u00e9 afrontado!\u201d"}]},{"@type":"Person","@id":"https:\/\/franciscanos.org.br\/conventosantoantonio\/#\/schema\/person\/73421c01c49c32a7bb0a19d9b36df6ad","name":"moacir","image":{"@type":"ImageObject","inLanguage":"pt-BR","@id":"https:\/\/franciscanos.org.br\/conventosantoantonio\/#\/schema\/person\/image\/","url":"https:\/\/secure.gravatar.com\/avatar\/d08aa2ce4c8dd416d4479aa8536fcf64?s=96&d=mm&r=g","contentUrl":"https:\/\/secure.gravatar.com\/avatar\/d08aa2ce4c8dd416d4479aa8536fcf64?s=96&d=mm&r=g","caption":"moacir"},"url":"https:\/\/franciscanos.org.br\/conventosantoantonio\/author\/moacir\/"}]}},"_links":{"self":[{"href":"https:\/\/franciscanos.org.br\/conventosantoantonio\/wp-json\/wp\/v2\/posts\/187917"}],"collection":[{"href":"https:\/\/franciscanos.org.br\/conventosantoantonio\/wp-json\/wp\/v2\/posts"}],"about":[{"href":"https:\/\/franciscanos.org.br\/conventosantoantonio\/wp-json\/wp\/v2\/types\/post"}],"author":[{"embeddable":true,"href":"https:\/\/franciscanos.org.br\/conventosantoantonio\/wp-json\/wp\/v2\/users\/3"}],"replies":[{"embeddable":true,"href":"https:\/\/franciscanos.org.br\/conventosantoantonio\/wp-json\/wp\/v2\/comments?post=187917"}],"version-history":[{"count":2,"href":"https:\/\/franciscanos.org.br\/conventosantoantonio\/wp-json\/wp\/v2\/posts\/187917\/revisions"}],"predecessor-version":[{"id":187920,"href":"https:\/\/franciscanos.org.br\/conventosantoantonio\/wp-json\/wp\/v2\/posts\/187917\/revisions\/187920"}],"wp:attachment":[{"href":"https:\/\/franciscanos.org.br\/conventosantoantonio\/wp-json\/wp\/v2\/media?parent=187917"}],"wp:term":[{"taxonomy":"category","embeddable":true,"href":"https:\/\/franciscanos.org.br\/conventosantoantonio\/wp-json\/wp\/v2\/categories?post=187917"},{"taxonomy":"post_tag","embeddable":true,"href":"https:\/\/franciscanos.org.br\/conventosantoantonio\/wp-json\/wp\/v2\/tags?post=187917"}],"curies":[{"name":"wp","href":"https:\/\/api.w.org\/{rel}","templated":true}]}}