{"id":187807,"date":"2019-05-27T13:40:29","date_gmt":"2019-05-27T16:40:29","guid":{"rendered":"https:\/\/franciscanos.org.br\/conventosantoantonio\/?p=187807"},"modified":"2023-07-04T14:11:31","modified_gmt":"2023-07-04T17:11:31","slug":"os-sacerdotes-torrao-de-ouro","status":"publish","type":"post","link":"https:\/\/franciscanos.org.br\/conventosantoantonio\/os-sacerdotes-torrao-de-ouro\/","title":{"rendered":"Os sacerdotes, torr\u00e3o de ouro"},"content":{"rendered":"<header class=\"entry-header\">\n<div class=\"post-meta\">\n<div class=\"fleft\">\u201c<em>Os pastores da Igreja e os professos de uma ordem religiosa, normalmente, eram \u2018torr\u00f5es de ouro\u2019. Torr\u00f5es porque, pela abundante infus\u00e3o de gra\u00e7a, sabiam manter a harmonia, a coer\u00eancia entre profiss\u00e3o e a\u00e7\u00e3o; de \u2018ouro\u2019 porque resplandeciam por santidade de vida e sabedoria. Atualmente, por\u00e9m, como deplora o profeta Jeremias, \u2018os filhos de Si\u00e3o, famosos e avaliados como ouro fino, s\u00e3o que nem vasos de barro, obra de m\u00e3os de um oleiro\u2019 (Lam 4,2), isto \u00e9, do diabo\u2026\u201d<\/em><\/div>\n<\/div>\n<\/header>\n<div class=\"post-content\">\n<figure class=\"wp-block-image\"><img loading=\"lazy\" class=\"wp-image-187809 size-full aligncenter\" src=\"https:\/\/franciscanos.org.br\/conventosantoantonio\/wp-content\/uploads\/2019\/05\/santonio_2706.jpg\" alt=\"\" width=\"658\" height=\"366\" srcset=\"https:\/\/franciscanos.org.br\/conventosantoantonio\/wp-content\/uploads\/2019\/05\/santonio_2706.jpg 658w, https:\/\/franciscanos.org.br\/conventosantoantonio\/wp-content\/uploads\/2019\/05\/santonio_2706-450x250.jpg 450w, https:\/\/franciscanos.org.br\/conventosantoantonio\/wp-content\/uploads\/2019\/05\/santonio_2706-150x83.jpg 150w\" sizes=\"(max-width: 658px) 100vw, 658px\" \/><\/figure>\n<p><em>(Santo Ant\u00f4nio, Serm\u00e3o do XIV Domingo de Pentecostes)<\/em><\/p>\n<p>\u201cBons ministros e bons administradores s\u00e3o os prelados e pregadores que administram a Palavra de Deus e pregam o batismo de penit\u00eancia para a remiss\u00e3o dos pecados\u201d, escreveu Santo Ant\u00f4nio de Lisboa e P\u00e1dua (1195-1231) em um de seus Serm\u00f5es; mas (devemos diz\u00ea-lo) entre ele e certo tipo de clero, era guerra declarada. Santo Ant\u00f4nio era muito intransigente contra os maus costumes de certos eclesi\u00e1sticos contempor\u00e2neos. Ele nutria uma grande estima para com os ministros do Senhor que viviam segundo a Regra deixada aos frades por S\u00e3o Francisco de Assis (1181-1226) em seu Testamento: \u201cO Senhor me deu e me d\u00e1 uma f\u00e9 t\u00e3o grande nos sacerdotes que vivem segundo a forma da Santa Igreja Romana por causa de sua ordena\u00e7\u00e3o, que, se me perseguissem , quero recorrer a eles mesmos!\u201d<\/p>\n<p>Mas Santo Ant\u00f4nio tornou-se ardoroso na presen\u00e7a de prelados de seu tempo que afogavam o pr\u00f3prio carisma em um estilo de vida mundano e pecaminoso. Em 1220, ele foi ordenado sacerdote no Mosteiro de Santa Cruz, em Coimbra (Portugal), pouco tempo antes de \u201cbater asas\u201d entre os franciscanos, ap\u00f3s uma prepara\u00e7\u00e3o teol\u00f3gica e espiritual que acendeu sua f\u00e9 e seu zelo. Naqueles tempos, a Igreja havia evangelizado quase o mundo inteiro ent\u00e3o conhecido, mas, muitas vezes, tamb\u00e9m era atra\u00edda pelas coisas temporais, dividida entre o chamado do Esp\u00edrito e das seguran\u00e7as terrenas.<\/p>\n<p>Santo Ant\u00f4nio (assim como S\u00e3o Francisco de Assis ou S\u00e3o Domingos de Gusm\u00e3o [1170-1221]) era um enamorado de Cristo enviado a pregar onde a Igreja institui\u00e7\u00e3o n\u00e3o sabia chegar por cansa\u00e7o ou por uma barreira estrutural. Mas por que Santo Ant\u00f4nio, assim como S\u00e3o Francisco, eram exigentes com os sacerdotes? Antes de tudo, porque a vida do sacerdote deve ser coerente. Santo Ant\u00f4nio escreveu: \u201cCinco s\u00e3o as prerrogativas absolutamente necess\u00e1rias para o bispo e para o prelado da Igreja, isto \u00e9, a vida, a fama, a ci\u00eancia, a riqueza da caridade, a t\u00fanica talar da pureza\u201d. Sem uma harmoniosa copresen\u00e7a de todos esses dons, \u00e9 imposs\u00edvel subsistir um verdadeiro ministro sagrado. Ele conheceu alguns \u201cprelados e sacerdotes indignos ou corruptos, privados da luz da vida e da ci\u00eancia. C\u00e3es mudos, s\u00e3o incapazes de latir contra o lobo, vision\u00e1rios porque pregam pelo dinheiro, dormem nos pecados, amam os sonhos, quer dizer, as coisas temporais; s\u00e3o c\u00e3es muito \u00e1vidos, petulantes como uma prostituta, e n\u00e3o ficam vermelhos de vergonha\u201d. Segundo o santo, eram justamente eles que deveriam ser como obstetras, \u201cdevendo assistir e ajudar os pecadores a se confessarem\u201d, tirando deles o peso que carregavam, como em um parto libertador. O poder, a posse, a vangl\u00f3ria eram uma tenta\u00e7\u00e3o tamb\u00e9m para os homens de Igreja, enquanto Santo Ant\u00f4nio, abra\u00e7ando a vida dos Frades Menores, colocou-se no seguimento de uma Regra que diz: \u201cOs frades devem sentir-se felizes quando vivem entre pessoas simples e desprezadas, como entre os pobres ao longo do caminho\u201d. Longe dos poderes e livres da posse que gera avareza, avidez e lux\u00faria, os frades tornam-se tamb\u00e9m livres para servir somente a Deus e aos irm\u00e3os, na ora\u00e7\u00e3o cont\u00ednua e na fraternidade.<\/p>\n<p>Em P\u00e1dua, Santo Ant\u00f4nio quis dedicar parte de seu tempo para completar, por escrito, seus Serm\u00f5es por dois motivos: de um lado, eles poderiam ajudar os sacerdotes um pouco \u201cignorantes\u201d na prega\u00e7\u00e3o. Por outro lado, poderia deixar-lhes um chamado constante e forte a uma vida sacerdotal santa a servi\u00e7o exclusivo (at\u00e9 o mart\u00edrio, se necess\u00e1rio) da dimens\u00e3o espiritual do povo de Cristo. Para ele, os sacerdotes deveriam fugir com horror dos esc\u00e2ndalos de qualquer tipo, que sempre eram um verdadeiro \u201cferimento\u201d no corpo de Cristo.<\/p>\n<p>Sempre no ano de 1231, citado muitas vezes nestas p\u00e1ginas, exatamente na Quaresma, pregada pela primeira vez diante de todo o clero (inclusive o bispo), Santo Ant\u00f4nio soube envolver muitos sacerdotes para ajudarem nas confiss\u00f5es, animando-os a um minist\u00e9rio que se tornara desinteressante. Parece-nos escut\u00e1-lo falando com todo o entusiasmo tamb\u00e9m para os irm\u00e3os sacerdotes: \u201cIrm\u00e3os car\u00edssimos! Pe\u00e7amos a Nosso Senhor Jesus Cristo que fa\u00e7a descer sobre n\u00f3s a palavra inspirada por Ele mesmo. Que nos purifique com o batismo da penit\u00eancia por meio do qual nos tornamos capazes de preparar-Lhe o caminho e endireitar Suas veredas. Conceda-nos Ele mesmo, que \u00e9 bendito nos s\u00e9culos dos s\u00e9culos. Am\u00e9m\u201d.<\/p>\n<p><strong>Frei Danilo Salezze, Revista o \u201cMensageiro de Santo Ant\u00f4nio\u201d<\/strong><\/p>\n<\/div>\n","protected":false},"excerpt":{"rendered":"<p>Artigo de Frei Danilo Salezze<\/p>\n","protected":false},"author":3,"featured_media":187811,"comment_status":"open","ping_status":"open","sticky":false,"template":"","format":"standard","meta":[],"categories":[26],"tags":[348],"yoast_head":"<!-- This site is optimized with the Yoast SEO plugin v19.4 - https:\/\/yoast.com\/wordpress\/plugins\/seo\/ -->\n<title>Os sacerdotes, torr\u00e3o de ouro - Convento Santo Ant\u00f4nio- Franciscanos<\/title>\n<meta name=\"robots\" content=\"index, follow, max-snippet:-1, max-image-preview:large, max-video-preview:-1\" \/>\n<link rel=\"canonical\" href=\"https:\/\/franciscanos.org.br\/conventosantoantonio\/os-sacerdotes-torrao-de-ouro\/\" \/>\n<meta property=\"og:locale\" content=\"pt_BR\" \/>\n<meta property=\"og:type\" content=\"article\" \/>\n<meta property=\"og:title\" content=\"Os sacerdotes, torr\u00e3o de ouro - Convento Santo Ant\u00f4nio- Franciscanos\" \/>\n<meta property=\"og:description\" content=\"Artigo de Frei Danilo Salezze\" \/>\n<meta property=\"og:url\" content=\"https:\/\/franciscanos.org.br\/conventosantoantonio\/os-sacerdotes-torrao-de-ouro\/\" \/>\n<meta property=\"og:site_name\" content=\"Convento Santo Ant\u00f4nio- Franciscanos\" \/>\n<meta property=\"article:published_time\" content=\"2019-05-27T16:40:29+00:00\" \/>\n<meta property=\"article:modified_time\" content=\"2023-07-04T17:11:31+00:00\" \/>\n<meta property=\"og:image\" content=\"https:\/\/franciscanos.org.br\/conventosantoantonio\/wp-content\/uploads\/2019\/05\/santonio_2706-1.jpg\" \/>\n\t<meta property=\"og:image:width\" content=\"658\" \/>\n\t<meta property=\"og:image:height\" content=\"366\" \/>\n\t<meta property=\"og:image:type\" content=\"image\/jpeg\" \/>\n<meta name=\"author\" content=\"moacir\" \/>\n<meta name=\"twitter:card\" content=\"summary_large_image\" \/>\n<meta name=\"twitter:label1\" content=\"Escrito por\" \/>\n\t<meta name=\"twitter:data1\" content=\"moacir\" \/>\n\t<meta name=\"twitter:label2\" content=\"Est. tempo de leitura\" \/>\n\t<meta name=\"twitter:data2\" content=\"5 minutos\" \/>\n<script type=\"application\/ld+json\" class=\"yoast-schema-graph\">{\"@context\":\"https:\/\/schema.org\",\"@graph\":[{\"@type\":\"WebSite\",\"@id\":\"https:\/\/franciscanos.org.br\/conventosantoantonio\/#website\",\"url\":\"https:\/\/franciscanos.org.br\/conventosantoantonio\/\",\"name\":\"Convento Santo Ant\u00f4nio- Franciscanos\",\"description\":\"Prov\u00edncia Franciscana da Imaculada Concei\u00e7\u00e3o do Brasil - Ordem dos Frades Menores\",\"potentialAction\":[{\"@type\":\"SearchAction\",\"target\":{\"@type\":\"EntryPoint\",\"urlTemplate\":\"https:\/\/franciscanos.org.br\/conventosantoantonio\/?s={search_term_string}\"},\"query-input\":\"required name=search_term_string\"}],\"inLanguage\":\"pt-BR\"},{\"@type\":\"WebPage\",\"@id\":\"https:\/\/franciscanos.org.br\/conventosantoantonio\/os-sacerdotes-torrao-de-ouro\/\",\"url\":\"https:\/\/franciscanos.org.br\/conventosantoantonio\/os-sacerdotes-torrao-de-ouro\/\",\"name\":\"Os sacerdotes, torr\u00e3o de ouro - Convento Santo Ant\u00f4nio- Franciscanos\",\"isPartOf\":{\"@id\":\"https:\/\/franciscanos.org.br\/conventosantoantonio\/#website\"},\"datePublished\":\"2019-05-27T16:40:29+00:00\",\"dateModified\":\"2023-07-04T17:11:31+00:00\",\"author\":{\"@id\":\"https:\/\/franciscanos.org.br\/conventosantoantonio\/#\/schema\/person\/73421c01c49c32a7bb0a19d9b36df6ad\"},\"breadcrumb\":{\"@id\":\"https:\/\/franciscanos.org.br\/conventosantoantonio\/os-sacerdotes-torrao-de-ouro\/#breadcrumb\"},\"inLanguage\":\"pt-BR\",\"potentialAction\":[{\"@type\":\"ReadAction\",\"target\":[\"https:\/\/franciscanos.org.br\/conventosantoantonio\/os-sacerdotes-torrao-de-ouro\/\"]}]},{\"@type\":\"BreadcrumbList\",\"@id\":\"https:\/\/franciscanos.org.br\/conventosantoantonio\/os-sacerdotes-torrao-de-ouro\/#breadcrumb\",\"itemListElement\":[{\"@type\":\"ListItem\",\"position\":1,\"name\":\"Home\",\"item\":\"https:\/\/franciscanos.org.br\/conventosantoantonio\/\"},{\"@type\":\"ListItem\",\"position\":2,\"name\":\"Os sacerdotes, torr\u00e3o de ouro\"}]},{\"@type\":\"Person\",\"@id\":\"https:\/\/franciscanos.org.br\/conventosantoantonio\/#\/schema\/person\/73421c01c49c32a7bb0a19d9b36df6ad\",\"name\":\"moacir\",\"image\":{\"@type\":\"ImageObject\",\"inLanguage\":\"pt-BR\",\"@id\":\"https:\/\/franciscanos.org.br\/conventosantoantonio\/#\/schema\/person\/image\/\",\"url\":\"https:\/\/secure.gravatar.com\/avatar\/d08aa2ce4c8dd416d4479aa8536fcf64?s=96&d=mm&r=g\",\"contentUrl\":\"https:\/\/secure.gravatar.com\/avatar\/d08aa2ce4c8dd416d4479aa8536fcf64?s=96&d=mm&r=g\",\"caption\":\"moacir\"},\"url\":\"https:\/\/franciscanos.org.br\/conventosantoantonio\/author\/moacir\/\"}]}<\/script>\n<!-- \/ Yoast SEO plugin. -->","yoast_head_json":{"title":"Os sacerdotes, torr\u00e3o de ouro - Convento Santo Ant\u00f4nio- Franciscanos","robots":{"index":"index","follow":"follow","max-snippet":"max-snippet:-1","max-image-preview":"max-image-preview:large","max-video-preview":"max-video-preview:-1"},"canonical":"https:\/\/franciscanos.org.br\/conventosantoantonio\/os-sacerdotes-torrao-de-ouro\/","og_locale":"pt_BR","og_type":"article","og_title":"Os sacerdotes, torr\u00e3o de ouro - Convento Santo Ant\u00f4nio- Franciscanos","og_description":"Artigo de Frei Danilo Salezze","og_url":"https:\/\/franciscanos.org.br\/conventosantoantonio\/os-sacerdotes-torrao-de-ouro\/","og_site_name":"Convento Santo Ant\u00f4nio- Franciscanos","article_published_time":"2019-05-27T16:40:29+00:00","article_modified_time":"2023-07-04T17:11:31+00:00","og_image":[{"width":658,"height":366,"url":"https:\/\/franciscanos.org.br\/conventosantoantonio\/wp-content\/uploads\/2019\/05\/santonio_2706-1.jpg","type":"image\/jpeg"}],"author":"moacir","twitter_card":"summary_large_image","twitter_misc":{"Escrito por":"moacir","Est. tempo de leitura":"5 minutos"},"schema":{"@context":"https:\/\/schema.org","@graph":[{"@type":"WebSite","@id":"https:\/\/franciscanos.org.br\/conventosantoantonio\/#website","url":"https:\/\/franciscanos.org.br\/conventosantoantonio\/","name":"Convento Santo Ant\u00f4nio- Franciscanos","description":"Prov\u00edncia Franciscana da Imaculada Concei\u00e7\u00e3o do Brasil - Ordem dos Frades Menores","potentialAction":[{"@type":"SearchAction","target":{"@type":"EntryPoint","urlTemplate":"https:\/\/franciscanos.org.br\/conventosantoantonio\/?s={search_term_string}"},"query-input":"required name=search_term_string"}],"inLanguage":"pt-BR"},{"@type":"WebPage","@id":"https:\/\/franciscanos.org.br\/conventosantoantonio\/os-sacerdotes-torrao-de-ouro\/","url":"https:\/\/franciscanos.org.br\/conventosantoantonio\/os-sacerdotes-torrao-de-ouro\/","name":"Os sacerdotes, torr\u00e3o de ouro - Convento Santo Ant\u00f4nio- Franciscanos","isPartOf":{"@id":"https:\/\/franciscanos.org.br\/conventosantoantonio\/#website"},"datePublished":"2019-05-27T16:40:29+00:00","dateModified":"2023-07-04T17:11:31+00:00","author":{"@id":"https:\/\/franciscanos.org.br\/conventosantoantonio\/#\/schema\/person\/73421c01c49c32a7bb0a19d9b36df6ad"},"breadcrumb":{"@id":"https:\/\/franciscanos.org.br\/conventosantoantonio\/os-sacerdotes-torrao-de-ouro\/#breadcrumb"},"inLanguage":"pt-BR","potentialAction":[{"@type":"ReadAction","target":["https:\/\/franciscanos.org.br\/conventosantoantonio\/os-sacerdotes-torrao-de-ouro\/"]}]},{"@type":"BreadcrumbList","@id":"https:\/\/franciscanos.org.br\/conventosantoantonio\/os-sacerdotes-torrao-de-ouro\/#breadcrumb","itemListElement":[{"@type":"ListItem","position":1,"name":"Home","item":"https:\/\/franciscanos.org.br\/conventosantoantonio\/"},{"@type":"ListItem","position":2,"name":"Os sacerdotes, torr\u00e3o de ouro"}]},{"@type":"Person","@id":"https:\/\/franciscanos.org.br\/conventosantoantonio\/#\/schema\/person\/73421c01c49c32a7bb0a19d9b36df6ad","name":"moacir","image":{"@type":"ImageObject","inLanguage":"pt-BR","@id":"https:\/\/franciscanos.org.br\/conventosantoantonio\/#\/schema\/person\/image\/","url":"https:\/\/secure.gravatar.com\/avatar\/d08aa2ce4c8dd416d4479aa8536fcf64?s=96&d=mm&r=g","contentUrl":"https:\/\/secure.gravatar.com\/avatar\/d08aa2ce4c8dd416d4479aa8536fcf64?s=96&d=mm&r=g","caption":"moacir"},"url":"https:\/\/franciscanos.org.br\/conventosantoantonio\/author\/moacir\/"}]}},"_links":{"self":[{"href":"https:\/\/franciscanos.org.br\/conventosantoantonio\/wp-json\/wp\/v2\/posts\/187807"}],"collection":[{"href":"https:\/\/franciscanos.org.br\/conventosantoantonio\/wp-json\/wp\/v2\/posts"}],"about":[{"href":"https:\/\/franciscanos.org.br\/conventosantoantonio\/wp-json\/wp\/v2\/types\/post"}],"author":[{"embeddable":true,"href":"https:\/\/franciscanos.org.br\/conventosantoantonio\/wp-json\/wp\/v2\/users\/3"}],"replies":[{"embeddable":true,"href":"https:\/\/franciscanos.org.br\/conventosantoantonio\/wp-json\/wp\/v2\/comments?post=187807"}],"version-history":[{"count":3,"href":"https:\/\/franciscanos.org.br\/conventosantoantonio\/wp-json\/wp\/v2\/posts\/187807\/revisions"}],"predecessor-version":[{"id":188903,"href":"https:\/\/franciscanos.org.br\/conventosantoantonio\/wp-json\/wp\/v2\/posts\/187807\/revisions\/188903"}],"wp:featuredmedia":[{"embeddable":true,"href":"https:\/\/franciscanos.org.br\/conventosantoantonio\/wp-json\/wp\/v2\/media\/187811"}],"wp:attachment":[{"href":"https:\/\/franciscanos.org.br\/conventosantoantonio\/wp-json\/wp\/v2\/media?parent=187807"}],"wp:term":[{"taxonomy":"category","embeddable":true,"href":"https:\/\/franciscanos.org.br\/conventosantoantonio\/wp-json\/wp\/v2\/categories?post=187807"},{"taxonomy":"post_tag","embeddable":true,"href":"https:\/\/franciscanos.org.br\/conventosantoantonio\/wp-json\/wp\/v2\/tags?post=187807"}],"curies":[{"name":"wp","href":"https:\/\/api.w.org\/{rel}","templated":true}]}}