{"id":187804,"date":"2019-05-21T13:36:49","date_gmt":"2019-05-21T16:36:49","guid":{"rendered":"https:\/\/franciscanos.org.br\/conventosantoantonio\/?p=187804"},"modified":"2023-07-04T14:09:47","modified_gmt":"2023-07-04T17:09:47","slug":"florilegio-de-pensamentos-de-santo-antonio","status":"publish","type":"post","link":"https:\/\/franciscanos.org.br\/conventosantoantonio\/florilegio-de-pensamentos-de-santo-antonio\/","title":{"rendered":"Floril\u00e9gio de Pensamentos de Santo Ant\u00f4nio"},"content":{"rendered":"<div class=\"post-content\">\n<p><a href=\"http:\/\/conventosantoantonio.org.br\/wp-content\/uploads\/2019\/05\/florilegio.jpg\"><img loading=\"lazy\" class=\"wp-image-187806 size-full aligncenter\" src=\"https:\/\/franciscanos.org.br\/conventosantoantonio\/wp-content\/uploads\/2019\/05\/florilegio.jpg\" alt=\"\" width=\"658\" height=\"406\" srcset=\"https:\/\/franciscanos.org.br\/conventosantoantonio\/wp-content\/uploads\/2019\/05\/florilegio.jpg 658w, https:\/\/franciscanos.org.br\/conventosantoantonio\/wp-content\/uploads\/2019\/05\/florilegio-450x278.jpg 450w, https:\/\/franciscanos.org.br\/conventosantoantonio\/wp-content\/uploads\/2019\/05\/florilegio-150x93.jpg 150w\" sizes=\"(max-width: 658px) 100vw, 658px\" \/><\/a><\/p>\n<p><strong>Paci\u00eancia<\/strong>\u00a0\u2013 \u201cO pregador deve revestir-se com a coura\u00e7a da paci\u00eancia para que seja constante quando fala e seja paciente quando ladram os c\u00e3es conta ele\u201d.<\/p>\n<p><strong>Cobi\u00e7a<\/strong>\u00a0\u2013 \u201cOs que cobi\u00e7am os bens do pobres e os roubam ser\u00e3o roubados pelo diabo\u201d.<\/p>\n<p><strong>Riqueza<\/strong>\u00a0\u2013 \u201cS\u00f3 te pertence o que podes levar na morte\u201d.<\/p>\n<p><strong>Jovem<\/strong>\u00a0\u2013 \u201cJovem \u00e9 aquele que \u00e9 capaz de ajudar\u201d.<\/p>\n<p><strong>Amor<\/strong>\u00a0\u2013 \u201cOnde h\u00e1 caridade e amor, a\u00ed se encontra a assembleia dos santos\u201d.<\/p>\n<p><strong>Gra\u00e7a<\/strong>\u00a0\u2013 \u201cA gra\u00e7a de Deus est\u00e1 \u00e0 disposi\u00e7\u00e3o. Torna-se indigna dela quem n\u00e3o a aceita quando \u00e9 oferecida. Ou n\u00e3o a guarda quando j\u00e1 a tem\u201d.<\/p>\n<p><strong>Pecado<\/strong>\u00a0\u2013 \u201cSer\u00e1s queimado no fogo que tiveres acendido para ti neste mundo. Queres dele escapar? N\u00e3o o acendas; ou, se o acendeste, apaga-o, extingue o inc\u00eandio do pecado\u201d.<\/p>\n<p><strong>Morte<\/strong>\u00a0\u2013 \u201cVive hoje como se hoje houveras de morrer. Nada h\u00e1 de mais certo do que a morte e nada mais incerto do que a hora da morte\u201d.<\/p>\n<p><strong>F\u00e9 \u2013<\/strong>\u00a0\u201cA f\u00e9 sem amor \u00e9 v\u00e3; a f\u00e9 com amor \u00e9 pr\u00f3pria de um crist\u00e3o\u201d.<\/p>\n<p><strong>Inferno<\/strong>\u00a0\u2013 \u201cQue aproveita ao ladr\u00e3o se \u00e9 conduzido \u00e0 forca atrav\u00e9s de verdes prados? Que proveito teve o rico avarento ser enterrado vestido de p\u00farpura e linho se foi sepultado no inferno\u201d.<\/p>\n<p><strong>Caridade \u2013<\/strong>\u00a0\u201cEm v\u00e3o estende as m\u00e3os o que vai rogar a Deus pelos pecados, e n\u00e3o as estende aos pobres\u201d.<\/p>\n<p><strong>Maria<\/strong>\u00a0\u2013 \u201cBem-aventurado o ventre da gloriosa Virgem que mereceu trazer por nove meses todo o Bem, o sumo Bem, a felicidade dos anjos, a reconcilia\u00e7\u00e3o dos pecadores\u201d.<\/p>\n<p><strong>Jesus<\/strong>\u00a0\u2013 \u201cAprende, \u00f3 Homem, a amar a Jesus: Ele \u00e9 a sabedoria, Ele \u00e9 a prud\u00eancia, Ele \u00e9 a for\u00e7a, nEle est\u00e1 a intelig\u00eancia de tudo, Ele \u00e9 o sustento, o p\u00e3o dos anjos, a refei\u00e7\u00e3o dos justos, Ele \u00e9 a luz dos olhos, Ele \u00e9 a nossa paz\u201d.<\/p>\n<p><em>Do Boletim do Convento Santo Ant\u00f4nio<\/em><\/p>\n<\/div>\n","protected":false},"excerpt":{"rendered":"<p>Reflex\u00e3o<\/p>\n","protected":false},"author":3,"featured_media":187806,"comment_status":"open","ping_status":"open","sticky":false,"template":"","format":"standard","meta":[],"categories":[26],"tags":[348],"yoast_head":"<!-- This site is optimized with the Yoast SEO plugin v19.4 - https:\/\/yoast.com\/wordpress\/plugins\/seo\/ -->\n<title>Floril\u00e9gio de Pensamentos de Santo Ant\u00f4nio - Convento Santo Ant\u00f4nio- Franciscanos<\/title>\n<meta name=\"robots\" content=\"index, follow, max-snippet:-1, max-image-preview:large, max-video-preview:-1\" \/>\n<link rel=\"canonical\" href=\"https:\/\/franciscanos.org.br\/conventosantoantonio\/florilegio-de-pensamentos-de-santo-antonio\/\" \/>\n<meta property=\"og:locale\" content=\"pt_BR\" \/>\n<meta property=\"og:type\" content=\"article\" \/>\n<meta property=\"og:title\" content=\"Floril\u00e9gio de Pensamentos de Santo Ant\u00f4nio - Convento Santo Ant\u00f4nio- Franciscanos\" \/>\n<meta property=\"og:description\" content=\"Reflex\u00e3o\" \/>\n<meta property=\"og:url\" content=\"https:\/\/franciscanos.org.br\/conventosantoantonio\/florilegio-de-pensamentos-de-santo-antonio\/\" \/>\n<meta property=\"og:site_name\" content=\"Convento Santo Ant\u00f4nio- Franciscanos\" \/>\n<meta property=\"article:published_time\" content=\"2019-05-21T16:36:49+00:00\" \/>\n<meta property=\"article:modified_time\" content=\"2023-07-04T17:09:47+00:00\" \/>\n<meta property=\"og:image\" content=\"https:\/\/franciscanos.org.br\/conventosantoantonio\/wp-content\/uploads\/2019\/05\/florilegio.jpg\" \/>\n\t<meta property=\"og:image:width\" content=\"658\" \/>\n\t<meta property=\"og:image:height\" content=\"406\" \/>\n\t<meta property=\"og:image:type\" content=\"image\/jpeg\" \/>\n<meta name=\"author\" content=\"moacir\" \/>\n<meta name=\"twitter:card\" content=\"summary_large_image\" \/>\n<meta name=\"twitter:label1\" content=\"Escrito por\" \/>\n\t<meta name=\"twitter:data1\" content=\"moacir\" \/>\n\t<meta name=\"twitter:label2\" content=\"Est. tempo de leitura\" \/>\n\t<meta name=\"twitter:data2\" content=\"2 minutos\" \/>\n<script type=\"application\/ld+json\" class=\"yoast-schema-graph\">{\"@context\":\"https:\/\/schema.org\",\"@graph\":[{\"@type\":\"WebSite\",\"@id\":\"https:\/\/franciscanos.org.br\/conventosantoantonio\/#website\",\"url\":\"https:\/\/franciscanos.org.br\/conventosantoantonio\/\",\"name\":\"Convento Santo Ant\u00f4nio- Franciscanos\",\"description\":\"Prov\u00edncia Franciscana da Imaculada Concei\u00e7\u00e3o do Brasil - Ordem dos Frades Menores\",\"potentialAction\":[{\"@type\":\"SearchAction\",\"target\":{\"@type\":\"EntryPoint\",\"urlTemplate\":\"https:\/\/franciscanos.org.br\/conventosantoantonio\/?s={search_term_string}\"},\"query-input\":\"required name=search_term_string\"}],\"inLanguage\":\"pt-BR\"},{\"@type\":\"WebPage\",\"@id\":\"https:\/\/franciscanos.org.br\/conventosantoantonio\/florilegio-de-pensamentos-de-santo-antonio\/\",\"url\":\"https:\/\/franciscanos.org.br\/conventosantoantonio\/florilegio-de-pensamentos-de-santo-antonio\/\",\"name\":\"Floril\u00e9gio de Pensamentos de Santo Ant\u00f4nio - Convento Santo Ant\u00f4nio- Franciscanos\",\"isPartOf\":{\"@id\":\"https:\/\/franciscanos.org.br\/conventosantoantonio\/#website\"},\"datePublished\":\"2019-05-21T16:36:49+00:00\",\"dateModified\":\"2023-07-04T17:09:47+00:00\",\"author\":{\"@id\":\"https:\/\/franciscanos.org.br\/conventosantoantonio\/#\/schema\/person\/73421c01c49c32a7bb0a19d9b36df6ad\"},\"breadcrumb\":{\"@id\":\"https:\/\/franciscanos.org.br\/conventosantoantonio\/florilegio-de-pensamentos-de-santo-antonio\/#breadcrumb\"},\"inLanguage\":\"pt-BR\",\"potentialAction\":[{\"@type\":\"ReadAction\",\"target\":[\"https:\/\/franciscanos.org.br\/conventosantoantonio\/florilegio-de-pensamentos-de-santo-antonio\/\"]}]},{\"@type\":\"BreadcrumbList\",\"@id\":\"https:\/\/franciscanos.org.br\/conventosantoantonio\/florilegio-de-pensamentos-de-santo-antonio\/#breadcrumb\",\"itemListElement\":[{\"@type\":\"ListItem\",\"position\":1,\"name\":\"Home\",\"item\":\"https:\/\/franciscanos.org.br\/conventosantoantonio\/\"},{\"@type\":\"ListItem\",\"position\":2,\"name\":\"Floril\u00e9gio de Pensamentos de Santo Ant\u00f4nio\"}]},{\"@type\":\"Person\",\"@id\":\"https:\/\/franciscanos.org.br\/conventosantoantonio\/#\/schema\/person\/73421c01c49c32a7bb0a19d9b36df6ad\",\"name\":\"moacir\",\"image\":{\"@type\":\"ImageObject\",\"inLanguage\":\"pt-BR\",\"@id\":\"https:\/\/franciscanos.org.br\/conventosantoantonio\/#\/schema\/person\/image\/\",\"url\":\"https:\/\/secure.gravatar.com\/avatar\/d08aa2ce4c8dd416d4479aa8536fcf64?s=96&d=mm&r=g\",\"contentUrl\":\"https:\/\/secure.gravatar.com\/avatar\/d08aa2ce4c8dd416d4479aa8536fcf64?s=96&d=mm&r=g\",\"caption\":\"moacir\"},\"url\":\"https:\/\/franciscanos.org.br\/conventosantoantonio\/author\/moacir\/\"}]}<\/script>\n<!-- \/ Yoast SEO plugin. -->","yoast_head_json":{"title":"Floril\u00e9gio de Pensamentos de Santo Ant\u00f4nio - Convento Santo Ant\u00f4nio- Franciscanos","robots":{"index":"index","follow":"follow","max-snippet":"max-snippet:-1","max-image-preview":"max-image-preview:large","max-video-preview":"max-video-preview:-1"},"canonical":"https:\/\/franciscanos.org.br\/conventosantoantonio\/florilegio-de-pensamentos-de-santo-antonio\/","og_locale":"pt_BR","og_type":"article","og_title":"Floril\u00e9gio de Pensamentos de Santo Ant\u00f4nio - Convento Santo Ant\u00f4nio- Franciscanos","og_description":"Reflex\u00e3o","og_url":"https:\/\/franciscanos.org.br\/conventosantoantonio\/florilegio-de-pensamentos-de-santo-antonio\/","og_site_name":"Convento Santo Ant\u00f4nio- Franciscanos","article_published_time":"2019-05-21T16:36:49+00:00","article_modified_time":"2023-07-04T17:09:47+00:00","og_image":[{"width":658,"height":406,"url":"https:\/\/franciscanos.org.br\/conventosantoantonio\/wp-content\/uploads\/2019\/05\/florilegio.jpg","type":"image\/jpeg"}],"author":"moacir","twitter_card":"summary_large_image","twitter_misc":{"Escrito por":"moacir","Est. tempo de leitura":"2 minutos"},"schema":{"@context":"https:\/\/schema.org","@graph":[{"@type":"WebSite","@id":"https:\/\/franciscanos.org.br\/conventosantoantonio\/#website","url":"https:\/\/franciscanos.org.br\/conventosantoantonio\/","name":"Convento Santo Ant\u00f4nio- Franciscanos","description":"Prov\u00edncia Franciscana da Imaculada Concei\u00e7\u00e3o do Brasil - Ordem dos Frades Menores","potentialAction":[{"@type":"SearchAction","target":{"@type":"EntryPoint","urlTemplate":"https:\/\/franciscanos.org.br\/conventosantoantonio\/?s={search_term_string}"},"query-input":"required name=search_term_string"}],"inLanguage":"pt-BR"},{"@type":"WebPage","@id":"https:\/\/franciscanos.org.br\/conventosantoantonio\/florilegio-de-pensamentos-de-santo-antonio\/","url":"https:\/\/franciscanos.org.br\/conventosantoantonio\/florilegio-de-pensamentos-de-santo-antonio\/","name":"Floril\u00e9gio de Pensamentos de Santo Ant\u00f4nio - Convento Santo Ant\u00f4nio- Franciscanos","isPartOf":{"@id":"https:\/\/franciscanos.org.br\/conventosantoantonio\/#website"},"datePublished":"2019-05-21T16:36:49+00:00","dateModified":"2023-07-04T17:09:47+00:00","author":{"@id":"https:\/\/franciscanos.org.br\/conventosantoantonio\/#\/schema\/person\/73421c01c49c32a7bb0a19d9b36df6ad"},"breadcrumb":{"@id":"https:\/\/franciscanos.org.br\/conventosantoantonio\/florilegio-de-pensamentos-de-santo-antonio\/#breadcrumb"},"inLanguage":"pt-BR","potentialAction":[{"@type":"ReadAction","target":["https:\/\/franciscanos.org.br\/conventosantoantonio\/florilegio-de-pensamentos-de-santo-antonio\/"]}]},{"@type":"BreadcrumbList","@id":"https:\/\/franciscanos.org.br\/conventosantoantonio\/florilegio-de-pensamentos-de-santo-antonio\/#breadcrumb","itemListElement":[{"@type":"ListItem","position":1,"name":"Home","item":"https:\/\/franciscanos.org.br\/conventosantoantonio\/"},{"@type":"ListItem","position":2,"name":"Floril\u00e9gio de Pensamentos de Santo Ant\u00f4nio"}]},{"@type":"Person","@id":"https:\/\/franciscanos.org.br\/conventosantoantonio\/#\/schema\/person\/73421c01c49c32a7bb0a19d9b36df6ad","name":"moacir","image":{"@type":"ImageObject","inLanguage":"pt-BR","@id":"https:\/\/franciscanos.org.br\/conventosantoantonio\/#\/schema\/person\/image\/","url":"https:\/\/secure.gravatar.com\/avatar\/d08aa2ce4c8dd416d4479aa8536fcf64?s=96&d=mm&r=g","contentUrl":"https:\/\/secure.gravatar.com\/avatar\/d08aa2ce4c8dd416d4479aa8536fcf64?s=96&d=mm&r=g","caption":"moacir"},"url":"https:\/\/franciscanos.org.br\/conventosantoantonio\/author\/moacir\/"}]}},"_links":{"self":[{"href":"https:\/\/franciscanos.org.br\/conventosantoantonio\/wp-json\/wp\/v2\/posts\/187804"}],"collection":[{"href":"https:\/\/franciscanos.org.br\/conventosantoantonio\/wp-json\/wp\/v2\/posts"}],"about":[{"href":"https:\/\/franciscanos.org.br\/conventosantoantonio\/wp-json\/wp\/v2\/types\/post"}],"author":[{"embeddable":true,"href":"https:\/\/franciscanos.org.br\/conventosantoantonio\/wp-json\/wp\/v2\/users\/3"}],"replies":[{"embeddable":true,"href":"https:\/\/franciscanos.org.br\/conventosantoantonio\/wp-json\/wp\/v2\/comments?post=187804"}],"version-history":[{"count":4,"href":"https:\/\/franciscanos.org.br\/conventosantoantonio\/wp-json\/wp\/v2\/posts\/187804\/revisions"}],"predecessor-version":[{"id":188901,"href":"https:\/\/franciscanos.org.br\/conventosantoantonio\/wp-json\/wp\/v2\/posts\/187804\/revisions\/188901"}],"wp:featuredmedia":[{"embeddable":true,"href":"https:\/\/franciscanos.org.br\/conventosantoantonio\/wp-json\/wp\/v2\/media\/187806"}],"wp:attachment":[{"href":"https:\/\/franciscanos.org.br\/conventosantoantonio\/wp-json\/wp\/v2\/media?parent=187804"}],"wp:term":[{"taxonomy":"category","embeddable":true,"href":"https:\/\/franciscanos.org.br\/conventosantoantonio\/wp-json\/wp\/v2\/categories?post=187804"},{"taxonomy":"post_tag","embeddable":true,"href":"https:\/\/franciscanos.org.br\/conventosantoantonio\/wp-json\/wp\/v2\/tags?post=187804"}],"curies":[{"name":"wp","href":"https:\/\/api.w.org\/{rel}","templated":true}]}}