{"id":187798,"date":"2019-06-01T13:31:58","date_gmt":"2019-06-01T16:31:58","guid":{"rendered":"https:\/\/franciscanos.org.br\/conventosantoantonio\/?p=187798"},"modified":"2021-09-22T13:33:43","modified_gmt":"2021-09-22T16:33:43","slug":"oracao-de-santo-antonio-silencio-interior-para-ouvir-deus","status":"publish","type":"post","link":"https:\/\/franciscanos.org.br\/conventosantoantonio\/oracao-de-santo-antonio-silencio-interior-para-ouvir-deus\/","title":{"rendered":"Ora\u00e7\u00e3o de Santo Ant\u00f4nio: sil\u00eancio interior para ouvir Deus"},"content":{"rendered":"<header class=\"entry-header\">\n<div class=\"post-meta\">\n<div class=\"fleft\"><img loading=\"lazy\" class=\"alignnone wp-image-205191 \" src=\"https:\/\/franciscanos.org.br\/noticias\/wp-content\/uploads\/2019\/06\/segundo_010619.jpg\" alt=\"\" width=\"578\" height=\"434\" \/><\/div>\n<\/div>\n<\/header>\n<div class=\"post-content\">\n<p><strong>\u00a0<\/strong><strong>Rio de Janeiro (RJ)<\/strong>\u00a0\u2013 O segundo dia da Trezena de Santo Ant\u00f4nio, no Convento dedicado a este santo franciscano, no Largo da Carioca, teve como pregador o p\u00e1roco da Rocinha, Frei Roberto Ishara, que abordou o tema da ora\u00e7\u00e3o, partindo de uma defini\u00e7\u00e3o de Santo Ant\u00f4nio: \u201cA ora\u00e7\u00e3o precisa de uma atmosfera de sil\u00eancio que n\u00e3o coincide com o desapego do rumor externo, mas \u00e9 experi\u00eancia interior, que tem por finalidade remover as distra\u00e7\u00f5es causadas pelas preocupa\u00e7\u00f5es da alma, criando o sil\u00eancio na pr\u00f3pria alma\u201d.<\/p>\n<p>Segundo Frei Roberto, temos o costume de entender ora\u00e7\u00e3o falando muito com Deus, conversando, pedindo ou agradecendo. \u201cMas Santo Ant\u00f4nio ensina que ora\u00e7\u00e3o \u00e9 atingir o sil\u00eancio interior para ouvir Deus. \u00c9 Deus falando para mim\u201d, explicou Frei Roberto, que revelou aos fi\u00e9is devotos presentes na capela do Convento, neste s\u00e1bado, \u00e0s 10 horas, que estava realizando um sonho ao celebrar pela primeira vez, desde que se tornou padre, no altar do Convento Santo Ant\u00f4nio.\u00a0Frei Roberto teve como concelebrante Frei Od\u00e9cio Lima.<\/p>\n<p><img loading=\"lazy\" class=\"alignnone wp-image-205192\" src=\"https:\/\/franciscanos.org.br\/noticias\/wp-content\/uploads\/2019\/06\/segundo_010619_3.jpg\" alt=\"\" width=\"601\" height=\"354\" \/><\/p>\n<p>Frei Roberto tamb\u00e9m ressaltou que Santo Ant\u00f4nio discorre sobre a ora\u00e7\u00e3o como uma rela\u00e7\u00e3o de amor, criando uma alegria que envolve a alma em ora\u00e7\u00e3o. \u201cMais do que di\u00e1logo, a ora\u00e7\u00e3o \u00e9 unir-se a Deus a ponto de ser tomado por Deus. E por isso que, quando estava rezando, recebeu o Menino Jesus no colo\u201d, disse, explicando que, certa vez, o frade precisou de alojamento em P\u00e1dua e um nobre senhor o acolheu em sua casa. Uma noite, vendo do lado de fora do quarto de Frei Ant\u00f4nio alguns raios de luz, aproximou-se e viu o Santo segurando nos bra\u00e7os um gracioso Menino que suavemente o acariciava. \u201cRezar \u00e9 estar extasiado, estar maravilhado com o amor de Deus. \u00c9 estar em uni\u00e3o \u00edntima com Deus. Rezar \u00e9 sentir-se amado por Deus\u201d, completou.<\/p>\n<p><img loading=\"lazy\" class=\"alignnone wp-image-205193\" src=\"https:\/\/franciscanos.org.br\/noticias\/wp-content\/uploads\/2019\/06\/segundo_010619_1.jpg\" alt=\"\" width=\"606\" height=\"455\" \/><\/p>\n<p>Antes de falar sobre o tema do dia da Trezena, Frei Roberto falou resumidamente um pouco da vida deste santo franciscano e dos seus milagres. Ele terminou a Celebra\u00e7\u00e3o Eucar\u00edstica como sempre gosta de fazer: no meio do povo. Com a rel\u00edquia de Santo Ant\u00f4nio nas m\u00e3os, aben\u00e7oou e abra\u00e7ou os fi\u00e9is.<\/p>\n<p><strong>O TAU DAS MISS\u00d5ES FRANCISCANAS NO CONVENTO<\/strong><\/p>\n<p>A Celebra\u00e7\u00e3o Eucar\u00edstica deste s\u00e1bado marcou tamb\u00e9m a chegada do s\u00edmbolo das Miss\u00f5es Franciscanas da Juventude. Depois de percorrer todas as Par\u00f3quias franciscanas no Rio de Janeiro, o Tau ficar\u00e1 no Convento Santo Ant\u00f4nio at\u00e9 o in\u00edcio das Miss\u00f5es, no pr\u00f3ximo dia 17 de julho.<\/p>\n<p><img loading=\"lazy\" class=\"alignnone wp-image-205194\" src=\"https:\/\/franciscanos.org.br\/noticias\/wp-content\/uploads\/2019\/06\/segundo_010619_2.jpg\" alt=\"\" width=\"621\" height=\"413\" \/><\/p>\n<p>Este s\u00edmbolo foi trazido da Rocinha por Frei Roberto e pelo jovem Nicolas Pereira Rodrigues, que faz parte da Comiss\u00e3o Organizadora que prepara as Miss\u00f5es para receber os jovens de todo os cinco estados em que a Prov\u00edncia Franciscana da Imaculada Concei\u00e7\u00e3o est\u00e1 presente.<\/p>\n<p><img loading=\"lazy\" class=\"alignleft size-full wp-image-205195\" src=\"https:\/\/franciscanos.org.br\/noticias\/wp-content\/uploads\/2019\/06\/segundo_010619_4.jpg\" alt=\"\" width=\"400\" height=\"293\" \/>Frei Roberto aproveitou para explicar o significado do Tau durante a Celebra\u00e7\u00e3o. Segundo ele, \u00e9 a \u00faltima letra do alfabeto hebraico, que aparece citada em Ezequiel 9, 1-7 e foi adotada como s\u00edmbolo da Ordem Franciscana pelo seu fundador S\u00e3o Francisco de Assis.<\/p>\n<p>Segundo Nicolas, as Miss\u00f5es come\u00e7am na tarde do dia 17 de julho na Catedral do Rio de Janeiro. Em seguida, os jovens ser\u00e3o enviados em miss\u00e3o nas Par\u00f3quias Franciscanas no estado e voltar\u00e3o a se encontrar na Missa de encerramento, na Praia de S\u00e3o Conrado. Dali, ir\u00e3o conhecer e almo\u00e7ar com a Comunidade da Rocinha. \u201cEstou muito ansioso por esse momento. Minha principal experi\u00eancia como jovem foi nas Miss\u00f5es de Bauru. Espero que outros jovens sintam isso e possam ter esse encontro com Deus, como eu tive no ano passado\u201d, revelou o estudante de 17 anos.<\/p>\n<p><img loading=\"lazy\" class=\"wp-image-205196 aligncenter\" src=\"https:\/\/franciscanos.org.br\/noticias\/wp-content\/uploads\/2019\/06\/segundo_010619_5.jpg\" alt=\"\" width=\"583\" height=\"437\" \/><\/p>\n<p>Nicolas convida a todos os jovens para participar deste grande encontro e adianta que ser\u00e3o bem acolhidos pelo povo como se p\u00f4de ver durante a Jornada Mundial da Juventude, que recebeu jovens de todo o mundo. \u201cA viol\u00eancia hoje n\u00e3o \u00e9 exclusividade do Rio. Ter medo \u00e9 natural, mesmo para n\u00f3s que moramos aqui. Mas a gente vai estar com Deus, e, juntos, com f\u00e9 e confian\u00e7a, estaremos em seguran\u00e7a\u201d, acredita Nicolas, que participa ativamente da liturgia, catequese e catecumenato da Par\u00f3quia da Rocinha.<\/p>\n<p>Neste domingo, a Trezena de Santo Ant\u00f4nio, \u00e0s 10 horas, estar\u00e1 em sintonia com a liturgia solene da Ascens\u00e3o do Senhor e ter\u00e1 como tema \u201cSanto Ant\u00f4nio e o C\u00e9u\u201d.<\/p>\n<hr \/>\n<p><em>Moacir Beggo<\/em><\/p>\n<\/div>\n","protected":false},"excerpt":{"rendered":"<p>2\u00ba Dia da Trezena de Santo Ant\u00f4nio<\/p>\n","protected":false},"author":3,"featured_media":0,"comment_status":"open","ping_status":"open","sticky":false,"template":"","format":"standard","meta":[],"categories":[105],"tags":[347],"yoast_head":"<!-- This site is optimized with the Yoast SEO plugin v19.4 - https:\/\/yoast.com\/wordpress\/plugins\/seo\/ -->\n<title>Ora\u00e7\u00e3o de Santo Ant\u00f4nio: sil\u00eancio interior para ouvir Deus - Convento Santo Ant\u00f4nio- Franciscanos<\/title>\n<meta name=\"robots\" content=\"index, follow, max-snippet:-1, max-image-preview:large, max-video-preview:-1\" \/>\n<link rel=\"canonical\" href=\"https:\/\/franciscanos.org.br\/conventosantoantonio\/oracao-de-santo-antonio-silencio-interior-para-ouvir-deus\/\" \/>\n<meta property=\"og:locale\" content=\"pt_BR\" \/>\n<meta property=\"og:type\" content=\"article\" \/>\n<meta property=\"og:title\" content=\"Ora\u00e7\u00e3o de Santo Ant\u00f4nio: sil\u00eancio interior para ouvir Deus - Convento Santo Ant\u00f4nio- Franciscanos\" \/>\n<meta property=\"og:description\" content=\"2\u00ba Dia da Trezena de Santo Ant\u00f4nio\" \/>\n<meta property=\"og:url\" content=\"https:\/\/franciscanos.org.br\/conventosantoantonio\/oracao-de-santo-antonio-silencio-interior-para-ouvir-deus\/\" \/>\n<meta property=\"og:site_name\" content=\"Convento Santo Ant\u00f4nio- Franciscanos\" \/>\n<meta property=\"article:published_time\" content=\"2019-06-01T16:31:58+00:00\" \/>\n<meta property=\"article:modified_time\" content=\"2021-09-22T16:33:43+00:00\" \/>\n<meta property=\"og:image\" content=\"https:\/\/franciscanos.org.br\/noticias\/wp-content\/uploads\/2019\/06\/segundo_010619.jpg\" \/>\n<meta name=\"author\" content=\"moacir\" \/>\n<meta name=\"twitter:card\" content=\"summary_large_image\" \/>\n<meta name=\"twitter:label1\" content=\"Escrito por\" \/>\n\t<meta name=\"twitter:data1\" content=\"moacir\" \/>\n\t<meta name=\"twitter:label2\" content=\"Est. tempo de leitura\" \/>\n\t<meta name=\"twitter:data2\" content=\"4 minutos\" \/>\n<script type=\"application\/ld+json\" class=\"yoast-schema-graph\">{\"@context\":\"https:\/\/schema.org\",\"@graph\":[{\"@type\":\"WebSite\",\"@id\":\"https:\/\/franciscanos.org.br\/conventosantoantonio\/#website\",\"url\":\"https:\/\/franciscanos.org.br\/conventosantoantonio\/\",\"name\":\"Convento Santo Ant\u00f4nio- Franciscanos\",\"description\":\"Prov\u00edncia Franciscana da Imaculada Concei\u00e7\u00e3o do Brasil - Ordem dos Frades Menores\",\"potentialAction\":[{\"@type\":\"SearchAction\",\"target\":{\"@type\":\"EntryPoint\",\"urlTemplate\":\"https:\/\/franciscanos.org.br\/conventosantoantonio\/?s={search_term_string}\"},\"query-input\":\"required name=search_term_string\"}],\"inLanguage\":\"pt-BR\"},{\"@type\":\"WebPage\",\"@id\":\"https:\/\/franciscanos.org.br\/conventosantoantonio\/oracao-de-santo-antonio-silencio-interior-para-ouvir-deus\/\",\"url\":\"https:\/\/franciscanos.org.br\/conventosantoantonio\/oracao-de-santo-antonio-silencio-interior-para-ouvir-deus\/\",\"name\":\"Ora\u00e7\u00e3o de Santo Ant\u00f4nio: sil\u00eancio interior para ouvir Deus - Convento Santo Ant\u00f4nio- Franciscanos\",\"isPartOf\":{\"@id\":\"https:\/\/franciscanos.org.br\/conventosantoantonio\/#website\"},\"datePublished\":\"2019-06-01T16:31:58+00:00\",\"dateModified\":\"2021-09-22T16:33:43+00:00\",\"author\":{\"@id\":\"https:\/\/franciscanos.org.br\/conventosantoantonio\/#\/schema\/person\/73421c01c49c32a7bb0a19d9b36df6ad\"},\"breadcrumb\":{\"@id\":\"https:\/\/franciscanos.org.br\/conventosantoantonio\/oracao-de-santo-antonio-silencio-interior-para-ouvir-deus\/#breadcrumb\"},\"inLanguage\":\"pt-BR\",\"potentialAction\":[{\"@type\":\"ReadAction\",\"target\":[\"https:\/\/franciscanos.org.br\/conventosantoantonio\/oracao-de-santo-antonio-silencio-interior-para-ouvir-deus\/\"]}]},{\"@type\":\"BreadcrumbList\",\"@id\":\"https:\/\/franciscanos.org.br\/conventosantoantonio\/oracao-de-santo-antonio-silencio-interior-para-ouvir-deus\/#breadcrumb\",\"itemListElement\":[{\"@type\":\"ListItem\",\"position\":1,\"name\":\"Home\",\"item\":\"https:\/\/franciscanos.org.br\/conventosantoantonio\/\"},{\"@type\":\"ListItem\",\"position\":2,\"name\":\"Ora\u00e7\u00e3o de Santo Ant\u00f4nio: sil\u00eancio interior para ouvir Deus\"}]},{\"@type\":\"Person\",\"@id\":\"https:\/\/franciscanos.org.br\/conventosantoantonio\/#\/schema\/person\/73421c01c49c32a7bb0a19d9b36df6ad\",\"name\":\"moacir\",\"image\":{\"@type\":\"ImageObject\",\"inLanguage\":\"pt-BR\",\"@id\":\"https:\/\/franciscanos.org.br\/conventosantoantonio\/#\/schema\/person\/image\/\",\"url\":\"https:\/\/secure.gravatar.com\/avatar\/d08aa2ce4c8dd416d4479aa8536fcf64?s=96&d=mm&r=g\",\"contentUrl\":\"https:\/\/secure.gravatar.com\/avatar\/d08aa2ce4c8dd416d4479aa8536fcf64?s=96&d=mm&r=g\",\"caption\":\"moacir\"},\"url\":\"https:\/\/franciscanos.org.br\/conventosantoantonio\/author\/moacir\/\"}]}<\/script>\n<!-- \/ Yoast SEO plugin. -->","yoast_head_json":{"title":"Ora\u00e7\u00e3o de Santo Ant\u00f4nio: sil\u00eancio interior para ouvir Deus - Convento Santo Ant\u00f4nio- Franciscanos","robots":{"index":"index","follow":"follow","max-snippet":"max-snippet:-1","max-image-preview":"max-image-preview:large","max-video-preview":"max-video-preview:-1"},"canonical":"https:\/\/franciscanos.org.br\/conventosantoantonio\/oracao-de-santo-antonio-silencio-interior-para-ouvir-deus\/","og_locale":"pt_BR","og_type":"article","og_title":"Ora\u00e7\u00e3o de Santo Ant\u00f4nio: sil\u00eancio interior para ouvir Deus - Convento Santo Ant\u00f4nio- Franciscanos","og_description":"2\u00ba Dia da Trezena de Santo Ant\u00f4nio","og_url":"https:\/\/franciscanos.org.br\/conventosantoantonio\/oracao-de-santo-antonio-silencio-interior-para-ouvir-deus\/","og_site_name":"Convento Santo Ant\u00f4nio- Franciscanos","article_published_time":"2019-06-01T16:31:58+00:00","article_modified_time":"2021-09-22T16:33:43+00:00","og_image":[{"url":"https:\/\/franciscanos.org.br\/noticias\/wp-content\/uploads\/2019\/06\/segundo_010619.jpg"}],"author":"moacir","twitter_card":"summary_large_image","twitter_misc":{"Escrito por":"moacir","Est. tempo de leitura":"4 minutos"},"schema":{"@context":"https:\/\/schema.org","@graph":[{"@type":"WebSite","@id":"https:\/\/franciscanos.org.br\/conventosantoantonio\/#website","url":"https:\/\/franciscanos.org.br\/conventosantoantonio\/","name":"Convento Santo Ant\u00f4nio- Franciscanos","description":"Prov\u00edncia Franciscana da Imaculada Concei\u00e7\u00e3o do Brasil - Ordem dos Frades Menores","potentialAction":[{"@type":"SearchAction","target":{"@type":"EntryPoint","urlTemplate":"https:\/\/franciscanos.org.br\/conventosantoantonio\/?s={search_term_string}"},"query-input":"required name=search_term_string"}],"inLanguage":"pt-BR"},{"@type":"WebPage","@id":"https:\/\/franciscanos.org.br\/conventosantoantonio\/oracao-de-santo-antonio-silencio-interior-para-ouvir-deus\/","url":"https:\/\/franciscanos.org.br\/conventosantoantonio\/oracao-de-santo-antonio-silencio-interior-para-ouvir-deus\/","name":"Ora\u00e7\u00e3o de Santo Ant\u00f4nio: sil\u00eancio interior para ouvir Deus - Convento Santo Ant\u00f4nio- Franciscanos","isPartOf":{"@id":"https:\/\/franciscanos.org.br\/conventosantoantonio\/#website"},"datePublished":"2019-06-01T16:31:58+00:00","dateModified":"2021-09-22T16:33:43+00:00","author":{"@id":"https:\/\/franciscanos.org.br\/conventosantoantonio\/#\/schema\/person\/73421c01c49c32a7bb0a19d9b36df6ad"},"breadcrumb":{"@id":"https:\/\/franciscanos.org.br\/conventosantoantonio\/oracao-de-santo-antonio-silencio-interior-para-ouvir-deus\/#breadcrumb"},"inLanguage":"pt-BR","potentialAction":[{"@type":"ReadAction","target":["https:\/\/franciscanos.org.br\/conventosantoantonio\/oracao-de-santo-antonio-silencio-interior-para-ouvir-deus\/"]}]},{"@type":"BreadcrumbList","@id":"https:\/\/franciscanos.org.br\/conventosantoantonio\/oracao-de-santo-antonio-silencio-interior-para-ouvir-deus\/#breadcrumb","itemListElement":[{"@type":"ListItem","position":1,"name":"Home","item":"https:\/\/franciscanos.org.br\/conventosantoantonio\/"},{"@type":"ListItem","position":2,"name":"Ora\u00e7\u00e3o de Santo Ant\u00f4nio: sil\u00eancio interior para ouvir Deus"}]},{"@type":"Person","@id":"https:\/\/franciscanos.org.br\/conventosantoantonio\/#\/schema\/person\/73421c01c49c32a7bb0a19d9b36df6ad","name":"moacir","image":{"@type":"ImageObject","inLanguage":"pt-BR","@id":"https:\/\/franciscanos.org.br\/conventosantoantonio\/#\/schema\/person\/image\/","url":"https:\/\/secure.gravatar.com\/avatar\/d08aa2ce4c8dd416d4479aa8536fcf64?s=96&d=mm&r=g","contentUrl":"https:\/\/secure.gravatar.com\/avatar\/d08aa2ce4c8dd416d4479aa8536fcf64?s=96&d=mm&r=g","caption":"moacir"},"url":"https:\/\/franciscanos.org.br\/conventosantoantonio\/author\/moacir\/"}]}},"_links":{"self":[{"href":"https:\/\/franciscanos.org.br\/conventosantoantonio\/wp-json\/wp\/v2\/posts\/187798"}],"collection":[{"href":"https:\/\/franciscanos.org.br\/conventosantoantonio\/wp-json\/wp\/v2\/posts"}],"about":[{"href":"https:\/\/franciscanos.org.br\/conventosantoantonio\/wp-json\/wp\/v2\/types\/post"}],"author":[{"embeddable":true,"href":"https:\/\/franciscanos.org.br\/conventosantoantonio\/wp-json\/wp\/v2\/users\/3"}],"replies":[{"embeddable":true,"href":"https:\/\/franciscanos.org.br\/conventosantoantonio\/wp-json\/wp\/v2\/comments?post=187798"}],"version-history":[{"count":1,"href":"https:\/\/franciscanos.org.br\/conventosantoantonio\/wp-json\/wp\/v2\/posts\/187798\/revisions"}],"predecessor-version":[{"id":187799,"href":"https:\/\/franciscanos.org.br\/conventosantoantonio\/wp-json\/wp\/v2\/posts\/187798\/revisions\/187799"}],"wp:attachment":[{"href":"https:\/\/franciscanos.org.br\/conventosantoantonio\/wp-json\/wp\/v2\/media?parent=187798"}],"wp:term":[{"taxonomy":"category","embeddable":true,"href":"https:\/\/franciscanos.org.br\/conventosantoantonio\/wp-json\/wp\/v2\/categories?post=187798"},{"taxonomy":"post_tag","embeddable":true,"href":"https:\/\/franciscanos.org.br\/conventosantoantonio\/wp-json\/wp\/v2\/tags?post=187798"}],"curies":[{"name":"wp","href":"https:\/\/api.w.org\/{rel}","templated":true}]}}