{"id":187794,"date":"2019-06-02T13:29:14","date_gmt":"2019-06-02T16:29:14","guid":{"rendered":"https:\/\/franciscanos.org.br\/conventosantoantonio\/?p=187794"},"modified":"2021-09-22T13:31:20","modified_gmt":"2021-09-22T16:31:20","slug":"terceiro-dia-o-ceu-e-o-nosso-destino","status":"publish","type":"post","link":"https:\/\/franciscanos.org.br\/conventosantoantonio\/terceiro-dia-o-ceu-e-o-nosso-destino\/","title":{"rendered":"Terceiro dia: O c\u00e9u \u00e9 o nosso destino"},"content":{"rendered":"<header class=\"entry-header\">\n<div class=\"post-meta\">\n<div class=\"fleft\"><img loading=\"lazy\" class=\"alignnone wp-image-205252\" src=\"https:\/\/franciscanos.org.br\/noticias\/wp-content\/uploads\/2019\/06\/trezena_020619.jpg\" alt=\"\" width=\"601\" height=\"451\" \/><\/div>\n<\/div>\n<\/header>\n<div class=\"post-content\">\n<p><strong>\u00a0<\/strong><strong>Rio de Janeiro (RJ)<\/strong>\u00a0\u2013 A liturgia da solenidade da Ascens\u00e3o do Senhor deu o tom na Celebra\u00e7\u00e3o Eucar\u00edstica do terceiro dia da Trezena de Santo Ant\u00f4nio no Convento do Largo da Carioca (RJ), neste domingo, 2 de junho. Tendo como base o tema \u201cSanto Ant\u00f4nio e o C\u00e9u\u201d, o pregador, Frei Od\u00e9cio Lima, bebeu nos \u201cSerm\u00f5es\u201d do santo franciscano para lembrar que Cristo, quando encarna no seio de Maria, planta na terra a divindade. \u201cDepois estabeleceu, com s\u00f3lidos fundamentos, a terra da humanidade no c\u00e9u\u201d.<\/p>\n<p>Mesmo com toda chuva que caiu antes das 10 horas, o povo lotou a capela do Convento. No coment\u00e1rio inicial, Frei Leonardo Pinto citou que este domingo tamb\u00e9m celebrava o Dia Mundial das Comunica\u00e7\u00f5es Sociais, cujo tema \u00e9 \u201cSomos membros uns dos outros: das comunidades de redes sociais \u00e0 comunidade humana\u201d, e tamb\u00e9m que neste domingo se iniciava a Semana de Ora\u00e7\u00f5es pela Unidade dos Crist\u00e3os, que todos os anos culmina com a celebra\u00e7\u00e3o de Pentecostes. \u201cQue possamos abrir espa\u00e7os para o di\u00e1logo ecum\u00eanico reconhecendo atrav\u00e9s do pr\u00f3prio Cristo que somos todos irm\u00e3os\u201d, disse. Frei Od\u00e9cio teve como concelebrante Frei Neylor Tonin. A cruz da prociss\u00e3o de entrada foi o Tau, s\u00edmbolo das Miss\u00f5es Franciscanas da Juventude, que vai permanecer no Convento at\u00e9 o in\u00edcio das Miss\u00f5es no dia 17 de julho.<\/p>\n<p><img loading=\"lazy\" class=\"alignnone wp-image-205253\" src=\"https:\/\/franciscanos.org.br\/noticias\/wp-content\/uploads\/2019\/06\/trezena_020619_1.jpg\" alt=\"\" width=\"601\" height=\"400\" \/><\/p>\n<p>Falando da solenidade deste domingo, Frei Od\u00e9cio destacou que quando Cristo sobe \u2013 Ele que tornou a terra divina porque se encarnou \u2013 torna o c\u00e9u humano. \u201cO homem n\u00e3o tinha lugar no c\u00e9u. \u00c9 Cristo quem leva a humanidade para o c\u00e9u, levando o seu corpo glorioso, seu corpo vivo, ressuscitado. \u00c9 o corpo do homem-Deus, do Deus-homem\u201d, ressaltou o pregador.<\/p>\n<p>\u201cE Santo Ant\u00f4nio ainda diz: \u2018Foi levado, portanto, ao c\u00e9u, a fim de levar consigo a terra e fazer o c\u00e9u\u2019. E depois o santo vai mais longe ainda: o C\u00e9u, antes de Cristo, era s\u00f3 esp\u00edrito, s\u00f3 realidades espirituais, mas Cristo levou a mat\u00e9ria para o c\u00e9u. Assim, o para\u00edso que Ad\u00e3o havia perdido foi recomposto\u201d, refletiu.<\/p>\n<p>Frei Od\u00e9cio, parodiando uma m\u00fasica, enfatizou que \u00e9 o c\u00e9u o nosso destino. \u201cE Cristo foi por primeiro. Cristo chegou l\u00e1 levando a nossa humanidade. Uma nuvenzinha O encobriu aos nossos olhos, mas acendeu as nossas esperan\u00e7as\u201d, disse.<\/p>\n<p><img loading=\"lazy\" class=\"alignnone wp-image-205254\" src=\"https:\/\/franciscanos.org.br\/noticias\/wp-content\/uploads\/2019\/06\/trezena_020619_3.jpg\" alt=\"\" width=\"597\" height=\"448\" \/><\/p>\n<p>\u201cE como devemos permanecer na terra com sua partida? Tristes, acabrunhados?\u201d, perguntou o pregador. \u201cN\u00e3o, n\u00e3o podemos. Cristo, diz os Atos dos Ap\u00f3stolos, depois da sua ressurrei\u00e7\u00e3o, ficou 40 dias com seus ap\u00f3stolos para prepar\u00e1-los em sua miss\u00e3o de levar a mensagem do evangelho ao mundo. Ele apareceu dez vezes e essas dez vezes, nos lembra Santo Ant\u00f4nio, foi para sentar-se \u00e0 mesa, comer com os disc\u00edpulos, ficar ali na serenidade e na paz, que s\u00f3 o Cristo Ressuscitado pode nos dar. E ele nos convida hoje a estarmos na mesa com ele\u201d, exortou.<\/p>\n<p>Segundo o frade, o crist\u00e3o n\u00e3o pode ser triste, ter a cara amarrada. \u201cSanto Ant\u00f4nio, pregador do Evangelho, foi o pregador da alegria. Quando n\u00f3s nos reunimos como Igreja n\u00e3o \u00e9 para chorar, mas para sorrir. Deus nos abriu a eternidade. Assim acontece hoje. Todos n\u00f3s somos chamados, na ascens\u00e3o de Cristo, a irmos para a cidade anunciar o Evangelho, anunciar a alegria, a felicidade, porque quem est\u00e1 convicto anuncia a alegria verdadeiramente. E acreditar significa que o nosso cora\u00e7\u00e3o n\u00e3o \u00e9 mais nosso, mas de Cristo\u201d, ensinou.<\/p>\n<p><img loading=\"lazy\" class=\"alignnone wp-image-205255\" src=\"https:\/\/franciscanos.org.br\/noticias\/wp-content\/uploads\/2019\/06\/trezena_020619_2.jpg\" alt=\"\" width=\"582\" height=\"780\" \/><\/p>\n<p>Segundo o pregador, Santo Ant\u00f4nio diz assim: \u201cCrer \u00e9 entregar o cora\u00e7\u00e3o\u201d. Por isso, lembra Frei Od\u00e9cio, o crist\u00e3o n\u00e3o pode ser agressivo, violento, porque o \u201ccora\u00e7\u00e3o que bate no nosso peito \u00e9 de Cristo\u201d. O crist\u00e3o \u2013 acrescentou o frade -, \u00e9 o anunciador do Evangelho, anunciador da alegria de que Cristo abriu, para n\u00f3s, as portas da casa do Pai ao subir ao c\u00e9u.<\/p>\n<p>Frei Od\u00e9cio contou que esta semana passou por uma \u201csitua\u00e7\u00e3o um pouco dram\u00e1tica\u201d que o levou a fazer a seguinte reflex\u00e3o. \u201cSabe qual \u00e9 o caminho mais perto para o cora\u00e7\u00e3o? A m\u00e3o. Eu estendi minha m\u00e3o l\u00e1 e, em segundos, o m\u00e9dico chegou no meu cora\u00e7\u00e3o com o cateter. Voc\u00eas j\u00e1 imaginaram isso? Quando eu aperto a m\u00e3o de algu\u00e9m, estou apertando o seu cora\u00e7\u00e3o. E quando fa\u00e7o um gesto de caridade, essa caridade passa pela minha m\u00e3o e leva o amor de Deus. Quando se faz um carinho em uma pessoa, a nossa m\u00e3o \u00e9 s\u00f3 extens\u00e3o do nosso cora\u00e7\u00e3o. Precisei fazer um cateterismo para aprender qual \u00e9 a menor dist\u00e2ncia at\u00e9 o cora\u00e7\u00e3o\u201d, completou, convidando a todos a entregar o cora\u00e7\u00e3o a Cristo.<\/p>\n<p>Nesta segunda-feira, 3 de junho, a Trezena chega ao quarto dia com o tema \u201cSanto Ant\u00f4nio e a Gra\u00e7a do Batismo\u201d.<\/p>\n<hr \/>\n<p><em>Moacir Beggo<\/em><\/p>\n<\/div>\n","protected":false},"excerpt":{"rendered":"<p>3\u00ba Dia da Trezena de Santo Ant\u00f4nio<\/p>\n","protected":false},"author":3,"featured_media":187796,"comment_status":"open","ping_status":"open","sticky":false,"template":"","format":"standard","meta":[],"categories":[105],"tags":[347],"yoast_head":"<!-- This site is optimized with the Yoast SEO plugin v19.4 - https:\/\/yoast.com\/wordpress\/plugins\/seo\/ -->\n<title>Terceiro dia: O c\u00e9u \u00e9 o nosso destino - Convento Santo Ant\u00f4nio- Franciscanos<\/title>\n<meta name=\"robots\" content=\"index, follow, max-snippet:-1, max-image-preview:large, max-video-preview:-1\" \/>\n<link rel=\"canonical\" href=\"https:\/\/franciscanos.org.br\/conventosantoantonio\/terceiro-dia-o-ceu-e-o-nosso-destino\/\" \/>\n<meta property=\"og:locale\" content=\"pt_BR\" \/>\n<meta property=\"og:type\" content=\"article\" \/>\n<meta property=\"og:title\" content=\"Terceiro dia: O c\u00e9u \u00e9 o nosso destino - Convento Santo Ant\u00f4nio- Franciscanos\" \/>\n<meta property=\"og:description\" content=\"3\u00ba Dia da Trezena de Santo Ant\u00f4nio\" \/>\n<meta property=\"og:url\" content=\"https:\/\/franciscanos.org.br\/conventosantoantonio\/terceiro-dia-o-ceu-e-o-nosso-destino\/\" \/>\n<meta property=\"og:site_name\" content=\"Convento Santo Ant\u00f4nio- Franciscanos\" \/>\n<meta property=\"article:published_time\" content=\"2019-06-02T16:29:14+00:00\" \/>\n<meta property=\"article:modified_time\" content=\"2021-09-22T16:31:20+00:00\" \/>\n<meta property=\"og:image\" content=\"https:\/\/franciscanos.org.br\/conventosantoantonio\/wp-content\/uploads\/2019\/06\/trezena_020619.jpg\" \/>\n\t<meta property=\"og:image:width\" content=\"890\" \/>\n\t<meta property=\"og:image:height\" content=\"668\" \/>\n\t<meta property=\"og:image:type\" content=\"image\/jpeg\" \/>\n<meta name=\"author\" content=\"moacir\" \/>\n<meta name=\"twitter:card\" content=\"summary_large_image\" \/>\n<meta name=\"twitter:label1\" content=\"Escrito por\" \/>\n\t<meta name=\"twitter:data1\" content=\"moacir\" \/>\n\t<meta name=\"twitter:label2\" content=\"Est. tempo de leitura\" \/>\n\t<meta name=\"twitter:data2\" content=\"4 minutos\" \/>\n<script type=\"application\/ld+json\" class=\"yoast-schema-graph\">{\"@context\":\"https:\/\/schema.org\",\"@graph\":[{\"@type\":\"WebSite\",\"@id\":\"https:\/\/franciscanos.org.br\/conventosantoantonio\/#website\",\"url\":\"https:\/\/franciscanos.org.br\/conventosantoantonio\/\",\"name\":\"Convento Santo Ant\u00f4nio- Franciscanos\",\"description\":\"Prov\u00edncia Franciscana da Imaculada Concei\u00e7\u00e3o do Brasil - Ordem dos Frades Menores\",\"potentialAction\":[{\"@type\":\"SearchAction\",\"target\":{\"@type\":\"EntryPoint\",\"urlTemplate\":\"https:\/\/franciscanos.org.br\/conventosantoantonio\/?s={search_term_string}\"},\"query-input\":\"required name=search_term_string\"}],\"inLanguage\":\"pt-BR\"},{\"@type\":\"WebPage\",\"@id\":\"https:\/\/franciscanos.org.br\/conventosantoantonio\/terceiro-dia-o-ceu-e-o-nosso-destino\/\",\"url\":\"https:\/\/franciscanos.org.br\/conventosantoantonio\/terceiro-dia-o-ceu-e-o-nosso-destino\/\",\"name\":\"Terceiro dia: O c\u00e9u \u00e9 o nosso destino - Convento Santo Ant\u00f4nio- Franciscanos\",\"isPartOf\":{\"@id\":\"https:\/\/franciscanos.org.br\/conventosantoantonio\/#website\"},\"datePublished\":\"2019-06-02T16:29:14+00:00\",\"dateModified\":\"2021-09-22T16:31:20+00:00\",\"author\":{\"@id\":\"https:\/\/franciscanos.org.br\/conventosantoantonio\/#\/schema\/person\/73421c01c49c32a7bb0a19d9b36df6ad\"},\"breadcrumb\":{\"@id\":\"https:\/\/franciscanos.org.br\/conventosantoantonio\/terceiro-dia-o-ceu-e-o-nosso-destino\/#breadcrumb\"},\"inLanguage\":\"pt-BR\",\"potentialAction\":[{\"@type\":\"ReadAction\",\"target\":[\"https:\/\/franciscanos.org.br\/conventosantoantonio\/terceiro-dia-o-ceu-e-o-nosso-destino\/\"]}]},{\"@type\":\"BreadcrumbList\",\"@id\":\"https:\/\/franciscanos.org.br\/conventosantoantonio\/terceiro-dia-o-ceu-e-o-nosso-destino\/#breadcrumb\",\"itemListElement\":[{\"@type\":\"ListItem\",\"position\":1,\"name\":\"Home\",\"item\":\"https:\/\/franciscanos.org.br\/conventosantoantonio\/\"},{\"@type\":\"ListItem\",\"position\":2,\"name\":\"Terceiro dia: O c\u00e9u \u00e9 o nosso destino\"}]},{\"@type\":\"Person\",\"@id\":\"https:\/\/franciscanos.org.br\/conventosantoantonio\/#\/schema\/person\/73421c01c49c32a7bb0a19d9b36df6ad\",\"name\":\"moacir\",\"image\":{\"@type\":\"ImageObject\",\"inLanguage\":\"pt-BR\",\"@id\":\"https:\/\/franciscanos.org.br\/conventosantoantonio\/#\/schema\/person\/image\/\",\"url\":\"https:\/\/secure.gravatar.com\/avatar\/d08aa2ce4c8dd416d4479aa8536fcf64?s=96&d=mm&r=g\",\"contentUrl\":\"https:\/\/secure.gravatar.com\/avatar\/d08aa2ce4c8dd416d4479aa8536fcf64?s=96&d=mm&r=g\",\"caption\":\"moacir\"},\"url\":\"https:\/\/franciscanos.org.br\/conventosantoantonio\/author\/moacir\/\"}]}<\/script>\n<!-- \/ Yoast SEO plugin. -->","yoast_head_json":{"title":"Terceiro dia: O c\u00e9u \u00e9 o nosso destino - Convento Santo Ant\u00f4nio- Franciscanos","robots":{"index":"index","follow":"follow","max-snippet":"max-snippet:-1","max-image-preview":"max-image-preview:large","max-video-preview":"max-video-preview:-1"},"canonical":"https:\/\/franciscanos.org.br\/conventosantoantonio\/terceiro-dia-o-ceu-e-o-nosso-destino\/","og_locale":"pt_BR","og_type":"article","og_title":"Terceiro dia: O c\u00e9u \u00e9 o nosso destino - Convento Santo Ant\u00f4nio- Franciscanos","og_description":"3\u00ba Dia da Trezena de Santo Ant\u00f4nio","og_url":"https:\/\/franciscanos.org.br\/conventosantoantonio\/terceiro-dia-o-ceu-e-o-nosso-destino\/","og_site_name":"Convento Santo Ant\u00f4nio- Franciscanos","article_published_time":"2019-06-02T16:29:14+00:00","article_modified_time":"2021-09-22T16:31:20+00:00","og_image":[{"width":890,"height":668,"url":"https:\/\/franciscanos.org.br\/conventosantoantonio\/wp-content\/uploads\/2019\/06\/trezena_020619.jpg","type":"image\/jpeg"}],"author":"moacir","twitter_card":"summary_large_image","twitter_misc":{"Escrito por":"moacir","Est. tempo de leitura":"4 minutos"},"schema":{"@context":"https:\/\/schema.org","@graph":[{"@type":"WebSite","@id":"https:\/\/franciscanos.org.br\/conventosantoantonio\/#website","url":"https:\/\/franciscanos.org.br\/conventosantoantonio\/","name":"Convento Santo Ant\u00f4nio- Franciscanos","description":"Prov\u00edncia Franciscana da Imaculada Concei\u00e7\u00e3o do Brasil - Ordem dos Frades Menores","potentialAction":[{"@type":"SearchAction","target":{"@type":"EntryPoint","urlTemplate":"https:\/\/franciscanos.org.br\/conventosantoantonio\/?s={search_term_string}"},"query-input":"required name=search_term_string"}],"inLanguage":"pt-BR"},{"@type":"WebPage","@id":"https:\/\/franciscanos.org.br\/conventosantoantonio\/terceiro-dia-o-ceu-e-o-nosso-destino\/","url":"https:\/\/franciscanos.org.br\/conventosantoantonio\/terceiro-dia-o-ceu-e-o-nosso-destino\/","name":"Terceiro dia: O c\u00e9u \u00e9 o nosso destino - Convento Santo Ant\u00f4nio- Franciscanos","isPartOf":{"@id":"https:\/\/franciscanos.org.br\/conventosantoantonio\/#website"},"datePublished":"2019-06-02T16:29:14+00:00","dateModified":"2021-09-22T16:31:20+00:00","author":{"@id":"https:\/\/franciscanos.org.br\/conventosantoantonio\/#\/schema\/person\/73421c01c49c32a7bb0a19d9b36df6ad"},"breadcrumb":{"@id":"https:\/\/franciscanos.org.br\/conventosantoantonio\/terceiro-dia-o-ceu-e-o-nosso-destino\/#breadcrumb"},"inLanguage":"pt-BR","potentialAction":[{"@type":"ReadAction","target":["https:\/\/franciscanos.org.br\/conventosantoantonio\/terceiro-dia-o-ceu-e-o-nosso-destino\/"]}]},{"@type":"BreadcrumbList","@id":"https:\/\/franciscanos.org.br\/conventosantoantonio\/terceiro-dia-o-ceu-e-o-nosso-destino\/#breadcrumb","itemListElement":[{"@type":"ListItem","position":1,"name":"Home","item":"https:\/\/franciscanos.org.br\/conventosantoantonio\/"},{"@type":"ListItem","position":2,"name":"Terceiro dia: O c\u00e9u \u00e9 o nosso destino"}]},{"@type":"Person","@id":"https:\/\/franciscanos.org.br\/conventosantoantonio\/#\/schema\/person\/73421c01c49c32a7bb0a19d9b36df6ad","name":"moacir","image":{"@type":"ImageObject","inLanguage":"pt-BR","@id":"https:\/\/franciscanos.org.br\/conventosantoantonio\/#\/schema\/person\/image\/","url":"https:\/\/secure.gravatar.com\/avatar\/d08aa2ce4c8dd416d4479aa8536fcf64?s=96&d=mm&r=g","contentUrl":"https:\/\/secure.gravatar.com\/avatar\/d08aa2ce4c8dd416d4479aa8536fcf64?s=96&d=mm&r=g","caption":"moacir"},"url":"https:\/\/franciscanos.org.br\/conventosantoantonio\/author\/moacir\/"}]}},"_links":{"self":[{"href":"https:\/\/franciscanos.org.br\/conventosantoantonio\/wp-json\/wp\/v2\/posts\/187794"}],"collection":[{"href":"https:\/\/franciscanos.org.br\/conventosantoantonio\/wp-json\/wp\/v2\/posts"}],"about":[{"href":"https:\/\/franciscanos.org.br\/conventosantoantonio\/wp-json\/wp\/v2\/types\/post"}],"author":[{"embeddable":true,"href":"https:\/\/franciscanos.org.br\/conventosantoantonio\/wp-json\/wp\/v2\/users\/3"}],"replies":[{"embeddable":true,"href":"https:\/\/franciscanos.org.br\/conventosantoantonio\/wp-json\/wp\/v2\/comments?post=187794"}],"version-history":[{"count":1,"href":"https:\/\/franciscanos.org.br\/conventosantoantonio\/wp-json\/wp\/v2\/posts\/187794\/revisions"}],"predecessor-version":[{"id":187795,"href":"https:\/\/franciscanos.org.br\/conventosantoantonio\/wp-json\/wp\/v2\/posts\/187794\/revisions\/187795"}],"wp:featuredmedia":[{"embeddable":true,"href":"https:\/\/franciscanos.org.br\/conventosantoantonio\/wp-json\/wp\/v2\/media\/187796"}],"wp:attachment":[{"href":"https:\/\/franciscanos.org.br\/conventosantoantonio\/wp-json\/wp\/v2\/media?parent=187794"}],"wp:term":[{"taxonomy":"category","embeddable":true,"href":"https:\/\/franciscanos.org.br\/conventosantoantonio\/wp-json\/wp\/v2\/categories?post=187794"},{"taxonomy":"post_tag","embeddable":true,"href":"https:\/\/franciscanos.org.br\/conventosantoantonio\/wp-json\/wp\/v2\/tags?post=187794"}],"curies":[{"name":"wp","href":"https:\/\/api.w.org\/{rel}","templated":true}]}}