{"id":187791,"date":"2019-06-03T13:27:24","date_gmt":"2019-06-03T16:27:24","guid":{"rendered":"https:\/\/franciscanos.org.br\/conventosantoantonio\/?p=187791"},"modified":"2021-09-22T13:28:35","modified_gmt":"2021-09-22T16:28:35","slug":"4o-dia-santo-antonio-e-a-graca-do-batismo","status":"publish","type":"post","link":"https:\/\/franciscanos.org.br\/conventosantoantonio\/4o-dia-santo-antonio-e-a-graca-do-batismo\/","title":{"rendered":"4\u00ba Dia: \u201cSanto Ant\u00f4nio e a gra\u00e7a do batismo\u201d"},"content":{"rendered":"<header class=\"entry-header\">\n<div class=\"post-meta\">\n<div class=\"fleft\"><img loading=\"lazy\" class=\"alignnone  wp-image-205363\" src=\"https:\/\/franciscanos.org.br\/noticias\/wp-content\/uploads\/2019\/06\/trezena_030619.jpg\" alt=\"\" width=\"617\" height=\"424\" \/><\/div>\n<\/div>\n<\/header>\n<div class=\"post-content\">\n<p><strong>Moacir Beggo<\/strong><\/p>\n<p><strong>\u00a0<\/strong><strong>Rio de Janeiro (RJ<\/strong>) \u2013 O quarto dia da Trezena de Santo Ant\u00f4nio, no Convento do Largo da Carioca, no Rio de Janeiro (RJ), teve como tema \u201cSanto Ant\u00f4nio e a gra\u00e7a do batismo\u201d. Ao meio-dia, Frei Carlos Alberto Guimar\u00e3es veio da Par\u00f3quia Nossa Senhora Aparecida de Nil\u00f3polis para presidir a Celebra\u00e7\u00e3o Eucar\u00edstica e, \u00e0s 18 horas, Frei Carlos Branco foi o presidente.<\/p>\n<p>Frei Carlos Alberto, natural de Volta Redonda, falou de sua alegria por estar celebrando pela primeira vez no Convento depois de 14 anos de ordena\u00e7\u00e3o sacerdotal. Segundo o frade, o batismo constitui o nascimento para a vida nova em Cristo. Citando a primeira leitura (Atos 19,1-8), o pregador deste dia disse que o batismo de Jo\u00e3o era apenas um sinal de convers\u00e3o. O Batismo que Jesus confiou \u00e0 sua Igreja \u00e9 um sinal eficaz, pois realiza a liberta\u00e7\u00e3o e a renova\u00e7\u00e3o de nosso ser, tornando-nos filhos de Deus \u00e0 semelhan\u00e7a do \u00fanico Filho.<\/p>\n<p><img loading=\"lazy\" class=\"alignnone  wp-image-205364\" src=\"https:\/\/franciscanos.org.br\/noticias\/wp-content\/uploads\/2019\/06\/trezena_030619_1.jpg\" alt=\"\" width=\"597\" height=\"448\" \/><\/p>\n<p>Segundo o frade, a gra\u00e7a divina jamais falta \u00e0quele que, com sinceridade de cora\u00e7\u00e3o, procura viver segundo o \u2018homem novo\u2019, nascido da \u00e1gua e do Esp\u00edrito. \u201cO batismo constitui o fundamento da comunh\u00e3o entre todos os crist\u00e3os, mesmo com aqueles que ainda n\u00e3o est\u00e3o em plena comunh\u00e3o com a Igreja Cat\u00f3lica\u201d, acrescentou. Para o frade, Santo Ant\u00f4nio soube, pela gra\u00e7a do batismo, ser um \u201chomem novo\u201d, servindo como crist\u00e3o e filho de S\u00e3o Francisco a Igreja de Cristo.<\/p>\n<p>Frei Carlos citou o Papa Francisco, que pediu para manter viva a mem\u00f3ria do pr\u00f3prio batismo, pois nele est\u00e3o as ra\u00edzes da nossa vida em Deus.<\/p>\n<p><img loading=\"lazy\" class=\"alignnone  wp-image-205332\" src=\"https:\/\/franciscanos.org.br\/noticias\/wp-content\/uploads\/2019\/06\/trezena_030619_2.jpg\" alt=\"\" width=\"612\" height=\"459\" \/><\/p>\n<p><strong>\u201cONDAS DE GRA\u00c7A QUE RECEBEMOS DE DEUS\u201d<\/strong><\/p>\n<p>Frei Carlos Branco presidiu a segunda Celebra\u00e7\u00e3o Eucar\u00edstica da Trezena de Santo Ant\u00f4nio, \u00e0s 18 horas, tendo como concelebrante Frei Od\u00e9cio Lima.<\/p>\n<p>Sua prega\u00e7\u00e3o partiu do Evangelho que Jesus orienta e pede a seus disc\u00edpulos: \u201cIde por todo o mundo e pregai o Evangelho a toda criatura. Quem crer e for batizado ser\u00e1 salvo\u201d. \u201cEsse tema, a gra\u00e7a do batismo, foi mais uma vez posto n\u00e3o s\u00f3 para refletir sobre o sacramento de inicia\u00e7\u00e3o, mas, sobretudo, recuperar a motiva\u00e7\u00e3o inicial que levaram os nossos pais a pedir o nosso batismo na Igreja cat\u00f3lica\u201d, lembrou.<\/p>\n<p>Segundo o frade, os sacramentos s\u00e3o ondas de gra\u00e7as que recebemos de Deus. \u201cPelo batismo tornamos membros de Cristo e participamos de sua miss\u00e3o\u201d, disse, refor\u00e7ando com o exemplo dos santos, nossos modelos de batizados no Corpo M\u00edstico de Jesus. \u201cVejamos a vida de Santo Ant\u00f4nio. Muitos t\u00edtulos de Santo Ant\u00f4nio remetem ao compromisso batismal. Como por exemplo, \u2018Trombeta do Evangelho\u2019. \u00c9 bem significativo, porque a miss\u00e3o \u00e9 levar adiante a Palavra de Deus\u201d, destacou, recordando tamb\u00e9m o exemplo dos m\u00e1rtires Santos Carlos Lwanga e companheiros, celebrados hoje pela Igreja.<\/p>\n<p><img loading=\"lazy\" class=\"alignnone  wp-image-205333\" src=\"https:\/\/franciscanos.org.br\/noticias\/wp-content\/uploads\/2019\/06\/trezena_030619_3.jpg\" alt=\"\" width=\"602\" height=\"401\" \/><\/p>\n<p>\u201cIrm\u00e3os e irm\u00e3s, as gra\u00e7as do sacramento do batismo s\u00e3o inesgot\u00e1veis, assim como a miseric\u00f3rdia de Deus. Precisamos, como Santo Ant\u00f4nio, absorver com o cora\u00e7\u00e3o aberto essas gra\u00e7as e revel\u00e1-las, exterioriz\u00e1-las. Possamos, no cotidiano de nossas vidas, colocar em pr\u00e1tica essa gra\u00e7a da gl\u00f3ria de Deus que \u00e9 Pai, Filho e Esp\u00edrito Santo!\u201d, completou.<\/p>\n<p>Nesta ter\u00e7a-feira, dedicada a Santo Ant\u00f4nio em todos os conventos franciscanos, o dia ser\u00e1 intenso neste Convento no Centro da Cidade Maravilhosa. No quarto dia da Trezena, o tema \u201cSanto Ant\u00f4nio e o Testemunho do Evangelho\u201d ser\u00e1 refletido nas Missas das 12 e 18 horas.<\/p>\n<hr \/>\n<p><em>Moacir Beggo<\/em><\/p>\n<\/div>\n","protected":false},"excerpt":{"rendered":"<p>4\u00ba Dia da Trezena de Santo Ant\u00f4nio<\/p>\n","protected":false},"author":3,"featured_media":0,"comment_status":"open","ping_status":"open","sticky":false,"template":"","format":"standard","meta":[],"categories":[105],"tags":[347],"yoast_head":"<!-- This site is optimized with the Yoast SEO plugin v19.4 - https:\/\/yoast.com\/wordpress\/plugins\/seo\/ -->\n<title>4\u00ba Dia: \u201cSanto Ant\u00f4nio e a gra\u00e7a do batismo\u201d - Convento Santo Ant\u00f4nio- Franciscanos<\/title>\n<meta name=\"robots\" content=\"index, follow, max-snippet:-1, max-image-preview:large, max-video-preview:-1\" \/>\n<link rel=\"canonical\" href=\"https:\/\/franciscanos.org.br\/conventosantoantonio\/4o-dia-santo-antonio-e-a-graca-do-batismo\/\" \/>\n<meta property=\"og:locale\" content=\"pt_BR\" \/>\n<meta property=\"og:type\" content=\"article\" \/>\n<meta property=\"og:title\" content=\"4\u00ba Dia: \u201cSanto Ant\u00f4nio e a gra\u00e7a do batismo\u201d - Convento Santo Ant\u00f4nio- Franciscanos\" \/>\n<meta property=\"og:description\" content=\"4\u00ba Dia da Trezena de Santo Ant\u00f4nio\" \/>\n<meta property=\"og:url\" content=\"https:\/\/franciscanos.org.br\/conventosantoantonio\/4o-dia-santo-antonio-e-a-graca-do-batismo\/\" \/>\n<meta property=\"og:site_name\" content=\"Convento Santo Ant\u00f4nio- Franciscanos\" \/>\n<meta property=\"article:published_time\" content=\"2019-06-03T16:27:24+00:00\" \/>\n<meta property=\"article:modified_time\" content=\"2021-09-22T16:28:35+00:00\" \/>\n<meta property=\"og:image\" content=\"https:\/\/franciscanos.org.br\/noticias\/wp-content\/uploads\/2019\/06\/trezena_030619.jpg\" \/>\n<meta name=\"author\" content=\"moacir\" \/>\n<meta name=\"twitter:card\" content=\"summary_large_image\" \/>\n<meta name=\"twitter:label1\" content=\"Escrito por\" \/>\n\t<meta name=\"twitter:data1\" content=\"moacir\" \/>\n\t<meta name=\"twitter:label2\" content=\"Est. tempo de leitura\" \/>\n\t<meta name=\"twitter:data2\" content=\"3 minutos\" \/>\n<script type=\"application\/ld+json\" class=\"yoast-schema-graph\">{\"@context\":\"https:\/\/schema.org\",\"@graph\":[{\"@type\":\"WebSite\",\"@id\":\"https:\/\/franciscanos.org.br\/conventosantoantonio\/#website\",\"url\":\"https:\/\/franciscanos.org.br\/conventosantoantonio\/\",\"name\":\"Convento Santo Ant\u00f4nio- Franciscanos\",\"description\":\"Prov\u00edncia Franciscana da Imaculada Concei\u00e7\u00e3o do Brasil - Ordem dos Frades Menores\",\"potentialAction\":[{\"@type\":\"SearchAction\",\"target\":{\"@type\":\"EntryPoint\",\"urlTemplate\":\"https:\/\/franciscanos.org.br\/conventosantoantonio\/?s={search_term_string}\"},\"query-input\":\"required name=search_term_string\"}],\"inLanguage\":\"pt-BR\"},{\"@type\":\"WebPage\",\"@id\":\"https:\/\/franciscanos.org.br\/conventosantoantonio\/4o-dia-santo-antonio-e-a-graca-do-batismo\/\",\"url\":\"https:\/\/franciscanos.org.br\/conventosantoantonio\/4o-dia-santo-antonio-e-a-graca-do-batismo\/\",\"name\":\"4\u00ba Dia: \u201cSanto Ant\u00f4nio e a gra\u00e7a do batismo\u201d - Convento Santo Ant\u00f4nio- Franciscanos\",\"isPartOf\":{\"@id\":\"https:\/\/franciscanos.org.br\/conventosantoantonio\/#website\"},\"datePublished\":\"2019-06-03T16:27:24+00:00\",\"dateModified\":\"2021-09-22T16:28:35+00:00\",\"author\":{\"@id\":\"https:\/\/franciscanos.org.br\/conventosantoantonio\/#\/schema\/person\/73421c01c49c32a7bb0a19d9b36df6ad\"},\"breadcrumb\":{\"@id\":\"https:\/\/franciscanos.org.br\/conventosantoantonio\/4o-dia-santo-antonio-e-a-graca-do-batismo\/#breadcrumb\"},\"inLanguage\":\"pt-BR\",\"potentialAction\":[{\"@type\":\"ReadAction\",\"target\":[\"https:\/\/franciscanos.org.br\/conventosantoantonio\/4o-dia-santo-antonio-e-a-graca-do-batismo\/\"]}]},{\"@type\":\"BreadcrumbList\",\"@id\":\"https:\/\/franciscanos.org.br\/conventosantoantonio\/4o-dia-santo-antonio-e-a-graca-do-batismo\/#breadcrumb\",\"itemListElement\":[{\"@type\":\"ListItem\",\"position\":1,\"name\":\"Home\",\"item\":\"https:\/\/franciscanos.org.br\/conventosantoantonio\/\"},{\"@type\":\"ListItem\",\"position\":2,\"name\":\"4\u00ba Dia: \u201cSanto Ant\u00f4nio e a gra\u00e7a do batismo\u201d\"}]},{\"@type\":\"Person\",\"@id\":\"https:\/\/franciscanos.org.br\/conventosantoantonio\/#\/schema\/person\/73421c01c49c32a7bb0a19d9b36df6ad\",\"name\":\"moacir\",\"image\":{\"@type\":\"ImageObject\",\"inLanguage\":\"pt-BR\",\"@id\":\"https:\/\/franciscanos.org.br\/conventosantoantonio\/#\/schema\/person\/image\/\",\"url\":\"https:\/\/secure.gravatar.com\/avatar\/d08aa2ce4c8dd416d4479aa8536fcf64?s=96&d=mm&r=g\",\"contentUrl\":\"https:\/\/secure.gravatar.com\/avatar\/d08aa2ce4c8dd416d4479aa8536fcf64?s=96&d=mm&r=g\",\"caption\":\"moacir\"},\"url\":\"https:\/\/franciscanos.org.br\/conventosantoantonio\/author\/moacir\/\"}]}<\/script>\n<!-- \/ Yoast SEO plugin. -->","yoast_head_json":{"title":"4\u00ba Dia: \u201cSanto Ant\u00f4nio e a gra\u00e7a do batismo\u201d - Convento Santo Ant\u00f4nio- Franciscanos","robots":{"index":"index","follow":"follow","max-snippet":"max-snippet:-1","max-image-preview":"max-image-preview:large","max-video-preview":"max-video-preview:-1"},"canonical":"https:\/\/franciscanos.org.br\/conventosantoantonio\/4o-dia-santo-antonio-e-a-graca-do-batismo\/","og_locale":"pt_BR","og_type":"article","og_title":"4\u00ba Dia: \u201cSanto Ant\u00f4nio e a gra\u00e7a do batismo\u201d - Convento Santo Ant\u00f4nio- Franciscanos","og_description":"4\u00ba Dia da Trezena de Santo Ant\u00f4nio","og_url":"https:\/\/franciscanos.org.br\/conventosantoantonio\/4o-dia-santo-antonio-e-a-graca-do-batismo\/","og_site_name":"Convento Santo Ant\u00f4nio- Franciscanos","article_published_time":"2019-06-03T16:27:24+00:00","article_modified_time":"2021-09-22T16:28:35+00:00","og_image":[{"url":"https:\/\/franciscanos.org.br\/noticias\/wp-content\/uploads\/2019\/06\/trezena_030619.jpg"}],"author":"moacir","twitter_card":"summary_large_image","twitter_misc":{"Escrito por":"moacir","Est. tempo de leitura":"3 minutos"},"schema":{"@context":"https:\/\/schema.org","@graph":[{"@type":"WebSite","@id":"https:\/\/franciscanos.org.br\/conventosantoantonio\/#website","url":"https:\/\/franciscanos.org.br\/conventosantoantonio\/","name":"Convento Santo Ant\u00f4nio- Franciscanos","description":"Prov\u00edncia Franciscana da Imaculada Concei\u00e7\u00e3o do Brasil - Ordem dos Frades Menores","potentialAction":[{"@type":"SearchAction","target":{"@type":"EntryPoint","urlTemplate":"https:\/\/franciscanos.org.br\/conventosantoantonio\/?s={search_term_string}"},"query-input":"required name=search_term_string"}],"inLanguage":"pt-BR"},{"@type":"WebPage","@id":"https:\/\/franciscanos.org.br\/conventosantoantonio\/4o-dia-santo-antonio-e-a-graca-do-batismo\/","url":"https:\/\/franciscanos.org.br\/conventosantoantonio\/4o-dia-santo-antonio-e-a-graca-do-batismo\/","name":"4\u00ba Dia: \u201cSanto Ant\u00f4nio e a gra\u00e7a do batismo\u201d - Convento Santo Ant\u00f4nio- Franciscanos","isPartOf":{"@id":"https:\/\/franciscanos.org.br\/conventosantoantonio\/#website"},"datePublished":"2019-06-03T16:27:24+00:00","dateModified":"2021-09-22T16:28:35+00:00","author":{"@id":"https:\/\/franciscanos.org.br\/conventosantoantonio\/#\/schema\/person\/73421c01c49c32a7bb0a19d9b36df6ad"},"breadcrumb":{"@id":"https:\/\/franciscanos.org.br\/conventosantoantonio\/4o-dia-santo-antonio-e-a-graca-do-batismo\/#breadcrumb"},"inLanguage":"pt-BR","potentialAction":[{"@type":"ReadAction","target":["https:\/\/franciscanos.org.br\/conventosantoantonio\/4o-dia-santo-antonio-e-a-graca-do-batismo\/"]}]},{"@type":"BreadcrumbList","@id":"https:\/\/franciscanos.org.br\/conventosantoantonio\/4o-dia-santo-antonio-e-a-graca-do-batismo\/#breadcrumb","itemListElement":[{"@type":"ListItem","position":1,"name":"Home","item":"https:\/\/franciscanos.org.br\/conventosantoantonio\/"},{"@type":"ListItem","position":2,"name":"4\u00ba Dia: \u201cSanto Ant\u00f4nio e a gra\u00e7a do batismo\u201d"}]},{"@type":"Person","@id":"https:\/\/franciscanos.org.br\/conventosantoantonio\/#\/schema\/person\/73421c01c49c32a7bb0a19d9b36df6ad","name":"moacir","image":{"@type":"ImageObject","inLanguage":"pt-BR","@id":"https:\/\/franciscanos.org.br\/conventosantoantonio\/#\/schema\/person\/image\/","url":"https:\/\/secure.gravatar.com\/avatar\/d08aa2ce4c8dd416d4479aa8536fcf64?s=96&d=mm&r=g","contentUrl":"https:\/\/secure.gravatar.com\/avatar\/d08aa2ce4c8dd416d4479aa8536fcf64?s=96&d=mm&r=g","caption":"moacir"},"url":"https:\/\/franciscanos.org.br\/conventosantoantonio\/author\/moacir\/"}]}},"_links":{"self":[{"href":"https:\/\/franciscanos.org.br\/conventosantoantonio\/wp-json\/wp\/v2\/posts\/187791"}],"collection":[{"href":"https:\/\/franciscanos.org.br\/conventosantoantonio\/wp-json\/wp\/v2\/posts"}],"about":[{"href":"https:\/\/franciscanos.org.br\/conventosantoantonio\/wp-json\/wp\/v2\/types\/post"}],"author":[{"embeddable":true,"href":"https:\/\/franciscanos.org.br\/conventosantoantonio\/wp-json\/wp\/v2\/users\/3"}],"replies":[{"embeddable":true,"href":"https:\/\/franciscanos.org.br\/conventosantoantonio\/wp-json\/wp\/v2\/comments?post=187791"}],"version-history":[{"count":1,"href":"https:\/\/franciscanos.org.br\/conventosantoantonio\/wp-json\/wp\/v2\/posts\/187791\/revisions"}],"predecessor-version":[{"id":187792,"href":"https:\/\/franciscanos.org.br\/conventosantoantonio\/wp-json\/wp\/v2\/posts\/187791\/revisions\/187792"}],"wp:attachment":[{"href":"https:\/\/franciscanos.org.br\/conventosantoantonio\/wp-json\/wp\/v2\/media?parent=187791"}],"wp:term":[{"taxonomy":"category","embeddable":true,"href":"https:\/\/franciscanos.org.br\/conventosantoantonio\/wp-json\/wp\/v2\/categories?post=187791"},{"taxonomy":"post_tag","embeddable":true,"href":"https:\/\/franciscanos.org.br\/conventosantoantonio\/wp-json\/wp\/v2\/tags?post=187791"}],"curies":[{"name":"wp","href":"https:\/\/api.w.org\/{rel}","templated":true}]}}