{"id":187782,"date":"2019-06-05T13:21:02","date_gmt":"2019-06-05T16:21:02","guid":{"rendered":"https:\/\/franciscanos.org.br\/conventosantoantonio\/?p=187782"},"modified":"2021-09-22T13:22:24","modified_gmt":"2021-09-22T16:22:24","slug":"6o-dia-com-equilibrio-vamos-saber-cuidar","status":"publish","type":"post","link":"https:\/\/franciscanos.org.br\/conventosantoantonio\/6o-dia-com-equilibrio-vamos-saber-cuidar\/","title":{"rendered":"6\u00ba Dia: \u201cCom equil\u00edbrio vamos saber cuidar\u201d"},"content":{"rendered":"<header class=\"entry-header\">\n<div class=\"post-meta\">\n<div class=\"fleft\"><img loading=\"lazy\" class=\"alignnone  wp-image-205448\" src=\"https:\/\/franciscanos.org.br\/noticias\/wp-content\/uploads\/2019\/06\/trezena_050619.jpg\" alt=\"\" width=\"617\" height=\"437\" \/><\/div>\n<\/div>\n<\/header>\n<div class=\"post-content\">\n<p><strong>\u00a0<\/strong><strong>Rio de Janeiro (RJ)<\/strong>\u00a0\u2013 O guardi\u00e3o do Convento Santo Ant\u00f4nio, Frei Jos\u00e9 Pereira, tem convidado os frades das Fraternidades presentes no estado do Rio de Janeiro para fazer a prega\u00e7\u00e3o da Trezena de Santo Ant\u00f4nio. Neste sexto dia da Trezena, 5 de junho, o convidado foi Frei Cid Tadeu Passos, da Par\u00f3quia S\u00e3o Jo\u00e3o de Meriti, que teve como tema \u201cSanto Ant\u00f4nio e a Beleza da Cria\u00e7\u00e3o\u201d.<\/p>\n<p>A escolha deste tema foi tamb\u00e9m uma oportunidade de refletir sobre o Dia Mundial do Meio Ambiente, que come\u00e7ou a ser comemorado em 1972, com o objetivo de promover atividades de prote\u00e7\u00e3o e preserva\u00e7\u00e3o do meio ambiente, e alertar o p\u00fablico e governos de cada pa\u00eds sobre os perigos de negligenciarmos a tarefa de cuidar do mundo em que vivemos.<\/p>\n<p>Frei Jos\u00e9, na apresenta\u00e7\u00e3o de Frei Cid para os fi\u00e9is que vieram participar da primeira Missa da Trezena, \u00e0s 12 horas, lembrou que o Morro do Convento \u00e9 um o\u00e1sis no centro do Rio de Janeiro. Mesmo no pequeno espa\u00e7o, os frades cultivam hortali\u00e7as e zelam pelo pouco verde e aves que ali aparecem.<\/p>\n<p><img loading=\"lazy\" class=\"alignnone wp-image-205449 \" src=\"https:\/\/franciscanos.org.br\/noticias\/wp-content\/uploads\/2019\/06\/trezena_050619_2.jpg\" alt=\"\" width=\"619\" height=\"380\" \/><\/p>\n<p>Como disc\u00edpulo de S\u00e3o Francisco, Santo Ant\u00f4nio convidava a todos a estar em comunh\u00e3o com toda a cria\u00e7\u00e3o de Deus. Para os frades, e entre eles Santo Ant\u00f4nio, o ensinamento de S\u00e3o Francisco de Assis foi a compreens\u00e3o da m\u00e3e Natureza e a nossa depend\u00eancia dela. Francisco de Assis tinha um olhar positivo do universo. Se Deus viu que tudo era bom (Gn 1,25), ent\u00e3o todas as criaturas s\u00e3o minhas irm\u00e3s.<\/p>\n<p>Para Frei Cid, quanto mais a gente amar a Deus, mais vamos ser realizados. \u201cA beleza da cria\u00e7\u00e3o \u00e9 a paz entre n\u00f3s. Quanto mais n\u00f3s tivermos equil\u00edbrio interior, mais vamos saber cuidar, um do outro e da natureza\u201d, explicou.<\/p>\n<p>Para o frade, vivemos hoje uma realidade muito complexa no mundo, mas cada um pode fazer a sua parte na constru\u00e7\u00e3o de um mundo mais fraterno. \u201cSe eu estiver em dia com meu esp\u00edrito de ora\u00e7\u00e3o, vou saber louvar a cria\u00e7\u00e3o de Deus e ser fraterno mesmo com aquele irm\u00e3o que \u00e9 diferente de mim\u201d, ensinou. Para ele, a ora\u00e7\u00e3o e o testemunho de vida ajudam a olhar o mundo \u201ccom os olhos da miseric\u00f3rdia, da bondade, da compreens\u00e3o, da caridade, do respeito, do perd\u00e3o, da esperan\u00e7a\u201d.<\/p>\n<p><img loading=\"lazy\" class=\"alignnone  wp-image-205451\" src=\"https:\/\/franciscanos.org.br\/noticias\/wp-content\/uploads\/2019\/06\/trezena_050619_3.jpg\" alt=\"\" width=\"616\" height=\"410\" \/><\/p>\n<p><em>No Tau das Miss\u00f5es Franciscanas da Juventude, que est\u00e1 no Convento Santo Ant\u00f4nio at\u00e9 o in\u00edcio das Miss\u00f5es em 17 de julho, pode-se ver uma s\u00edntese do pensamento franciscano. S\u00e3o Francisco, como vemos no C\u00e2ntico do Sol, se coloca como servo para exprimir o seu louvor ao Criador por todas as criaturas.<\/em><\/p>\n<hr \/>\n<p><strong>PAPA FRANCISCO<\/strong><\/p>\n<p>Em mensagem no Twitter, o Papa Francisco disse que o principal objetivo do Dia \u00e9 chamar a aten\u00e7\u00e3o de toda a popula\u00e7\u00e3o e dos governos para os problemas ambientais e a import\u00e2ncia da preserva\u00e7\u00e3o dos recursos naturais do planeta, que at\u00e9 pouco tempo atr\u00e1s, eram considerados inesgot\u00e1veis.<\/p>\n<p>Hoje, o planeta n\u00e3o consegue regenerar os seus recursos naturais na mesma velocidade das nossas demandas. Com o crescimento da popula\u00e7\u00e3o e dos n\u00edveis de consumo, o Banco Mundial estima que em 2050 sejam necess\u00e1rias quase tr\u00eas Terras para dar conta das demandas do nosso estilo atual de vida.<\/p>\n<p>\u201cO urgente desafio de proteger a nossa Casa Comum inclui a preocupa\u00e7\u00e3o de unir toda a fam\u00edlia humana na busca de um desenvolvimento sustent\u00e1vel e integral, pois sabemos que as coisas podem mudar. O Criador n\u00e3o nos abandona, nunca recua no seu projeto de amor, nem se arrepende de nos ter criado. A humanidade possui ainda a capacidade de colaborar na constru\u00e7\u00e3o da nossa Casa Comum\u201d, disse o Papa.<\/p>\n<p><img loading=\"lazy\" class=\"alignnone  wp-image-205450\" src=\"https:\/\/franciscanos.org.br\/noticias\/wp-content\/uploads\/2019\/06\/trezena_050619_1.jpg\" alt=\"\" width=\"604\" height=\"453\" \/><\/p>\n<p><em>Jardim no centro do claustro do Convento Santo Ant\u00f4nio no Largo da Carioca<\/em><\/p>\n<p><strong>MEIO AMBIENTE NO BRASIL<\/strong><\/p>\n<p>Problemas graves se acumulam nosso pa\u00eds: metade dos munic\u00edpios n\u00e3o possui plano de saneamento e 100 milh\u00f5es de pessoas n\u00e3o disp\u00f5em de tratamento de esgoto; 35 milh\u00f5es de brasileiros n\u00e3o t\u00eam acesso \u00e0 \u00e1gua pot\u00e1vel e crises h\u00eddricas deixaram de ser um fen\u00f4meno nordestino para assolar diversas regi\u00f5es do pa\u00eds, nosso consumo de diesel segue crescendo a cada ano e o lixo de espalha pelas cidades, estradas, rios e litoral com a produ\u00e7\u00e3o di\u00e1ria em torno de 255.000 toneladas; 18,6% da floresta amaz\u00f4nica foram derrubados e outros 1,5 milh\u00e3o de hectares s\u00e3o degradados anualmente.<\/p>\n<hr \/>\n<p><em>Moacir Beggo<\/em><\/p>\n<\/div>\n","protected":false},"excerpt":{"rendered":"<p>6\u00ba Dia da Trezena de Santo Ant\u00f4nio<\/p>\n","protected":false},"author":3,"featured_media":0,"comment_status":"open","ping_status":"open","sticky":false,"template":"","format":"standard","meta":[],"categories":[105],"tags":[347],"yoast_head":"<!-- This site is optimized with the Yoast SEO plugin v19.4 - https:\/\/yoast.com\/wordpress\/plugins\/seo\/ -->\n<title>6\u00ba Dia: \u201cCom equil\u00edbrio vamos saber cuidar\u201d - Convento Santo Ant\u00f4nio- Franciscanos<\/title>\n<meta name=\"robots\" content=\"index, follow, max-snippet:-1, max-image-preview:large, max-video-preview:-1\" \/>\n<link rel=\"canonical\" href=\"https:\/\/franciscanos.org.br\/conventosantoantonio\/6o-dia-com-equilibrio-vamos-saber-cuidar\/\" \/>\n<meta property=\"og:locale\" content=\"pt_BR\" \/>\n<meta property=\"og:type\" content=\"article\" \/>\n<meta property=\"og:title\" content=\"6\u00ba Dia: \u201cCom equil\u00edbrio vamos saber cuidar\u201d - Convento Santo Ant\u00f4nio- Franciscanos\" \/>\n<meta property=\"og:description\" content=\"6\u00ba Dia da Trezena de Santo Ant\u00f4nio\" \/>\n<meta property=\"og:url\" content=\"https:\/\/franciscanos.org.br\/conventosantoantonio\/6o-dia-com-equilibrio-vamos-saber-cuidar\/\" \/>\n<meta property=\"og:site_name\" content=\"Convento Santo Ant\u00f4nio- Franciscanos\" \/>\n<meta property=\"article:published_time\" content=\"2019-06-05T16:21:02+00:00\" \/>\n<meta property=\"article:modified_time\" content=\"2021-09-22T16:22:24+00:00\" \/>\n<meta property=\"og:image\" content=\"https:\/\/franciscanos.org.br\/noticias\/wp-content\/uploads\/2019\/06\/trezena_050619.jpg\" \/>\n<meta name=\"author\" content=\"moacir\" \/>\n<meta name=\"twitter:card\" content=\"summary_large_image\" \/>\n<meta name=\"twitter:label1\" content=\"Escrito por\" \/>\n\t<meta name=\"twitter:data1\" content=\"moacir\" \/>\n\t<meta name=\"twitter:label2\" content=\"Est. tempo de leitura\" \/>\n\t<meta name=\"twitter:data2\" content=\"4 minutos\" \/>\n<script type=\"application\/ld+json\" class=\"yoast-schema-graph\">{\"@context\":\"https:\/\/schema.org\",\"@graph\":[{\"@type\":\"WebSite\",\"@id\":\"https:\/\/franciscanos.org.br\/conventosantoantonio\/#website\",\"url\":\"https:\/\/franciscanos.org.br\/conventosantoantonio\/\",\"name\":\"Convento Santo Ant\u00f4nio- Franciscanos\",\"description\":\"Prov\u00edncia Franciscana da Imaculada Concei\u00e7\u00e3o do Brasil - Ordem dos Frades Menores\",\"potentialAction\":[{\"@type\":\"SearchAction\",\"target\":{\"@type\":\"EntryPoint\",\"urlTemplate\":\"https:\/\/franciscanos.org.br\/conventosantoantonio\/?s={search_term_string}\"},\"query-input\":\"required name=search_term_string\"}],\"inLanguage\":\"pt-BR\"},{\"@type\":\"WebPage\",\"@id\":\"https:\/\/franciscanos.org.br\/conventosantoantonio\/6o-dia-com-equilibrio-vamos-saber-cuidar\/\",\"url\":\"https:\/\/franciscanos.org.br\/conventosantoantonio\/6o-dia-com-equilibrio-vamos-saber-cuidar\/\",\"name\":\"6\u00ba Dia: \u201cCom equil\u00edbrio vamos saber cuidar\u201d - Convento Santo Ant\u00f4nio- Franciscanos\",\"isPartOf\":{\"@id\":\"https:\/\/franciscanos.org.br\/conventosantoantonio\/#website\"},\"datePublished\":\"2019-06-05T16:21:02+00:00\",\"dateModified\":\"2021-09-22T16:22:24+00:00\",\"author\":{\"@id\":\"https:\/\/franciscanos.org.br\/conventosantoantonio\/#\/schema\/person\/73421c01c49c32a7bb0a19d9b36df6ad\"},\"breadcrumb\":{\"@id\":\"https:\/\/franciscanos.org.br\/conventosantoantonio\/6o-dia-com-equilibrio-vamos-saber-cuidar\/#breadcrumb\"},\"inLanguage\":\"pt-BR\",\"potentialAction\":[{\"@type\":\"ReadAction\",\"target\":[\"https:\/\/franciscanos.org.br\/conventosantoantonio\/6o-dia-com-equilibrio-vamos-saber-cuidar\/\"]}]},{\"@type\":\"BreadcrumbList\",\"@id\":\"https:\/\/franciscanos.org.br\/conventosantoantonio\/6o-dia-com-equilibrio-vamos-saber-cuidar\/#breadcrumb\",\"itemListElement\":[{\"@type\":\"ListItem\",\"position\":1,\"name\":\"Home\",\"item\":\"https:\/\/franciscanos.org.br\/conventosantoantonio\/\"},{\"@type\":\"ListItem\",\"position\":2,\"name\":\"6\u00ba Dia: \u201cCom equil\u00edbrio vamos saber cuidar\u201d\"}]},{\"@type\":\"Person\",\"@id\":\"https:\/\/franciscanos.org.br\/conventosantoantonio\/#\/schema\/person\/73421c01c49c32a7bb0a19d9b36df6ad\",\"name\":\"moacir\",\"image\":{\"@type\":\"ImageObject\",\"inLanguage\":\"pt-BR\",\"@id\":\"https:\/\/franciscanos.org.br\/conventosantoantonio\/#\/schema\/person\/image\/\",\"url\":\"https:\/\/secure.gravatar.com\/avatar\/d08aa2ce4c8dd416d4479aa8536fcf64?s=96&d=mm&r=g\",\"contentUrl\":\"https:\/\/secure.gravatar.com\/avatar\/d08aa2ce4c8dd416d4479aa8536fcf64?s=96&d=mm&r=g\",\"caption\":\"moacir\"},\"url\":\"https:\/\/franciscanos.org.br\/conventosantoantonio\/author\/moacir\/\"}]}<\/script>\n<!-- \/ Yoast SEO plugin. -->","yoast_head_json":{"title":"6\u00ba Dia: \u201cCom equil\u00edbrio vamos saber cuidar\u201d - Convento Santo Ant\u00f4nio- Franciscanos","robots":{"index":"index","follow":"follow","max-snippet":"max-snippet:-1","max-image-preview":"max-image-preview:large","max-video-preview":"max-video-preview:-1"},"canonical":"https:\/\/franciscanos.org.br\/conventosantoantonio\/6o-dia-com-equilibrio-vamos-saber-cuidar\/","og_locale":"pt_BR","og_type":"article","og_title":"6\u00ba Dia: \u201cCom equil\u00edbrio vamos saber cuidar\u201d - Convento Santo Ant\u00f4nio- Franciscanos","og_description":"6\u00ba Dia da Trezena de Santo Ant\u00f4nio","og_url":"https:\/\/franciscanos.org.br\/conventosantoantonio\/6o-dia-com-equilibrio-vamos-saber-cuidar\/","og_site_name":"Convento Santo Ant\u00f4nio- Franciscanos","article_published_time":"2019-06-05T16:21:02+00:00","article_modified_time":"2021-09-22T16:22:24+00:00","og_image":[{"url":"https:\/\/franciscanos.org.br\/noticias\/wp-content\/uploads\/2019\/06\/trezena_050619.jpg"}],"author":"moacir","twitter_card":"summary_large_image","twitter_misc":{"Escrito por":"moacir","Est. tempo de leitura":"4 minutos"},"schema":{"@context":"https:\/\/schema.org","@graph":[{"@type":"WebSite","@id":"https:\/\/franciscanos.org.br\/conventosantoantonio\/#website","url":"https:\/\/franciscanos.org.br\/conventosantoantonio\/","name":"Convento Santo Ant\u00f4nio- Franciscanos","description":"Prov\u00edncia Franciscana da Imaculada Concei\u00e7\u00e3o do Brasil - Ordem dos Frades Menores","potentialAction":[{"@type":"SearchAction","target":{"@type":"EntryPoint","urlTemplate":"https:\/\/franciscanos.org.br\/conventosantoantonio\/?s={search_term_string}"},"query-input":"required name=search_term_string"}],"inLanguage":"pt-BR"},{"@type":"WebPage","@id":"https:\/\/franciscanos.org.br\/conventosantoantonio\/6o-dia-com-equilibrio-vamos-saber-cuidar\/","url":"https:\/\/franciscanos.org.br\/conventosantoantonio\/6o-dia-com-equilibrio-vamos-saber-cuidar\/","name":"6\u00ba Dia: \u201cCom equil\u00edbrio vamos saber cuidar\u201d - Convento Santo Ant\u00f4nio- Franciscanos","isPartOf":{"@id":"https:\/\/franciscanos.org.br\/conventosantoantonio\/#website"},"datePublished":"2019-06-05T16:21:02+00:00","dateModified":"2021-09-22T16:22:24+00:00","author":{"@id":"https:\/\/franciscanos.org.br\/conventosantoantonio\/#\/schema\/person\/73421c01c49c32a7bb0a19d9b36df6ad"},"breadcrumb":{"@id":"https:\/\/franciscanos.org.br\/conventosantoantonio\/6o-dia-com-equilibrio-vamos-saber-cuidar\/#breadcrumb"},"inLanguage":"pt-BR","potentialAction":[{"@type":"ReadAction","target":["https:\/\/franciscanos.org.br\/conventosantoantonio\/6o-dia-com-equilibrio-vamos-saber-cuidar\/"]}]},{"@type":"BreadcrumbList","@id":"https:\/\/franciscanos.org.br\/conventosantoantonio\/6o-dia-com-equilibrio-vamos-saber-cuidar\/#breadcrumb","itemListElement":[{"@type":"ListItem","position":1,"name":"Home","item":"https:\/\/franciscanos.org.br\/conventosantoantonio\/"},{"@type":"ListItem","position":2,"name":"6\u00ba Dia: \u201cCom equil\u00edbrio vamos saber cuidar\u201d"}]},{"@type":"Person","@id":"https:\/\/franciscanos.org.br\/conventosantoantonio\/#\/schema\/person\/73421c01c49c32a7bb0a19d9b36df6ad","name":"moacir","image":{"@type":"ImageObject","inLanguage":"pt-BR","@id":"https:\/\/franciscanos.org.br\/conventosantoantonio\/#\/schema\/person\/image\/","url":"https:\/\/secure.gravatar.com\/avatar\/d08aa2ce4c8dd416d4479aa8536fcf64?s=96&d=mm&r=g","contentUrl":"https:\/\/secure.gravatar.com\/avatar\/d08aa2ce4c8dd416d4479aa8536fcf64?s=96&d=mm&r=g","caption":"moacir"},"url":"https:\/\/franciscanos.org.br\/conventosantoantonio\/author\/moacir\/"}]}},"_links":{"self":[{"href":"https:\/\/franciscanos.org.br\/conventosantoantonio\/wp-json\/wp\/v2\/posts\/187782"}],"collection":[{"href":"https:\/\/franciscanos.org.br\/conventosantoantonio\/wp-json\/wp\/v2\/posts"}],"about":[{"href":"https:\/\/franciscanos.org.br\/conventosantoantonio\/wp-json\/wp\/v2\/types\/post"}],"author":[{"embeddable":true,"href":"https:\/\/franciscanos.org.br\/conventosantoantonio\/wp-json\/wp\/v2\/users\/3"}],"replies":[{"embeddable":true,"href":"https:\/\/franciscanos.org.br\/conventosantoantonio\/wp-json\/wp\/v2\/comments?post=187782"}],"version-history":[{"count":1,"href":"https:\/\/franciscanos.org.br\/conventosantoantonio\/wp-json\/wp\/v2\/posts\/187782\/revisions"}],"predecessor-version":[{"id":187783,"href":"https:\/\/franciscanos.org.br\/conventosantoantonio\/wp-json\/wp\/v2\/posts\/187782\/revisions\/187783"}],"wp:attachment":[{"href":"https:\/\/franciscanos.org.br\/conventosantoantonio\/wp-json\/wp\/v2\/media?parent=187782"}],"wp:term":[{"taxonomy":"category","embeddable":true,"href":"https:\/\/franciscanos.org.br\/conventosantoantonio\/wp-json\/wp\/v2\/categories?post=187782"},{"taxonomy":"post_tag","embeddable":true,"href":"https:\/\/franciscanos.org.br\/conventosantoantonio\/wp-json\/wp\/v2\/tags?post=187782"}],"curies":[{"name":"wp","href":"https:\/\/api.w.org\/{rel}","templated":true}]}}