{"id":187773,"date":"2019-06-08T13:14:38","date_gmt":"2019-06-08T16:14:38","guid":{"rendered":"https:\/\/franciscanos.org.br\/conventosantoantonio\/?p=187773"},"modified":"2021-09-22T13:15:47","modified_gmt":"2021-09-22T16:15:47","slug":"nono-dia-marca-o-encerramento-da-semana-de-oracao-pela-unidade-crista","status":"publish","type":"post","link":"https:\/\/franciscanos.org.br\/conventosantoantonio\/nono-dia-marca-o-encerramento-da-semana-de-oracao-pela-unidade-crista\/","title":{"rendered":"Nono dia marca o encerramento da Semana de Ora\u00e7\u00e3o pela Unidade Crist\u00e3"},"content":{"rendered":"<div class=\"post-content\">\n<p><img loading=\"lazy\" class=\"size-full wp-image-232188 alignnone\" src=\"https:\/\/franciscanos.org.br\/noticias\/wp-content\/uploads\/2019\/06\/trezena_080619_3-1.jpg\" alt=\"\" width=\"890\" height=\"668\" \/><\/p>\n<p>&nbsp;<\/p>\n<p><strong>\u00a0<\/strong><strong>Rio de Janeiro (RJ)<\/strong>\u00a0\u2013 O nono dia da Trezena de Santo Ant\u00f4nio no Convento do Largo da Carioca marcou o encerramento da Semana de Ora\u00e7\u00e3o pela Unidade Crist\u00e3, neste s\u00e1bado, 8 de junho. Crist\u00e3os e crist\u00e3s de todo o Brasil foram convidados pelo Conselho Nacional de Igrejas Crist\u00e3s (Conic) a celebrar o di\u00e1logo entre igrejas crist\u00e3s, a conviv\u00eancia pac\u00edfica e o respeito pela diversidade.<\/p>\n<p>Frei Od\u00e9cio presidiu a Missa, concelebrada por Frei Neylor.<\/p>\n<p><img loading=\"lazy\" class=\"alignnone size-full wp-image-205579\" src=\"https:\/\/franciscanos.org.br\/noticias\/wp-content\/uploads\/2019\/06\/trezena_080619_2.jpg\" alt=\"\" width=\"890\" height=\"668\" \/><\/p>\n<p>Para Frei Od\u00e9cio, somos chamados a estar algemados no bem. \u201cQuando n\u00f3s pensamos em algemas, pensamos em sermos libertados. Percebam que Paulo, em nenhum momento da 1\u00aa leitura falou que queria ser liberto daquelas algemas, porque elas eram algemas do amor: \u2018Eu n\u00e3o fiz nada de errado contra o meu povo\u201d, explicou o frade.<\/p>\n<p>\u201cCristo tamb\u00e9m, quando realiza a maior a\u00e7\u00e3o de liberta\u00e7\u00e3o est\u00e1 pregado, est\u00e1 algemado, \u00e0 cruz. E assim somos chamados a vivermos essa liga\u00e7\u00e3o indissol\u00favel\u201d, acrescentou Frei Od\u00e9cio. Para ele, hoje, jogamos fora as algemas do bem, do compromisso, da responsabilidade, da caridade, da obedi\u00eancia. \u201cTudo isso n\u00f3s queremos renunciar e abra\u00e7ar as algemas f\u00e1ceis, que s\u00e3o imorais, como na falta de compromisso, do imobilismo, do pecado que nos leva a nada. Cristo \u00e9 tudo, diz S\u00e3o Francisco. O pecado \u00e9 a morte, o nada. Quem est\u00e1 algemado na morte, est\u00e1 no nada. Quem est\u00e1 algemado em Cristo, est\u00e1 ligado para sempre ao Deus da vida\u201d, completou Frei Od\u00e9cio.<\/p>\n<p>Para fugir desse pecado, Frei Neylor terminou com um pensamento de Santo Ant\u00f4nio: \u201cSer\u00e1s queimado no fogo que tiveres acendido para ti neste mundo. Queres dele escapar? N\u00e3o o acendas; ou, se o acendeste, apaga-o, extingue o inc\u00eandio do pecado\u201d.<\/p>\n<p>Neste domingo, no d\u00e9cimo dia da Trezena, o tema \u00e9 \u201cSanto Ant\u00f4nio e a Coragem de Viver\u201d.<\/p>\n<hr \/>\n<p><em>Moacir Beggo<\/em><\/p>\n<\/div>\n","protected":false},"excerpt":{"rendered":"<p>9\u00ba Dia da Trezena de Santo Ant\u00f4nio<\/p>\n","protected":false},"author":3,"featured_media":0,"comment_status":"open","ping_status":"open","sticky":false,"template":"","format":"standard","meta":[],"categories":[105],"tags":[347],"yoast_head":"<!-- This site is optimized with the Yoast SEO plugin v19.4 - https:\/\/yoast.com\/wordpress\/plugins\/seo\/ -->\n<title>Nono dia marca o encerramento da Semana de Ora\u00e7\u00e3o pela Unidade Crist\u00e3 - Convento Santo Ant\u00f4nio- Franciscanos<\/title>\n<meta name=\"robots\" content=\"index, follow, max-snippet:-1, max-image-preview:large, max-video-preview:-1\" \/>\n<link rel=\"canonical\" href=\"https:\/\/franciscanos.org.br\/conventosantoantonio\/nono-dia-marca-o-encerramento-da-semana-de-oracao-pela-unidade-crista\/\" \/>\n<meta property=\"og:locale\" content=\"pt_BR\" \/>\n<meta property=\"og:type\" content=\"article\" \/>\n<meta property=\"og:title\" content=\"Nono dia marca o encerramento da Semana de Ora\u00e7\u00e3o pela Unidade Crist\u00e3 - Convento Santo Ant\u00f4nio- Franciscanos\" \/>\n<meta property=\"og:description\" content=\"9\u00ba Dia da Trezena de Santo Ant\u00f4nio\" \/>\n<meta property=\"og:url\" content=\"https:\/\/franciscanos.org.br\/conventosantoantonio\/nono-dia-marca-o-encerramento-da-semana-de-oracao-pela-unidade-crista\/\" \/>\n<meta property=\"og:site_name\" content=\"Convento Santo Ant\u00f4nio- Franciscanos\" \/>\n<meta property=\"article:published_time\" content=\"2019-06-08T16:14:38+00:00\" \/>\n<meta property=\"article:modified_time\" content=\"2021-09-22T16:15:47+00:00\" \/>\n<meta property=\"og:image\" content=\"https:\/\/franciscanos.org.br\/noticias\/wp-content\/uploads\/2019\/06\/trezena_080619_3-1.jpg\" \/>\n<meta name=\"author\" content=\"moacir\" \/>\n<meta name=\"twitter:card\" content=\"summary_large_image\" \/>\n<meta name=\"twitter:label1\" content=\"Escrito por\" \/>\n\t<meta name=\"twitter:data1\" content=\"moacir\" \/>\n\t<meta name=\"twitter:label2\" content=\"Est. tempo de leitura\" \/>\n\t<meta name=\"twitter:data2\" content=\"2 minutos\" \/>\n<script type=\"application\/ld+json\" class=\"yoast-schema-graph\">{\"@context\":\"https:\/\/schema.org\",\"@graph\":[{\"@type\":\"WebSite\",\"@id\":\"https:\/\/franciscanos.org.br\/conventosantoantonio\/#website\",\"url\":\"https:\/\/franciscanos.org.br\/conventosantoantonio\/\",\"name\":\"Convento Santo Ant\u00f4nio- Franciscanos\",\"description\":\"Prov\u00edncia Franciscana da Imaculada Concei\u00e7\u00e3o do Brasil - Ordem dos Frades Menores\",\"potentialAction\":[{\"@type\":\"SearchAction\",\"target\":{\"@type\":\"EntryPoint\",\"urlTemplate\":\"https:\/\/franciscanos.org.br\/conventosantoantonio\/?s={search_term_string}\"},\"query-input\":\"required name=search_term_string\"}],\"inLanguage\":\"pt-BR\"},{\"@type\":\"WebPage\",\"@id\":\"https:\/\/franciscanos.org.br\/conventosantoantonio\/nono-dia-marca-o-encerramento-da-semana-de-oracao-pela-unidade-crista\/\",\"url\":\"https:\/\/franciscanos.org.br\/conventosantoantonio\/nono-dia-marca-o-encerramento-da-semana-de-oracao-pela-unidade-crista\/\",\"name\":\"Nono dia marca o encerramento da Semana de Ora\u00e7\u00e3o pela Unidade Crist\u00e3 - Convento Santo Ant\u00f4nio- Franciscanos\",\"isPartOf\":{\"@id\":\"https:\/\/franciscanos.org.br\/conventosantoantonio\/#website\"},\"datePublished\":\"2019-06-08T16:14:38+00:00\",\"dateModified\":\"2021-09-22T16:15:47+00:00\",\"author\":{\"@id\":\"https:\/\/franciscanos.org.br\/conventosantoantonio\/#\/schema\/person\/73421c01c49c32a7bb0a19d9b36df6ad\"},\"breadcrumb\":{\"@id\":\"https:\/\/franciscanos.org.br\/conventosantoantonio\/nono-dia-marca-o-encerramento-da-semana-de-oracao-pela-unidade-crista\/#breadcrumb\"},\"inLanguage\":\"pt-BR\",\"potentialAction\":[{\"@type\":\"ReadAction\",\"target\":[\"https:\/\/franciscanos.org.br\/conventosantoantonio\/nono-dia-marca-o-encerramento-da-semana-de-oracao-pela-unidade-crista\/\"]}]},{\"@type\":\"BreadcrumbList\",\"@id\":\"https:\/\/franciscanos.org.br\/conventosantoantonio\/nono-dia-marca-o-encerramento-da-semana-de-oracao-pela-unidade-crista\/#breadcrumb\",\"itemListElement\":[{\"@type\":\"ListItem\",\"position\":1,\"name\":\"Home\",\"item\":\"https:\/\/franciscanos.org.br\/conventosantoantonio\/\"},{\"@type\":\"ListItem\",\"position\":2,\"name\":\"Nono dia marca o encerramento da Semana de Ora\u00e7\u00e3o pela Unidade Crist\u00e3\"}]},{\"@type\":\"Person\",\"@id\":\"https:\/\/franciscanos.org.br\/conventosantoantonio\/#\/schema\/person\/73421c01c49c32a7bb0a19d9b36df6ad\",\"name\":\"moacir\",\"image\":{\"@type\":\"ImageObject\",\"inLanguage\":\"pt-BR\",\"@id\":\"https:\/\/franciscanos.org.br\/conventosantoantonio\/#\/schema\/person\/image\/\",\"url\":\"https:\/\/secure.gravatar.com\/avatar\/d08aa2ce4c8dd416d4479aa8536fcf64?s=96&d=mm&r=g\",\"contentUrl\":\"https:\/\/secure.gravatar.com\/avatar\/d08aa2ce4c8dd416d4479aa8536fcf64?s=96&d=mm&r=g\",\"caption\":\"moacir\"},\"url\":\"https:\/\/franciscanos.org.br\/conventosantoantonio\/author\/moacir\/\"}]}<\/script>\n<!-- \/ Yoast SEO plugin. -->","yoast_head_json":{"title":"Nono dia marca o encerramento da Semana de Ora\u00e7\u00e3o pela Unidade Crist\u00e3 - Convento Santo Ant\u00f4nio- Franciscanos","robots":{"index":"index","follow":"follow","max-snippet":"max-snippet:-1","max-image-preview":"max-image-preview:large","max-video-preview":"max-video-preview:-1"},"canonical":"https:\/\/franciscanos.org.br\/conventosantoantonio\/nono-dia-marca-o-encerramento-da-semana-de-oracao-pela-unidade-crista\/","og_locale":"pt_BR","og_type":"article","og_title":"Nono dia marca o encerramento da Semana de Ora\u00e7\u00e3o pela Unidade Crist\u00e3 - Convento Santo Ant\u00f4nio- Franciscanos","og_description":"9\u00ba Dia da Trezena de Santo Ant\u00f4nio","og_url":"https:\/\/franciscanos.org.br\/conventosantoantonio\/nono-dia-marca-o-encerramento-da-semana-de-oracao-pela-unidade-crista\/","og_site_name":"Convento Santo Ant\u00f4nio- Franciscanos","article_published_time":"2019-06-08T16:14:38+00:00","article_modified_time":"2021-09-22T16:15:47+00:00","og_image":[{"url":"https:\/\/franciscanos.org.br\/noticias\/wp-content\/uploads\/2019\/06\/trezena_080619_3-1.jpg"}],"author":"moacir","twitter_card":"summary_large_image","twitter_misc":{"Escrito por":"moacir","Est. tempo de leitura":"2 minutos"},"schema":{"@context":"https:\/\/schema.org","@graph":[{"@type":"WebSite","@id":"https:\/\/franciscanos.org.br\/conventosantoantonio\/#website","url":"https:\/\/franciscanos.org.br\/conventosantoantonio\/","name":"Convento Santo Ant\u00f4nio- Franciscanos","description":"Prov\u00edncia Franciscana da Imaculada Concei\u00e7\u00e3o do Brasil - Ordem dos Frades Menores","potentialAction":[{"@type":"SearchAction","target":{"@type":"EntryPoint","urlTemplate":"https:\/\/franciscanos.org.br\/conventosantoantonio\/?s={search_term_string}"},"query-input":"required name=search_term_string"}],"inLanguage":"pt-BR"},{"@type":"WebPage","@id":"https:\/\/franciscanos.org.br\/conventosantoantonio\/nono-dia-marca-o-encerramento-da-semana-de-oracao-pela-unidade-crista\/","url":"https:\/\/franciscanos.org.br\/conventosantoantonio\/nono-dia-marca-o-encerramento-da-semana-de-oracao-pela-unidade-crista\/","name":"Nono dia marca o encerramento da Semana de Ora\u00e7\u00e3o pela Unidade Crist\u00e3 - Convento Santo Ant\u00f4nio- Franciscanos","isPartOf":{"@id":"https:\/\/franciscanos.org.br\/conventosantoantonio\/#website"},"datePublished":"2019-06-08T16:14:38+00:00","dateModified":"2021-09-22T16:15:47+00:00","author":{"@id":"https:\/\/franciscanos.org.br\/conventosantoantonio\/#\/schema\/person\/73421c01c49c32a7bb0a19d9b36df6ad"},"breadcrumb":{"@id":"https:\/\/franciscanos.org.br\/conventosantoantonio\/nono-dia-marca-o-encerramento-da-semana-de-oracao-pela-unidade-crista\/#breadcrumb"},"inLanguage":"pt-BR","potentialAction":[{"@type":"ReadAction","target":["https:\/\/franciscanos.org.br\/conventosantoantonio\/nono-dia-marca-o-encerramento-da-semana-de-oracao-pela-unidade-crista\/"]}]},{"@type":"BreadcrumbList","@id":"https:\/\/franciscanos.org.br\/conventosantoantonio\/nono-dia-marca-o-encerramento-da-semana-de-oracao-pela-unidade-crista\/#breadcrumb","itemListElement":[{"@type":"ListItem","position":1,"name":"Home","item":"https:\/\/franciscanos.org.br\/conventosantoantonio\/"},{"@type":"ListItem","position":2,"name":"Nono dia marca o encerramento da Semana de Ora\u00e7\u00e3o pela Unidade Crist\u00e3"}]},{"@type":"Person","@id":"https:\/\/franciscanos.org.br\/conventosantoantonio\/#\/schema\/person\/73421c01c49c32a7bb0a19d9b36df6ad","name":"moacir","image":{"@type":"ImageObject","inLanguage":"pt-BR","@id":"https:\/\/franciscanos.org.br\/conventosantoantonio\/#\/schema\/person\/image\/","url":"https:\/\/secure.gravatar.com\/avatar\/d08aa2ce4c8dd416d4479aa8536fcf64?s=96&d=mm&r=g","contentUrl":"https:\/\/secure.gravatar.com\/avatar\/d08aa2ce4c8dd416d4479aa8536fcf64?s=96&d=mm&r=g","caption":"moacir"},"url":"https:\/\/franciscanos.org.br\/conventosantoantonio\/author\/moacir\/"}]}},"_links":{"self":[{"href":"https:\/\/franciscanos.org.br\/conventosantoantonio\/wp-json\/wp\/v2\/posts\/187773"}],"collection":[{"href":"https:\/\/franciscanos.org.br\/conventosantoantonio\/wp-json\/wp\/v2\/posts"}],"about":[{"href":"https:\/\/franciscanos.org.br\/conventosantoantonio\/wp-json\/wp\/v2\/types\/post"}],"author":[{"embeddable":true,"href":"https:\/\/franciscanos.org.br\/conventosantoantonio\/wp-json\/wp\/v2\/users\/3"}],"replies":[{"embeddable":true,"href":"https:\/\/franciscanos.org.br\/conventosantoantonio\/wp-json\/wp\/v2\/comments?post=187773"}],"version-history":[{"count":1,"href":"https:\/\/franciscanos.org.br\/conventosantoantonio\/wp-json\/wp\/v2\/posts\/187773\/revisions"}],"predecessor-version":[{"id":187774,"href":"https:\/\/franciscanos.org.br\/conventosantoantonio\/wp-json\/wp\/v2\/posts\/187773\/revisions\/187774"}],"wp:attachment":[{"href":"https:\/\/franciscanos.org.br\/conventosantoantonio\/wp-json\/wp\/v2\/media?parent=187773"}],"wp:term":[{"taxonomy":"category","embeddable":true,"href":"https:\/\/franciscanos.org.br\/conventosantoantonio\/wp-json\/wp\/v2\/categories?post=187773"},{"taxonomy":"post_tag","embeddable":true,"href":"https:\/\/franciscanos.org.br\/conventosantoantonio\/wp-json\/wp\/v2\/tags?post=187773"}],"curies":[{"name":"wp","href":"https:\/\/api.w.org\/{rel}","templated":true}]}}