{"id":187769,"date":"2019-06-09T13:12:29","date_gmt":"2019-06-09T16:12:29","guid":{"rendered":"https:\/\/franciscanos.org.br\/conventosantoantonio\/?p=187769"},"modified":"2021-09-22T13:14:14","modified_gmt":"2021-09-22T16:14:14","slug":"cuidemos-bem-deste-hospede-da-nossa-alma","status":"publish","type":"post","link":"https:\/\/franciscanos.org.br\/conventosantoantonio\/cuidemos-bem-deste-hospede-da-nossa-alma\/","title":{"rendered":"\u201cCuidemos bem deste h\u00f3spede da nossa alma\u201d"},"content":{"rendered":"<header class=\"entry-header\">\n<div class=\"post-meta\">\n<div class=\"fleft\"><img loading=\"lazy\" class=\"alignnone wp-image-205679\" src=\"https:\/\/franciscanos.org.br\/noticias\/wp-content\/uploads\/2019\/06\/trezena_090619_4.jpg\" alt=\"\" width=\"608\" height=\"456\" \/><\/div>\n<\/div>\n<\/header>\n<div class=\"post-content\">\n<p><strong>\u00a0<\/strong><strong>Rio de Janeiro (RJ)<\/strong>\u00a0\u2013 \u201cO Esp\u00edrito Santo vive em cada um de n\u00f3s. Ele nos conduz, Ele mostra a vontade de Deus, Ele nos encoraja a vivermos o momento presente e futuro. Aproveitemos mais e melhor os seus dons!\u201d Foi esta a mensagem central do pregador Frei Robson Guimar\u00e3es e presidente da Celebra\u00e7\u00e3o Eucar\u00edstica deste domingo, 9 de junho, solenidade de Pentecostes, no Convento Santo Ant\u00f4nio do Largo da Carioca. Ter a coragem de viver tamb\u00e9m foi o tema da Trezena de Santo Ant\u00f4nio no d\u00e9cimo dia.<\/p>\n<p>A Missa solene teve como concelebrantes os frades do Convento: Frei Anselmo Fracasso, Frei Carlos Branco, Frei Guido Scottini, Frei Od\u00e9cio Lima e o guardi\u00e3o Frei Jos\u00e9 Pereira. No servi\u00e7o do altar e da sacristia, Frei Leonardo Pinto.<\/p>\n<p>Esse tema, segundo Frei Robson, possibilita a oportunidade de vislumbrar, mesmo que brevemente, a vida de Santo Ant\u00f4nio, como por exemplo a sua \u201ccoragem em acolher\u201d e \u201cviver com coragem\u201d o dom da sua voca\u00e7\u00e3o religiosa e sacerdotal. De fam\u00edlia rica e abastada de Lisboa, o jovem Fernando de Bulh\u00f5es abandona o conforto do lar e a conviv\u00eancia com seus pais para viver o seu chamado, primeiro com os frades agostinianos e depois com os filhos de S\u00e3o Francisco de Assis, destacando-se como um dos maiores pregadores da Igreja.<\/p>\n<p><img loading=\"lazy\" class=\"alignnone wp-image-205680\" src=\"https:\/\/franciscanos.org.br\/noticias\/wp-content\/uploads\/2019\/06\/trezena_090619.jpg\" alt=\"\" width=\"606\" height=\"783\" \/><\/p>\n<p>Questionando os fi\u00e9is devotos de Santo Ant\u00f4nio, o pregador perguntou: A solenidade de hoje nos inspira a termos a coragem de vivermos a vontade de Deus como Santo Ant\u00f4nio teve? A coragem que, tamb\u00e9m faltava aos disc\u00edpulos depois da morte de Jesus, j\u00e1 \u00e9 outra quando Jesus ressuscitado, colocando-se no meio deles, ofereceu-lhes a paz e soprou sobre eles \u2013 e lhes ofereceu dois dons: a paz e o Esp\u00edrito Santo. A paz esteja convosco. Como o Pai me enviou, tamb\u00e9m eu vos envio. Soprou sobre eles e disse-lhes: recebei o Esp\u00edrito Santo.<\/p>\n<p>\u201cTudo mudou a partir deste sopro que lhes deu a coragem para viverem o Evangelho. N\u00e3o mais uma multid\u00e3o, mas apenas os ap\u00f3stolos; n\u00e3o mais a forte ventania vinda do c\u00e9u, mas o suave sopro de Jesus. A ventania descida do c\u00e9u cedeu lugar ao sopro daquele que desceu do c\u00e9u para ser a vida do mundo: Jesus ressuscitado\u201d, lembrou Frei Robson.<\/p>\n<p>Segundo o pregador, este sopro \u00e9 s\u00edmbolo do in\u00edcio de uma nova cria\u00e7\u00e3o. \u201cPor que nova? Ora o Esp\u00edrito Santo foi enviado pelo Pai e o Filho para renovar a face da terra, para santificar os homens! Se a primeira cria\u00e7\u00e3o (c\u00e9u, terra e o homem) foi arrematada pelo sopro de Deus, esta nova cria\u00e7\u00e3o foi iniciada com a comunica\u00e7\u00e3o do Esp\u00edrito Santo, atrav\u00e9s do sopro de Jesus sobre os ap\u00f3stolos e a Igreja que ali nascia. Sim, a Igreja que ali nasceu foi se expandindo at\u00e9 aos nossos dias\u2026 E se expandir\u00e1 at\u00e9 o fim dos tempos anunciando com coragem a viv\u00eancia da mensagem do Ressuscitado, para justamente renovar a face da terra com sua mensagem de santifica\u00e7\u00e3o, de salva\u00e7\u00e3o\u201d, animou o frade.<\/p>\n<p><img loading=\"lazy\" class=\"alignnone wp-image-205681\" src=\"https:\/\/franciscanos.org.br\/noticias\/wp-content\/uploads\/2019\/06\/trezena_090619_2.jpg\" alt=\"\" width=\"608\" height=\"456\" \/><\/p>\n<p>Frei Robson, ent\u00e3o, chamou a aten\u00e7\u00e3o para os tr\u00eas sopros da Trindade:<\/p>\n<ol>\n<li>Primeiramente Deus que, ap\u00f3s criar c\u00e9u e terra, insuflou um h\u00e1lito de vida nas narinas do homem, para que se tornasse um ser vivente. Interessante, na hist\u00f3ria b\u00edblica, o homem teve origem no delicado e amoroso sopro de Deus.<\/li>\n<li>Depois, o sopro de Jesus sobre os ap\u00f3stolos, comunicando-lhes o Esp\u00edrito Santo, para que eles iniciassem com a Igreja uma nova cria\u00e7\u00e3o, renovassem a face da terra com a mensagem do Ressuscitado.<\/li>\n<li>O Esp\u00edrito Santo tamb\u00e9m sopra e sopra onde Ele quer. Ele sopra em cada Santa Missa diante do nosso olhar, quando o sacerdote estende as m\u00e3os sobre as oferendas para serem santificadas pelo Esp\u00edrito, a fim de que o p\u00e3o se torne Corpo e vinho se torne Sangue \u2013 Corpo e Sangue de Jesus Cristo\u2026<\/li>\n<\/ol>\n<p>\u201cNem sempre nos damos conta desta presen\u00e7a sutil, delicada e eficiente do Esp\u00edrito Santo nas oferendas, transubstanciando o p\u00e3o no Corpo e o vinho no Sangue do Filho de Deus. E que sopro! O sopro para tornar a Eucaristia poss\u00edvel, e assim permanecer o Cristo no centro da Igreja, Cristo alimentando a vida da nossa alma, alimentando-nos com o seu divino Corpo e o seu precioso Sangue\u201d, observou.<\/p>\n<p><img loading=\"lazy\" class=\"alignnone wp-image-205682\" src=\"https:\/\/franciscanos.org.br\/noticias\/wp-content\/uploads\/2019\/06\/trezena_090619_1.jpg\" alt=\"\" width=\"603\" height=\"452\" \/><\/p>\n<p>J\u00e1 concluindo, exortou a todos para que cuidemos bem deste h\u00f3spede da nossa alma, o Esp\u00edrito Santo. Ele vive em cada um de n\u00f3s! Ele foi soprado e colocado em nossas almas no dia do nosso batismo.<\/p>\n<p>\u201cNeste dia, recebemos o Esp\u00edrito Santo com seus sete dons: dons aumentados, fortificados, robustecidos, plenificados na nossa Confirma\u00e7\u00e3o! O Esp\u00edrito n\u00e3o apenas habita em n\u00f3s. Ele nos conduz, Ele mostra a vontade de Deus. Ele nos encoraja a vivermos o momento presente e futuro, aproveitemos mais e melhor os seus dons! No nosso tempo, tempo de incertezas e inquieta\u00e7\u00f5es, temos cada vez mais necessidade de descobrir o sentido da nossa exist\u00eancia. Afinal, o que tem valor na vida? Por que e para que vivemos e estamos neste mundo? Como temos necessidade de ficarmos mais, diante de Deus, para vislumbrarmos respostas \u00e0s estas indaga\u00e7\u00f5es, para encontrarmos for\u00e7as e seguirmos confiantes em meio as inevit\u00e1veis inquieta\u00e7\u00f5es da exist\u00eancia, o Esp\u00edrito Santo ajuda muito neste exerc\u00edcio!\u201d, indicou o frade.<\/p>\n<p>\u201cFiquemos com S\u00e3o Paulo ap\u00f3stolo e com Santo Ant\u00f4nio. Eles nos falam dos frutos do Esp\u00edrito e pedem que vivamos, n\u00e3o segundo a carne, mas segundo o Esp\u00edrito! Quem sabe, a partir deste Pentecostes, alimentarmo-nos mais destes frutos: amor, coragem de viver o seguimento de Cristo, alegria, paz, longanimidade, bondade, fidelidade, autodom\u00ednio, mansid\u00e3o, coragem de viver a voca\u00e7\u00e3o que Deus nos concedeu! Certamente, nossa vida ganhar\u00e1 mais ora\u00e7\u00e3o, mais sentido, melhor dire\u00e7\u00e3o\u201d, concluiu pedindo: Enviai, Senhor, o vosso Esp\u00edrito e renovai a face da terra!<\/p>\n<p><img loading=\"lazy\" class=\"alignnone wp-image-205683\" src=\"https:\/\/franciscanos.org.br\/noticias\/wp-content\/uploads\/2019\/06\/trezena_090619_5.jpg\" alt=\"\" width=\"614\" height=\"469\" \/><\/p>\n<p>Depois da comunh\u00e3o, o C\u00edrio Pascal foi apagado, encerrando o Tempo Pascal na liturgia. Agora, retorna o Tempo Comum at\u00e9 a chegada do Advento no final de novembro.<\/p>\n<p><strong>DOM ORANI CELEBRA NO CONVENTO<\/strong><\/p>\n<p>Nesta segunda-feira, 10 de junho, a Trezena chega ao 11\u00ba dia.\u00a0 O Arcebispo do Rio de Janeiro, Cardeal Orani Jo\u00e3o Tempesta, presidir\u00e1 a Missa da Trezena de Santo Ant\u00f4nio neste Convento, no Largo da Carioca, \u00a0\u00e0s 18 horas, tendo como tema \u201cSanto Ant\u00f4nio e Maria, M\u00e3e da Igreja\u201d.<\/p>\n<p>A 337\u00aa Trezena de Santo Ant\u00f4nio \u00e9 celebrada nas Missas das 12 e 18 horas de segunda a sexta-feira e \u00e0s 10 horas, aos s\u00e1bados e domingos.<\/p>\n<hr \/>\n<p><em>Moacir Beggo<\/em><\/p>\n<\/div>\n","protected":false},"excerpt":{"rendered":"<p>10\u00ba Dia da Trezena de Santo Ant\u00f4nio<\/p>\n","protected":false},"author":3,"featured_media":0,"comment_status":"open","ping_status":"open","sticky":false,"template":"","format":"standard","meta":[],"categories":[105],"tags":[],"yoast_head":"<!-- This site is optimized with the Yoast SEO plugin v19.4 - https:\/\/yoast.com\/wordpress\/plugins\/seo\/ -->\n<title>\u201cCuidemos bem deste h\u00f3spede da nossa alma\u201d - Convento Santo Ant\u00f4nio- Franciscanos<\/title>\n<meta name=\"robots\" content=\"index, follow, max-snippet:-1, max-image-preview:large, max-video-preview:-1\" \/>\n<link rel=\"canonical\" href=\"https:\/\/franciscanos.org.br\/conventosantoantonio\/cuidemos-bem-deste-hospede-da-nossa-alma\/\" \/>\n<meta property=\"og:locale\" content=\"pt_BR\" \/>\n<meta property=\"og:type\" content=\"article\" \/>\n<meta property=\"og:title\" content=\"\u201cCuidemos bem deste h\u00f3spede da nossa alma\u201d - Convento Santo Ant\u00f4nio- Franciscanos\" \/>\n<meta property=\"og:description\" content=\"10\u00ba Dia da Trezena de Santo Ant\u00f4nio\" \/>\n<meta property=\"og:url\" content=\"https:\/\/franciscanos.org.br\/conventosantoantonio\/cuidemos-bem-deste-hospede-da-nossa-alma\/\" \/>\n<meta property=\"og:site_name\" content=\"Convento Santo Ant\u00f4nio- Franciscanos\" \/>\n<meta property=\"article:published_time\" content=\"2019-06-09T16:12:29+00:00\" \/>\n<meta property=\"article:modified_time\" content=\"2021-09-22T16:14:14+00:00\" \/>\n<meta property=\"og:image\" content=\"https:\/\/franciscanos.org.br\/noticias\/wp-content\/uploads\/2019\/06\/trezena_090619_4.jpg\" \/>\n<meta name=\"author\" content=\"moacir\" \/>\n<meta name=\"twitter:card\" content=\"summary_large_image\" \/>\n<meta name=\"twitter:label1\" content=\"Escrito por\" \/>\n\t<meta name=\"twitter:data1\" content=\"moacir\" \/>\n\t<meta name=\"twitter:label2\" content=\"Est. tempo de leitura\" \/>\n\t<meta name=\"twitter:data2\" content=\"6 minutos\" \/>\n<script type=\"application\/ld+json\" class=\"yoast-schema-graph\">{\"@context\":\"https:\/\/schema.org\",\"@graph\":[{\"@type\":\"WebSite\",\"@id\":\"https:\/\/franciscanos.org.br\/conventosantoantonio\/#website\",\"url\":\"https:\/\/franciscanos.org.br\/conventosantoantonio\/\",\"name\":\"Convento Santo Ant\u00f4nio- Franciscanos\",\"description\":\"Prov\u00edncia Franciscana da Imaculada Concei\u00e7\u00e3o do Brasil - Ordem dos Frades Menores\",\"potentialAction\":[{\"@type\":\"SearchAction\",\"target\":{\"@type\":\"EntryPoint\",\"urlTemplate\":\"https:\/\/franciscanos.org.br\/conventosantoantonio\/?s={search_term_string}\"},\"query-input\":\"required name=search_term_string\"}],\"inLanguage\":\"pt-BR\"},{\"@type\":\"WebPage\",\"@id\":\"https:\/\/franciscanos.org.br\/conventosantoantonio\/cuidemos-bem-deste-hospede-da-nossa-alma\/\",\"url\":\"https:\/\/franciscanos.org.br\/conventosantoantonio\/cuidemos-bem-deste-hospede-da-nossa-alma\/\",\"name\":\"\u201cCuidemos bem deste h\u00f3spede da nossa alma\u201d - Convento Santo Ant\u00f4nio- Franciscanos\",\"isPartOf\":{\"@id\":\"https:\/\/franciscanos.org.br\/conventosantoantonio\/#website\"},\"datePublished\":\"2019-06-09T16:12:29+00:00\",\"dateModified\":\"2021-09-22T16:14:14+00:00\",\"author\":{\"@id\":\"https:\/\/franciscanos.org.br\/conventosantoantonio\/#\/schema\/person\/73421c01c49c32a7bb0a19d9b36df6ad\"},\"breadcrumb\":{\"@id\":\"https:\/\/franciscanos.org.br\/conventosantoantonio\/cuidemos-bem-deste-hospede-da-nossa-alma\/#breadcrumb\"},\"inLanguage\":\"pt-BR\",\"potentialAction\":[{\"@type\":\"ReadAction\",\"target\":[\"https:\/\/franciscanos.org.br\/conventosantoantonio\/cuidemos-bem-deste-hospede-da-nossa-alma\/\"]}]},{\"@type\":\"BreadcrumbList\",\"@id\":\"https:\/\/franciscanos.org.br\/conventosantoantonio\/cuidemos-bem-deste-hospede-da-nossa-alma\/#breadcrumb\",\"itemListElement\":[{\"@type\":\"ListItem\",\"position\":1,\"name\":\"Home\",\"item\":\"https:\/\/franciscanos.org.br\/conventosantoantonio\/\"},{\"@type\":\"ListItem\",\"position\":2,\"name\":\"\u201cCuidemos bem deste h\u00f3spede da nossa alma\u201d\"}]},{\"@type\":\"Person\",\"@id\":\"https:\/\/franciscanos.org.br\/conventosantoantonio\/#\/schema\/person\/73421c01c49c32a7bb0a19d9b36df6ad\",\"name\":\"moacir\",\"image\":{\"@type\":\"ImageObject\",\"inLanguage\":\"pt-BR\",\"@id\":\"https:\/\/franciscanos.org.br\/conventosantoantonio\/#\/schema\/person\/image\/\",\"url\":\"https:\/\/secure.gravatar.com\/avatar\/d08aa2ce4c8dd416d4479aa8536fcf64?s=96&d=mm&r=g\",\"contentUrl\":\"https:\/\/secure.gravatar.com\/avatar\/d08aa2ce4c8dd416d4479aa8536fcf64?s=96&d=mm&r=g\",\"caption\":\"moacir\"},\"url\":\"https:\/\/franciscanos.org.br\/conventosantoantonio\/author\/moacir\/\"}]}<\/script>\n<!-- \/ Yoast SEO plugin. -->","yoast_head_json":{"title":"\u201cCuidemos bem deste h\u00f3spede da nossa alma\u201d - Convento Santo Ant\u00f4nio- Franciscanos","robots":{"index":"index","follow":"follow","max-snippet":"max-snippet:-1","max-image-preview":"max-image-preview:large","max-video-preview":"max-video-preview:-1"},"canonical":"https:\/\/franciscanos.org.br\/conventosantoantonio\/cuidemos-bem-deste-hospede-da-nossa-alma\/","og_locale":"pt_BR","og_type":"article","og_title":"\u201cCuidemos bem deste h\u00f3spede da nossa alma\u201d - Convento Santo Ant\u00f4nio- Franciscanos","og_description":"10\u00ba Dia da Trezena de Santo Ant\u00f4nio","og_url":"https:\/\/franciscanos.org.br\/conventosantoantonio\/cuidemos-bem-deste-hospede-da-nossa-alma\/","og_site_name":"Convento Santo Ant\u00f4nio- Franciscanos","article_published_time":"2019-06-09T16:12:29+00:00","article_modified_time":"2021-09-22T16:14:14+00:00","og_image":[{"url":"https:\/\/franciscanos.org.br\/noticias\/wp-content\/uploads\/2019\/06\/trezena_090619_4.jpg"}],"author":"moacir","twitter_card":"summary_large_image","twitter_misc":{"Escrito por":"moacir","Est. tempo de leitura":"6 minutos"},"schema":{"@context":"https:\/\/schema.org","@graph":[{"@type":"WebSite","@id":"https:\/\/franciscanos.org.br\/conventosantoantonio\/#website","url":"https:\/\/franciscanos.org.br\/conventosantoantonio\/","name":"Convento Santo Ant\u00f4nio- Franciscanos","description":"Prov\u00edncia Franciscana da Imaculada Concei\u00e7\u00e3o do Brasil - Ordem dos Frades Menores","potentialAction":[{"@type":"SearchAction","target":{"@type":"EntryPoint","urlTemplate":"https:\/\/franciscanos.org.br\/conventosantoantonio\/?s={search_term_string}"},"query-input":"required name=search_term_string"}],"inLanguage":"pt-BR"},{"@type":"WebPage","@id":"https:\/\/franciscanos.org.br\/conventosantoantonio\/cuidemos-bem-deste-hospede-da-nossa-alma\/","url":"https:\/\/franciscanos.org.br\/conventosantoantonio\/cuidemos-bem-deste-hospede-da-nossa-alma\/","name":"\u201cCuidemos bem deste h\u00f3spede da nossa alma\u201d - Convento Santo Ant\u00f4nio- Franciscanos","isPartOf":{"@id":"https:\/\/franciscanos.org.br\/conventosantoantonio\/#website"},"datePublished":"2019-06-09T16:12:29+00:00","dateModified":"2021-09-22T16:14:14+00:00","author":{"@id":"https:\/\/franciscanos.org.br\/conventosantoantonio\/#\/schema\/person\/73421c01c49c32a7bb0a19d9b36df6ad"},"breadcrumb":{"@id":"https:\/\/franciscanos.org.br\/conventosantoantonio\/cuidemos-bem-deste-hospede-da-nossa-alma\/#breadcrumb"},"inLanguage":"pt-BR","potentialAction":[{"@type":"ReadAction","target":["https:\/\/franciscanos.org.br\/conventosantoantonio\/cuidemos-bem-deste-hospede-da-nossa-alma\/"]}]},{"@type":"BreadcrumbList","@id":"https:\/\/franciscanos.org.br\/conventosantoantonio\/cuidemos-bem-deste-hospede-da-nossa-alma\/#breadcrumb","itemListElement":[{"@type":"ListItem","position":1,"name":"Home","item":"https:\/\/franciscanos.org.br\/conventosantoantonio\/"},{"@type":"ListItem","position":2,"name":"\u201cCuidemos bem deste h\u00f3spede da nossa alma\u201d"}]},{"@type":"Person","@id":"https:\/\/franciscanos.org.br\/conventosantoantonio\/#\/schema\/person\/73421c01c49c32a7bb0a19d9b36df6ad","name":"moacir","image":{"@type":"ImageObject","inLanguage":"pt-BR","@id":"https:\/\/franciscanos.org.br\/conventosantoantonio\/#\/schema\/person\/image\/","url":"https:\/\/secure.gravatar.com\/avatar\/d08aa2ce4c8dd416d4479aa8536fcf64?s=96&d=mm&r=g","contentUrl":"https:\/\/secure.gravatar.com\/avatar\/d08aa2ce4c8dd416d4479aa8536fcf64?s=96&d=mm&r=g","caption":"moacir"},"url":"https:\/\/franciscanos.org.br\/conventosantoantonio\/author\/moacir\/"}]}},"_links":{"self":[{"href":"https:\/\/franciscanos.org.br\/conventosantoantonio\/wp-json\/wp\/v2\/posts\/187769"}],"collection":[{"href":"https:\/\/franciscanos.org.br\/conventosantoantonio\/wp-json\/wp\/v2\/posts"}],"about":[{"href":"https:\/\/franciscanos.org.br\/conventosantoantonio\/wp-json\/wp\/v2\/types\/post"}],"author":[{"embeddable":true,"href":"https:\/\/franciscanos.org.br\/conventosantoantonio\/wp-json\/wp\/v2\/users\/3"}],"replies":[{"embeddable":true,"href":"https:\/\/franciscanos.org.br\/conventosantoantonio\/wp-json\/wp\/v2\/comments?post=187769"}],"version-history":[{"count":2,"href":"https:\/\/franciscanos.org.br\/conventosantoantonio\/wp-json\/wp\/v2\/posts\/187769\/revisions"}],"predecessor-version":[{"id":187772,"href":"https:\/\/franciscanos.org.br\/conventosantoantonio\/wp-json\/wp\/v2\/posts\/187769\/revisions\/187772"}],"wp:attachment":[{"href":"https:\/\/franciscanos.org.br\/conventosantoantonio\/wp-json\/wp\/v2\/media?parent=187769"}],"wp:term":[{"taxonomy":"category","embeddable":true,"href":"https:\/\/franciscanos.org.br\/conventosantoantonio\/wp-json\/wp\/v2\/categories?post=187769"},{"taxonomy":"post_tag","embeddable":true,"href":"https:\/\/franciscanos.org.br\/conventosantoantonio\/wp-json\/wp\/v2\/tags?post=187769"}],"curies":[{"name":"wp","href":"https:\/\/api.w.org\/{rel}","templated":true}]}}