{"id":187765,"date":"2019-06-10T13:09:59","date_gmt":"2019-06-10T16:09:59","guid":{"rendered":"https:\/\/franciscanos.org.br\/conventosantoantonio\/?p=187765"},"modified":"2021-09-22T13:12:25","modified_gmt":"2021-09-22T16:12:25","slug":"antonio-e-maria-viveram-e-geraram-o-amor","status":"publish","type":"post","link":"https:\/\/franciscanos.org.br\/conventosantoantonio\/antonio-e-maria-viveram-e-geraram-o-amor\/","title":{"rendered":"Ant\u00f4nio e Maria viveram e geraram o Amor"},"content":{"rendered":"<header class=\"entry-header\">\n<div class=\"post-meta\">\n<div class=\"fleft\"><img loading=\"lazy\" class=\"alignnone wp-image-205727 \" src=\"https:\/\/franciscanos.org.br\/noticias\/wp-content\/uploads\/2019\/06\/trezenaonze_10619.jpg\" alt=\"\" width=\"585\" height=\"439\" \/><\/div>\n<\/div>\n<\/header>\n<div class=\"post-content\">\n<p><strong>\u00a0<\/strong><strong>Rio de Janeiro (RJ)<\/strong>\u00a0\u2013 O d\u00e9cimo primeiro dia da Trezena de Santo Ant\u00f4nio no Convento do Largo da Carioca, nesta segunda-feira, 10 de junho, teve como pregadora a Ministra da Ordem Franciscana Secular da Fraternidade do Convento, Patr\u00edcia de Moraes, para falar sobre o tema \u201cSanto Ant\u00f4nio e Maria, m\u00e3e da Igreja\u201d.<\/p>\n<p>O guardi\u00e3o do Convento, Frei Jos\u00e9 Pereira, presidiu a Celebra\u00e7\u00e3o Eucar\u00edstica e explicou que, hoje, a Igreja celebra a mem\u00f3ria da \u201cBem-aventurada Virgem, M\u00e3e da Igreja\u201d, inscrita no Calend\u00e1rio Romano Geral pelo Papa Francisco no ano passado. No Decreto \u201c<em>Ecclesia Mater<\/em>\u201c, Francisco descreve o decreto para favorecer o crescimento do sentido materno da Igreja nos pastores, nos religiosos e nos fi\u00e9is, como, tamb\u00e9m, da genu\u00edna piedade mariana.<\/p>\n<p>Patr\u00edcia, que \u00e9 mestra em Teologia B\u00edblica, fez a sua reflex\u00e3o a partir da sua pr\u00f3pria experi\u00eancia de m\u00e3e. \u201cToda menina sonha um amor. Toda menina cuida de sua bonequinha como se fosse um beb\u00ea e embala um sonho de maternidade em seu pensamento. Quando cresce um pouco mais, cultiva em seu cora\u00e7\u00e3o esta possibilidade, ainda que inconscientemente, e, j\u00e1 adulta, pode enfim realizar seu sonho. A menina torna-se ent\u00e3o m\u00e3e biol\u00f3gica, m\u00e3e do cora\u00e7\u00e3o ou m\u00e3e espiritual. N\u00e3o foi diferente com Maria. Maria n\u00e3o s\u00f3 sonhou um amor mas gestou em sua carne o\u00a0<strong>amor por excel\u00eancia<\/strong>, deu \u00e0 luz \u00e0\u00a0<strong>grande luz<\/strong>, o sol da santidade, luz a qual o mundo n\u00e3o pode conter\u201d, disse.<\/p>\n<p><img loading=\"lazy\" class=\"alignnone wp-image-205728 \" src=\"https:\/\/franciscanos.org.br\/noticias\/wp-content\/uploads\/2019\/06\/trezenaonze_10619_1.jpg\" alt=\"\" width=\"588\" height=\"700\" \/><\/p>\n<p>Segundo a ministra da OFS,\u00a0 Maria tornou-se a m\u00e3e do Amor. \u201cE o Amor \u00e9, em si mesmo, esvaziamento, doa\u00e7\u00e3o, entrega total at\u00e9 as \u00faltimas consequ\u00eancias. Maria acompanhou o Amor e, em sua dor, quando n\u00e3o conseguia entender a grandiosidade do Mist\u00e9rio, contemplava e guardava tudo em seu cora\u00e7\u00e3o, no ba\u00fa da f\u00e9. Tornou-se disc\u00edpula do Amor. Serva humilde e fiel. Ao p\u00e9 da cruz, no seu sim incondicional do in\u00edcio ao fim, gerou novos filhos, tamb\u00e9m eles, disc\u00edpulos do Amor\u201d, acrescentou.<\/p>\n<p>Segundo a pregadora, Maria agora j\u00e1 n\u00e3o \u00e9 do g\u00eanero feminino ou do g\u00eanero masculino. \u201cEla \u00e9 do g\u00eanero humano!\u201d.<\/p>\n<p>\u201cMaria \u00e9 m\u00e3e biol\u00f3gica, m\u00e3e do cora\u00e7\u00e3o, m\u00e3e espiritual. Do seu sim incondicional, do in\u00edcio ao fim, em comunh\u00e3o plena com o Amor, Maria tornou-se a m\u00e3e de todos os filhos que nasceram do sim dado pelo Amor, Maria tornou-se a M\u00e3e da Igreja\u201d, refletiu.<\/p>\n<p><img loading=\"lazy\" class=\"alignnone wp-image-205729\" src=\"https:\/\/franciscanos.org.br\/noticias\/wp-content\/uploads\/2019\/06\/trezenaonze_10619_3.jpg\" alt=\"\" width=\"610\" height=\"403\" \/><\/p>\n<p>Patr\u00edcia destaca que Maria, enquanto m\u00e3e, carrega o Menino no ventre; Santo Ant\u00f4nio carrega o Menino no colo. \u201cA vida do santo \u00e9 um espelho da vida da santa. Santo Ant\u00f4nio viveu o caminho do discipulado, da f\u00e9 e das virtudes marianas. O grande te\u00f3logo, Doutor da Igreja, viveu louvando Maria porque de sua maternidade humana e divina o Amor se encarnou entre n\u00f3s e nos redimiu, morreu entoando a ant\u00edfona mariana, rezada na ora\u00e7\u00e3o da manh\u00e3 das festas de Nossa Senhora. Ambos geraram e viveram o Amor. Que essa reflex\u00e3o possa fazer com que tamb\u00e9m n\u00f3s possamos gerar e viver o Amor\u201d, completou.<\/p>\n<p><strong>COMO SER FRANCISCANO SECULAR?<\/strong><\/p>\n<p>O Cap\u00edtulo 1 da Ordem Franciscana Secular define assim a vida e miss\u00e3o dos leigos que professam na terceira Ordem de S\u00e3o Francisco de Assis. \u201cEntre as fam\u00edlias espirituais, suscitadas pelo Esp\u00edrito Santo na Igreja, a Fam\u00edlia Franciscana re\u00fane todos aqueles membros do Povo de Deus, leigos, religiosos e sacerdotes, que se sentem chamados ao seguimento do Cristo, \u00e0 maneira de S\u00e3o Francisco de Assis. Por modos e formas diversas, mas em rec\u00edproca comunh\u00e3o vital, eles querem tornar presente o carisma do comum Pai Ser\u00e1fico na vida e na miss\u00e3o da Igreja. No seio da dita fam\u00edlia, ocupa posi\u00e7\u00e3o espec\u00edfica a Ordem Franciscana Secular que se configura como uma uni\u00e3o org\u00e2nica de todas as fraternidades cat\u00f3licas espalhadas pelo mundo e abertas a todos os grupos e fi\u00e9is. Nelas, os irm\u00e3os e as irm\u00e3s, impulsionados pelo Esp\u00edrito a atingir a perfei\u00e7\u00e3o da caridade no pr\u00f3prio estado secular, s\u00e3o empenhados pela Profiss\u00e3o a viver o Evangelho \u00e0 maneira de S\u00e3o Francisco e mediante esta Regra confirmada pela Igreja\u201d.<\/p>\n<p>Escreva para o Convento Santo Ant\u00f4nio ou para a sede nacional da OFS, no Rio de Janeiro pedindo informa\u00e7\u00f5es.<\/p>\n<hr \/>\n<p><strong>Convento Santo Ant\u00f4nio<\/strong><br \/>\nLargo da Carioca s\/n, Rio de Janeiro \u2013 RJ<br \/>\nFone (21) 2262-0129<br \/>\nofssantoantoniocarioca@gmail.com<\/p>\n<p><strong>Ordem Franciscana Secular do Brasil<\/strong><br \/>\nRua Adro de S\u00e3o Francisco, s\/n, Sa\u00fade,<br \/>\nZona Portu\u00e1ria, Rio de Janeiro \u2013 RJ.<br \/>\nCEP 20081-290 \u2013 Fone: 55 (21) 2240-4565<br \/>\nofsbr@terra.com.br<\/p>\n<hr \/>\n<p><em><strong>Moacir Beggo<\/strong><\/em><\/p>\n<\/div>\n","protected":false},"excerpt":{"rendered":"<p>11\u00ba Dia da Trezena de Santo Ant\u00f4nio<\/p>\n","protected":false},"author":3,"featured_media":187767,"comment_status":"open","ping_status":"open","sticky":false,"template":"","format":"standard","meta":[],"categories":[105],"tags":[347],"yoast_head":"<!-- This site is optimized with the Yoast SEO plugin v19.4 - https:\/\/yoast.com\/wordpress\/plugins\/seo\/ -->\n<title>Ant\u00f4nio e Maria viveram e geraram o Amor - Convento Santo Ant\u00f4nio- Franciscanos<\/title>\n<meta name=\"robots\" content=\"index, follow, max-snippet:-1, max-image-preview:large, max-video-preview:-1\" \/>\n<link rel=\"canonical\" href=\"https:\/\/franciscanos.org.br\/conventosantoantonio\/antonio-e-maria-viveram-e-geraram-o-amor\/\" \/>\n<meta property=\"og:locale\" content=\"pt_BR\" \/>\n<meta property=\"og:type\" content=\"article\" \/>\n<meta property=\"og:title\" content=\"Ant\u00f4nio e Maria viveram e geraram o Amor - Convento Santo Ant\u00f4nio- Franciscanos\" \/>\n<meta property=\"og:description\" content=\"11\u00ba Dia da Trezena de Santo Ant\u00f4nio\" \/>\n<meta property=\"og:url\" content=\"https:\/\/franciscanos.org.br\/conventosantoantonio\/antonio-e-maria-viveram-e-geraram-o-amor\/\" \/>\n<meta property=\"og:site_name\" content=\"Convento Santo Ant\u00f4nio- Franciscanos\" \/>\n<meta property=\"article:published_time\" content=\"2019-06-10T16:09:59+00:00\" \/>\n<meta property=\"article:modified_time\" content=\"2021-09-22T16:12:25+00:00\" \/>\n<meta property=\"og:image\" content=\"https:\/\/franciscanos.org.br\/conventosantoantonio\/wp-content\/uploads\/2019\/06\/trezenaonze_10619.jpg\" \/>\n\t<meta property=\"og:image:width\" content=\"890\" \/>\n\t<meta property=\"og:image:height\" content=\"668\" \/>\n\t<meta property=\"og:image:type\" content=\"image\/jpeg\" \/>\n<meta name=\"author\" content=\"moacir\" \/>\n<meta name=\"twitter:card\" content=\"summary_large_image\" \/>\n<meta name=\"twitter:label1\" content=\"Escrito por\" \/>\n\t<meta name=\"twitter:data1\" content=\"moacir\" \/>\n\t<meta name=\"twitter:label2\" content=\"Est. tempo de leitura\" \/>\n\t<meta name=\"twitter:data2\" content=\"4 minutos\" \/>\n<script type=\"application\/ld+json\" class=\"yoast-schema-graph\">{\"@context\":\"https:\/\/schema.org\",\"@graph\":[{\"@type\":\"WebSite\",\"@id\":\"https:\/\/franciscanos.org.br\/conventosantoantonio\/#website\",\"url\":\"https:\/\/franciscanos.org.br\/conventosantoantonio\/\",\"name\":\"Convento Santo Ant\u00f4nio- Franciscanos\",\"description\":\"Prov\u00edncia Franciscana da Imaculada Concei\u00e7\u00e3o do Brasil - Ordem dos Frades Menores\",\"potentialAction\":[{\"@type\":\"SearchAction\",\"target\":{\"@type\":\"EntryPoint\",\"urlTemplate\":\"https:\/\/franciscanos.org.br\/conventosantoantonio\/?s={search_term_string}\"},\"query-input\":\"required name=search_term_string\"}],\"inLanguage\":\"pt-BR\"},{\"@type\":\"WebPage\",\"@id\":\"https:\/\/franciscanos.org.br\/conventosantoantonio\/antonio-e-maria-viveram-e-geraram-o-amor\/\",\"url\":\"https:\/\/franciscanos.org.br\/conventosantoantonio\/antonio-e-maria-viveram-e-geraram-o-amor\/\",\"name\":\"Ant\u00f4nio e Maria viveram e geraram o Amor - Convento Santo Ant\u00f4nio- Franciscanos\",\"isPartOf\":{\"@id\":\"https:\/\/franciscanos.org.br\/conventosantoantonio\/#website\"},\"datePublished\":\"2019-06-10T16:09:59+00:00\",\"dateModified\":\"2021-09-22T16:12:25+00:00\",\"author\":{\"@id\":\"https:\/\/franciscanos.org.br\/conventosantoantonio\/#\/schema\/person\/73421c01c49c32a7bb0a19d9b36df6ad\"},\"breadcrumb\":{\"@id\":\"https:\/\/franciscanos.org.br\/conventosantoantonio\/antonio-e-maria-viveram-e-geraram-o-amor\/#breadcrumb\"},\"inLanguage\":\"pt-BR\",\"potentialAction\":[{\"@type\":\"ReadAction\",\"target\":[\"https:\/\/franciscanos.org.br\/conventosantoantonio\/antonio-e-maria-viveram-e-geraram-o-amor\/\"]}]},{\"@type\":\"BreadcrumbList\",\"@id\":\"https:\/\/franciscanos.org.br\/conventosantoantonio\/antonio-e-maria-viveram-e-geraram-o-amor\/#breadcrumb\",\"itemListElement\":[{\"@type\":\"ListItem\",\"position\":1,\"name\":\"Home\",\"item\":\"https:\/\/franciscanos.org.br\/conventosantoantonio\/\"},{\"@type\":\"ListItem\",\"position\":2,\"name\":\"Ant\u00f4nio e Maria viveram e geraram o Amor\"}]},{\"@type\":\"Person\",\"@id\":\"https:\/\/franciscanos.org.br\/conventosantoantonio\/#\/schema\/person\/73421c01c49c32a7bb0a19d9b36df6ad\",\"name\":\"moacir\",\"image\":{\"@type\":\"ImageObject\",\"inLanguage\":\"pt-BR\",\"@id\":\"https:\/\/franciscanos.org.br\/conventosantoantonio\/#\/schema\/person\/image\/\",\"url\":\"https:\/\/secure.gravatar.com\/avatar\/d08aa2ce4c8dd416d4479aa8536fcf64?s=96&d=mm&r=g\",\"contentUrl\":\"https:\/\/secure.gravatar.com\/avatar\/d08aa2ce4c8dd416d4479aa8536fcf64?s=96&d=mm&r=g\",\"caption\":\"moacir\"},\"url\":\"https:\/\/franciscanos.org.br\/conventosantoantonio\/author\/moacir\/\"}]}<\/script>\n<!-- \/ Yoast SEO plugin. -->","yoast_head_json":{"title":"Ant\u00f4nio e Maria viveram e geraram o Amor - Convento Santo Ant\u00f4nio- Franciscanos","robots":{"index":"index","follow":"follow","max-snippet":"max-snippet:-1","max-image-preview":"max-image-preview:large","max-video-preview":"max-video-preview:-1"},"canonical":"https:\/\/franciscanos.org.br\/conventosantoantonio\/antonio-e-maria-viveram-e-geraram-o-amor\/","og_locale":"pt_BR","og_type":"article","og_title":"Ant\u00f4nio e Maria viveram e geraram o Amor - Convento Santo Ant\u00f4nio- Franciscanos","og_description":"11\u00ba Dia da Trezena de Santo Ant\u00f4nio","og_url":"https:\/\/franciscanos.org.br\/conventosantoantonio\/antonio-e-maria-viveram-e-geraram-o-amor\/","og_site_name":"Convento Santo Ant\u00f4nio- Franciscanos","article_published_time":"2019-06-10T16:09:59+00:00","article_modified_time":"2021-09-22T16:12:25+00:00","og_image":[{"width":890,"height":668,"url":"https:\/\/franciscanos.org.br\/conventosantoantonio\/wp-content\/uploads\/2019\/06\/trezenaonze_10619.jpg","type":"image\/jpeg"}],"author":"moacir","twitter_card":"summary_large_image","twitter_misc":{"Escrito por":"moacir","Est. tempo de leitura":"4 minutos"},"schema":{"@context":"https:\/\/schema.org","@graph":[{"@type":"WebSite","@id":"https:\/\/franciscanos.org.br\/conventosantoantonio\/#website","url":"https:\/\/franciscanos.org.br\/conventosantoantonio\/","name":"Convento Santo Ant\u00f4nio- Franciscanos","description":"Prov\u00edncia Franciscana da Imaculada Concei\u00e7\u00e3o do Brasil - Ordem dos Frades Menores","potentialAction":[{"@type":"SearchAction","target":{"@type":"EntryPoint","urlTemplate":"https:\/\/franciscanos.org.br\/conventosantoantonio\/?s={search_term_string}"},"query-input":"required name=search_term_string"}],"inLanguage":"pt-BR"},{"@type":"WebPage","@id":"https:\/\/franciscanos.org.br\/conventosantoantonio\/antonio-e-maria-viveram-e-geraram-o-amor\/","url":"https:\/\/franciscanos.org.br\/conventosantoantonio\/antonio-e-maria-viveram-e-geraram-o-amor\/","name":"Ant\u00f4nio e Maria viveram e geraram o Amor - Convento Santo Ant\u00f4nio- Franciscanos","isPartOf":{"@id":"https:\/\/franciscanos.org.br\/conventosantoantonio\/#website"},"datePublished":"2019-06-10T16:09:59+00:00","dateModified":"2021-09-22T16:12:25+00:00","author":{"@id":"https:\/\/franciscanos.org.br\/conventosantoantonio\/#\/schema\/person\/73421c01c49c32a7bb0a19d9b36df6ad"},"breadcrumb":{"@id":"https:\/\/franciscanos.org.br\/conventosantoantonio\/antonio-e-maria-viveram-e-geraram-o-amor\/#breadcrumb"},"inLanguage":"pt-BR","potentialAction":[{"@type":"ReadAction","target":["https:\/\/franciscanos.org.br\/conventosantoantonio\/antonio-e-maria-viveram-e-geraram-o-amor\/"]}]},{"@type":"BreadcrumbList","@id":"https:\/\/franciscanos.org.br\/conventosantoantonio\/antonio-e-maria-viveram-e-geraram-o-amor\/#breadcrumb","itemListElement":[{"@type":"ListItem","position":1,"name":"Home","item":"https:\/\/franciscanos.org.br\/conventosantoantonio\/"},{"@type":"ListItem","position":2,"name":"Ant\u00f4nio e Maria viveram e geraram o Amor"}]},{"@type":"Person","@id":"https:\/\/franciscanos.org.br\/conventosantoantonio\/#\/schema\/person\/73421c01c49c32a7bb0a19d9b36df6ad","name":"moacir","image":{"@type":"ImageObject","inLanguage":"pt-BR","@id":"https:\/\/franciscanos.org.br\/conventosantoantonio\/#\/schema\/person\/image\/","url":"https:\/\/secure.gravatar.com\/avatar\/d08aa2ce4c8dd416d4479aa8536fcf64?s=96&d=mm&r=g","contentUrl":"https:\/\/secure.gravatar.com\/avatar\/d08aa2ce4c8dd416d4479aa8536fcf64?s=96&d=mm&r=g","caption":"moacir"},"url":"https:\/\/franciscanos.org.br\/conventosantoantonio\/author\/moacir\/"}]}},"_links":{"self":[{"href":"https:\/\/franciscanos.org.br\/conventosantoantonio\/wp-json\/wp\/v2\/posts\/187765"}],"collection":[{"href":"https:\/\/franciscanos.org.br\/conventosantoantonio\/wp-json\/wp\/v2\/posts"}],"about":[{"href":"https:\/\/franciscanos.org.br\/conventosantoantonio\/wp-json\/wp\/v2\/types\/post"}],"author":[{"embeddable":true,"href":"https:\/\/franciscanos.org.br\/conventosantoantonio\/wp-json\/wp\/v2\/users\/3"}],"replies":[{"embeddable":true,"href":"https:\/\/franciscanos.org.br\/conventosantoantonio\/wp-json\/wp\/v2\/comments?post=187765"}],"version-history":[{"count":2,"href":"https:\/\/franciscanos.org.br\/conventosantoantonio\/wp-json\/wp\/v2\/posts\/187765\/revisions"}],"predecessor-version":[{"id":187768,"href":"https:\/\/franciscanos.org.br\/conventosantoantonio\/wp-json\/wp\/v2\/posts\/187765\/revisions\/187768"}],"wp:featuredmedia":[{"embeddable":true,"href":"https:\/\/franciscanos.org.br\/conventosantoantonio\/wp-json\/wp\/v2\/media\/187767"}],"wp:attachment":[{"href":"https:\/\/franciscanos.org.br\/conventosantoantonio\/wp-json\/wp\/v2\/media?parent=187765"}],"wp:term":[{"taxonomy":"category","embeddable":true,"href":"https:\/\/franciscanos.org.br\/conventosantoantonio\/wp-json\/wp\/v2\/categories?post=187765"},{"taxonomy":"post_tag","embeddable":true,"href":"https:\/\/franciscanos.org.br\/conventosantoantonio\/wp-json\/wp\/v2\/tags?post=187765"}],"curies":[{"name":"wp","href":"https:\/\/api.w.org\/{rel}","templated":true}]}}