{"id":187762,"date":"2019-06-10T13:07:39","date_gmt":"2019-06-10T16:07:39","guid":{"rendered":"https:\/\/franciscanos.org.br\/conventosantoantonio\/?p=187762"},"modified":"2021-09-22T13:09:18","modified_gmt":"2021-09-22T16:09:18","slug":"d-orani-pede-uma-vida-centralizada-em-jesus-cristo","status":"publish","type":"post","link":"https:\/\/franciscanos.org.br\/conventosantoantonio\/d-orani-pede-uma-vida-centralizada-em-jesus-cristo\/","title":{"rendered":"D. Orani pede uma vida centralizada em Jesus Cristo"},"content":{"rendered":"<header class=\"entry-header\">\n<div class=\"post-meta\">\n<div class=\"fleft\"><img loading=\"lazy\" class=\"alignnone wp-image-205792\" src=\"https:\/\/franciscanos.org.br\/noticias\/wp-content\/uploads\/2019\/06\/orani_100619.jpg\" alt=\"\" width=\"591\" height=\"443\" \/><\/div>\n<\/div>\n<\/header>\n<div class=\"post-content\">\n<p><strong>\u00a0<\/strong><strong>Rio de Janero (RJ)<\/strong>\u00a0\u2013 O Arcebispo do Rio de Janeiro, Cardeal Orani Jo\u00e3o Tempesta, presidiu a Missa da Trezena de Santo Ant\u00f4nio no 11\u00ba dia neste Convento, no Largo da Carioca, \u00e0s 18 horas desta segunda-feira, 10 de junho, tendo como concelebrantes Frei Jos\u00e9 Pereira, o guardi\u00e3o do Convento, Frei M\u00e1rio Scottini e Frei Od\u00e9cio Lima. O tema \u201cSanto Ant\u00f4nio e Maria, M\u00e3e da Igreja\u201d foi escolhido por causa da mem\u00f3ria do dia de hoje, institu\u00edda no calend\u00e1rio lit\u00fargico romano pelo Papa Francisco no ano passado.<\/p>\n<p>\u201c\u00c9 uma alegria estar aqui no Convento, com os freis que aqui servem \u00e0 Igreja, seja nas celebra\u00e7\u00f5es, seja no atendimento das confiss\u00f5es, seja nas ora\u00e7\u00f5es, e a voc\u00eas que vieram para mais um dia da Trezena\u201d, saudou D. Orani.<\/p>\n<p><img loading=\"lazy\" class=\"alignnone wp-image-205793\" src=\"https:\/\/franciscanos.org.br\/noticias\/wp-content\/uploads\/2019\/06\/orani_100619_3.jpg\" alt=\"\" width=\"609\" height=\"767\" \/><\/p>\n<p>\u201cMaria, M\u00e3e da Igreja\u201d \u00e9 uma mem\u00f3ria que foi introduzida na liturgia na segunda-feira ap\u00f3s Pentecostes para ser a celebra\u00e7\u00e3o da mem\u00f3ria de Maria junto com os disc\u00edpulos no Cen\u00e1culo, ali justamente recebendo o dom do Esp\u00edrito Santo. \u201cEssa invoca\u00e7\u00e3o de \u2018Maria, M\u00e3e da Igreja\u2019 \u00e9 de S\u00e3o Paulo VI, na terceira sess\u00e3o do Conc\u00edlio Vaticano II, quando ele faz uma bel\u00edssima homilia em que fala dessa presen\u00e7a de Maria como m\u00e3e dos pastores e das ovelhas. S\u00f3 que n\u00e3o se tinha uma data precisa para essa invoca\u00e7\u00e3o e o Papa Francisco definiu toda segunda-feira ap\u00f3s Pentecostes, onde retomamos o Tempo Comum durante o ano. Portanto \u00e9 uma data m\u00f3vel\u201d, explicou o Cardeal.<\/p>\n<p>\u201cPassado o tempo da P\u00e1scoa, a Igreja continua vivendo o mist\u00e9rio pascal. Acabamos um tempo lit\u00fargico, mas o centro da nossa vida \u00e9 o grande an\u00fancio da vida, morte e ressurrei\u00e7\u00e3o de Jesus. A Palavra de Deus no Evangelho de hoje nos fala dessa profecia cumprida. A leitura do G\u00eanesis fala que algu\u00e9m assumiria o pecado de cada um de n\u00f3s e esmagaria a cabe\u00e7a da serpente. E esse algu\u00e9m que esmaga a serpente, que vence o maligno, \u00e9 Jesus Cristo. Ele morre na cruz, pagando nossos pecados, e faz com que n\u00f3s possamos ressuscitar com Ele numa vida nova\u201d, situou.<\/p>\n<p>&nbsp;<\/p>\n<p><img loading=\"lazy\" class=\"alignnone wp-image-205795\" src=\"https:\/\/franciscanos.org.br\/noticias\/wp-content\/uploads\/2019\/06\/orani_100619_1.jpg\" alt=\"\" width=\"616\" height=\"410\" \/><\/p>\n<p>Segundo Dom Orani, aquela que deu seu \u2018sim\u2019 ao Senhor, atrav\u00e9s de quem as coisas foram acontecendo, \u00e9 justamente Maria. \u201cDeus escolheu esta mulher para que nela encarnasse e nascesse o Verbo de Deus, Jesus Cristo. Ela esteve aos p\u00e9s da cruz, vendo Jesus morrer e cumprir todas as profecias, onde a morte foi reconhecida, o pecado foi apagado e uma nova vida brotou\u201d, acrescentou.<\/p>\n<p><img loading=\"lazy\" class=\"alignleft wp-image-205796\" src=\"https:\/\/franciscanos.org.br\/noticias\/wp-content\/uploads\/2019\/06\/orani_100619_4.jpg\" alt=\"\" width=\"422\" height=\"563\" \/>Nesse contexto todo, Jesus, do alto da Cruz, pouco antes de dar a vida por todos n\u00f3s, entrega Maria a Jo\u00e3o, para que ele a cuidasse como sua m\u00e3e. \u201cE n\u00f3s sabemos que toda a tradi\u00e7\u00e3o da Igreja v\u00ea na figura de Jo\u00e3o a figura de todos n\u00f3s. Maria \u00e9 nos dada como m\u00e3e\u201d, ressaltou.<\/p>\n<p>\u201cMas ela \u00e9 tamb\u00e9m M\u00e3e, porque sendo a m\u00e3e de Jesus \u2013 e Jesus sendo tamb\u00e9m da nossa ra\u00e7a, sendo aquele que assume a nossa humanidade, portanto somos irm\u00e3os em Jesus \u2013\u00a0 tamb\u00e9m \u00e9 nossa m\u00e3e. Ent\u00e3o \u00e9 muito natural que desde o in\u00edcio da Igreja se pudesse \u2013 ao contemplar o mist\u00e9rio pascal que \u00e9 o centro de nossa vida, e que mesmo terminando o tempo da P\u00e1scoa -, ter Maria muito presente\u201d, acentuou. \u201cMaria, M\u00e3e da Igreja faz esse elo entre o tempo da P\u00e1scoa e o Tempo Comum, que n\u00f3s retomamos como 10\u00aa semana no dia de hoje\u201d, refor\u00e7ou.<\/p>\n<p>Unindo um pouco com a Trezena, D. Orani disse que foi essa grande raz\u00e3o da vida de Santo Ant\u00f4nio: anunciar Jesus Cristo, proclamar o salvador. \u201cNesse dia em que celebramos Maria, M\u00e3e da Igreja, n\u00f3s pedimos ao Senhor, nesta nossa grande cidade, com todos os seus altos e baixos, com seus problemas sociais, viol\u00eancia, poder paralelo, todas as divis\u00f5es que existem entre n\u00f3s, todos os \u00f3dios, intoler\u00e2ncias e rancores, que n\u00f3s possamos fazer a experi\u00eancia cada vez mais com nossa vida centralizada em Jesus Cristo. Lutar por um mundo novo, trabalhar para que a gra\u00e7a de Deus possa cada vez mais ser bem acolhida por cada um de n\u00f3s\u201d, pediu.<\/p>\n<p>\u201cE, com Maria nossa m\u00e3e, porque \u00e9 a M\u00e3e da Igreja, possamos fazer essa experi\u00eancia de encontrar com Jesus Cristo, vivo, presente, no meio de n\u00f3s e anunci\u00e1-Lo e testemunh\u00e1-Lo nesse mundo de hoje, como foi sempre a miss\u00e3o de Maria. Trazer Cristo ao mundo, levar Cristo ao mundo, para conhecer este seu filho Jesus Cristo. Ela que nos impulsiona para creiamos Nele e para que n\u00f3s O anunciemos\u201d, emendou.<\/p>\n<p><img loading=\"lazy\" class=\"alignnone wp-image-205797\" src=\"https:\/\/franciscanos.org.br\/noticias\/wp-content\/uploads\/2019\/06\/orani_100619_2.jpg\" alt=\"\" width=\"611\" height=\"405\" \/><\/p>\n<p>Dom Orani pediu que, passado o tempo da P\u00e1scoa, para que continuemos nesse clima pascal, de mist\u00e9rio central da nossa f\u00e9 e pe\u00e7amos a intercess\u00e3o e ajuda de Maria e olhemos para o exemplo de Santo Ant\u00f4nio, cuja a festa nos aproximamos para celebrar, que foi aquele que viveu intensamente esse mist\u00e9rio, que pregou, que anunciou, que deu a vida por causa de Jesus Cristo Nosso Senhor. \u201cN\u00f3s precisamos de pessoas assim hoje. \u00c9 um convite para renovar nossa f\u00e9. Quem ama Jesus Cristo, anuncia-O e proclama-O com todas as consequ\u00eancias, tanto espirituais como sociais, no mundo de hoje, comprometendo-se com o tempo novo, sabendo que ao faz\u00ea-lo n\u00f3s temos o mesmo caminho de Jesus: persegui\u00e7\u00e3o, incompreens\u00e3o, mart\u00edrios, expuls\u00e3o de casa, de cidades, como acontece com os crist\u00e3os dos tempos de hoje e de sempre. Por isso mesmo, nada de desanimar quando sofremos dificuldades e incompreens\u00f5es, mas com coragem, com o \u00e2nimo renovado, vamos continuar nossa miss\u00e3o como a de Santo Ant\u00f4nio, pedindo a intercess\u00e3o de Maria\u201d, exortou os devotos de Santo Ant\u00f4nio.<\/p>\n<p>Esta ter\u00e7a-feira \u00e9 dedicada a Santo Ant\u00f4nio nos Conventos franciscanos. Espera-se uma grande movimenta\u00e7\u00e3o no Largo da Carioca devido \u00e0 proximidade do Santo Padroeiro. Neste 12\u00ba dia, o tema ser\u00e1 \u201cSanto Ant\u00f4nio e o Reino dos C\u00e9us\u201d.<\/p>\n<hr \/>\n<p><em>Moacir Beggo<\/em><\/p>\n<\/div>\n","protected":false},"excerpt":{"rendered":"<p>11\u00ba Dia da Trezena de Santo Ant\u00f4nio<\/p>\n","protected":false},"author":3,"featured_media":0,"comment_status":"open","ping_status":"open","sticky":false,"template":"","format":"standard","meta":[],"categories":[105],"tags":[347],"yoast_head":"<!-- This site is optimized with the Yoast SEO plugin v19.4 - https:\/\/yoast.com\/wordpress\/plugins\/seo\/ -->\n<title>D. Orani pede uma vida centralizada em Jesus Cristo - Convento Santo Ant\u00f4nio- Franciscanos<\/title>\n<meta name=\"robots\" content=\"index, follow, max-snippet:-1, max-image-preview:large, max-video-preview:-1\" \/>\n<link rel=\"canonical\" href=\"https:\/\/franciscanos.org.br\/conventosantoantonio\/d-orani-pede-uma-vida-centralizada-em-jesus-cristo\/\" \/>\n<meta property=\"og:locale\" content=\"pt_BR\" \/>\n<meta property=\"og:type\" content=\"article\" \/>\n<meta property=\"og:title\" content=\"D. Orani pede uma vida centralizada em Jesus Cristo - Convento Santo Ant\u00f4nio- Franciscanos\" \/>\n<meta property=\"og:description\" content=\"11\u00ba Dia da Trezena de Santo Ant\u00f4nio\" \/>\n<meta property=\"og:url\" content=\"https:\/\/franciscanos.org.br\/conventosantoantonio\/d-orani-pede-uma-vida-centralizada-em-jesus-cristo\/\" \/>\n<meta property=\"og:site_name\" content=\"Convento Santo Ant\u00f4nio- Franciscanos\" \/>\n<meta property=\"article:published_time\" content=\"2019-06-10T16:07:39+00:00\" \/>\n<meta property=\"article:modified_time\" content=\"2021-09-22T16:09:18+00:00\" \/>\n<meta property=\"og:image\" content=\"https:\/\/franciscanos.org.br\/noticias\/wp-content\/uploads\/2019\/06\/orani_100619.jpg\" \/>\n<meta name=\"author\" content=\"moacir\" \/>\n<meta name=\"twitter:card\" content=\"summary_large_image\" \/>\n<meta name=\"twitter:label1\" content=\"Escrito por\" \/>\n\t<meta name=\"twitter:data1\" content=\"moacir\" \/>\n\t<meta name=\"twitter:label2\" content=\"Est. tempo de leitura\" \/>\n\t<meta name=\"twitter:data2\" content=\"5 minutos\" \/>\n<script type=\"application\/ld+json\" class=\"yoast-schema-graph\">{\"@context\":\"https:\/\/schema.org\",\"@graph\":[{\"@type\":\"WebSite\",\"@id\":\"https:\/\/franciscanos.org.br\/conventosantoantonio\/#website\",\"url\":\"https:\/\/franciscanos.org.br\/conventosantoantonio\/\",\"name\":\"Convento Santo Ant\u00f4nio- Franciscanos\",\"description\":\"Prov\u00edncia Franciscana da Imaculada Concei\u00e7\u00e3o do Brasil - Ordem dos Frades Menores\",\"potentialAction\":[{\"@type\":\"SearchAction\",\"target\":{\"@type\":\"EntryPoint\",\"urlTemplate\":\"https:\/\/franciscanos.org.br\/conventosantoantonio\/?s={search_term_string}\"},\"query-input\":\"required name=search_term_string\"}],\"inLanguage\":\"pt-BR\"},{\"@type\":\"WebPage\",\"@id\":\"https:\/\/franciscanos.org.br\/conventosantoantonio\/d-orani-pede-uma-vida-centralizada-em-jesus-cristo\/\",\"url\":\"https:\/\/franciscanos.org.br\/conventosantoantonio\/d-orani-pede-uma-vida-centralizada-em-jesus-cristo\/\",\"name\":\"D. Orani pede uma vida centralizada em Jesus Cristo - Convento Santo Ant\u00f4nio- Franciscanos\",\"isPartOf\":{\"@id\":\"https:\/\/franciscanos.org.br\/conventosantoantonio\/#website\"},\"datePublished\":\"2019-06-10T16:07:39+00:00\",\"dateModified\":\"2021-09-22T16:09:18+00:00\",\"author\":{\"@id\":\"https:\/\/franciscanos.org.br\/conventosantoantonio\/#\/schema\/person\/73421c01c49c32a7bb0a19d9b36df6ad\"},\"breadcrumb\":{\"@id\":\"https:\/\/franciscanos.org.br\/conventosantoantonio\/d-orani-pede-uma-vida-centralizada-em-jesus-cristo\/#breadcrumb\"},\"inLanguage\":\"pt-BR\",\"potentialAction\":[{\"@type\":\"ReadAction\",\"target\":[\"https:\/\/franciscanos.org.br\/conventosantoantonio\/d-orani-pede-uma-vida-centralizada-em-jesus-cristo\/\"]}]},{\"@type\":\"BreadcrumbList\",\"@id\":\"https:\/\/franciscanos.org.br\/conventosantoantonio\/d-orani-pede-uma-vida-centralizada-em-jesus-cristo\/#breadcrumb\",\"itemListElement\":[{\"@type\":\"ListItem\",\"position\":1,\"name\":\"Home\",\"item\":\"https:\/\/franciscanos.org.br\/conventosantoantonio\/\"},{\"@type\":\"ListItem\",\"position\":2,\"name\":\"D. Orani pede uma vida centralizada em Jesus Cristo\"}]},{\"@type\":\"Person\",\"@id\":\"https:\/\/franciscanos.org.br\/conventosantoantonio\/#\/schema\/person\/73421c01c49c32a7bb0a19d9b36df6ad\",\"name\":\"moacir\",\"image\":{\"@type\":\"ImageObject\",\"inLanguage\":\"pt-BR\",\"@id\":\"https:\/\/franciscanos.org.br\/conventosantoantonio\/#\/schema\/person\/image\/\",\"url\":\"https:\/\/secure.gravatar.com\/avatar\/d08aa2ce4c8dd416d4479aa8536fcf64?s=96&d=mm&r=g\",\"contentUrl\":\"https:\/\/secure.gravatar.com\/avatar\/d08aa2ce4c8dd416d4479aa8536fcf64?s=96&d=mm&r=g\",\"caption\":\"moacir\"},\"url\":\"https:\/\/franciscanos.org.br\/conventosantoantonio\/author\/moacir\/\"}]}<\/script>\n<!-- \/ Yoast SEO plugin. -->","yoast_head_json":{"title":"D. Orani pede uma vida centralizada em Jesus Cristo - Convento Santo Ant\u00f4nio- Franciscanos","robots":{"index":"index","follow":"follow","max-snippet":"max-snippet:-1","max-image-preview":"max-image-preview:large","max-video-preview":"max-video-preview:-1"},"canonical":"https:\/\/franciscanos.org.br\/conventosantoantonio\/d-orani-pede-uma-vida-centralizada-em-jesus-cristo\/","og_locale":"pt_BR","og_type":"article","og_title":"D. Orani pede uma vida centralizada em Jesus Cristo - Convento Santo Ant\u00f4nio- Franciscanos","og_description":"11\u00ba Dia da Trezena de Santo Ant\u00f4nio","og_url":"https:\/\/franciscanos.org.br\/conventosantoantonio\/d-orani-pede-uma-vida-centralizada-em-jesus-cristo\/","og_site_name":"Convento Santo Ant\u00f4nio- Franciscanos","article_published_time":"2019-06-10T16:07:39+00:00","article_modified_time":"2021-09-22T16:09:18+00:00","og_image":[{"url":"https:\/\/franciscanos.org.br\/noticias\/wp-content\/uploads\/2019\/06\/orani_100619.jpg"}],"author":"moacir","twitter_card":"summary_large_image","twitter_misc":{"Escrito por":"moacir","Est. tempo de leitura":"5 minutos"},"schema":{"@context":"https:\/\/schema.org","@graph":[{"@type":"WebSite","@id":"https:\/\/franciscanos.org.br\/conventosantoantonio\/#website","url":"https:\/\/franciscanos.org.br\/conventosantoantonio\/","name":"Convento Santo Ant\u00f4nio- Franciscanos","description":"Prov\u00edncia Franciscana da Imaculada Concei\u00e7\u00e3o do Brasil - Ordem dos Frades Menores","potentialAction":[{"@type":"SearchAction","target":{"@type":"EntryPoint","urlTemplate":"https:\/\/franciscanos.org.br\/conventosantoantonio\/?s={search_term_string}"},"query-input":"required name=search_term_string"}],"inLanguage":"pt-BR"},{"@type":"WebPage","@id":"https:\/\/franciscanos.org.br\/conventosantoantonio\/d-orani-pede-uma-vida-centralizada-em-jesus-cristo\/","url":"https:\/\/franciscanos.org.br\/conventosantoantonio\/d-orani-pede-uma-vida-centralizada-em-jesus-cristo\/","name":"D. Orani pede uma vida centralizada em Jesus Cristo - Convento Santo Ant\u00f4nio- Franciscanos","isPartOf":{"@id":"https:\/\/franciscanos.org.br\/conventosantoantonio\/#website"},"datePublished":"2019-06-10T16:07:39+00:00","dateModified":"2021-09-22T16:09:18+00:00","author":{"@id":"https:\/\/franciscanos.org.br\/conventosantoantonio\/#\/schema\/person\/73421c01c49c32a7bb0a19d9b36df6ad"},"breadcrumb":{"@id":"https:\/\/franciscanos.org.br\/conventosantoantonio\/d-orani-pede-uma-vida-centralizada-em-jesus-cristo\/#breadcrumb"},"inLanguage":"pt-BR","potentialAction":[{"@type":"ReadAction","target":["https:\/\/franciscanos.org.br\/conventosantoantonio\/d-orani-pede-uma-vida-centralizada-em-jesus-cristo\/"]}]},{"@type":"BreadcrumbList","@id":"https:\/\/franciscanos.org.br\/conventosantoantonio\/d-orani-pede-uma-vida-centralizada-em-jesus-cristo\/#breadcrumb","itemListElement":[{"@type":"ListItem","position":1,"name":"Home","item":"https:\/\/franciscanos.org.br\/conventosantoantonio\/"},{"@type":"ListItem","position":2,"name":"D. Orani pede uma vida centralizada em Jesus Cristo"}]},{"@type":"Person","@id":"https:\/\/franciscanos.org.br\/conventosantoantonio\/#\/schema\/person\/73421c01c49c32a7bb0a19d9b36df6ad","name":"moacir","image":{"@type":"ImageObject","inLanguage":"pt-BR","@id":"https:\/\/franciscanos.org.br\/conventosantoantonio\/#\/schema\/person\/image\/","url":"https:\/\/secure.gravatar.com\/avatar\/d08aa2ce4c8dd416d4479aa8536fcf64?s=96&d=mm&r=g","contentUrl":"https:\/\/secure.gravatar.com\/avatar\/d08aa2ce4c8dd416d4479aa8536fcf64?s=96&d=mm&r=g","caption":"moacir"},"url":"https:\/\/franciscanos.org.br\/conventosantoantonio\/author\/moacir\/"}]}},"_links":{"self":[{"href":"https:\/\/franciscanos.org.br\/conventosantoantonio\/wp-json\/wp\/v2\/posts\/187762"}],"collection":[{"href":"https:\/\/franciscanos.org.br\/conventosantoantonio\/wp-json\/wp\/v2\/posts"}],"about":[{"href":"https:\/\/franciscanos.org.br\/conventosantoantonio\/wp-json\/wp\/v2\/types\/post"}],"author":[{"embeddable":true,"href":"https:\/\/franciscanos.org.br\/conventosantoantonio\/wp-json\/wp\/v2\/users\/3"}],"replies":[{"embeddable":true,"href":"https:\/\/franciscanos.org.br\/conventosantoantonio\/wp-json\/wp\/v2\/comments?post=187762"}],"version-history":[{"count":1,"href":"https:\/\/franciscanos.org.br\/conventosantoantonio\/wp-json\/wp\/v2\/posts\/187762\/revisions"}],"predecessor-version":[{"id":187763,"href":"https:\/\/franciscanos.org.br\/conventosantoantonio\/wp-json\/wp\/v2\/posts\/187762\/revisions\/187763"}],"wp:attachment":[{"href":"https:\/\/franciscanos.org.br\/conventosantoantonio\/wp-json\/wp\/v2\/media?parent=187762"}],"wp:term":[{"taxonomy":"category","embeddable":true,"href":"https:\/\/franciscanos.org.br\/conventosantoantonio\/wp-json\/wp\/v2\/categories?post=187762"},{"taxonomy":"post_tag","embeddable":true,"href":"https:\/\/franciscanos.org.br\/conventosantoantonio\/wp-json\/wp\/v2\/tags?post=187762"}],"curies":[{"name":"wp","href":"https:\/\/api.w.org\/{rel}","templated":true}]}}