{"id":187759,"date":"2019-06-11T13:06:29","date_gmt":"2019-06-11T16:06:29","guid":{"rendered":"https:\/\/franciscanos.org.br\/conventosantoantonio\/?p=187759"},"modified":"2021-09-22T13:07:05","modified_gmt":"2021-09-22T16:07:05","slug":"anunciar-o-reino-de-deus-e-praticar-a-justica","status":"publish","type":"post","link":"https:\/\/franciscanos.org.br\/conventosantoantonio\/anunciar-o-reino-de-deus-e-praticar-a-justica\/","title":{"rendered":"Anunciar o Reino de Deus \u00e9 praticar a justi\u00e7a"},"content":{"rendered":"<header class=\"entry-header\">\n<div class=\"post-meta\">\n<div class=\"fleft\"><img loading=\"lazy\" class=\"alignnone wp-image-205850\" src=\"https:\/\/franciscanos.org.br\/noticias\/wp-content\/uploads\/2019\/06\/trezena_110619_2.jpg\" alt=\"\" width=\"620\" height=\"535\" \/><\/div>\n<\/div>\n<\/header>\n<div class=\"post-content\">\n<p><strong>\u00a0<\/strong><strong>Rio de Janeiro (RJ)<\/strong>\u00a0\u2013 O 12\u00ba dia da Trezena Santo Ant\u00f4nio no Convento do Largo da Carioca, nesta ter\u00e7a-feira, 11 de junho, teve a Celebra\u00e7\u00e3o Eucar\u00edstica das 18 horas presidida por Frei Guido Scottini. Na festa do ap\u00f3stolo Barnab\u00e9, Frei Od\u00e9cio Lima foi o pregador do tema \u201cSanto Ant\u00f4nio e o Reino dos C\u00e9us\u201d. \u00c0s 12 horas, a primeira Celebra\u00e7\u00e3o Eucar\u00edstica da Trezena foi feita por Frei Carlos Guimar\u00e3es, da Fraternidade Nossa Senhora Aparecida de Nil\u00f3polis.<\/p>\n<p>Frei Od\u00e9cio explicou que o tema do dia foi tirado do Evangelho:\u00a0 \u201cEm vosso caminho, anunciai: \u2018O reino dos c\u00e9us est\u00e1 pr\u00f3ximo\u201d. \u201cEste Evangelho que n\u00f3s ouvimos hoje \u00e9 a resposta magna que S\u00e3o Francisco recebeu em sua vida. S\u00e3o Francisco estava cheio de d\u00favidas, vestiu-se de eremita, n\u00e3o sabia o que fazer. Na Igreja de S\u00e3o Pedro, em Assis, ele entra e pede para o sacerdote abrir a Palavra de Deus para ele. E a Palavra de Deus que se abriu foi exatamente esse evangelho que n\u00f3s ouvimos hoje. E S\u00e3o Francisco come\u00e7ou a jogar fora as coisas, as sacolas, o basti\u00e3o, tirou as sand\u00e1lias, cingiu-se com uma corda e n\u00e3o mais o cinto\u201d, disse Frei Od\u00e9cio. A partir desse texto do Evangelho, Francisco vive como ap\u00f3stolo.<\/p>\n<p><img loading=\"lazy\" class=\"alignnone wp-image-205851\" src=\"https:\/\/franciscanos.org.br\/noticias\/wp-content\/uploads\/2019\/06\/trezena_110619_1.jpg\" alt=\"\" width=\"603\" height=\"452\" \/><\/p>\n<p>Frei Od\u00e9cio, ent\u00e3o, recordou um pouco de hist\u00f3ria franciscana ao narrar como foi o encontro de Francisco com Ant\u00f4nio no Cap\u00edtulo das Esteiras, a primeira reuni\u00e3o dos frades em Assis. \u201cSubiu com os frades sicilianos um pequeno portugu\u00eas que n\u00e3o abria a boca, chamado Ant\u00f4nio. Chegando em Assis, participou silenciosamente do Cap\u00edtulo. E foi mandado por S\u00e3o Francisco com os frades para o Norte da It\u00e1lia, para os confins do territ\u00f3rio pontif\u00edcio, al\u00e9m dos dom\u00ednios da Igreja. Ao ouvir as coisas que aconteciam sob a prega\u00e7\u00e3o de Santo Ant\u00f4nio, S\u00e3o Francisco n\u00e3o teve d\u00favida: pediu para ele ensinar Teologia aos frades sem perder o esp\u00edrito de devo\u00e7\u00e3o. E assim Santo Ant\u00f4nio vira mestre para S\u00e3o Francisco\u201d, lembrou o pregador deste dia da Trezena.<\/p>\n<p>Segundo ele, existe uma certa semelhan\u00e7a entre a festa de S\u00e3o Barnab\u00e9 hoje e a hist\u00f3ria desses dois homens. \u201cQuem foi mais poderoso em palavras, em milagres, em realiza\u00e7\u00f5es: S\u00e3o Francisco ou Santo Ant\u00f4nio? Seguramente Santo Ant\u00f4nio, a quem S\u00e3o Francisco admirava, guardava com respeito. Veja: dois rapazes numa \u00fanica miss\u00e3o. \u2018Eu lhe despertei para a miss\u00e3o, agora vai! Seja o meu ap\u00f3stolo!\u2019 Assim como fez Barnab\u00e9 com Paulo. Despertou em Paulo a sua voca\u00e7\u00e3o mission\u00e1ria, a sua voca\u00e7\u00e3o de anunciador do Reino de Deus\u201d, identificou.<\/p>\n<p><img loading=\"lazy\" class=\"alignnone wp-image-205852\" src=\"https:\/\/franciscanos.org.br\/noticias\/wp-content\/uploads\/2019\/06\/trezena_110619_3.jpg\" alt=\"\" width=\"623\" height=\"415\" \/><\/p>\n<p>Frei Od\u00e9cio lembrou que Santo Ant\u00f4nio, quando fala do Reino dos C\u00e9us, diz que anunciar o Reino de Deus \u00e9 praticar a justi\u00e7a. \u201cVeja que estupendo: Anunciar o Reino de Deus \u00e9 praticar a justi\u00e7a. E a obra da justi\u00e7a \u00e9 o pr\u00f3prio Cristo. Onde tem Cristo n\u00e3o pode haver injusti\u00e7as, n\u00e3o combinam. Onde est\u00e1 Jesus Cristo come\u00e7a a acontecer a maravilha que n\u00f3s escutamos no Evangelho. \u2018Curai os doentes, ressuscitai os mortos, purificai os leprosos, expulsai os dem\u00f4nios. De gra\u00e7a recebestes, de gra\u00e7a deveis dar! N\u00e3o leveis ouro, nem prata, nem dinheiro nos vossos cintos; nem sacola para o caminho, nem duas t\u00fanicas, nem sand\u00e1lias, nem bast\u00e3o, porque o oper\u00e1rio tem direito ao seu sustento\u2019. Tudo isso acontece na vida deste imitador de ap\u00f3stolos, Santo Ant\u00f4nio. A epifania do Reino acontece. Porque ele n\u00e3o fazia outra coisa que pregar o Reino de Deus que est\u00e1 pr\u00f3ximo. Ele aproximava as pessoas de Jesus Cristo\u201d, completou.<\/p>\n<p>Antes de encerrar, pediu ao povo para olhar no altar-mor com a imagem de Santo Ant\u00f4nio. \u201cNesta imagem, o Menino Jesus est\u00e1 grudado no capuz de Santo Ant\u00f4nio. O pezinho est\u00e1 nas m\u00e3os de Santo Ant\u00f4nio, que est\u00e1 ajudando o Menino a descer. \u00c9 isso que faz a prega\u00e7\u00e3o do homem de Deus. Entrega Jesus para que chegue at\u00e9 n\u00f3s, que estamos aqui neste mundo\u201d, completou.<\/p>\n<p>Nesta quarta-feira, 12 de junho, a Trezena de Santo Ant\u00f4nio chega ao seu final. No Dia dos Namorados, o tema \u00e9 \u201cSanto Ant\u00f4nio e o Amor\u201d, tendo como pregador Frei Vitorio Mazzuco, frade que est\u00e1 a servi\u00e7o da Universidade S\u00e3o Francisco, em Bragan\u00e7a Paulista.<\/p>\n<hr \/>\n<p><em>Moacir Beggo<\/em><\/p>\n<\/div>\n","protected":false},"excerpt":{"rendered":"<p>12\u00ba Dia da Trezena de Santo Ant\u00f4nio<\/p>\n","protected":false},"author":3,"featured_media":0,"comment_status":"open","ping_status":"open","sticky":false,"template":"","format":"standard","meta":[],"categories":[105],"tags":[347],"yoast_head":"<!-- This site is optimized with the Yoast SEO plugin v19.4 - https:\/\/yoast.com\/wordpress\/plugins\/seo\/ -->\n<title>Anunciar o Reino de Deus \u00e9 praticar a justi\u00e7a - Convento Santo Ant\u00f4nio- Franciscanos<\/title>\n<meta name=\"robots\" content=\"index, follow, max-snippet:-1, max-image-preview:large, max-video-preview:-1\" \/>\n<link rel=\"canonical\" href=\"https:\/\/franciscanos.org.br\/conventosantoantonio\/anunciar-o-reino-de-deus-e-praticar-a-justica\/\" \/>\n<meta property=\"og:locale\" content=\"pt_BR\" \/>\n<meta property=\"og:type\" content=\"article\" \/>\n<meta property=\"og:title\" content=\"Anunciar o Reino de Deus \u00e9 praticar a justi\u00e7a - Convento Santo Ant\u00f4nio- Franciscanos\" \/>\n<meta property=\"og:description\" content=\"12\u00ba Dia da Trezena de Santo Ant\u00f4nio\" \/>\n<meta property=\"og:url\" content=\"https:\/\/franciscanos.org.br\/conventosantoantonio\/anunciar-o-reino-de-deus-e-praticar-a-justica\/\" \/>\n<meta property=\"og:site_name\" content=\"Convento Santo Ant\u00f4nio- Franciscanos\" \/>\n<meta property=\"article:published_time\" content=\"2019-06-11T16:06:29+00:00\" \/>\n<meta property=\"article:modified_time\" content=\"2021-09-22T16:07:05+00:00\" \/>\n<meta property=\"og:image\" content=\"https:\/\/franciscanos.org.br\/noticias\/wp-content\/uploads\/2019\/06\/trezena_110619_2.jpg\" \/>\n<meta name=\"author\" content=\"moacir\" \/>\n<meta name=\"twitter:card\" content=\"summary_large_image\" \/>\n<meta name=\"twitter:label1\" content=\"Escrito por\" \/>\n\t<meta name=\"twitter:data1\" content=\"moacir\" \/>\n\t<meta name=\"twitter:label2\" content=\"Est. tempo de leitura\" \/>\n\t<meta name=\"twitter:data2\" content=\"4 minutos\" \/>\n<script type=\"application\/ld+json\" class=\"yoast-schema-graph\">{\"@context\":\"https:\/\/schema.org\",\"@graph\":[{\"@type\":\"WebSite\",\"@id\":\"https:\/\/franciscanos.org.br\/conventosantoantonio\/#website\",\"url\":\"https:\/\/franciscanos.org.br\/conventosantoantonio\/\",\"name\":\"Convento Santo Ant\u00f4nio- Franciscanos\",\"description\":\"Prov\u00edncia Franciscana da Imaculada Concei\u00e7\u00e3o do Brasil - Ordem dos Frades Menores\",\"potentialAction\":[{\"@type\":\"SearchAction\",\"target\":{\"@type\":\"EntryPoint\",\"urlTemplate\":\"https:\/\/franciscanos.org.br\/conventosantoantonio\/?s={search_term_string}\"},\"query-input\":\"required name=search_term_string\"}],\"inLanguage\":\"pt-BR\"},{\"@type\":\"WebPage\",\"@id\":\"https:\/\/franciscanos.org.br\/conventosantoantonio\/anunciar-o-reino-de-deus-e-praticar-a-justica\/\",\"url\":\"https:\/\/franciscanos.org.br\/conventosantoantonio\/anunciar-o-reino-de-deus-e-praticar-a-justica\/\",\"name\":\"Anunciar o Reino de Deus \u00e9 praticar a justi\u00e7a - Convento Santo Ant\u00f4nio- Franciscanos\",\"isPartOf\":{\"@id\":\"https:\/\/franciscanos.org.br\/conventosantoantonio\/#website\"},\"datePublished\":\"2019-06-11T16:06:29+00:00\",\"dateModified\":\"2021-09-22T16:07:05+00:00\",\"author\":{\"@id\":\"https:\/\/franciscanos.org.br\/conventosantoantonio\/#\/schema\/person\/73421c01c49c32a7bb0a19d9b36df6ad\"},\"breadcrumb\":{\"@id\":\"https:\/\/franciscanos.org.br\/conventosantoantonio\/anunciar-o-reino-de-deus-e-praticar-a-justica\/#breadcrumb\"},\"inLanguage\":\"pt-BR\",\"potentialAction\":[{\"@type\":\"ReadAction\",\"target\":[\"https:\/\/franciscanos.org.br\/conventosantoantonio\/anunciar-o-reino-de-deus-e-praticar-a-justica\/\"]}]},{\"@type\":\"BreadcrumbList\",\"@id\":\"https:\/\/franciscanos.org.br\/conventosantoantonio\/anunciar-o-reino-de-deus-e-praticar-a-justica\/#breadcrumb\",\"itemListElement\":[{\"@type\":\"ListItem\",\"position\":1,\"name\":\"Home\",\"item\":\"https:\/\/franciscanos.org.br\/conventosantoantonio\/\"},{\"@type\":\"ListItem\",\"position\":2,\"name\":\"Anunciar o Reino de Deus \u00e9 praticar a justi\u00e7a\"}]},{\"@type\":\"Person\",\"@id\":\"https:\/\/franciscanos.org.br\/conventosantoantonio\/#\/schema\/person\/73421c01c49c32a7bb0a19d9b36df6ad\",\"name\":\"moacir\",\"image\":{\"@type\":\"ImageObject\",\"inLanguage\":\"pt-BR\",\"@id\":\"https:\/\/franciscanos.org.br\/conventosantoantonio\/#\/schema\/person\/image\/\",\"url\":\"https:\/\/secure.gravatar.com\/avatar\/d08aa2ce4c8dd416d4479aa8536fcf64?s=96&d=mm&r=g\",\"contentUrl\":\"https:\/\/secure.gravatar.com\/avatar\/d08aa2ce4c8dd416d4479aa8536fcf64?s=96&d=mm&r=g\",\"caption\":\"moacir\"},\"url\":\"https:\/\/franciscanos.org.br\/conventosantoantonio\/author\/moacir\/\"}]}<\/script>\n<!-- \/ Yoast SEO plugin. -->","yoast_head_json":{"title":"Anunciar o Reino de Deus \u00e9 praticar a justi\u00e7a - Convento Santo Ant\u00f4nio- Franciscanos","robots":{"index":"index","follow":"follow","max-snippet":"max-snippet:-1","max-image-preview":"max-image-preview:large","max-video-preview":"max-video-preview:-1"},"canonical":"https:\/\/franciscanos.org.br\/conventosantoantonio\/anunciar-o-reino-de-deus-e-praticar-a-justica\/","og_locale":"pt_BR","og_type":"article","og_title":"Anunciar o Reino de Deus \u00e9 praticar a justi\u00e7a - Convento Santo Ant\u00f4nio- Franciscanos","og_description":"12\u00ba Dia da Trezena de Santo Ant\u00f4nio","og_url":"https:\/\/franciscanos.org.br\/conventosantoantonio\/anunciar-o-reino-de-deus-e-praticar-a-justica\/","og_site_name":"Convento Santo Ant\u00f4nio- Franciscanos","article_published_time":"2019-06-11T16:06:29+00:00","article_modified_time":"2021-09-22T16:07:05+00:00","og_image":[{"url":"https:\/\/franciscanos.org.br\/noticias\/wp-content\/uploads\/2019\/06\/trezena_110619_2.jpg"}],"author":"moacir","twitter_card":"summary_large_image","twitter_misc":{"Escrito por":"moacir","Est. tempo de leitura":"4 minutos"},"schema":{"@context":"https:\/\/schema.org","@graph":[{"@type":"WebSite","@id":"https:\/\/franciscanos.org.br\/conventosantoantonio\/#website","url":"https:\/\/franciscanos.org.br\/conventosantoantonio\/","name":"Convento Santo Ant\u00f4nio- Franciscanos","description":"Prov\u00edncia Franciscana da Imaculada Concei\u00e7\u00e3o do Brasil - Ordem dos Frades Menores","potentialAction":[{"@type":"SearchAction","target":{"@type":"EntryPoint","urlTemplate":"https:\/\/franciscanos.org.br\/conventosantoantonio\/?s={search_term_string}"},"query-input":"required name=search_term_string"}],"inLanguage":"pt-BR"},{"@type":"WebPage","@id":"https:\/\/franciscanos.org.br\/conventosantoantonio\/anunciar-o-reino-de-deus-e-praticar-a-justica\/","url":"https:\/\/franciscanos.org.br\/conventosantoantonio\/anunciar-o-reino-de-deus-e-praticar-a-justica\/","name":"Anunciar o Reino de Deus \u00e9 praticar a justi\u00e7a - Convento Santo Ant\u00f4nio- Franciscanos","isPartOf":{"@id":"https:\/\/franciscanos.org.br\/conventosantoantonio\/#website"},"datePublished":"2019-06-11T16:06:29+00:00","dateModified":"2021-09-22T16:07:05+00:00","author":{"@id":"https:\/\/franciscanos.org.br\/conventosantoantonio\/#\/schema\/person\/73421c01c49c32a7bb0a19d9b36df6ad"},"breadcrumb":{"@id":"https:\/\/franciscanos.org.br\/conventosantoantonio\/anunciar-o-reino-de-deus-e-praticar-a-justica\/#breadcrumb"},"inLanguage":"pt-BR","potentialAction":[{"@type":"ReadAction","target":["https:\/\/franciscanos.org.br\/conventosantoantonio\/anunciar-o-reino-de-deus-e-praticar-a-justica\/"]}]},{"@type":"BreadcrumbList","@id":"https:\/\/franciscanos.org.br\/conventosantoantonio\/anunciar-o-reino-de-deus-e-praticar-a-justica\/#breadcrumb","itemListElement":[{"@type":"ListItem","position":1,"name":"Home","item":"https:\/\/franciscanos.org.br\/conventosantoantonio\/"},{"@type":"ListItem","position":2,"name":"Anunciar o Reino de Deus \u00e9 praticar a justi\u00e7a"}]},{"@type":"Person","@id":"https:\/\/franciscanos.org.br\/conventosantoantonio\/#\/schema\/person\/73421c01c49c32a7bb0a19d9b36df6ad","name":"moacir","image":{"@type":"ImageObject","inLanguage":"pt-BR","@id":"https:\/\/franciscanos.org.br\/conventosantoantonio\/#\/schema\/person\/image\/","url":"https:\/\/secure.gravatar.com\/avatar\/d08aa2ce4c8dd416d4479aa8536fcf64?s=96&d=mm&r=g","contentUrl":"https:\/\/secure.gravatar.com\/avatar\/d08aa2ce4c8dd416d4479aa8536fcf64?s=96&d=mm&r=g","caption":"moacir"},"url":"https:\/\/franciscanos.org.br\/conventosantoantonio\/author\/moacir\/"}]}},"_links":{"self":[{"href":"https:\/\/franciscanos.org.br\/conventosantoantonio\/wp-json\/wp\/v2\/posts\/187759"}],"collection":[{"href":"https:\/\/franciscanos.org.br\/conventosantoantonio\/wp-json\/wp\/v2\/posts"}],"about":[{"href":"https:\/\/franciscanos.org.br\/conventosantoantonio\/wp-json\/wp\/v2\/types\/post"}],"author":[{"embeddable":true,"href":"https:\/\/franciscanos.org.br\/conventosantoantonio\/wp-json\/wp\/v2\/users\/3"}],"replies":[{"embeddable":true,"href":"https:\/\/franciscanos.org.br\/conventosantoantonio\/wp-json\/wp\/v2\/comments?post=187759"}],"version-history":[{"count":1,"href":"https:\/\/franciscanos.org.br\/conventosantoantonio\/wp-json\/wp\/v2\/posts\/187759\/revisions"}],"predecessor-version":[{"id":187760,"href":"https:\/\/franciscanos.org.br\/conventosantoantonio\/wp-json\/wp\/v2\/posts\/187759\/revisions\/187760"}],"wp:attachment":[{"href":"https:\/\/franciscanos.org.br\/conventosantoantonio\/wp-json\/wp\/v2\/media?parent=187759"}],"wp:term":[{"taxonomy":"category","embeddable":true,"href":"https:\/\/franciscanos.org.br\/conventosantoantonio\/wp-json\/wp\/v2\/categories?post=187759"},{"taxonomy":"post_tag","embeddable":true,"href":"https:\/\/franciscanos.org.br\/conventosantoantonio\/wp-json\/wp\/v2\/tags?post=187759"}],"curies":[{"name":"wp","href":"https:\/\/api.w.org\/{rel}","templated":true}]}}