{"id":187746,"date":"2019-06-13T12:57:20","date_gmt":"2019-06-13T15:57:20","guid":{"rendered":"https:\/\/franciscanos.org.br\/conventosantoantonio\/?p=187746"},"modified":"2021-09-22T12:58:48","modified_gmt":"2021-09-22T15:58:48","slug":"frei-cesar-precisamos-ter-uma-vida-como-a-de-santo-antonio","status":"publish","type":"post","link":"https:\/\/franciscanos.org.br\/conventosantoantonio\/frei-cesar-precisamos-ter-uma-vida-como-a-de-santo-antonio\/","title":{"rendered":"Frei C\u00e9sar: \u201cPrecisamos ter uma vida como a de Santo Ant\u00f4nio\u201d"},"content":{"rendered":"<header class=\"entry-header\">\n<h1><img loading=\"lazy\" class=\"alignleft wp-image-206085 \" style=\"font-size: 16px;\" src=\"https:\/\/franciscanos.org.br\/noticias\/wp-content\/uploads\/2019\/06\/provincial_130619.jpg\" alt=\"\" width=\"614\" height=\"409\" \/><\/h1>\n<\/header>\n<div class=\"post-content\">\n<p><strong>\u00a0<\/strong><strong>Rio de Janeiro (RJ)<\/strong>\u00a0\u2013 \u201cA gente precisa ter uma vida como a de Santo Ant\u00f4nio, que torna essa Palavra de Deus evidente. Que as pessoas possam olhar para n\u00f3s, crist\u00e3os, e reconhecer a Palavra de Deus\u201d. Foi com esta exorta\u00e7\u00e3o que o Ministro Provincial da Prov\u00edncia Franciscana da Imaculada Concei\u00e7\u00e3o, Frei C\u00e9sar K\u00fclkamp, celebrou a Missa solene em honra a Santo Ant\u00f4nio no Convento do Largo da Carioca, neste dia 13 de junho, \u00e0s 10 horas. O guardi\u00e3o Frei Jos\u00e9 Pereira fez a apresenta\u00e7\u00e3o de Frei C\u00e9sar, que celebrou pela primeira vez neste hist\u00f3rico Convento no servi\u00e7o de Ministro Provincial.<\/p>\n<p>\u201c\u00c9 uma alegria estar aqui com voc\u00eas neste Convento que leva o nome de Santo Ant\u00f4nio, fundado h\u00e1 411 anos, celebrando sua solenidade, depois da Trezena que chegou \u00e0 edi\u00e7\u00e3o de n\u00famero 337\u201d, saudou Frei C\u00e9sar, recordando os milhares de frades que passaram pelo Convento nesse tempo, entre eles Frei Vicente do Salvador, que lan\u00e7ou a pedra fundamental desse Convento e foi o primeiro historiador do Brasil. Depois citou Frei Fabiano de Cristo, muito querido pelos cariocas; Frei Galv\u00e3o, o primeiro santo brasileiro, e tantos outros que \u201cderam sua profunda contribui\u00e7\u00e3o para que tudo isso existisse e n\u00f3s tiv\u00e9ssemos essa presen\u00e7a\u201d.<\/p>\n<p><img loading=\"lazy\" class=\"alignnone  wp-image-206086\" src=\"https:\/\/franciscanos.org.br\/noticias\/wp-content\/uploads\/2019\/06\/provincial_130619_1.jpg\" alt=\"\" width=\"617\" height=\"463\" \/><\/p>\n<p>O Ministro Provincial tamb\u00e9m lembrou da multid\u00e3o que sobe o Morro de Santo Ant\u00f4nio em busca desse servi\u00e7o dos frades, de orienta\u00e7\u00e3o, dos sacramentos e, acima de tudo, da intercess\u00e3o do nosso querido Santo Ant\u00f4nio. \u201cQue multid\u00e3o contemplou aquela face, cheia de ternura, aquela face paternal do nosso querido e glorioso Santo Ant\u00f4nio! E a gente poderia pensar em quanto socorro foi dado em momentos de afli\u00e7\u00f5es e ang\u00fastias das pessoas! Quantos milagres de todos os tipos aconteceram na vida de tantas pessoas! Quantas fam\u00edlias foram constru\u00eddas, restauradas, a partir deste olhar de f\u00e9 e amor!\u201d, reconheceu.<\/p>\n<p>\u201cDepois dessa bel\u00edssima hist\u00f3ria de f\u00e9 e devo\u00e7\u00e3o, \u00e9 a nossa vez de celebrar a vida, as virtudes e a poderosa intercess\u00e3o do nosso querido Santo Ant\u00f4nio. N\u00f3s viemos at\u00e9 aqui trazendo as nossas pr\u00f3prias afli\u00e7\u00f5es, tamb\u00e9m a nossa vida, para depositar neste olhar. Para que ele olhe, com a mesma paternidade, com o mesmo amor, para a nossa vida. Porque n\u00f3s sabemos que Santo Ant\u00f4nio \u00e9 verdadeiramente o pai dos pobres, dos abandonados, dos que n\u00e3o t\u00eam casa, dos que n\u00e3o t\u00eam ningu\u00e9m, que s\u00e3o doentes, dos que j\u00e1 n\u00e3o mais creem, dos famintos, dos enfermos, dos que n\u00e3o t\u00eam esperan\u00e7a. Mas ele \u00e9 tamb\u00e9m o nosso pai. N\u00f3s que acreditamos, que amamos a Deus, e queremos acima de tudo cumprir a sua vontade. \u00c9 ele que vem tamb\u00e9m em nosso aux\u00edlio nessa jornada da nossa vida\u201d, situou Frei C\u00e9sar.<\/p>\n<p><img loading=\"lazy\" class=\"alignnone  wp-image-206087\" src=\"https:\/\/franciscanos.org.br\/noticias\/wp-content\/uploads\/2019\/06\/provincial_130619_3.jpg\" alt=\"\" width=\"617\" height=\"463\" \/><\/p>\n<p>Segundo Frei C\u00e9sar, citando o mandato de Cristo aos disc\u00edpulos, segundo o evangelista Marcos, Santo Ant\u00f4nio n\u00e3o teve d\u00favida: empregou sua curta vida no projeto de Jesus. \u201cPor isso, ele teve uma vida onde transbordaram todas as virtudes. Mas ele n\u00e3o ficou preocupado em cumprir todas elas. Ele fez da sua vida apenas o cumprimento da vontade do Senhor, presente na sua Palavra. E ele teve, na sua vida, dois prop\u00f3sitos: converter o pr\u00f3prio cora\u00e7\u00e3o e contribuir para converter o cora\u00e7\u00e3o dos outros; transformar a pr\u00f3pria vida e empenhar em transformar a vida dos outros; santificar-se, que \u00e9 a caminhada de todo crist\u00e3o, e ajudar cada irm\u00e3o e cada irm\u00e3 a se santificar. Somente isso ele quis viver com toda a sua intensidade, sabendo que receber a Deus n\u00e3o \u00e9 para ficar numa rela\u00e7\u00e3o \u00edntima: s\u00f3 Deus e eu. Deus se d\u00e1 a n\u00f3s para que, atrav\u00e9s de n\u00f3s, Ele possa tocar o nosso irm\u00e3o\u201d, ensinou, acrescentando que esse \u00e9 o modelo que Ant\u00f4nio deixa para n\u00f3s hoje nesta 337\u00aa Trezena e solenidade.<\/p>\n<p>Falando do tema da Trezena e Festa \u2013 \u201cSanto Ant\u00f4nio, amigo de Jesus\u201d -, Frei C\u00e9sar lembrou que a palavra \u2018amigo\u2019 vem da mesma raiz da palavra \u2018amado\u2019. \u201cOu seja, Santo Ant\u00f4nio procurou amar com todo seu cora\u00e7\u00e3o e como uma grande prioridade da sua vida a esse Deus que se d\u00e1 t\u00e3o pr\u00f3ximo, t\u00e3o encarnado em Jesus Cristo\u201d, ressaltou.<\/p>\n<p>O Ministro Provincial ilustrou esta parte da sua reflex\u00e3o falando sobre o significado da imagem de Santo Ant\u00f4nio com o Menino Jesus. Recordou a hist\u00f3ria em que o Santo, nas suas andan\u00e7as para pregar a Palavra de Deus, hospedou-se na casa de uma fam\u00edlia e, quando estava sozinho fazendo sua ora\u00e7\u00e3o, o quarto se encheu de muita luz e o dono foi ver o que estava acontecendo, pois naquele tempo n\u00e3o existia ainda energia el\u00e9trica. \u201cE ele viu Santo Ant\u00f4nio com o Menino Jesus nos bra\u00e7os. Os dois conversavam com profunda intimidade\u201d, acrescentou Frei C\u00e9sar.<\/p>\n<p><img loading=\"lazy\" class=\"alignnone  wp-image-206088\" src=\"https:\/\/franciscanos.org.br\/noticias\/wp-content\/uploads\/2019\/06\/provincial_130619_2.jpg\" alt=\"\" width=\"615\" height=\"461\" \/><\/p>\n<p>O celebrante chamou a aten\u00e7\u00e3o que o Menino est\u00e1 sobre a Palavra de Deus, que Santo Ant\u00f4nio buscou com toda intimidade, e tamb\u00e9m carrega a cruz que nos recorda essa entrega total desse mesmo Menino, que \u00e9 a figura da encarna\u00e7\u00e3o de um Deus grand\u00edssimo que se faz t\u00e3o pequeno. \u201cA Palavra n\u00e3o \u00e9 uma letra morta, mas \u00e9 vida. \u00c9 isso que Santo Ant\u00f4nio nos mostra. Ela se faz ser humano, ela se faz esse Menino carregado de ternura. E justamente Santo Ant\u00f4nio mergulha com tanta intensidade nessa Palavra, que ele se torna a Trombeta do Evangelho e, para o mundo, ele \u00e9 a Arca do Testamento, como cantamos esses dias na Ladainha\u201d, explicou.<\/p>\n<p>\u201cAmar a Jesus n\u00e3o \u00e9 ficar nessa rela\u00e7\u00e3o \u00edntima, mas \u00e9 seguir seu mandamento que consiste em anunciar a sua Palavra, em primeiro lugar com nossa vida. N\u00e3o se trata de descer at\u00e9 a pra\u00e7a e gritar as palavras do Evangelho. Mas a gente precisa ter uma vida como a de Santo Ant\u00f4nio, que torna essa Palavra evidente, que as pessoas possam olhar para n\u00f3s, crist\u00e3os, e reconhecer a Palavra de Deus. \u00c9 o que o nosso Papa Francisco falou na liturgia no domingo passado na Missa de Pentecostes: \u2018Como seria bom se as pessoas do mundo inteiro olhassem para a Igreja e enxergassem o amor misericordioso em cada crist\u00e3o&#8217;\u201d, citou.<\/p>\n<p>\u201cEnt\u00e3o, n\u00e3o se trata de gritar as palavras, de chegar em casa e cobrar, julgar. Tudo isso \u00e9 contra o Evangelho. A gente tem que fazer com que essa Palavra possa transpirar, transbordar da nossa vida e tocar os cora\u00e7\u00f5es, porque a for\u00e7a n\u00e3o \u00e9 nossa. Quando se julga, condena, estamos tomando a dianteira. N\u00f3s temos que deixar que a for\u00e7a venha da Palavra\u201d, frisou.<\/p>\n<p><img loading=\"lazy\" class=\"alignnone  wp-image-206089\" src=\"https:\/\/franciscanos.org.br\/noticias\/wp-content\/uploads\/2019\/06\/provincial_130619_4.jpg\" alt=\"\" width=\"611\" height=\"458\" \/><\/p>\n<p>Para o Ministro Provincial, o ensinamento de Santo Ant\u00f4nio, seu testemunho e seu modelo de vida crist\u00e3 hoje pode ser traduzido naquilo que a Igreja do Brasil adotou, que \u00e9 de sermos disc\u00edpulos e mission\u00e1rios. \u201cSermos disc\u00edpulos como ele, amigos de Jesus, ficar a\u00ed sentado aos p\u00e9s de Jesus em ora\u00e7\u00e3o, na contempla\u00e7\u00e3o, tocados por essa Palavra, deixados se transformar pelo amor de Jesus. E depois tamb\u00e9m sermos mission\u00e1rios, levarmos a todos a alegria que n\u00f3s experimentamos e descobrimos em sua Palavra. E assim o mundo inteiro ser\u00e1 transformado, sem pretens\u00f5es, come\u00e7ando de forma bem pequena com o nosso cora\u00e7\u00e3o, com a nossa fam\u00edlia, com o nosso c\u00edrculo de trabalho, de conviv\u00eancia, e a\u00ed a a\u00e7\u00e3o de Deus vai chegar at\u00e9 onde ela quer chegar, com a sua for\u00e7a, com sua vitalidade, como fez e nos ensinou o glorioso Santo Ant\u00f4nio\u201d, encerrou Frei C\u00e9sar.<\/p>\n<hr \/>\n<header class=\"entry-header\"><em>Moacir Beggo<\/em><\/p>\n<\/header>\n<\/div>\n","protected":false},"excerpt":{"rendered":"<p>Trezena e Festa de Santo Ant\u00f4nio<\/p>\n","protected":false},"author":3,"featured_media":0,"comment_status":"open","ping_status":"open","sticky":false,"template":"","format":"standard","meta":[],"categories":[105],"tags":[347],"yoast_head":"<!-- This site is optimized with the Yoast SEO plugin v19.4 - https:\/\/yoast.com\/wordpress\/plugins\/seo\/ -->\n<title>Frei C\u00e9sar: \u201cPrecisamos ter uma vida como a de Santo Ant\u00f4nio\u201d - Convento Santo Ant\u00f4nio- Franciscanos<\/title>\n<meta name=\"robots\" content=\"index, follow, max-snippet:-1, max-image-preview:large, max-video-preview:-1\" \/>\n<link rel=\"canonical\" href=\"https:\/\/franciscanos.org.br\/conventosantoantonio\/frei-cesar-precisamos-ter-uma-vida-como-a-de-santo-antonio\/\" \/>\n<meta property=\"og:locale\" content=\"pt_BR\" \/>\n<meta property=\"og:type\" content=\"article\" \/>\n<meta property=\"og:title\" content=\"Frei C\u00e9sar: \u201cPrecisamos ter uma vida como a de Santo Ant\u00f4nio\u201d - Convento Santo Ant\u00f4nio- Franciscanos\" \/>\n<meta property=\"og:description\" content=\"Trezena e Festa de Santo Ant\u00f4nio\" \/>\n<meta property=\"og:url\" content=\"https:\/\/franciscanos.org.br\/conventosantoantonio\/frei-cesar-precisamos-ter-uma-vida-como-a-de-santo-antonio\/\" \/>\n<meta property=\"og:site_name\" content=\"Convento Santo Ant\u00f4nio- Franciscanos\" \/>\n<meta property=\"article:published_time\" content=\"2019-06-13T15:57:20+00:00\" \/>\n<meta property=\"article:modified_time\" content=\"2021-09-22T15:58:48+00:00\" \/>\n<meta property=\"og:image\" content=\"https:\/\/franciscanos.org.br\/noticias\/wp-content\/uploads\/2019\/06\/provincial_130619.jpg\" \/>\n<meta name=\"author\" content=\"moacir\" \/>\n<meta name=\"twitter:card\" content=\"summary_large_image\" \/>\n<meta name=\"twitter:label1\" content=\"Escrito por\" \/>\n\t<meta name=\"twitter:data1\" content=\"moacir\" \/>\n\t<meta name=\"twitter:label2\" content=\"Est. tempo de leitura\" \/>\n\t<meta name=\"twitter:data2\" content=\"7 minutos\" \/>\n<script type=\"application\/ld+json\" class=\"yoast-schema-graph\">{\"@context\":\"https:\/\/schema.org\",\"@graph\":[{\"@type\":\"WebSite\",\"@id\":\"https:\/\/franciscanos.org.br\/conventosantoantonio\/#website\",\"url\":\"https:\/\/franciscanos.org.br\/conventosantoantonio\/\",\"name\":\"Convento Santo Ant\u00f4nio- Franciscanos\",\"description\":\"Prov\u00edncia Franciscana da Imaculada Concei\u00e7\u00e3o do Brasil - Ordem dos Frades Menores\",\"potentialAction\":[{\"@type\":\"SearchAction\",\"target\":{\"@type\":\"EntryPoint\",\"urlTemplate\":\"https:\/\/franciscanos.org.br\/conventosantoantonio\/?s={search_term_string}\"},\"query-input\":\"required name=search_term_string\"}],\"inLanguage\":\"pt-BR\"},{\"@type\":\"WebPage\",\"@id\":\"https:\/\/franciscanos.org.br\/conventosantoantonio\/frei-cesar-precisamos-ter-uma-vida-como-a-de-santo-antonio\/\",\"url\":\"https:\/\/franciscanos.org.br\/conventosantoantonio\/frei-cesar-precisamos-ter-uma-vida-como-a-de-santo-antonio\/\",\"name\":\"Frei C\u00e9sar: \u201cPrecisamos ter uma vida como a de Santo Ant\u00f4nio\u201d - Convento Santo Ant\u00f4nio- Franciscanos\",\"isPartOf\":{\"@id\":\"https:\/\/franciscanos.org.br\/conventosantoantonio\/#website\"},\"datePublished\":\"2019-06-13T15:57:20+00:00\",\"dateModified\":\"2021-09-22T15:58:48+00:00\",\"author\":{\"@id\":\"https:\/\/franciscanos.org.br\/conventosantoantonio\/#\/schema\/person\/73421c01c49c32a7bb0a19d9b36df6ad\"},\"breadcrumb\":{\"@id\":\"https:\/\/franciscanos.org.br\/conventosantoantonio\/frei-cesar-precisamos-ter-uma-vida-como-a-de-santo-antonio\/#breadcrumb\"},\"inLanguage\":\"pt-BR\",\"potentialAction\":[{\"@type\":\"ReadAction\",\"target\":[\"https:\/\/franciscanos.org.br\/conventosantoantonio\/frei-cesar-precisamos-ter-uma-vida-como-a-de-santo-antonio\/\"]}]},{\"@type\":\"BreadcrumbList\",\"@id\":\"https:\/\/franciscanos.org.br\/conventosantoantonio\/frei-cesar-precisamos-ter-uma-vida-como-a-de-santo-antonio\/#breadcrumb\",\"itemListElement\":[{\"@type\":\"ListItem\",\"position\":1,\"name\":\"Home\",\"item\":\"https:\/\/franciscanos.org.br\/conventosantoantonio\/\"},{\"@type\":\"ListItem\",\"position\":2,\"name\":\"Frei C\u00e9sar: \u201cPrecisamos ter uma vida como a de Santo Ant\u00f4nio\u201d\"}]},{\"@type\":\"Person\",\"@id\":\"https:\/\/franciscanos.org.br\/conventosantoantonio\/#\/schema\/person\/73421c01c49c32a7bb0a19d9b36df6ad\",\"name\":\"moacir\",\"image\":{\"@type\":\"ImageObject\",\"inLanguage\":\"pt-BR\",\"@id\":\"https:\/\/franciscanos.org.br\/conventosantoantonio\/#\/schema\/person\/image\/\",\"url\":\"https:\/\/secure.gravatar.com\/avatar\/d08aa2ce4c8dd416d4479aa8536fcf64?s=96&d=mm&r=g\",\"contentUrl\":\"https:\/\/secure.gravatar.com\/avatar\/d08aa2ce4c8dd416d4479aa8536fcf64?s=96&d=mm&r=g\",\"caption\":\"moacir\"},\"url\":\"https:\/\/franciscanos.org.br\/conventosantoantonio\/author\/moacir\/\"}]}<\/script>\n<!-- \/ Yoast SEO plugin. -->","yoast_head_json":{"title":"Frei C\u00e9sar: \u201cPrecisamos ter uma vida como a de Santo Ant\u00f4nio\u201d - Convento Santo Ant\u00f4nio- Franciscanos","robots":{"index":"index","follow":"follow","max-snippet":"max-snippet:-1","max-image-preview":"max-image-preview:large","max-video-preview":"max-video-preview:-1"},"canonical":"https:\/\/franciscanos.org.br\/conventosantoantonio\/frei-cesar-precisamos-ter-uma-vida-como-a-de-santo-antonio\/","og_locale":"pt_BR","og_type":"article","og_title":"Frei C\u00e9sar: \u201cPrecisamos ter uma vida como a de Santo Ant\u00f4nio\u201d - Convento Santo Ant\u00f4nio- Franciscanos","og_description":"Trezena e Festa de Santo Ant\u00f4nio","og_url":"https:\/\/franciscanos.org.br\/conventosantoantonio\/frei-cesar-precisamos-ter-uma-vida-como-a-de-santo-antonio\/","og_site_name":"Convento Santo Ant\u00f4nio- Franciscanos","article_published_time":"2019-06-13T15:57:20+00:00","article_modified_time":"2021-09-22T15:58:48+00:00","og_image":[{"url":"https:\/\/franciscanos.org.br\/noticias\/wp-content\/uploads\/2019\/06\/provincial_130619.jpg"}],"author":"moacir","twitter_card":"summary_large_image","twitter_misc":{"Escrito por":"moacir","Est. tempo de leitura":"7 minutos"},"schema":{"@context":"https:\/\/schema.org","@graph":[{"@type":"WebSite","@id":"https:\/\/franciscanos.org.br\/conventosantoantonio\/#website","url":"https:\/\/franciscanos.org.br\/conventosantoantonio\/","name":"Convento Santo Ant\u00f4nio- Franciscanos","description":"Prov\u00edncia Franciscana da Imaculada Concei\u00e7\u00e3o do Brasil - Ordem dos Frades Menores","potentialAction":[{"@type":"SearchAction","target":{"@type":"EntryPoint","urlTemplate":"https:\/\/franciscanos.org.br\/conventosantoantonio\/?s={search_term_string}"},"query-input":"required name=search_term_string"}],"inLanguage":"pt-BR"},{"@type":"WebPage","@id":"https:\/\/franciscanos.org.br\/conventosantoantonio\/frei-cesar-precisamos-ter-uma-vida-como-a-de-santo-antonio\/","url":"https:\/\/franciscanos.org.br\/conventosantoantonio\/frei-cesar-precisamos-ter-uma-vida-como-a-de-santo-antonio\/","name":"Frei C\u00e9sar: \u201cPrecisamos ter uma vida como a de Santo Ant\u00f4nio\u201d - Convento Santo Ant\u00f4nio- Franciscanos","isPartOf":{"@id":"https:\/\/franciscanos.org.br\/conventosantoantonio\/#website"},"datePublished":"2019-06-13T15:57:20+00:00","dateModified":"2021-09-22T15:58:48+00:00","author":{"@id":"https:\/\/franciscanos.org.br\/conventosantoantonio\/#\/schema\/person\/73421c01c49c32a7bb0a19d9b36df6ad"},"breadcrumb":{"@id":"https:\/\/franciscanos.org.br\/conventosantoantonio\/frei-cesar-precisamos-ter-uma-vida-como-a-de-santo-antonio\/#breadcrumb"},"inLanguage":"pt-BR","potentialAction":[{"@type":"ReadAction","target":["https:\/\/franciscanos.org.br\/conventosantoantonio\/frei-cesar-precisamos-ter-uma-vida-como-a-de-santo-antonio\/"]}]},{"@type":"BreadcrumbList","@id":"https:\/\/franciscanos.org.br\/conventosantoantonio\/frei-cesar-precisamos-ter-uma-vida-como-a-de-santo-antonio\/#breadcrumb","itemListElement":[{"@type":"ListItem","position":1,"name":"Home","item":"https:\/\/franciscanos.org.br\/conventosantoantonio\/"},{"@type":"ListItem","position":2,"name":"Frei C\u00e9sar: \u201cPrecisamos ter uma vida como a de Santo Ant\u00f4nio\u201d"}]},{"@type":"Person","@id":"https:\/\/franciscanos.org.br\/conventosantoantonio\/#\/schema\/person\/73421c01c49c32a7bb0a19d9b36df6ad","name":"moacir","image":{"@type":"ImageObject","inLanguage":"pt-BR","@id":"https:\/\/franciscanos.org.br\/conventosantoantonio\/#\/schema\/person\/image\/","url":"https:\/\/secure.gravatar.com\/avatar\/d08aa2ce4c8dd416d4479aa8536fcf64?s=96&d=mm&r=g","contentUrl":"https:\/\/secure.gravatar.com\/avatar\/d08aa2ce4c8dd416d4479aa8536fcf64?s=96&d=mm&r=g","caption":"moacir"},"url":"https:\/\/franciscanos.org.br\/conventosantoantonio\/author\/moacir\/"}]}},"_links":{"self":[{"href":"https:\/\/franciscanos.org.br\/conventosantoantonio\/wp-json\/wp\/v2\/posts\/187746"}],"collection":[{"href":"https:\/\/franciscanos.org.br\/conventosantoantonio\/wp-json\/wp\/v2\/posts"}],"about":[{"href":"https:\/\/franciscanos.org.br\/conventosantoantonio\/wp-json\/wp\/v2\/types\/post"}],"author":[{"embeddable":true,"href":"https:\/\/franciscanos.org.br\/conventosantoantonio\/wp-json\/wp\/v2\/users\/3"}],"replies":[{"embeddable":true,"href":"https:\/\/franciscanos.org.br\/conventosantoantonio\/wp-json\/wp\/v2\/comments?post=187746"}],"version-history":[{"count":1,"href":"https:\/\/franciscanos.org.br\/conventosantoantonio\/wp-json\/wp\/v2\/posts\/187746\/revisions"}],"predecessor-version":[{"id":187747,"href":"https:\/\/franciscanos.org.br\/conventosantoantonio\/wp-json\/wp\/v2\/posts\/187746\/revisions\/187747"}],"wp:attachment":[{"href":"https:\/\/franciscanos.org.br\/conventosantoantonio\/wp-json\/wp\/v2\/media?parent=187746"}],"wp:term":[{"taxonomy":"category","embeddable":true,"href":"https:\/\/franciscanos.org.br\/conventosantoantonio\/wp-json\/wp\/v2\/categories?post=187746"},{"taxonomy":"post_tag","embeddable":true,"href":"https:\/\/franciscanos.org.br\/conventosantoantonio\/wp-json\/wp\/v2\/tags?post=187746"}],"curies":[{"name":"wp","href":"https:\/\/api.w.org\/{rel}","templated":true}]}}