{"id":187743,"date":"2019-06-13T12:54:47","date_gmt":"2019-06-13T15:54:47","guid":{"rendered":"https:\/\/franciscanos.org.br\/conventosantoantonio\/?p=187743"},"modified":"2021-09-22T12:56:19","modified_gmt":"2021-09-22T15:56:19","slug":"multidao-se-despede-de-santo-antonio-do-largo-da-carioca","status":"publish","type":"post","link":"https:\/\/franciscanos.org.br\/conventosantoantonio\/multidao-se-despede-de-santo-antonio-do-largo-da-carioca\/","title":{"rendered":"Multid\u00e3o se despede de Santo Ant\u00f4nio do Largo da Carioca"},"content":{"rendered":"<header class=\"entry-header\">\n<div class=\"post-meta\">\n<div class=\"fleft\"><img loading=\"lazy\" class=\"alignnone wp-image-206128\" src=\"https:\/\/franciscanos.org.br\/noticias\/wp-content\/uploads\/2019\/06\/final_130619_1.jpg\" alt=\"\" width=\"613\" height=\"460\" \/><\/div>\n<\/div>\n<\/header>\n<div class=\"post-content\">\n<p><strong>\u00a0<\/strong><strong>Rio de Janeiro (RJ)<\/strong>\u00a0\u2013 Uma multid\u00e3o, como n\u00e3o se viu nos anos anteriores, despediu-se de Santo Ant\u00f4nio nesta quinta-feira, 13 de junho, depois de um dia intenso de celebra\u00e7\u00f5es, b\u00ean\u00e7\u00e3os, confraterniza\u00e7\u00f5es e muita festividade.<\/p>\n<p>Frei Vit\u00f3rio Mazzuco Filho, frade da Fraternidade de Bragan\u00e7a Paulista e que j\u00e1 foi Reitor deste Santu\u00e1rio do Largo da Carioca, celebrou a \u00faltima Missa do dia. Os fi\u00e9is lotaram a capela e lotaram o terra\u00e7o em frente ao Convento, que transmitia a Missa pelas caixas de som.<\/p>\n<p>Durante treze dias o povo se preparou e refletiu sobre temas ligados ao santo franciscano. Realizada h\u00e1 337 anos, com a colabora\u00e7\u00e3o volunt\u00e1ria dos fi\u00e9is do Convento, que ano ap\u00f3s ano, se dedicam para receber com muito carinho a multid\u00e3o que sobe o Morro de Santo Ant\u00f4nio neste dia 13.<\/p>\n<p><img loading=\"lazy\" class=\"alignnone wp-image-206129\" src=\"https:\/\/franciscanos.org.br\/noticias\/wp-content\/uploads\/2019\/06\/final_130619.jpg\" alt=\"\" width=\"619\" height=\"826\" \/><\/p>\n<p>Em sua programa\u00e7\u00e3o, al\u00e9m das celebra\u00e7\u00f5es, barraquinhas com comidas pr\u00f3prias das festas juninas e artigos religiosos e artesanais. Para isso, o guardi\u00e3o do Convento, Frei Jos\u00e9 Pereira, conta com um grupo de cerca de 80 volunt\u00e1rios que trabalham incansavelmente durante a Trezena e alguns at\u00e9 um m\u00eas antes. \u201cTodos deram as m\u00e3os para que a Festa se realizasse. A doa\u00e7\u00e3o de cada um enriqueceu e tornou poss\u00edvel esta bela festa\u201d, agradeceu o guardi\u00e3o, evitando citar todos os grupos de trabalho para n\u00e3o cometer injusti\u00e7as.<\/p>\n<p><img loading=\"lazy\" class=\"alignnone wp-image-206130\" src=\"https:\/\/franciscanos.org.br\/noticias\/wp-content\/uploads\/2019\/06\/final_130619_2.jpg\" alt=\"\" width=\"609\" height=\"457\" \/><\/p>\n<p>Durante o dia, o povo procurava sempre a proximidade de uma imagem para fazer as suas preces. Espalhadas pelo interior e na parte exterior do Convento havia seis imagens do Santo. A mais procurada e que no final do dia nem mais parecia uma imagem tamanha a quantidade de fitinhas amarradas nela. A imagem no andor que acompanhou toda a Trezena ficou exposta no corredor do claustro, onde ao lado um frade aspergia a \u00e1gua benta. Tamb\u00e9m, mais \u00e0 dist\u00e2ncia, est\u00e1 a imagem do frontisp\u00edcio da igreja. Al\u00e9m da imagem do altar-mor, existe a imagem que garantiu a expuls\u00e3o dos franceses no memor\u00e1vel dia 19 de setembro de 1710 e \u00e9 conhecida como \u201cSanto Ant\u00f4nio do Relento\u201d. Ela \u00e9 iluminada toda noite na fachada do convento.<\/p>\n<p><img loading=\"lazy\" class=\"alignnone wp-image-206131\" src=\"https:\/\/franciscanos.org.br\/noticias\/wp-content\/uploads\/2019\/06\/final_130619_3.jpg\" alt=\"\" width=\"607\" height=\"810\" \/><\/p>\n<hr \/>\n<p><em>Moacir Beggo<\/em><\/p>\n<\/div>\n","protected":false},"excerpt":{"rendered":"<p>337\u00aa Trezena de Santo Ant\u00f4nio<\/p>\n","protected":false},"author":3,"featured_media":0,"comment_status":"open","ping_status":"open","sticky":false,"template":"","format":"standard","meta":[],"categories":[105],"tags":[],"yoast_head":"<!-- This site is optimized with the Yoast SEO plugin v19.4 - https:\/\/yoast.com\/wordpress\/plugins\/seo\/ -->\n<title>Multid\u00e3o se despede de Santo Ant\u00f4nio do Largo da Carioca - Convento Santo Ant\u00f4nio- Franciscanos<\/title>\n<meta name=\"robots\" content=\"index, follow, max-snippet:-1, max-image-preview:large, max-video-preview:-1\" \/>\n<link rel=\"canonical\" href=\"https:\/\/franciscanos.org.br\/conventosantoantonio\/multidao-se-despede-de-santo-antonio-do-largo-da-carioca\/\" \/>\n<meta property=\"og:locale\" content=\"pt_BR\" \/>\n<meta property=\"og:type\" content=\"article\" \/>\n<meta property=\"og:title\" content=\"Multid\u00e3o se despede de Santo Ant\u00f4nio do Largo da Carioca - Convento Santo Ant\u00f4nio- Franciscanos\" \/>\n<meta property=\"og:description\" content=\"337\u00aa Trezena de Santo Ant\u00f4nio\" \/>\n<meta property=\"og:url\" content=\"https:\/\/franciscanos.org.br\/conventosantoantonio\/multidao-se-despede-de-santo-antonio-do-largo-da-carioca\/\" \/>\n<meta property=\"og:site_name\" content=\"Convento Santo Ant\u00f4nio- Franciscanos\" \/>\n<meta property=\"article:published_time\" content=\"2019-06-13T15:54:47+00:00\" \/>\n<meta property=\"article:modified_time\" content=\"2021-09-22T15:56:19+00:00\" \/>\n<meta property=\"og:image\" content=\"https:\/\/franciscanos.org.br\/noticias\/wp-content\/uploads\/2019\/06\/final_130619_1.jpg\" \/>\n<meta name=\"author\" content=\"moacir\" \/>\n<meta name=\"twitter:card\" content=\"summary_large_image\" \/>\n<meta name=\"twitter:label1\" content=\"Escrito por\" \/>\n\t<meta name=\"twitter:data1\" content=\"moacir\" \/>\n\t<meta name=\"twitter:label2\" content=\"Est. tempo de leitura\" \/>\n\t<meta name=\"twitter:data2\" content=\"2 minutos\" \/>\n<script type=\"application\/ld+json\" class=\"yoast-schema-graph\">{\"@context\":\"https:\/\/schema.org\",\"@graph\":[{\"@type\":\"WebSite\",\"@id\":\"https:\/\/franciscanos.org.br\/conventosantoantonio\/#website\",\"url\":\"https:\/\/franciscanos.org.br\/conventosantoantonio\/\",\"name\":\"Convento Santo Ant\u00f4nio- Franciscanos\",\"description\":\"Prov\u00edncia Franciscana da Imaculada Concei\u00e7\u00e3o do Brasil - Ordem dos Frades Menores\",\"potentialAction\":[{\"@type\":\"SearchAction\",\"target\":{\"@type\":\"EntryPoint\",\"urlTemplate\":\"https:\/\/franciscanos.org.br\/conventosantoantonio\/?s={search_term_string}\"},\"query-input\":\"required name=search_term_string\"}],\"inLanguage\":\"pt-BR\"},{\"@type\":\"WebPage\",\"@id\":\"https:\/\/franciscanos.org.br\/conventosantoantonio\/multidao-se-despede-de-santo-antonio-do-largo-da-carioca\/\",\"url\":\"https:\/\/franciscanos.org.br\/conventosantoantonio\/multidao-se-despede-de-santo-antonio-do-largo-da-carioca\/\",\"name\":\"Multid\u00e3o se despede de Santo Ant\u00f4nio do Largo da Carioca - Convento Santo Ant\u00f4nio- Franciscanos\",\"isPartOf\":{\"@id\":\"https:\/\/franciscanos.org.br\/conventosantoantonio\/#website\"},\"datePublished\":\"2019-06-13T15:54:47+00:00\",\"dateModified\":\"2021-09-22T15:56:19+00:00\",\"author\":{\"@id\":\"https:\/\/franciscanos.org.br\/conventosantoantonio\/#\/schema\/person\/73421c01c49c32a7bb0a19d9b36df6ad\"},\"breadcrumb\":{\"@id\":\"https:\/\/franciscanos.org.br\/conventosantoantonio\/multidao-se-despede-de-santo-antonio-do-largo-da-carioca\/#breadcrumb\"},\"inLanguage\":\"pt-BR\",\"potentialAction\":[{\"@type\":\"ReadAction\",\"target\":[\"https:\/\/franciscanos.org.br\/conventosantoantonio\/multidao-se-despede-de-santo-antonio-do-largo-da-carioca\/\"]}]},{\"@type\":\"BreadcrumbList\",\"@id\":\"https:\/\/franciscanos.org.br\/conventosantoantonio\/multidao-se-despede-de-santo-antonio-do-largo-da-carioca\/#breadcrumb\",\"itemListElement\":[{\"@type\":\"ListItem\",\"position\":1,\"name\":\"Home\",\"item\":\"https:\/\/franciscanos.org.br\/conventosantoantonio\/\"},{\"@type\":\"ListItem\",\"position\":2,\"name\":\"Multid\u00e3o se despede de Santo Ant\u00f4nio do Largo da Carioca\"}]},{\"@type\":\"Person\",\"@id\":\"https:\/\/franciscanos.org.br\/conventosantoantonio\/#\/schema\/person\/73421c01c49c32a7bb0a19d9b36df6ad\",\"name\":\"moacir\",\"image\":{\"@type\":\"ImageObject\",\"inLanguage\":\"pt-BR\",\"@id\":\"https:\/\/franciscanos.org.br\/conventosantoantonio\/#\/schema\/person\/image\/\",\"url\":\"https:\/\/secure.gravatar.com\/avatar\/d08aa2ce4c8dd416d4479aa8536fcf64?s=96&d=mm&r=g\",\"contentUrl\":\"https:\/\/secure.gravatar.com\/avatar\/d08aa2ce4c8dd416d4479aa8536fcf64?s=96&d=mm&r=g\",\"caption\":\"moacir\"},\"url\":\"https:\/\/franciscanos.org.br\/conventosantoantonio\/author\/moacir\/\"}]}<\/script>\n<!-- \/ Yoast SEO plugin. -->","yoast_head_json":{"title":"Multid\u00e3o se despede de Santo Ant\u00f4nio do Largo da Carioca - Convento Santo Ant\u00f4nio- Franciscanos","robots":{"index":"index","follow":"follow","max-snippet":"max-snippet:-1","max-image-preview":"max-image-preview:large","max-video-preview":"max-video-preview:-1"},"canonical":"https:\/\/franciscanos.org.br\/conventosantoantonio\/multidao-se-despede-de-santo-antonio-do-largo-da-carioca\/","og_locale":"pt_BR","og_type":"article","og_title":"Multid\u00e3o se despede de Santo Ant\u00f4nio do Largo da Carioca - Convento Santo Ant\u00f4nio- Franciscanos","og_description":"337\u00aa Trezena de Santo Ant\u00f4nio","og_url":"https:\/\/franciscanos.org.br\/conventosantoantonio\/multidao-se-despede-de-santo-antonio-do-largo-da-carioca\/","og_site_name":"Convento Santo Ant\u00f4nio- Franciscanos","article_published_time":"2019-06-13T15:54:47+00:00","article_modified_time":"2021-09-22T15:56:19+00:00","og_image":[{"url":"https:\/\/franciscanos.org.br\/noticias\/wp-content\/uploads\/2019\/06\/final_130619_1.jpg"}],"author":"moacir","twitter_card":"summary_large_image","twitter_misc":{"Escrito por":"moacir","Est. tempo de leitura":"2 minutos"},"schema":{"@context":"https:\/\/schema.org","@graph":[{"@type":"WebSite","@id":"https:\/\/franciscanos.org.br\/conventosantoantonio\/#website","url":"https:\/\/franciscanos.org.br\/conventosantoantonio\/","name":"Convento Santo Ant\u00f4nio- Franciscanos","description":"Prov\u00edncia Franciscana da Imaculada Concei\u00e7\u00e3o do Brasil - Ordem dos Frades Menores","potentialAction":[{"@type":"SearchAction","target":{"@type":"EntryPoint","urlTemplate":"https:\/\/franciscanos.org.br\/conventosantoantonio\/?s={search_term_string}"},"query-input":"required name=search_term_string"}],"inLanguage":"pt-BR"},{"@type":"WebPage","@id":"https:\/\/franciscanos.org.br\/conventosantoantonio\/multidao-se-despede-de-santo-antonio-do-largo-da-carioca\/","url":"https:\/\/franciscanos.org.br\/conventosantoantonio\/multidao-se-despede-de-santo-antonio-do-largo-da-carioca\/","name":"Multid\u00e3o se despede de Santo Ant\u00f4nio do Largo da Carioca - Convento Santo Ant\u00f4nio- Franciscanos","isPartOf":{"@id":"https:\/\/franciscanos.org.br\/conventosantoantonio\/#website"},"datePublished":"2019-06-13T15:54:47+00:00","dateModified":"2021-09-22T15:56:19+00:00","author":{"@id":"https:\/\/franciscanos.org.br\/conventosantoantonio\/#\/schema\/person\/73421c01c49c32a7bb0a19d9b36df6ad"},"breadcrumb":{"@id":"https:\/\/franciscanos.org.br\/conventosantoantonio\/multidao-se-despede-de-santo-antonio-do-largo-da-carioca\/#breadcrumb"},"inLanguage":"pt-BR","potentialAction":[{"@type":"ReadAction","target":["https:\/\/franciscanos.org.br\/conventosantoantonio\/multidao-se-despede-de-santo-antonio-do-largo-da-carioca\/"]}]},{"@type":"BreadcrumbList","@id":"https:\/\/franciscanos.org.br\/conventosantoantonio\/multidao-se-despede-de-santo-antonio-do-largo-da-carioca\/#breadcrumb","itemListElement":[{"@type":"ListItem","position":1,"name":"Home","item":"https:\/\/franciscanos.org.br\/conventosantoantonio\/"},{"@type":"ListItem","position":2,"name":"Multid\u00e3o se despede de Santo Ant\u00f4nio do Largo da Carioca"}]},{"@type":"Person","@id":"https:\/\/franciscanos.org.br\/conventosantoantonio\/#\/schema\/person\/73421c01c49c32a7bb0a19d9b36df6ad","name":"moacir","image":{"@type":"ImageObject","inLanguage":"pt-BR","@id":"https:\/\/franciscanos.org.br\/conventosantoantonio\/#\/schema\/person\/image\/","url":"https:\/\/secure.gravatar.com\/avatar\/d08aa2ce4c8dd416d4479aa8536fcf64?s=96&d=mm&r=g","contentUrl":"https:\/\/secure.gravatar.com\/avatar\/d08aa2ce4c8dd416d4479aa8536fcf64?s=96&d=mm&r=g","caption":"moacir"},"url":"https:\/\/franciscanos.org.br\/conventosantoantonio\/author\/moacir\/"}]}},"_links":{"self":[{"href":"https:\/\/franciscanos.org.br\/conventosantoantonio\/wp-json\/wp\/v2\/posts\/187743"}],"collection":[{"href":"https:\/\/franciscanos.org.br\/conventosantoantonio\/wp-json\/wp\/v2\/posts"}],"about":[{"href":"https:\/\/franciscanos.org.br\/conventosantoantonio\/wp-json\/wp\/v2\/types\/post"}],"author":[{"embeddable":true,"href":"https:\/\/franciscanos.org.br\/conventosantoantonio\/wp-json\/wp\/v2\/users\/3"}],"replies":[{"embeddable":true,"href":"https:\/\/franciscanos.org.br\/conventosantoantonio\/wp-json\/wp\/v2\/comments?post=187743"}],"version-history":[{"count":1,"href":"https:\/\/franciscanos.org.br\/conventosantoantonio\/wp-json\/wp\/v2\/posts\/187743\/revisions"}],"predecessor-version":[{"id":187744,"href":"https:\/\/franciscanos.org.br\/conventosantoantonio\/wp-json\/wp\/v2\/posts\/187743\/revisions\/187744"}],"wp:attachment":[{"href":"https:\/\/franciscanos.org.br\/conventosantoantonio\/wp-json\/wp\/v2\/media?parent=187743"}],"wp:term":[{"taxonomy":"category","embeddable":true,"href":"https:\/\/franciscanos.org.br\/conventosantoantonio\/wp-json\/wp\/v2\/categories?post=187743"},{"taxonomy":"post_tag","embeddable":true,"href":"https:\/\/franciscanos.org.br\/conventosantoantonio\/wp-json\/wp\/v2\/tags?post=187743"}],"curies":[{"name":"wp","href":"https:\/\/api.w.org\/{rel}","templated":true}]}}