{"id":187737,"date":"2019-12-23T11:14:14","date_gmt":"2019-12-23T14:14:14","guid":{"rendered":"https:\/\/franciscanos.org.br\/conventosantoantonio\/?p=187737"},"modified":"2023-07-04T14:14:08","modified_gmt":"2023-07-04T17:14:08","slug":"carta-do-ministro-geral-para-o-natal","status":"publish","type":"post","link":"https:\/\/franciscanos.org.br\/conventosantoantonio\/carta-do-ministro-geral-para-o-natal\/","title":{"rendered":"Carta do Ministro Geral para o Natal"},"content":{"rendered":"<header class=\"entry-header\">\n<div class=\"post-meta\">\n<div class=\"fleft\"><img loading=\"lazy\" class=\"aligncenter size-full wp-image-187739\" src=\"https:\/\/franciscanos.org.br\/conventosantoantonio\/wp-content\/uploads\/2019\/12\/carta_ministro.jpg\" alt=\"\" width=\"890\" height=\"935\" srcset=\"https:\/\/franciscanos.org.br\/conventosantoantonio\/wp-content\/uploads\/2019\/12\/carta_ministro.jpg 890w, https:\/\/franciscanos.org.br\/conventosantoantonio\/wp-content\/uploads\/2019\/12\/carta_ministro-428x450.jpg 428w, https:\/\/franciscanos.org.br\/conventosantoantonio\/wp-content\/uploads\/2019\/12\/carta_ministro-768x807.jpg 768w, https:\/\/franciscanos.org.br\/conventosantoantonio\/wp-content\/uploads\/2019\/12\/carta_ministro-150x158.jpg 150w\" sizes=\"(max-width: 890px) 100vw, 890px\" \/><\/div>\n<\/div>\n<\/header>\n<div class=\"post-content\">\n<p><a href=\"http:\/\/conventosantoantonio.org.br\/wp-content\/uploads\/2019\/12\/carta_ministro.jpg\"><img loading=\"lazy\" class=\"wp-image-4294 alignright\" src=\"http:\/\/conventosantoantonio.org.br\/wp-content\/uploads\/2019\/12\/carta_ministro.jpg\" sizes=\"(max-width: 600px) 100vw, 600px\" srcset=\"https:\/\/conventosantoantonio.org.br\/wp-content\/uploads\/2019\/12\/carta_ministro.jpg 890w, https:\/\/conventosantoantonio.org.br\/wp-content\/uploads\/2019\/12\/carta_ministro-286x300.jpg 286w, https:\/\/conventosantoantonio.org.br\/wp-content\/uploads\/2019\/12\/carta_ministro-768x807.jpg 768w\" alt=\"\" width=\"600\" height=\"630\" \/><\/a><\/p>\n<p>Meus queridos irm\u00e3os, queridos amigos da Ordem, Que o Senhor lhes d\u00ea a sua paz!<\/p>\n<p>Hoje me alegro com todo o universo criado cantando um hino de louvor e agradecimento pelo amor maravilhoso e misericordioso de Deus que transborda em Cristo Jesus! N\u00f3s abra\u00e7amos e fazemos nossa a pr\u00f3pria mensagem do profeta Isa\u00edas que n\u00f3s ouvimos na liturgia da manh\u00e3 de Natal:<\/p>\n<p><em>Escutem! Eis a voz das tuas sentinelas;<\/em><br \/>\n<em>ei-las que levantam a voz, juntas lan\u00e7am<\/em><br \/>\n<em>gritos de alegria, porque com os seus<\/em><br \/>\n<em>pr\u00f3prios olhos veem a Iahweh que volta a<\/em><br \/>\n<em>Si\u00e3o.<\/em><\/p>\n<p>Neste texto do segundo Isa\u00edas, o retorno do povo da Alian\u00e7a do ex\u00edlio da Babil\u00f4nia para Jerusal\u00e9m, a Cidade Santa, \u00e9 proclamado como uma realidade iminente, algo que acontecer\u00e1. As pessoas estavam esperando desesperadamente. Elas estavam cansadas de viver fora da casa e da terra delas, sem um lugar para dizer que era delas. Mesmo quando elas finalmente tiveram a permiss\u00e3o de voltar para a terra delas, o que \u00e9 refletido no terceiro Isa\u00edas, elas se encontravam ainda e novamente em dificuldade e sofrendo com profunda exaust\u00e3o existencial e espiritual. Elas descobriram logo que n\u00e3o poderiam simplesmente viver sobre a \u201cfuma\u00e7a\u201d da f\u00e9 dos seus antepassados, uma f\u00e9 permeada por uma absoluta confian\u00e7a naquele Deus que chamou Abra\u00e3o e Sara, Mois\u00e9s e Miriam, para sa\u00edrem de suas seguran\u00e7as e abra\u00e7arem uma nova vis\u00e3o e uma nova terra que Deus mesmo estava prometendo a eles. Estas mesmas pessoas estavam progressivamente exaustas dos abusos dos l\u00edderes dentro da comunidade \u2013 seja religioso ou pol\u00edtico \u2013 os quais focavam mais o interesse pelo ac\u00famulo de poder e riquezas para si mesmos e suas fam\u00edlias e amigos que em levar uma vida verdadeiramente justa e espiritual. Elas estavam exaustas pelas press\u00f5es externas sofridas sobre elas para conformarem-se aos costumes religiosos, culturais, filos\u00f3ficos e \u00e9ticos daquele tempo. Elas estavam exaustas de viver com medo: medo de perder a identidade religiosa e cultural delas; medo de perder a esperan\u00e7a em Deus que tinha levado os seus antepassados da escravid\u00e3o do Egito para uma terra prometida, e que agora estava oferecendo a elas a possibilidade de retornar para casa.<\/p>\n<p>Neste contexto de estranhamento e enfraquecimento dos la\u00e7os de f\u00e9 e de fraternidade \u00e9 que as palavras do profeta Isa\u00edas precisam ser entendidas. Apesar de seus falimentos, de qualquer modo persistiu entre as pessoas um profundo desejo por alguma coisa \u2013 ou melhor ainda, por algu\u00e9m \u2013 que traria a elas uma mensagem de esperan\u00e7a, de retorno de Deus no meio delas, pois somente quando o Senhor retorna a Si\u00e3o, quando o Senhor \u00e9 colocado no centro de toda preocupa\u00e7\u00e3o humana e espiritual, ent\u00e3o as pessoas poder\u00e3o encontrar o caminho de volta para a sua verdadeira identidade, sua verdadeira casa.<\/p>\n<p>O que era verdade para o povo de Deus permanece verdade hoje: \u00e9 Deus quem inicia este processo de restaura\u00e7\u00e3o, uma restaura\u00e7\u00e3o que nos leva pelo caminho da santidade de vida, um viver cotidiano fora de nossa f\u00e9, e tamb\u00e9m \u00e0 pr\u00e1tica da justi\u00e7a e da paz de Deus. Mas, esta n\u00e3o \u00e9 a restaura\u00e7\u00e3o do cora\u00e7\u00e3o da hist\u00f3ria do Natal? N\u00e3o \u00e9 o evento da Encarna\u00e7\u00e3o de Jesus, sua vinda no meio de n\u00f3s como \u201cum igual a n\u00f3s\u201d, seu partilhar conosco uma nova vis\u00e3o de como podemos de novo caminhar no amor, na miseric\u00f3rdia, na justi\u00e7a, na verdade e na paz de Deus, no verdadeiro centro de nossa identidade como disc\u00edpulos crist\u00e3os e como Frades Menores? Meus queridos irm\u00e3os, a resposta para estas duas quest\u00f5es somente pode ser descoberta no como n\u00f3s vivemos fielmente a voca\u00e7\u00e3o \u00e0 qual fomos chamados e que fomos escolhidos e enviados.<\/p>\n<p>Retornando ao segundo Isa\u00edas por um momento, o texto mostra claramente que do campo de batalha ser\u00e1 enviado um mensageiro para proclamar que Deus \u00e9 vitorioso e que o sofrimento das pessoas acabou. Agora elas podem preparar-se espiritualmente, moralmente e psicologicamente para retornar para \u201ccasa\u201d. Todavia existe uma virada nesta hist\u00f3ria. O mensageiro n\u00e3o \u00e9 outro que Deus mesmo que chega com triunfo. O Senhor retorna! E o campo de batalha \u00e9 a luta entre Deus e toda a hist\u00f3ria humana. Deus vem n\u00e3o apenas para libertar e redimir Jerusal\u00e9m; Deus vem para libertar e redimir todas as na\u00e7\u00f5es e toda a hist\u00f3ria: passado, presente e futuro. A mensagem do profeta abre a oferta de salva\u00e7\u00e3o de Deus para todas as pessoas de todos os lugares, para cada um de n\u00f3s hoje que fomos assinalados com o sangue do Cordeiro. N\u00e3o mais limitada somente \u00e0queles considerados parte da \u201cAlian\u00e7a\u201d original. Esta \u00e9 uma declara\u00e7\u00e3o ultrajante, uma heresia,<br \/>\nvisto que \u00e9 admiss\u00edvel que Deus pode agir at\u00e9 mesmo fora dos par\u00e2metros doutrinalmente aprovados e ritualmente purificados do \u201cpovo escolhido\u201d. Deus pode agir at\u00e9 mesmo nas culturas ainda n\u00e3o purificadas, que ainda est\u00e3o \u201cno caminho rumo \u00e0 santidade\u201d, que aos poucos est\u00e3o passando atrav\u00e9s do processo de incultura\u00e7\u00e3o e purifica\u00e7\u00e3o. Deus pode agir at\u00e9 em pessoas que t\u00eam experi\u00eancias de Deus, que concebem e executam a\u00e7\u00f5es de adora\u00e7\u00e3o pouco entendidas por aqueles que est\u00e3o fora de suas culturas e tradi\u00e7\u00f5es, mas que s\u00e3o genu\u00ednos atos de adora\u00e7\u00e3o, a\u00e7\u00f5es que conduzem \u00e0 adora\u00e7\u00e3o de um Deus Criador universal. Ent\u00e3o, a vit\u00f3ria que \u00e9 declarada no campo de batalha da hist\u00f3ria n\u00e3o \u00e9 uma vit\u00f3ria deste ou daquele rei, deste ou daquele pa\u00eds, desta ou daquela ideologia religiosa ou pol\u00edtica, desta ou daquela cultura ou ra\u00e7a ou povo. A vit\u00f3ria que Isa\u00edas anuncia pertence a Deus somente. Deus est\u00e1 atraindo as pessoas rumo a Deus mesmo, o que \u00e9 expresso atrav\u00e9s de uma variedade de formas visto que nenhuma express\u00e3o sozinha \u00e9 capaz de conter tudo o que Deus \u00e9 e tudo o que Deus deseja para o mundo.<\/p>\n<p><em>Como s\u00e3o belos, sobre os montes, os p\u00e9s<\/em><br \/>\n<em>do mensageiro que anuncia a paz, do que<\/em><br \/>\n<em>proclama boas novas e anuncia a salva\u00e7\u00e3o,<\/em><br \/>\n<em>do que diz a Si\u00e3o: \u201cO teu Deus reina!\u201d<\/em><\/p>\n<p>Meus queridos Irm\u00e3os e Amigos, isto nos traz ao verdadeiro cora\u00e7\u00e3o da hist\u00f3ria do Natal que n\u00f3s celebramos hoje. O evento \u00fanico da Encarna\u00e7\u00e3o, Deus assumindo a forma humana, despojando-se para entrar em nossa condi\u00e7\u00e3o humana, \u00e9 um testemunho do amor e da gra\u00e7a redentora de Deus, do compromisso de Deus de entrar e redimir toda a vida sem exce\u00e7\u00e3o, sem exclus\u00e3o. A paz, a boa not\u00edcia e a salva\u00e7\u00e3o de que fala o profeta Isa\u00edas \u00e9 a declara\u00e7\u00e3o que Deus reina sobre tudo o que quer dividir e destruir a n\u00f3s e o meio ambiente. Esta vit\u00f3ria n\u00e3o \u00e9 baseada em uma ideologia de poder e pot\u00eancia, como imagina o mundo atualmente. Antes, \u00e9 uma vit\u00f3ria baseada em um amor incondicional e misericordioso de Deus, que n\u00e3o tem paralelo na hist\u00f3ria humana ou de ordem natural. Este amor incondicional e misericordioso \u00e9 expresso n\u00e3o atrav\u00e9s do poder e pot\u00eancia, mas atrav\u00e9s do que o Papa Francisco chama de \u201chumildade de Deus levada ao extremo\u201d (homilia do Natal de 2014). O Papa Francisco continua:<\/p>\n<p><em>\u00c9 o amor com que Ele, naquela noite, assumiu a nossa fragilidade, o nosso sofrimento, as nossas ang\u00fastias, os nossos desejos e as nossas limita\u00e7\u00f5es. A mensagem que todos esperavam, que todos procuravam nas profundezas da pr\u00f3pria alma, mais n\u00e3o era que a ternura de Deus: Deus que nos fixa com olhos cheios de afeto, que aceita a nossa mis\u00e9ria, Deus enamorado da nossa pequenez.<\/em><\/p>\n<p>A Encarna\u00e7\u00e3o \u00e9, fundamentalmente, um evento relacional. Deus escolhe entrar em comunh\u00e3o profunda conosco, ent\u00e3o n\u00f3s, da mesma forma que o povo no tempo de Isa\u00edas, podemos reconhecer a gra\u00e7a salvadora, a grandeza em que fomos criados e na qual somos chamados como filhos amados do Deus Uno e Trino.<\/p>\n<p>Reconhecendo a verdade que Deus procura partilhar com toda a humanidade e a cria\u00e7\u00e3o, n\u00f3s nos tornamos humildes servos de Deus que humilhou-se a si mesmo para salvar tudo o que Deus criou. Mas, n\u00e3o \u00e9 isto tamb\u00e9m o que est\u00e1 no centro da mensagem do Conselho Plen\u00e1rio da Ordem de 2018? N\u00e3o \u00e9 isto tamb\u00e9m que est\u00e1 na trajet\u00f3ria da Ordem quando iniciamos a olhar rumo ao Cap\u00edtulo Geral de 2021?<\/p>\n<p>Humildade, pequenez, pobreza, ternura; amor; aceita\u00e7\u00e3o. Estas palavras nos ajudam a entender a natureza da celebra\u00e7\u00e3o do Natal, e como n\u00f3s podemos viver e testemunhar este incr\u00edvel evento da Encarna\u00e7\u00e3o de Jesus Cristo em nossas vidas hoje. N\u00f3s temos que apenas relembrar o papel dessas mesmas palavras, ou melhor ainda, as qualidades do discipulado de Cristo e da vida e miss\u00e3o franciscanas manifestadas na vida de S\u00e3o Francisco de Assis. Ele foi descobrindo progressivamente em sua vida, na vida dos seus irm\u00e3os, na vida daqueles que eram materialmente pobres e socialmente exclu\u00eddos, na vida do Sult\u00e3o Al-Malik Al-Kamil e de outros que n\u00e3o professam a f\u00e9 crist\u00e3, e em toda a cria\u00e7\u00e3o, que o poder transformador n\u00e3o est\u00e1 contido na \u201cgrandeza\u201d de Deus mas ao contr\u00e1rio na \u201cpequenez\u201d de Deus. Francisco percebeu na pequenez e na pobreza da manjedoura o amor muito forte e profundo capaz de amolecer os cora\u00e7\u00f5es mais duros e quebrar as barreiras que separam as pessoas umas das outras \u2013 geograficamente, culturalmente, socialmente, religiosamente e outras. \u00c9 atrav\u00e9s da gra\u00e7a da Encarna\u00e7\u00e3o que s\u00e3o criados e mantidos novos caminhos para o encontro, o di\u00e1logo, a descoberta, o perd\u00e3o e a fraternidade humana. Somente aqueles que s\u00e3o imersos na l\u00f3gica do amor \u201cEncarnacional\u201d de Deus ser\u00e3o capazes de chegar \u00e0queles que s\u00e3o descartados e exclu\u00eddos: migrantes e refugiados; aqueles que professam outras ideias e pr\u00e1ticas religiosas; aqueles que n\u00f3s dizemos que s\u00e3o nossos \u201cinimigos\u201d quando, na l\u00f3gica da Encarna\u00e7\u00e3o de Deus, eles s\u00e3o nossos irm\u00e3os e irm\u00e3s; a uma cria\u00e7\u00e3o ferida, esgotada e sob a amea\u00e7a de uma explora\u00e7\u00e3o desenfreada e imoral.<\/p>\n<p>Como n\u00f3s celebramos o amor insond\u00e1vel e misericordioso de Deus que entrou na hist\u00f3ria humana num \u00fanico e poderoso modo atrav\u00e9s da Encarna\u00e7\u00e3o de Jesus, vamos acolher o convite de Deus para tornar a sua verdadeira presen\u00e7a oferecendo\u00a0<em>shalom<\/em>, paz, a todos que est\u00e3o em torno a n\u00f3s. Comprometamo-nos com os pilares sobre os quais esta paz \u00e9 constru\u00edda: verdade, justi\u00e7a, amor, liberdade e perd\u00e3o (<em>cf. Jo\u00e3o XXIII, Pacem in Terris; Jo\u00e3o Paulo II<\/em>). Que este mesmo dom da paz, completamente encarnado no grande dom de Deus ao mundo, seu amado Filho Jesus, encha os nossos cora\u00e7\u00f5es de alegria. Que ele d\u00ea dire\u00e7\u00e3o \u00e0s nossas fraternidades. E ajude a plasmar a verdadeira subst\u00e2ncia e forma de nossa miss\u00e3o como co-disc\u00edpulos com os Crist\u00e3os, caminhando juntos com Jesus, com a humanidade e com o universo criado rumo ao Reino de Deus.<\/p>\n<p><strong>Desejo a todos um aben\u00e7oado Natal repleto de paz para cada um de voc\u00eas!<\/strong><\/p>\n<p><em>Roma, 12 de dezembro de 2019<\/em><br \/>\n<em>Festa de Nossa Senhora de Guadalupe<\/em><\/p>\n<p><strong>Frei Michael A. Perry, OFM<\/strong><br \/>\nMinistro Geral e Servo<\/p>\n<\/div>\n","protected":false},"excerpt":{"rendered":"<p>Mensagem para o Natal<\/p>\n","protected":false},"author":3,"featured_media":187739,"comment_status":"open","ping_status":"open","sticky":false,"template":"","format":"standard","meta":[],"categories":[26],"tags":[345],"yoast_head":"<!-- This site is optimized with the Yoast SEO plugin v19.4 - https:\/\/yoast.com\/wordpress\/plugins\/seo\/ -->\n<title>Carta do Ministro Geral para o Natal - Convento Santo Ant\u00f4nio- Franciscanos<\/title>\n<meta name=\"robots\" content=\"index, follow, max-snippet:-1, max-image-preview:large, max-video-preview:-1\" \/>\n<link rel=\"canonical\" href=\"https:\/\/franciscanos.org.br\/conventosantoantonio\/carta-do-ministro-geral-para-o-natal\/\" \/>\n<meta property=\"og:locale\" content=\"pt_BR\" \/>\n<meta property=\"og:type\" content=\"article\" \/>\n<meta property=\"og:title\" content=\"Carta do Ministro Geral para o Natal - Convento Santo Ant\u00f4nio- Franciscanos\" \/>\n<meta property=\"og:description\" content=\"Mensagem para o Natal\" \/>\n<meta property=\"og:url\" content=\"https:\/\/franciscanos.org.br\/conventosantoantonio\/carta-do-ministro-geral-para-o-natal\/\" \/>\n<meta property=\"og:site_name\" content=\"Convento Santo Ant\u00f4nio- Franciscanos\" \/>\n<meta property=\"article:published_time\" content=\"2019-12-23T14:14:14+00:00\" \/>\n<meta property=\"article:modified_time\" content=\"2023-07-04T17:14:08+00:00\" \/>\n<meta property=\"og:image\" content=\"https:\/\/franciscanos.org.br\/conventosantoantonio\/wp-content\/uploads\/2019\/12\/carta_ministro.jpg\" \/>\n\t<meta property=\"og:image:width\" content=\"890\" \/>\n\t<meta property=\"og:image:height\" content=\"935\" \/>\n\t<meta property=\"og:image:type\" content=\"image\/jpeg\" \/>\n<meta name=\"author\" content=\"moacir\" \/>\n<meta name=\"twitter:card\" content=\"summary_large_image\" \/>\n<meta name=\"twitter:label1\" content=\"Escrito por\" \/>\n\t<meta name=\"twitter:data1\" content=\"moacir\" \/>\n\t<meta name=\"twitter:label2\" content=\"Est. tempo de leitura\" \/>\n\t<meta name=\"twitter:data2\" content=\"11 minutos\" \/>\n<script type=\"application\/ld+json\" class=\"yoast-schema-graph\">{\"@context\":\"https:\/\/schema.org\",\"@graph\":[{\"@type\":\"WebSite\",\"@id\":\"https:\/\/franciscanos.org.br\/conventosantoantonio\/#website\",\"url\":\"https:\/\/franciscanos.org.br\/conventosantoantonio\/\",\"name\":\"Convento Santo Ant\u00f4nio- Franciscanos\",\"description\":\"Prov\u00edncia Franciscana da Imaculada Concei\u00e7\u00e3o do Brasil - Ordem dos Frades Menores\",\"potentialAction\":[{\"@type\":\"SearchAction\",\"target\":{\"@type\":\"EntryPoint\",\"urlTemplate\":\"https:\/\/franciscanos.org.br\/conventosantoantonio\/?s={search_term_string}\"},\"query-input\":\"required name=search_term_string\"}],\"inLanguage\":\"pt-BR\"},{\"@type\":\"WebPage\",\"@id\":\"https:\/\/franciscanos.org.br\/conventosantoantonio\/carta-do-ministro-geral-para-o-natal\/\",\"url\":\"https:\/\/franciscanos.org.br\/conventosantoantonio\/carta-do-ministro-geral-para-o-natal\/\",\"name\":\"Carta do Ministro Geral para o Natal - Convento Santo Ant\u00f4nio- Franciscanos\",\"isPartOf\":{\"@id\":\"https:\/\/franciscanos.org.br\/conventosantoantonio\/#website\"},\"datePublished\":\"2019-12-23T14:14:14+00:00\",\"dateModified\":\"2023-07-04T17:14:08+00:00\",\"author\":{\"@id\":\"https:\/\/franciscanos.org.br\/conventosantoantonio\/#\/schema\/person\/73421c01c49c32a7bb0a19d9b36df6ad\"},\"breadcrumb\":{\"@id\":\"https:\/\/franciscanos.org.br\/conventosantoantonio\/carta-do-ministro-geral-para-o-natal\/#breadcrumb\"},\"inLanguage\":\"pt-BR\",\"potentialAction\":[{\"@type\":\"ReadAction\",\"target\":[\"https:\/\/franciscanos.org.br\/conventosantoantonio\/carta-do-ministro-geral-para-o-natal\/\"]}]},{\"@type\":\"BreadcrumbList\",\"@id\":\"https:\/\/franciscanos.org.br\/conventosantoantonio\/carta-do-ministro-geral-para-o-natal\/#breadcrumb\",\"itemListElement\":[{\"@type\":\"ListItem\",\"position\":1,\"name\":\"Home\",\"item\":\"https:\/\/franciscanos.org.br\/conventosantoantonio\/\"},{\"@type\":\"ListItem\",\"position\":2,\"name\":\"Carta do Ministro Geral para o Natal\"}]},{\"@type\":\"Person\",\"@id\":\"https:\/\/franciscanos.org.br\/conventosantoantonio\/#\/schema\/person\/73421c01c49c32a7bb0a19d9b36df6ad\",\"name\":\"moacir\",\"image\":{\"@type\":\"ImageObject\",\"inLanguage\":\"pt-BR\",\"@id\":\"https:\/\/franciscanos.org.br\/conventosantoantonio\/#\/schema\/person\/image\/\",\"url\":\"https:\/\/secure.gravatar.com\/avatar\/d08aa2ce4c8dd416d4479aa8536fcf64?s=96&d=mm&r=g\",\"contentUrl\":\"https:\/\/secure.gravatar.com\/avatar\/d08aa2ce4c8dd416d4479aa8536fcf64?s=96&d=mm&r=g\",\"caption\":\"moacir\"},\"url\":\"https:\/\/franciscanos.org.br\/conventosantoantonio\/author\/moacir\/\"}]}<\/script>\n<!-- \/ Yoast SEO plugin. -->","yoast_head_json":{"title":"Carta do Ministro Geral para o Natal - Convento Santo Ant\u00f4nio- Franciscanos","robots":{"index":"index","follow":"follow","max-snippet":"max-snippet:-1","max-image-preview":"max-image-preview:large","max-video-preview":"max-video-preview:-1"},"canonical":"https:\/\/franciscanos.org.br\/conventosantoantonio\/carta-do-ministro-geral-para-o-natal\/","og_locale":"pt_BR","og_type":"article","og_title":"Carta do Ministro Geral para o Natal - Convento Santo Ant\u00f4nio- Franciscanos","og_description":"Mensagem para o Natal","og_url":"https:\/\/franciscanos.org.br\/conventosantoantonio\/carta-do-ministro-geral-para-o-natal\/","og_site_name":"Convento Santo Ant\u00f4nio- Franciscanos","article_published_time":"2019-12-23T14:14:14+00:00","article_modified_time":"2023-07-04T17:14:08+00:00","og_image":[{"width":890,"height":935,"url":"https:\/\/franciscanos.org.br\/conventosantoantonio\/wp-content\/uploads\/2019\/12\/carta_ministro.jpg","type":"image\/jpeg"}],"author":"moacir","twitter_card":"summary_large_image","twitter_misc":{"Escrito por":"moacir","Est. tempo de leitura":"11 minutos"},"schema":{"@context":"https:\/\/schema.org","@graph":[{"@type":"WebSite","@id":"https:\/\/franciscanos.org.br\/conventosantoantonio\/#website","url":"https:\/\/franciscanos.org.br\/conventosantoantonio\/","name":"Convento Santo Ant\u00f4nio- Franciscanos","description":"Prov\u00edncia Franciscana da Imaculada Concei\u00e7\u00e3o do Brasil - Ordem dos Frades Menores","potentialAction":[{"@type":"SearchAction","target":{"@type":"EntryPoint","urlTemplate":"https:\/\/franciscanos.org.br\/conventosantoantonio\/?s={search_term_string}"},"query-input":"required name=search_term_string"}],"inLanguage":"pt-BR"},{"@type":"WebPage","@id":"https:\/\/franciscanos.org.br\/conventosantoantonio\/carta-do-ministro-geral-para-o-natal\/","url":"https:\/\/franciscanos.org.br\/conventosantoantonio\/carta-do-ministro-geral-para-o-natal\/","name":"Carta do Ministro Geral para o Natal - Convento Santo Ant\u00f4nio- Franciscanos","isPartOf":{"@id":"https:\/\/franciscanos.org.br\/conventosantoantonio\/#website"},"datePublished":"2019-12-23T14:14:14+00:00","dateModified":"2023-07-04T17:14:08+00:00","author":{"@id":"https:\/\/franciscanos.org.br\/conventosantoantonio\/#\/schema\/person\/73421c01c49c32a7bb0a19d9b36df6ad"},"breadcrumb":{"@id":"https:\/\/franciscanos.org.br\/conventosantoantonio\/carta-do-ministro-geral-para-o-natal\/#breadcrumb"},"inLanguage":"pt-BR","potentialAction":[{"@type":"ReadAction","target":["https:\/\/franciscanos.org.br\/conventosantoantonio\/carta-do-ministro-geral-para-o-natal\/"]}]},{"@type":"BreadcrumbList","@id":"https:\/\/franciscanos.org.br\/conventosantoantonio\/carta-do-ministro-geral-para-o-natal\/#breadcrumb","itemListElement":[{"@type":"ListItem","position":1,"name":"Home","item":"https:\/\/franciscanos.org.br\/conventosantoantonio\/"},{"@type":"ListItem","position":2,"name":"Carta do Ministro Geral para o Natal"}]},{"@type":"Person","@id":"https:\/\/franciscanos.org.br\/conventosantoantonio\/#\/schema\/person\/73421c01c49c32a7bb0a19d9b36df6ad","name":"moacir","image":{"@type":"ImageObject","inLanguage":"pt-BR","@id":"https:\/\/franciscanos.org.br\/conventosantoantonio\/#\/schema\/person\/image\/","url":"https:\/\/secure.gravatar.com\/avatar\/d08aa2ce4c8dd416d4479aa8536fcf64?s=96&d=mm&r=g","contentUrl":"https:\/\/secure.gravatar.com\/avatar\/d08aa2ce4c8dd416d4479aa8536fcf64?s=96&d=mm&r=g","caption":"moacir"},"url":"https:\/\/franciscanos.org.br\/conventosantoantonio\/author\/moacir\/"}]}},"_links":{"self":[{"href":"https:\/\/franciscanos.org.br\/conventosantoantonio\/wp-json\/wp\/v2\/posts\/187737"}],"collection":[{"href":"https:\/\/franciscanos.org.br\/conventosantoantonio\/wp-json\/wp\/v2\/posts"}],"about":[{"href":"https:\/\/franciscanos.org.br\/conventosantoantonio\/wp-json\/wp\/v2\/types\/post"}],"author":[{"embeddable":true,"href":"https:\/\/franciscanos.org.br\/conventosantoantonio\/wp-json\/wp\/v2\/users\/3"}],"replies":[{"embeddable":true,"href":"https:\/\/franciscanos.org.br\/conventosantoantonio\/wp-json\/wp\/v2\/comments?post=187737"}],"version-history":[{"count":2,"href":"https:\/\/franciscanos.org.br\/conventosantoantonio\/wp-json\/wp\/v2\/posts\/187737\/revisions"}],"predecessor-version":[{"id":188904,"href":"https:\/\/franciscanos.org.br\/conventosantoantonio\/wp-json\/wp\/v2\/posts\/187737\/revisions\/188904"}],"wp:featuredmedia":[{"embeddable":true,"href":"https:\/\/franciscanos.org.br\/conventosantoantonio\/wp-json\/wp\/v2\/media\/187739"}],"wp:attachment":[{"href":"https:\/\/franciscanos.org.br\/conventosantoantonio\/wp-json\/wp\/v2\/media?parent=187737"}],"wp:term":[{"taxonomy":"category","embeddable":true,"href":"https:\/\/franciscanos.org.br\/conventosantoantonio\/wp-json\/wp\/v2\/categories?post=187737"},{"taxonomy":"post_tag","embeddable":true,"href":"https:\/\/franciscanos.org.br\/conventosantoantonio\/wp-json\/wp\/v2\/tags?post=187737"}],"curies":[{"name":"wp","href":"https:\/\/api.w.org\/{rel}","templated":true}]}}