{"id":187734,"date":"2021-09-22T11:12:59","date_gmt":"2021-09-22T14:12:59","guid":{"rendered":"https:\/\/franciscanos.org.br\/conventosantoantonio\/?p=187734"},"modified":"2023-07-04T14:20:54","modified_gmt":"2023-07-04T17:20:54","slug":"a-mensagem-franciscana-do-presepio","status":"publish","type":"post","link":"https:\/\/franciscanos.org.br\/conventosantoantonio\/a-mensagem-franciscana-do-presepio\/","title":{"rendered":"A Mensagem Franciscana do Pres\u00e9pio"},"content":{"rendered":"<p>&nbsp;<\/p>\n<p><img loading=\"lazy\" class=\"aligncenter size-full wp-image-187735\" src=\"https:\/\/franciscanos.org.br\/conventosantoantonio\/wp-content\/uploads\/2021\/09\/natal_241219.jpg\" alt=\"\" width=\"600\" height=\"360\" srcset=\"https:\/\/franciscanos.org.br\/conventosantoantonio\/wp-content\/uploads\/2021\/09\/natal_241219.jpg 600w, https:\/\/franciscanos.org.br\/conventosantoantonio\/wp-content\/uploads\/2021\/09\/natal_241219-450x270.jpg 450w, https:\/\/franciscanos.org.br\/conventosantoantonio\/wp-content\/uploads\/2021\/09\/natal_241219-150x90.jpg 150w\" sizes=\"(max-width: 600px) 100vw, 600px\" \/><\/p>\n<p><strong>Frei Vit\u00f3rio Mazzuco<\/strong><\/p>\n<p>Segundo a tradi\u00e7\u00e3o, a primeira representa\u00e7\u00e3o visualizada, teatralizada e celebrada de um pres\u00e9pio aconteceu no ano de 1223, num bosque pr\u00f3ximo de Greccio, na \u00dambria, regi\u00e3o italiana. Quem tomou esta iniciativa foi Francisco de Assis, e ,com isso, ele passa a ser o primeiro a organizar de um modo pl\u00e1stico a cena da Encarna\u00e7\u00e3o do Filho de Deus.<\/p>\n<p>N\u00e3o \u00e9 de se discutir se o fato \u00e9 ver\u00eddico ou legend\u00e1rio, pois Francisco de Assis foi um apaixonado pelo modo como Deus fez morada no mundo dos humanos, e certamente, mais do que palavras quis mostrar o maior evento de todos os tempos: na carne de um Menino, Deus est\u00e1 para sempre no meio de n\u00f3s. Vejamos o texto das Fontes Franciscanas: \u201cA mais sublime vontade, o principal desejo e supremo prop\u00f3sito dele era observar em tudo e por tudo o Santo Evangelho, seguir perfeitamente a doutrina, imitar e seguir os passos de Nosso Senhor Jesus Cristo com toda a vigil\u00e2ncia, com todo o empenho, com todo o desejo da mente e com todo o fervor do cora\u00e7\u00e3o.<\/p>\n<p>Recordava-se em ass\u00eddua medita\u00e7\u00e3o das palavras e com penetrante considera\u00e7\u00e3o rememorava as obras dele. Principalmente a humildade da encarna\u00e7\u00e3o e a caridade da paix\u00e3o de tal modo ocupavam a sua mem\u00f3ria que mal queria pensar outra coisa. Deve-se, por isso, recordar e cultivar em reverente mem\u00f3ria o que ele fez no dia do Natal de Nosso Senhor Jesus Cristo, no terceiro ano antes do dia de sua gloriosa morte, na aldeia que se chama Greccio. Havia naquela terra um homem de nome Jo\u00e3o, de boa fama, mas de vida melhor, a quem o bem-aventurado Francisco amava com especial afei\u00e7\u00e3o, porque, como fosse muito nobre e louv\u00e1vel em sua terra, tendo desprezado a nobreza da carne, seguiu a nobreza do esp\u00edrito. E o bem-aventurado Francisco, como muitas vezes acontecia, quase quinze dias antes do Natal do Senhor, mandou que ele fosse chamado e disse-lhe: \u2018Se desejas que celebremos, em Greccio, a presente festividade do Senhor, apressa-te e prepara diligentemente as coisas que te digo. Pois quero celebrar a mem\u00f3ria daquele Menino que nasceu em Bel\u00e9m e ver de algum modo, com os olhos corporais, os apuros e necessidades da inf\u00e2ncia dele, como foi reclinado no pres\u00e9pio e como, estando presentes o boi e o burro, foi colocado sobre o feno\u2019. O bom e fiel homem, ouvindo isto, correu mais apressadamente e preparou no predito lugar tudo o que o santo dissera.<\/p>\n<p>E aproximou-se o dia da alegria, chegou o tempo da exulta\u00e7\u00e3o. Os irm\u00e3os foram chamados de muitos lugares; homens e mulheres daquela terra, com \u00e2nimos exultantes, preparam, segundo suas possibilidades, velas e tochas para iluminar a noite que com o astro cintilante iluminou todos os dias e anos. Veio finalmente o santo de Deus e, encontrando tudo preparado, viu e alegrou-se. E, de fato, prepara-se o pres\u00e9pio, traz-se o feno, s\u00e3o conduzidos o boi e o burro. Ali se honra a simplicidade, se exalta a pobreza, se elogia a humildade; e de Greccio se fez com que uma nova Bel\u00e9m. Ilumina-se a noite como o dia e torna-se deliciosa para os homens e animais. As pessoas chegam ao novo mist\u00e9rio e alegram-se com novas alegrias. O bosque faz ressoar as vozes, e as rochas respondem aos que se rejubilam. Os irm\u00e3os cantam, rendendo os devidos louvores ao Senhor, e toda a noite dan\u00e7a de j\u00fabilo. O santo de Deus est\u00e1 de p\u00e9 diante do pres\u00e9pio, cheio de suspiros, contrito de piedade e transbordante de admir\u00e1vel alegria.\u201d (Cel 30,4).<\/p>\n<p>Sob a inspira\u00e7\u00e3o deste fluo, baseando-se nas Fontes Franciscanas, toda a celebra\u00e7\u00e3o de Natal ganha um novo vigor interpretativo e celebrativo em toda It\u00e1lia, da It\u00e1lia para a Europa e da Europa para o mundo. A cidade de N\u00e1poles transforma a cena de Natal num movimento art\u00edstico, e a partir dali e dos anos 1700, o pres\u00e9pio \u00e9 pura arte.<\/p>\n<p>Unindo a Palavra de Deus, a representa\u00e7\u00e3o artesanal e o folclore, os pres\u00e9pios v\u00e3o destacando as t\u00edpicas figuras regionais, e unem f\u00e9 e beleza est\u00e9tica. As miss\u00f5es franciscanas levam o pres\u00e9pio para o mundo, e assim, cultura local e tradi\u00e7\u00e3o crist\u00e3 mostram o maior feito hist\u00f3rico da cristandade.<\/p>\n<p>O pres\u00e9pio tem a forma dos momentos culturais: barroco, colonial, rococ\u00f3, renascentista, moderno, vanguardista, arte popular, oriental, latino-americano, indiano e africano. O Deus Menino est\u00e1 no campo, na cidade, nas tendas, favelas e arranha-c\u00e9u; est\u00e1 no centro urbano e na periferia. Une a for\u00e7a do sinal, do sacramental, do sagrado, da teologia da imagem, a fala da f\u00e9.<\/p>\n<p>Nos pres\u00e9pios temos a harmonia das diferen\u00e7as. O mundo do divino encontra-se com o mundo do humano. A grandeza, a onipot\u00eancia de um Deus revela-se na fragilidade de uma crian\u00e7a. Ali o mundo animal, ovelhas, boi, burro, queda-se contemplativo abra\u00e7ado pelo sil\u00eancio do mundo mineral: pedras e presentes. H\u00e1 tamb\u00e9m o toque brilhante daquela Estrela Guia aproximando o mundo sideral.<\/p>\n<p>As plantas formam o colorido arranjo do mundo vegetal. Anjos e pastores, um pai sonhador e uma m\u00e3e silente que guarda tudo no cora\u00e7\u00e3o; afinal todos s\u00e3o conduzidos pelo mesmo mist\u00e9rio. O curioso e controlador mundo do poder representado pelos Reis Magos vem conferir. Fazer pres\u00e9pios \u00e9 unir mundos! Aquele Menino fez-se Filho do Humano: veio experimentar a nossa cultura, o nosso jeito, a nossa consanguinidade.<\/p>\n<p>Num pres\u00e9pio cabe todos os rostos! \u00c9 o grande encontro dos simples, dos normais, dos marginais, dos ternos, fraternos, sofridos e exclu\u00eddos. Quando o diferente se encontra temos a mais bela paisagem do mundo. Tudo se torna transparente na unidade das diferen\u00e7as. Num pres\u00e9pio n\u00e3o existe preconceito, existe sim aquela silenciosa e calma contempla\u00e7\u00e3o da beleza de cada um, de cada uma. Encarnar-se \u00e9 morar junto e respeitar o diferente! Paz na Terra aos Humanos de vontade boa e bem trabalhada! Isso \u00e9 que encantou Francisco de Assis!<\/p>\n<p>O pres\u00e9pio nos lembra que Deus n\u00e3o est\u00e1 no mercado das cren\u00e7as, nem no apelo abusivo do com\u00e9rcio natalino que faz uma profaniza\u00e7\u00e3o deste universo de s\u00edmbolos: pinheiros e estrelas, animais e pastores, pres\u00e9pios variados. Deus nem sempre est\u00e1 nas igrejas e nem nas bibliotecas; mas Ele est\u00e1 num cora\u00e7\u00e3o que pulsa de Amor. Esta \u00e9 a sacralidade inviol\u00e1vel do Natal: Deus est\u00e1 no seu grande projeto, que \u00e9 Humanizar-se, fazer valer o Amor, Encarnar o Amor!<\/p>\n<p>Deus n\u00e3o est\u00e1 na viol\u00eancia e nem onde se atenta contra a vida. Deus n\u00e3o est\u00e1 no orgulho dos poderosos nem entre os ca\u00e7adores de privil\u00e9gios hier\u00e1rquicos. Mas Ele est\u00e1 na leveza deste Menino, Filho do Pai Eterno, a grande s\u00edntese das naturezas humana e divina.<\/p>\n<p>Ele est\u00e1 aqui na mais bela doa\u00e7\u00e3o do Sim de Jos\u00e9 e de Maria. Quando h\u00e1 disponibilidade, todo sonho \u00e9 fecundo. Ele est\u00e1 onde se faz um pres\u00e9pio: lugar do Bem e da Beleza. \u00c9 o grande momento de refletir este presente que ele nos d\u00e1. Isso \u00e9 que encantou Francisco de Assis!<\/p>\n<p>O Amor tem que ser Amado! A Verdade e a Beleza t\u00eam que ser apreciadas. Este \u00e9 o lugar de Luz no meio das sombras humanas. A luz vale mais do que todas as trevas. Deus est\u00e1 ali com voc\u00ea e com Francisco diante do pres\u00e9pio, e abra\u00e7ando voc\u00ea com sil\u00eancio, paz, harmonia, serenidade; acolhendo voc\u00ea e passando-lhe Onipresen\u00e7a, Onipot\u00eancia eterna para a fragilidade da criatura. No pres\u00e9pio, Deus olha voc\u00ea, pessoa humana, contemplando a suprema humildade da Pessoa Divina.<\/p>\n","protected":false},"excerpt":{"rendered":"<p>Artigo de Frei Vitorio Mazzuco<\/p>\n","protected":false},"author":3,"featured_media":187735,"comment_status":"open","ping_status":"open","sticky":false,"template":"","format":"standard","meta":[],"categories":[26],"tags":[203],"yoast_head":"<!-- This site is optimized with the Yoast SEO plugin v19.4 - https:\/\/yoast.com\/wordpress\/plugins\/seo\/ -->\n<title>A Mensagem Franciscana do Pres\u00e9pio - Convento Santo Ant\u00f4nio- Franciscanos<\/title>\n<meta name=\"robots\" content=\"index, follow, max-snippet:-1, max-image-preview:large, max-video-preview:-1\" \/>\n<link rel=\"canonical\" href=\"https:\/\/franciscanos.org.br\/conventosantoantonio\/a-mensagem-franciscana-do-presepio\/\" \/>\n<meta property=\"og:locale\" content=\"pt_BR\" \/>\n<meta property=\"og:type\" content=\"article\" \/>\n<meta property=\"og:title\" content=\"A Mensagem Franciscana do Pres\u00e9pio - Convento Santo Ant\u00f4nio- Franciscanos\" \/>\n<meta property=\"og:description\" content=\"Artigo de Frei Vitorio Mazzuco\" \/>\n<meta property=\"og:url\" content=\"https:\/\/franciscanos.org.br\/conventosantoantonio\/a-mensagem-franciscana-do-presepio\/\" \/>\n<meta property=\"og:site_name\" content=\"Convento Santo Ant\u00f4nio- Franciscanos\" \/>\n<meta property=\"article:published_time\" content=\"2021-09-22T14:12:59+00:00\" \/>\n<meta property=\"article:modified_time\" content=\"2023-07-04T17:20:54+00:00\" \/>\n<meta property=\"og:image\" content=\"https:\/\/franciscanos.org.br\/conventosantoantonio\/wp-content\/uploads\/2021\/09\/natal_241219.jpg\" \/>\n\t<meta property=\"og:image:width\" content=\"600\" \/>\n\t<meta property=\"og:image:height\" content=\"360\" \/>\n\t<meta property=\"og:image:type\" content=\"image\/jpeg\" \/>\n<meta name=\"author\" content=\"moacir\" \/>\n<meta name=\"twitter:card\" content=\"summary_large_image\" \/>\n<meta name=\"twitter:label1\" content=\"Escrito por\" \/>\n\t<meta name=\"twitter:data1\" content=\"moacir\" \/>\n\t<meta name=\"twitter:label2\" content=\"Est. tempo de leitura\" \/>\n\t<meta name=\"twitter:data2\" content=\"7 minutos\" \/>\n<script type=\"application\/ld+json\" class=\"yoast-schema-graph\">{\"@context\":\"https:\/\/schema.org\",\"@graph\":[{\"@type\":\"WebSite\",\"@id\":\"https:\/\/franciscanos.org.br\/conventosantoantonio\/#website\",\"url\":\"https:\/\/franciscanos.org.br\/conventosantoantonio\/\",\"name\":\"Convento Santo Ant\u00f4nio- Franciscanos\",\"description\":\"Prov\u00edncia Franciscana da Imaculada Concei\u00e7\u00e3o do Brasil - Ordem dos Frades Menores\",\"potentialAction\":[{\"@type\":\"SearchAction\",\"target\":{\"@type\":\"EntryPoint\",\"urlTemplate\":\"https:\/\/franciscanos.org.br\/conventosantoantonio\/?s={search_term_string}\"},\"query-input\":\"required name=search_term_string\"}],\"inLanguage\":\"pt-BR\"},{\"@type\":\"WebPage\",\"@id\":\"https:\/\/franciscanos.org.br\/conventosantoantonio\/a-mensagem-franciscana-do-presepio\/\",\"url\":\"https:\/\/franciscanos.org.br\/conventosantoantonio\/a-mensagem-franciscana-do-presepio\/\",\"name\":\"A Mensagem Franciscana do Pres\u00e9pio - Convento Santo Ant\u00f4nio- Franciscanos\",\"isPartOf\":{\"@id\":\"https:\/\/franciscanos.org.br\/conventosantoantonio\/#website\"},\"datePublished\":\"2021-09-22T14:12:59+00:00\",\"dateModified\":\"2023-07-04T17:20:54+00:00\",\"author\":{\"@id\":\"https:\/\/franciscanos.org.br\/conventosantoantonio\/#\/schema\/person\/73421c01c49c32a7bb0a19d9b36df6ad\"},\"breadcrumb\":{\"@id\":\"https:\/\/franciscanos.org.br\/conventosantoantonio\/a-mensagem-franciscana-do-presepio\/#breadcrumb\"},\"inLanguage\":\"pt-BR\",\"potentialAction\":[{\"@type\":\"ReadAction\",\"target\":[\"https:\/\/franciscanos.org.br\/conventosantoantonio\/a-mensagem-franciscana-do-presepio\/\"]}]},{\"@type\":\"BreadcrumbList\",\"@id\":\"https:\/\/franciscanos.org.br\/conventosantoantonio\/a-mensagem-franciscana-do-presepio\/#breadcrumb\",\"itemListElement\":[{\"@type\":\"ListItem\",\"position\":1,\"name\":\"Home\",\"item\":\"https:\/\/franciscanos.org.br\/conventosantoantonio\/\"},{\"@type\":\"ListItem\",\"position\":2,\"name\":\"A Mensagem Franciscana do Pres\u00e9pio\"}]},{\"@type\":\"Person\",\"@id\":\"https:\/\/franciscanos.org.br\/conventosantoantonio\/#\/schema\/person\/73421c01c49c32a7bb0a19d9b36df6ad\",\"name\":\"moacir\",\"image\":{\"@type\":\"ImageObject\",\"inLanguage\":\"pt-BR\",\"@id\":\"https:\/\/franciscanos.org.br\/conventosantoantonio\/#\/schema\/person\/image\/\",\"url\":\"https:\/\/secure.gravatar.com\/avatar\/d08aa2ce4c8dd416d4479aa8536fcf64?s=96&d=mm&r=g\",\"contentUrl\":\"https:\/\/secure.gravatar.com\/avatar\/d08aa2ce4c8dd416d4479aa8536fcf64?s=96&d=mm&r=g\",\"caption\":\"moacir\"},\"url\":\"https:\/\/franciscanos.org.br\/conventosantoantonio\/author\/moacir\/\"}]}<\/script>\n<!-- \/ Yoast SEO plugin. -->","yoast_head_json":{"title":"A Mensagem Franciscana do Pres\u00e9pio - Convento Santo Ant\u00f4nio- Franciscanos","robots":{"index":"index","follow":"follow","max-snippet":"max-snippet:-1","max-image-preview":"max-image-preview:large","max-video-preview":"max-video-preview:-1"},"canonical":"https:\/\/franciscanos.org.br\/conventosantoantonio\/a-mensagem-franciscana-do-presepio\/","og_locale":"pt_BR","og_type":"article","og_title":"A Mensagem Franciscana do Pres\u00e9pio - Convento Santo Ant\u00f4nio- Franciscanos","og_description":"Artigo de Frei Vitorio Mazzuco","og_url":"https:\/\/franciscanos.org.br\/conventosantoantonio\/a-mensagem-franciscana-do-presepio\/","og_site_name":"Convento Santo Ant\u00f4nio- Franciscanos","article_published_time":"2021-09-22T14:12:59+00:00","article_modified_time":"2023-07-04T17:20:54+00:00","og_image":[{"width":600,"height":360,"url":"https:\/\/franciscanos.org.br\/conventosantoantonio\/wp-content\/uploads\/2021\/09\/natal_241219.jpg","type":"image\/jpeg"}],"author":"moacir","twitter_card":"summary_large_image","twitter_misc":{"Escrito por":"moacir","Est. tempo de leitura":"7 minutos"},"schema":{"@context":"https:\/\/schema.org","@graph":[{"@type":"WebSite","@id":"https:\/\/franciscanos.org.br\/conventosantoantonio\/#website","url":"https:\/\/franciscanos.org.br\/conventosantoantonio\/","name":"Convento Santo Ant\u00f4nio- Franciscanos","description":"Prov\u00edncia Franciscana da Imaculada Concei\u00e7\u00e3o do Brasil - Ordem dos Frades Menores","potentialAction":[{"@type":"SearchAction","target":{"@type":"EntryPoint","urlTemplate":"https:\/\/franciscanos.org.br\/conventosantoantonio\/?s={search_term_string}"},"query-input":"required name=search_term_string"}],"inLanguage":"pt-BR"},{"@type":"WebPage","@id":"https:\/\/franciscanos.org.br\/conventosantoantonio\/a-mensagem-franciscana-do-presepio\/","url":"https:\/\/franciscanos.org.br\/conventosantoantonio\/a-mensagem-franciscana-do-presepio\/","name":"A Mensagem Franciscana do Pres\u00e9pio - Convento Santo Ant\u00f4nio- Franciscanos","isPartOf":{"@id":"https:\/\/franciscanos.org.br\/conventosantoantonio\/#website"},"datePublished":"2021-09-22T14:12:59+00:00","dateModified":"2023-07-04T17:20:54+00:00","author":{"@id":"https:\/\/franciscanos.org.br\/conventosantoantonio\/#\/schema\/person\/73421c01c49c32a7bb0a19d9b36df6ad"},"breadcrumb":{"@id":"https:\/\/franciscanos.org.br\/conventosantoantonio\/a-mensagem-franciscana-do-presepio\/#breadcrumb"},"inLanguage":"pt-BR","potentialAction":[{"@type":"ReadAction","target":["https:\/\/franciscanos.org.br\/conventosantoantonio\/a-mensagem-franciscana-do-presepio\/"]}]},{"@type":"BreadcrumbList","@id":"https:\/\/franciscanos.org.br\/conventosantoantonio\/a-mensagem-franciscana-do-presepio\/#breadcrumb","itemListElement":[{"@type":"ListItem","position":1,"name":"Home","item":"https:\/\/franciscanos.org.br\/conventosantoantonio\/"},{"@type":"ListItem","position":2,"name":"A Mensagem Franciscana do Pres\u00e9pio"}]},{"@type":"Person","@id":"https:\/\/franciscanos.org.br\/conventosantoantonio\/#\/schema\/person\/73421c01c49c32a7bb0a19d9b36df6ad","name":"moacir","image":{"@type":"ImageObject","inLanguage":"pt-BR","@id":"https:\/\/franciscanos.org.br\/conventosantoantonio\/#\/schema\/person\/image\/","url":"https:\/\/secure.gravatar.com\/avatar\/d08aa2ce4c8dd416d4479aa8536fcf64?s=96&d=mm&r=g","contentUrl":"https:\/\/secure.gravatar.com\/avatar\/d08aa2ce4c8dd416d4479aa8536fcf64?s=96&d=mm&r=g","caption":"moacir"},"url":"https:\/\/franciscanos.org.br\/conventosantoantonio\/author\/moacir\/"}]}},"_links":{"self":[{"href":"https:\/\/franciscanos.org.br\/conventosantoantonio\/wp-json\/wp\/v2\/posts\/187734"}],"collection":[{"href":"https:\/\/franciscanos.org.br\/conventosantoantonio\/wp-json\/wp\/v2\/posts"}],"about":[{"href":"https:\/\/franciscanos.org.br\/conventosantoantonio\/wp-json\/wp\/v2\/types\/post"}],"author":[{"embeddable":true,"href":"https:\/\/franciscanos.org.br\/conventosantoantonio\/wp-json\/wp\/v2\/users\/3"}],"replies":[{"embeddable":true,"href":"https:\/\/franciscanos.org.br\/conventosantoantonio\/wp-json\/wp\/v2\/comments?post=187734"}],"version-history":[{"count":3,"href":"https:\/\/franciscanos.org.br\/conventosantoantonio\/wp-json\/wp\/v2\/posts\/187734\/revisions"}],"predecessor-version":[{"id":188909,"href":"https:\/\/franciscanos.org.br\/conventosantoantonio\/wp-json\/wp\/v2\/posts\/187734\/revisions\/188909"}],"wp:featuredmedia":[{"embeddable":true,"href":"https:\/\/franciscanos.org.br\/conventosantoantonio\/wp-json\/wp\/v2\/media\/187735"}],"wp:attachment":[{"href":"https:\/\/franciscanos.org.br\/conventosantoantonio\/wp-json\/wp\/v2\/media?parent=187734"}],"wp:term":[{"taxonomy":"category","embeddable":true,"href":"https:\/\/franciscanos.org.br\/conventosantoantonio\/wp-json\/wp\/v2\/categories?post=187734"},{"taxonomy":"post_tag","embeddable":true,"href":"https:\/\/franciscanos.org.br\/conventosantoantonio\/wp-json\/wp\/v2\/tags?post=187734"}],"curies":[{"name":"wp","href":"https:\/\/api.w.org\/{rel}","templated":true}]}}