{"id":187705,"date":"2021-06-04T00:02:59","date_gmt":"2021-06-04T03:02:59","guid":{"rendered":"https:\/\/franciscanos.org.br\/conventosantoantonio\/?p=187705"},"modified":"2021-09-21T13:07:14","modified_gmt":"2021-09-21T16:07:14","slug":"413-anos-do-convento-santo-antonio","status":"publish","type":"post","link":"https:\/\/franciscanos.org.br\/conventosantoantonio\/413-anos-do-convento-santo-antonio\/","title":{"rendered":"413 anos do Convento Santo Ant\u00f4nio"},"content":{"rendered":"<p><img loading=\"lazy\" class=\"alignnone wp-image-187706 size-full\" src=\"https:\/\/franciscanos.org.br\/conventosantoantonio\/wp-content\/uploads\/2021\/09\/convento_santoantonio_2109.jpg\" alt=\"\" width=\"1280\" height=\"720\" srcset=\"https:\/\/franciscanos.org.br\/conventosantoantonio\/wp-content\/uploads\/2021\/09\/convento_santoantonio_2109.jpg 1280w, https:\/\/franciscanos.org.br\/conventosantoantonio\/wp-content\/uploads\/2021\/09\/convento_santoantonio_2109-450x253.jpg 450w, https:\/\/franciscanos.org.br\/conventosantoantonio\/wp-content\/uploads\/2021\/09\/convento_santoantonio_2109-1024x576.jpg 1024w, https:\/\/franciscanos.org.br\/conventosantoantonio\/wp-content\/uploads\/2021\/09\/convento_santoantonio_2109-768x432.jpg 768w, https:\/\/franciscanos.org.br\/conventosantoantonio\/wp-content\/uploads\/2021\/09\/convento_santoantonio_2109-150x84.jpg 150w\" sizes=\"(max-width: 1280px) 100vw, 1280px\" \/><\/p>\n<p>Caros confrades, amigos, benfeitores, fieis e devotos de Santo Ant\u00f4nio<\/p>\n<p>Paz e bem<\/p>\n<p>No dia do anivers\u00e1rio de algu\u00e9m gostamos de parabenizar com lembran\u00e7as das coisas boas, de fatos importantes de sua hist\u00f3ria, desejar vida longa, tudo de bom e melhor. Ao celebrarmos hoje os 413 anos da funda\u00e7\u00e3o do convento Santo Ant\u00f4nio, do Largo da Carioca, queremos festejar a data com alegria, reconhecendo este espa\u00e7o sagrado como a morada do Senhor, a Casa de Deus, o Templo Santo, o o\u00e1sis urbano, a nossa casa, o lugar da nossa devo\u00e7\u00e3o, a fonte da nossa f\u00e9, o ref\u00fagio da vida, o ch\u00e3o que nos sustenta, a montanha que nos renova, o abrigo de nossa alma, a extens\u00e3o da nossa casa e fam\u00edlia, o lugar de descanso, da confraterniza\u00e7\u00e3o de amigos, a escola de religiosidade, hist\u00f3ria, cultura, arte e espiritualidade.<\/p>\n<p>Temos muitos motivos para celebrar os 413 anos da funda\u00e7\u00e3o desse monumental conjunto arquitet\u00f4nico franciscano. Particularmente hoje se alegram a prov\u00edncia franciscana, os frades que aqui residiram e os que residem, e todos aqueles e aquelas que tamb\u00e9m t\u00eam uma rela\u00e7\u00e3o ativa e afetiva com essa Casa de Deus. A hist\u00f3ria do convento \u00e9 tamb\u00e9m a hist\u00f3ria dos devotos de Santo Ant\u00f4nio, de muitos cariocas, turistas e visitantes. Uma hist\u00f3ria viva e presente de muitas maneiras. A rela\u00e7\u00e3o com este lugar centen\u00e1rio \u00e9 a rela\u00e7\u00e3o dos que passam por aqui por alguns instantes ou horas, dos que frequentam diariamente as atividades religiosas \u2013 para agradecer, pedir, rezar -, dos que sobem para fazer as suas refei\u00e7\u00f5es e descansar, daqueles que veem para apreciar, estudar e pesquisar a hist\u00f3ria, a cultura e a religiosidade. Cada pessoa que aqui sobe faz tamb\u00e9m a sua hist\u00f3ria e de alguma forma deixa a sua hist\u00f3ria cravada neste monumental edif\u00edcio franciscano.<\/p>\n<p>O conjunto arquitet\u00f4nico com os seus bens m\u00f3veis e integrados constitui um dos conjuntos religiosos mais importantes do Brasil. Fatos religiosos, pol\u00edticos, sociais aconteceram atr\u00e1s das refor\u00e7adas paredes e no extenso adro. Epis\u00f3dios do passado at\u00e9 hoje presente na mem\u00f3ria pessoal e coletiva. \u00a0Assim lembramos nomes como os de Fabiano de Cristo e Frei Ant\u00f4nio Santana Galv\u00e3o, como homens de santidade; Frei Francisco Sampaio, com a sua importante participa\u00e7\u00e3o na Independ\u00eancia do pa\u00eds, Frei Jos\u00e9 Mariano Veloso \u2013 o pai da flora fluminense, \u2013 todos franciscanos dos s\u00e9culos XVIII e XIX. Tamb\u00e9m n\u00e3o podemos deixar de lembrar os confrades que marcaram presen\u00e7a durante do s\u00e9culo XX. Citando apenas alguns, como Frei Bas\u00edlio R\u00f6wer, Frei Pedro Sinzig, Frei Tom\u00e1s Borguermeir, Frei Rog\u00e9rio Neuhaus, Frei Patr\u00edcio Schmidt, Frei Clemente Kesselmeier, franciscanos da espiritualidade, da cultura, da prega\u00e7\u00e3o, da reconcilia\u00e7\u00e3o, da alegria e do acolhimento. Religiosos promotores da paz e do bem.<\/p>\n<p>Neste anivers\u00e1rio n\u00e3o podemos deixar de lembrar as pessoas que ficaram no anonimato ou no esquecimento. Pessoas que contribu\u00edram de muitas maneiras para a hist\u00f3ria desses 413 anos. Fazemos mem\u00f3ria daqueles que arquitetaram a constru\u00e7\u00e3o desse monumento, dos negros escravizados que levantaram as paredes, dos artistas \u2013 escultores, pintores, marceneiros \u2013 que decoraram o convento e a igreja como sinal da beleza de Deus e instrumento de catequese e evangeliza\u00e7\u00e3o. Os restauradores que sempre atuaram no \u00e1rduo trabalho de recupera\u00e7\u00e3o e preserva\u00e7\u00e3o das obras sacras e de arquitetura. Os nossos colaboradores que aqui trabalham diariamente nos diversos servi\u00e7os. Tamb\u00e9m dos in\u00fameros benfeitores que com a sua generosidade mantiveram e mant\u00e9m este patrim\u00f4nio sagrado.<\/p>\n<p>Na hist\u00f3ria do convento houve \u00e9poca de tristeza. Recordamos alguns desses momentos. Quando o imperador Dom Pedro II, em 1855, proibiu a entrada de novi\u00e7os nas Ordens Religiosas foi um deles. Com o decreto imperial o convento ficou esvaziado e restando apenas um franciscano carioca, Frei Jo\u00e3o do Amor Divino Costa. Com a brutal determina\u00e7\u00e3o as atividades quase paralisaram e as portas ficaram eminentes de se fecharem. J\u00e1 no s\u00e9culo 20, com a febre amarela (1903) e depois a pandemia da gripe espanhola (1918) que assolou a cidade do Rio, tamb\u00e9m atingiram as atividades no convento. E agora, neste presente momento da pandemia do novo coronav\u00edrus tamb\u00e9m entra para a hist\u00f3ria como fato de muita tristeza.\u00a0 A pandemia n\u00e3o s\u00f3 fechou as portas do centen\u00e1rio convento franciscano h\u00e1 dois meses, como ceifou a vida de alguns amigos, benfeitores e fi\u00e9is devotos de Santo Ant\u00f4nio. Confiamos ao Senhor as nossas vidas e pedimos ao amado Santo Ant\u00f4nio a sua intercess\u00e3o junto a Deus por toda humanidade.<\/p>\n<p>No evangelho de hoje\u00a0<em>\u201cJesus resume a ess\u00eancia e o esp\u00edrito da vida humana num ato \u00fanico em duas faces insepar\u00e1veis: amar a Deus com entrega total de si mesmo, porque o Deus verdadeiro e absoluto \u00e9 um s\u00f3 e, entregando-se a Deus o ser humano desabsolutiza a si mesmo, o pr\u00f3ximo e as coisas; amar o pr\u00f3ximo como a si mesmo, isto \u00e9, a rela\u00e7\u00e3o num esp\u00edrito de fraternidade e n\u00e3o de opress\u00e3o ou de submiss\u00e3o. O dinamismo da vida \u00e9 o amor que tece as rela\u00e7\u00f5es entre a humanidade, levando todos aos encontros, confrontos e conflitos que geram uma sociedade cada vez mais justa e mais pr\u00f3xima do Reino de Deus\u201d\u00a0<\/em>(B\u00edblia sagrada, edi\u00e7\u00e3o pastoral, p.1300)<em>.<\/em><\/p>\n<p>O nosso convite para celebrarmos com jubilo estes 413 anos de funda\u00e7\u00e3o do convento \u00e9 de sermos como Santo Ant\u00f4nio. Sejamos homens e mulheres portadores da Palavra de Deus, praticantes dessa palavra que acolhe, ama, perdoa e reconcilia. Sejamos portadores do l\u00edrio, carregando com as nossas vidas a pureza que n\u00e3o julga e nem condena o outro, mas que olha com a pureza que \u00e9 pr\u00f3pria de quem segue Jesus pobre e crucificado. Sejamos portadores da cruz que nos faz mais humanos, pac\u00edficos, irm\u00e3os e irm\u00e3s de todas as criaturas. Sejamos portadores de p\u00e3o. Do p\u00e3o da palavra de Deus e do alimento que sacia a fome dos pobres. E por fim, sejamos portadores do Menino Jesus, carregando-O em nossos bra\u00e7os, anunciando a todos a sua bondade, ternura, amor, docilidade e reconcilia\u00e7\u00e3o.<\/p>\n<p><a href=\"http:\/\/conventosantoantonio.org.br\/wp-content\/uploads\/2020\/06\/20200604_174113.jpg\"><img loading=\"lazy\" class=\"aligncenter  wp-image-4456\" src=\"http:\/\/conventosantoantonio.org.br\/wp-content\/uploads\/2020\/06\/20200604_174113-768x1024.jpg\" sizes=\"(max-width: 546px) 100vw, 546px\" srcset=\"https:\/\/conventosantoantonio.org.br\/wp-content\/uploads\/2020\/06\/20200604_174113-768x1024.jpg 768w, https:\/\/conventosantoantonio.org.br\/wp-content\/uploads\/2020\/06\/20200604_174113-225x300.jpg 225w\" alt=\"\" width=\"546\" height=\"728\" \/><\/a><a href=\"http:\/\/conventosantoantonio.org.br\/wp-content\/uploads\/2020\/06\/20200127_094628.jpg\"><img loading=\"lazy\" class=\"aligncenter  wp-image-4454\" src=\"http:\/\/conventosantoantonio.org.br\/wp-content\/uploads\/2020\/06\/20200127_094628-768x1024.jpg\" sizes=\"(max-width: 544px) 100vw, 544px\" srcset=\"https:\/\/conventosantoantonio.org.br\/wp-content\/uploads\/2020\/06\/20200127_094628-768x1024.jpg 768w, https:\/\/conventosantoantonio.org.br\/wp-content\/uploads\/2020\/06\/20200127_094628-225x300.jpg 225w\" alt=\"\" width=\"544\" height=\"726\" \/><\/a><\/p>\n<hr \/>\n<p>Texto e fotos: Frei R\u00f3ger Brunorio, ofm<\/p>\n","protected":false},"excerpt":{"rendered":"<p>Caros confrades, amigos, benfeitores, fieis e devotos de Santo Ant\u00f4nio Paz e bem No dia do anivers\u00e1rio de algu\u00e9m gostamos de parabenizar com lembran\u00e7as das coisas boas, de fatos importantes de sua hist\u00f3ria, desejar vida longa, tudo de bom e melhor. Ao celebrarmos hoje os 413 anos da funda\u00e7\u00e3o do convento Santo Ant\u00f4nio, do Largo [&hellip;]<\/p>\n","protected":false},"author":3,"featured_media":0,"comment_status":"open","ping_status":"open","sticky":false,"template":"","format":"standard","meta":[],"categories":[105],"tags":[],"yoast_head":"<!-- This site is optimized with the Yoast SEO plugin v19.4 - https:\/\/yoast.com\/wordpress\/plugins\/seo\/ -->\n<title>413 anos do Convento Santo Ant\u00f4nio - Convento Santo Ant\u00f4nio- Franciscanos<\/title>\n<meta name=\"robots\" content=\"index, follow, max-snippet:-1, max-image-preview:large, max-video-preview:-1\" \/>\n<link rel=\"canonical\" href=\"https:\/\/franciscanos.org.br\/conventosantoantonio\/413-anos-do-convento-santo-antonio\/\" \/>\n<meta property=\"og:locale\" content=\"pt_BR\" \/>\n<meta property=\"og:type\" content=\"article\" \/>\n<meta property=\"og:title\" content=\"413 anos do Convento Santo Ant\u00f4nio - Convento Santo Ant\u00f4nio- Franciscanos\" \/>\n<meta property=\"og:description\" content=\"Caros confrades, amigos, benfeitores, fieis e devotos de Santo Ant\u00f4nio Paz e bem No dia do anivers\u00e1rio de algu\u00e9m gostamos de parabenizar com lembran\u00e7as das coisas boas, de fatos importantes de sua hist\u00f3ria, desejar vida longa, tudo de bom e melhor. Ao celebrarmos hoje os 413 anos da funda\u00e7\u00e3o do convento Santo Ant\u00f4nio, do Largo [&hellip;]\" \/>\n<meta property=\"og:url\" content=\"https:\/\/franciscanos.org.br\/conventosantoantonio\/413-anos-do-convento-santo-antonio\/\" \/>\n<meta property=\"og:site_name\" content=\"Convento Santo Ant\u00f4nio- Franciscanos\" \/>\n<meta property=\"article:published_time\" content=\"2021-06-04T03:02:59+00:00\" \/>\n<meta property=\"article:modified_time\" content=\"2021-09-21T16:07:14+00:00\" \/>\n<meta property=\"og:image\" content=\"https:\/\/franciscanos.org.br\/conventosantoantonio\/wp-content\/uploads\/2021\/09\/convento_santoantonio_2109.jpg\" \/>\n<meta name=\"author\" content=\"moacir\" \/>\n<meta name=\"twitter:card\" content=\"summary_large_image\" \/>\n<meta name=\"twitter:label1\" content=\"Escrito por\" \/>\n\t<meta name=\"twitter:data1\" content=\"moacir\" \/>\n\t<meta name=\"twitter:label2\" content=\"Est. tempo de leitura\" \/>\n\t<meta name=\"twitter:data2\" content=\"5 minutos\" \/>\n<script type=\"application\/ld+json\" class=\"yoast-schema-graph\">{\"@context\":\"https:\/\/schema.org\",\"@graph\":[{\"@type\":\"WebSite\",\"@id\":\"https:\/\/franciscanos.org.br\/conventosantoantonio\/#website\",\"url\":\"https:\/\/franciscanos.org.br\/conventosantoantonio\/\",\"name\":\"Convento Santo Ant\u00f4nio- Franciscanos\",\"description\":\"Prov\u00edncia Franciscana da Imaculada Concei\u00e7\u00e3o do Brasil - Ordem dos Frades Menores\",\"potentialAction\":[{\"@type\":\"SearchAction\",\"target\":{\"@type\":\"EntryPoint\",\"urlTemplate\":\"https:\/\/franciscanos.org.br\/conventosantoantonio\/?s={search_term_string}\"},\"query-input\":\"required name=search_term_string\"}],\"inLanguage\":\"pt-BR\"},{\"@type\":\"WebPage\",\"@id\":\"https:\/\/franciscanos.org.br\/conventosantoantonio\/413-anos-do-convento-santo-antonio\/\",\"url\":\"https:\/\/franciscanos.org.br\/conventosantoantonio\/413-anos-do-convento-santo-antonio\/\",\"name\":\"413 anos do Convento Santo Ant\u00f4nio - Convento Santo Ant\u00f4nio- Franciscanos\",\"isPartOf\":{\"@id\":\"https:\/\/franciscanos.org.br\/conventosantoantonio\/#website\"},\"datePublished\":\"2021-06-04T03:02:59+00:00\",\"dateModified\":\"2021-09-21T16:07:14+00:00\",\"author\":{\"@id\":\"https:\/\/franciscanos.org.br\/conventosantoantonio\/#\/schema\/person\/73421c01c49c32a7bb0a19d9b36df6ad\"},\"breadcrumb\":{\"@id\":\"https:\/\/franciscanos.org.br\/conventosantoantonio\/413-anos-do-convento-santo-antonio\/#breadcrumb\"},\"inLanguage\":\"pt-BR\",\"potentialAction\":[{\"@type\":\"ReadAction\",\"target\":[\"https:\/\/franciscanos.org.br\/conventosantoantonio\/413-anos-do-convento-santo-antonio\/\"]}]},{\"@type\":\"BreadcrumbList\",\"@id\":\"https:\/\/franciscanos.org.br\/conventosantoantonio\/413-anos-do-convento-santo-antonio\/#breadcrumb\",\"itemListElement\":[{\"@type\":\"ListItem\",\"position\":1,\"name\":\"Home\",\"item\":\"https:\/\/franciscanos.org.br\/conventosantoantonio\/\"},{\"@type\":\"ListItem\",\"position\":2,\"name\":\"413 anos do Convento Santo Ant\u00f4nio\"}]},{\"@type\":\"Person\",\"@id\":\"https:\/\/franciscanos.org.br\/conventosantoantonio\/#\/schema\/person\/73421c01c49c32a7bb0a19d9b36df6ad\",\"name\":\"moacir\",\"image\":{\"@type\":\"ImageObject\",\"inLanguage\":\"pt-BR\",\"@id\":\"https:\/\/franciscanos.org.br\/conventosantoantonio\/#\/schema\/person\/image\/\",\"url\":\"https:\/\/secure.gravatar.com\/avatar\/d08aa2ce4c8dd416d4479aa8536fcf64?s=96&d=mm&r=g\",\"contentUrl\":\"https:\/\/secure.gravatar.com\/avatar\/d08aa2ce4c8dd416d4479aa8536fcf64?s=96&d=mm&r=g\",\"caption\":\"moacir\"},\"url\":\"https:\/\/franciscanos.org.br\/conventosantoantonio\/author\/moacir\/\"}]}<\/script>\n<!-- \/ Yoast SEO plugin. -->","yoast_head_json":{"title":"413 anos do Convento Santo Ant\u00f4nio - Convento Santo Ant\u00f4nio- Franciscanos","robots":{"index":"index","follow":"follow","max-snippet":"max-snippet:-1","max-image-preview":"max-image-preview:large","max-video-preview":"max-video-preview:-1"},"canonical":"https:\/\/franciscanos.org.br\/conventosantoantonio\/413-anos-do-convento-santo-antonio\/","og_locale":"pt_BR","og_type":"article","og_title":"413 anos do Convento Santo Ant\u00f4nio - Convento Santo Ant\u00f4nio- Franciscanos","og_description":"Caros confrades, amigos, benfeitores, fieis e devotos de Santo Ant\u00f4nio Paz e bem No dia do anivers\u00e1rio de algu\u00e9m gostamos de parabenizar com lembran\u00e7as das coisas boas, de fatos importantes de sua hist\u00f3ria, desejar vida longa, tudo de bom e melhor. Ao celebrarmos hoje os 413 anos da funda\u00e7\u00e3o do convento Santo Ant\u00f4nio, do Largo [&hellip;]","og_url":"https:\/\/franciscanos.org.br\/conventosantoantonio\/413-anos-do-convento-santo-antonio\/","og_site_name":"Convento Santo Ant\u00f4nio- Franciscanos","article_published_time":"2021-06-04T03:02:59+00:00","article_modified_time":"2021-09-21T16:07:14+00:00","og_image":[{"url":"https:\/\/franciscanos.org.br\/conventosantoantonio\/wp-content\/uploads\/2021\/09\/convento_santoantonio_2109.jpg"}],"author":"moacir","twitter_card":"summary_large_image","twitter_misc":{"Escrito por":"moacir","Est. tempo de leitura":"5 minutos"},"schema":{"@context":"https:\/\/schema.org","@graph":[{"@type":"WebSite","@id":"https:\/\/franciscanos.org.br\/conventosantoantonio\/#website","url":"https:\/\/franciscanos.org.br\/conventosantoantonio\/","name":"Convento Santo Ant\u00f4nio- Franciscanos","description":"Prov\u00edncia Franciscana da Imaculada Concei\u00e7\u00e3o do Brasil - Ordem dos Frades Menores","potentialAction":[{"@type":"SearchAction","target":{"@type":"EntryPoint","urlTemplate":"https:\/\/franciscanos.org.br\/conventosantoantonio\/?s={search_term_string}"},"query-input":"required name=search_term_string"}],"inLanguage":"pt-BR"},{"@type":"WebPage","@id":"https:\/\/franciscanos.org.br\/conventosantoantonio\/413-anos-do-convento-santo-antonio\/","url":"https:\/\/franciscanos.org.br\/conventosantoantonio\/413-anos-do-convento-santo-antonio\/","name":"413 anos do Convento Santo Ant\u00f4nio - Convento Santo Ant\u00f4nio- Franciscanos","isPartOf":{"@id":"https:\/\/franciscanos.org.br\/conventosantoantonio\/#website"},"datePublished":"2021-06-04T03:02:59+00:00","dateModified":"2021-09-21T16:07:14+00:00","author":{"@id":"https:\/\/franciscanos.org.br\/conventosantoantonio\/#\/schema\/person\/73421c01c49c32a7bb0a19d9b36df6ad"},"breadcrumb":{"@id":"https:\/\/franciscanos.org.br\/conventosantoantonio\/413-anos-do-convento-santo-antonio\/#breadcrumb"},"inLanguage":"pt-BR","potentialAction":[{"@type":"ReadAction","target":["https:\/\/franciscanos.org.br\/conventosantoantonio\/413-anos-do-convento-santo-antonio\/"]}]},{"@type":"BreadcrumbList","@id":"https:\/\/franciscanos.org.br\/conventosantoantonio\/413-anos-do-convento-santo-antonio\/#breadcrumb","itemListElement":[{"@type":"ListItem","position":1,"name":"Home","item":"https:\/\/franciscanos.org.br\/conventosantoantonio\/"},{"@type":"ListItem","position":2,"name":"413 anos do Convento Santo Ant\u00f4nio"}]},{"@type":"Person","@id":"https:\/\/franciscanos.org.br\/conventosantoantonio\/#\/schema\/person\/73421c01c49c32a7bb0a19d9b36df6ad","name":"moacir","image":{"@type":"ImageObject","inLanguage":"pt-BR","@id":"https:\/\/franciscanos.org.br\/conventosantoantonio\/#\/schema\/person\/image\/","url":"https:\/\/secure.gravatar.com\/avatar\/d08aa2ce4c8dd416d4479aa8536fcf64?s=96&d=mm&r=g","contentUrl":"https:\/\/secure.gravatar.com\/avatar\/d08aa2ce4c8dd416d4479aa8536fcf64?s=96&d=mm&r=g","caption":"moacir"},"url":"https:\/\/franciscanos.org.br\/conventosantoantonio\/author\/moacir\/"}]}},"_links":{"self":[{"href":"https:\/\/franciscanos.org.br\/conventosantoantonio\/wp-json\/wp\/v2\/posts\/187705"}],"collection":[{"href":"https:\/\/franciscanos.org.br\/conventosantoantonio\/wp-json\/wp\/v2\/posts"}],"about":[{"href":"https:\/\/franciscanos.org.br\/conventosantoantonio\/wp-json\/wp\/v2\/types\/post"}],"author":[{"embeddable":true,"href":"https:\/\/franciscanos.org.br\/conventosantoantonio\/wp-json\/wp\/v2\/users\/3"}],"replies":[{"embeddable":true,"href":"https:\/\/franciscanos.org.br\/conventosantoantonio\/wp-json\/wp\/v2\/comments?post=187705"}],"version-history":[{"count":1,"href":"https:\/\/franciscanos.org.br\/conventosantoantonio\/wp-json\/wp\/v2\/posts\/187705\/revisions"}],"predecessor-version":[{"id":187707,"href":"https:\/\/franciscanos.org.br\/conventosantoantonio\/wp-json\/wp\/v2\/posts\/187705\/revisions\/187707"}],"wp:attachment":[{"href":"https:\/\/franciscanos.org.br\/conventosantoantonio\/wp-json\/wp\/v2\/media?parent=187705"}],"wp:term":[{"taxonomy":"category","embeddable":true,"href":"https:\/\/franciscanos.org.br\/conventosantoantonio\/wp-json\/wp\/v2\/categories?post=187705"},{"taxonomy":"post_tag","embeddable":true,"href":"https:\/\/franciscanos.org.br\/conventosantoantonio\/wp-json\/wp\/v2\/tags?post=187705"}],"curies":[{"name":"wp","href":"https:\/\/api.w.org\/{rel}","templated":true}]}}