{"id":97799,"date":"2015-11-05T07:44:58","date_gmt":"2015-11-05T09:44:58","guid":{"rendered":"http:\/\/franciscanos.org.br\/?p=97799"},"modified":"2015-11-05T07:44:58","modified_gmt":"2015-11-05T09:44:58","slug":"trabalhar-sem-perder-o-espirito-da-santa-oracao-2","status":"publish","type":"post","link":"https:\/\/franciscanos.org.br\/carisma\/trabalhar-sem-perder-o-espirito-da-santa-oracao-2.html","title":{"rendered":"Trabalhar sem perder o esp\u00edrito da santa ora\u00e7\u00e3o"},"content":{"rendered":"<p><img loading=\"lazy\" src=\"http:\/\/franciscanos.org.br\/wp-content\/uploads\/2015\/11\/francisco_zef.jpg\" alt=\"francisco_zef\" width=\"820\" height=\"451\" \/><\/p>\n<p style=\"padding-left: 30px;\"><em>Aqueles irm\u00e3os aos quais o Senhor deu a gra\u00e7a de trabalhar, trabalhem fiel e devotamente, de modo que afastado o \u00f3cio que \u00e9 o inimigo da alma, n\u00e3o extingam o esp\u00edrito da santa ora\u00e7\u00e3o e da devo\u00e7\u00e3o, ao qual devem servir as coisas temporais (Regra Bulada, V)<\/em><\/p>\n<p>Os homens s\u00e3o os jardineiros da terra&#8230; s\u00e3o formiguinhas trabalhadeiras. Alguns, talvez, sejam displicentes cigarras que cantam o tempo todo e esquecem a dureza do labor.<\/p>\n<p>O frade levanta-se. Imediatamente procura o rosto do Senhor, a presen\u00e7a daquele que est\u00e1 sempre perto. H\u00e1 uma explos\u00e3o de louvor e um grito de socorro. Tem diante dos olhos as horas do labor. Mas tudo come\u00e7a com essa sintonia com o Senhor. E vem o trabalho e quanto trabalho! Trabalho em casa. Trabalho pastoral. Trabalho de caridade. Trabalho manual e trabalho intelectual. Trabalho sem a primeira preocupa\u00e7\u00e3o do lucro, do guardar, do reter. Trabalho para fugir da ociosidade, da vadiagem, do ir e vir, de l\u00e1 para c\u00e1 e c\u00e1 para l\u00e1&#8230; simplesmente pelo ir e vir. Trabalho feito com disciplina e persist\u00eancia. Trabalho para fugir da ociosidade que \u00e9 a m\u00e3e de todos os v\u00edcios.<\/p>\n<p>O frade desperta e coloca seu olhar no olhar do Senhor. H\u00e1 compras a serem feitas, doentes a serem visitados, exorta\u00e7\u00f5es a serem dirigidas a uns e outros.. Tudo feito com zelo, como se fosse a \u00fanica coisa que tivesse que ser feita. Tudo feito com a qualidade do servo in\u00fatil que faz bem e muito bem o que tem que fazer e n\u00e3o busca sal\u00e1rio, nem recompensa.<\/p>\n<p>Aqui e ali uma pequena pausa para um salmo ou um olhar para o Senhor. Um dia especial para o retiro, para saborear os salmos, escutar a palavra e se jogar mais explicitamente nos bra\u00e7os do Amado. Nada de ativismo. N\u00e3o somos funcion\u00e1rios de uma administra\u00e7\u00e3o descontrolada e louca. Trabalhamos com a mente, o cora\u00e7\u00e3o e as m\u00e3os. H\u00e1 esses frades que v\u00e3o pelo mundo, h\u00e1 esses que plantam rosas, preparam a comida, ensinam nas universidades&#8230; sempre cuidando de n\u00e3o perderem o esp\u00edrito da santa ora\u00e7\u00e3o e da devo\u00e7\u00e3o.<\/p>\n<p>\u201cA intui\u00e7\u00e3o teol\u00f3gica de Francisco diz que o trabalho \u00e9 um dom para o homem enquanto inserido na obra da cria\u00e7\u00e3o e da reden\u00e7\u00e3o do mundo: o homem com seu trabalho imprime um selo crist\u00e3o na atividade que transforma e melhora a vida humana. O trabalho \u00e9 continua\u00e7\u00e3o e acabamento da cria\u00e7\u00e3o que Deus confiou ao homem: \u00e9 voca\u00e7\u00e3o e servi\u00e7o. O trabalho \u00e9 gra\u00e7a na qualidade de coparticipar do \u201cplasmar\u201d da cria\u00e7\u00e3o, pr\u00f3pria de Deus (&#8230;). Todos vivemos esta gra\u00e7a: somos chamados para seremos mandados, para realizar uma tarefa, um trabalho, uma obra que somente n\u00f3s podemos fazer e que ningu\u00e9m far\u00e1 sen\u00e3o n\u00f3s. O trabalho cotidiano situa-se nesse plano e somente assim pode tornar-se express\u00e3o de nossa liberdade e do nosso amor. Se n\u00e3o for resposta \u00e0 gra\u00e7a que nos chama \u00e0 vida, acabar\u00e1 sempre, inevitavelmente por cair numa busca de afirma\u00e7\u00e3o de n\u00f3s mesmos e de nossas capacidades, acabar\u00e1 por ser coisa nossa, possu\u00edda como outras coisas e, no final das contas, fonte de tristeza e de escravid\u00e3o, peso insuport\u00e1vel de nosso eu ego\u00edsta e egoc\u00eantrico\u201d (Francesco de Lazzari, Il Testamento di San Francisco. Meditazioni, Ed. Porziuncula, p. 239-240).<\/p>\n<p>E quando termina o dia, o olhar do franciscano canta um pequeno hino de gratid\u00e3o ao Doador de todos os dons, tamb\u00e9m do dom do trabalho.<\/p>\n<p><strong>Frei Almir Guimar\u00e3es<\/strong><\/p>\n","protected":false},"excerpt":{"rendered":"<p>Franciscanamente<\/p>\n","protected":false},"author":1,"featured_media":174707,"comment_status":"open","ping_status":"open","sticky":false,"template":"","format":"standard","meta":[],"categories":[11],"tags":[],"yoast_head":"<!-- This site is optimized with the Yoast SEO plugin v19.2 - https:\/\/yoast.com\/wordpress\/plugins\/seo\/ -->\n<title>Trabalhar sem perder o esp\u00edrito da santa ora\u00e7\u00e3o - Carisma - Franciscanos<\/title>\n<meta name=\"robots\" content=\"index, follow, max-snippet:-1, max-image-preview:large, max-video-preview:-1\" \/>\n<link rel=\"canonical\" href=\"https:\/\/franciscanos.org.br\/carisma\/trabalhar-sem-perder-o-espirito-da-santa-oracao-2.html\" \/>\n<meta property=\"og:locale\" content=\"pt_BR\" \/>\n<meta property=\"og:type\" content=\"article\" \/>\n<meta property=\"og:title\" content=\"Trabalhar sem perder o esp\u00edrito da santa ora\u00e7\u00e3o - Carisma - Franciscanos\" \/>\n<meta property=\"og:description\" content=\"Franciscanamente\" \/>\n<meta property=\"og:url\" content=\"https:\/\/franciscanos.org.br\/carisma\/trabalhar-sem-perder-o-espirito-da-santa-oracao-2.html\" \/>\n<meta property=\"og:site_name\" content=\"Carisma - Franciscanos\" \/>\n<meta property=\"article:published_time\" content=\"2015-11-05T09:44:58+00:00\" \/>\n<meta property=\"og:image\" content=\"https:\/\/franciscanos.org.br\/carisma\/wp-content\/uploads\/2018\/10\/francisco_zef.jpg\" \/>\n\t<meta property=\"og:image:width\" content=\"820\" \/>\n\t<meta property=\"og:image:height\" content=\"451\" \/>\n\t<meta property=\"og:image:type\" content=\"image\/jpeg\" \/>\n<meta name=\"author\" content=\"admin\" \/>\n<meta name=\"twitter:card\" content=\"summary_large_image\" \/>\n<meta name=\"twitter:label1\" content=\"Escrito por\" \/>\n\t<meta name=\"twitter:data1\" content=\"admin\" \/>\n\t<meta name=\"twitter:label2\" content=\"Est. tempo de leitura\" \/>\n\t<meta name=\"twitter:data2\" content=\"3 minutos\" \/>\n<script type=\"application\/ld+json\" class=\"yoast-schema-graph\">{\"@context\":\"https:\/\/schema.org\",\"@graph\":[{\"@type\":\"WebSite\",\"@id\":\"https:\/\/franciscanos.org.br\/carisma\/#website\",\"url\":\"https:\/\/franciscanos.org.br\/carisma\/\",\"name\":\"Carisma - Franciscanos\",\"description\":\"Prov\u00edncia Franciscana da Imaculada Concei\u00e7\u00e3o do Brasil - Ordem dos Frades Menores\",\"potentialAction\":[{\"@type\":\"SearchAction\",\"target\":{\"@type\":\"EntryPoint\",\"urlTemplate\":\"https:\/\/franciscanos.org.br\/carisma\/?s={search_term_string}\"},\"query-input\":\"required name=search_term_string\"}],\"inLanguage\":\"pt-BR\"},{\"@type\":\"ImageObject\",\"inLanguage\":\"pt-BR\",\"@id\":\"https:\/\/franciscanos.org.br\/carisma\/trabalhar-sem-perder-o-espirito-da-santa-oracao-2.html#primaryimage\",\"url\":\"https:\/\/franciscanos.org.br\/carisma\/wp-content\/uploads\/2018\/10\/francisco_zef.jpg\",\"contentUrl\":\"https:\/\/franciscanos.org.br\/carisma\/wp-content\/uploads\/2018\/10\/francisco_zef.jpg\",\"width\":820,\"height\":451},{\"@type\":\"WebPage\",\"@id\":\"https:\/\/franciscanos.org.br\/carisma\/trabalhar-sem-perder-o-espirito-da-santa-oracao-2.html#webpage\",\"url\":\"https:\/\/franciscanos.org.br\/carisma\/trabalhar-sem-perder-o-espirito-da-santa-oracao-2.html\",\"name\":\"Trabalhar sem perder o esp\u00edrito da santa ora\u00e7\u00e3o - Carisma - Franciscanos\",\"isPartOf\":{\"@id\":\"https:\/\/franciscanos.org.br\/carisma\/#website\"},\"primaryImageOfPage\":{\"@id\":\"https:\/\/franciscanos.org.br\/carisma\/trabalhar-sem-perder-o-espirito-da-santa-oracao-2.html#primaryimage\"},\"datePublished\":\"2015-11-05T09:44:58+00:00\",\"dateModified\":\"2015-11-05T09:44:58+00:00\",\"author\":{\"@id\":\"https:\/\/franciscanos.org.br\/carisma\/#\/schema\/person\/e352342a457f086dc6152f9c73a3d093\"},\"breadcrumb\":{\"@id\":\"https:\/\/franciscanos.org.br\/carisma\/trabalhar-sem-perder-o-espirito-da-santa-oracao-2.html#breadcrumb\"},\"inLanguage\":\"pt-BR\",\"potentialAction\":[{\"@type\":\"ReadAction\",\"target\":[\"https:\/\/franciscanos.org.br\/carisma\/trabalhar-sem-perder-o-espirito-da-santa-oracao-2.html\"]}]},{\"@type\":\"BreadcrumbList\",\"@id\":\"https:\/\/franciscanos.org.br\/carisma\/trabalhar-sem-perder-o-espirito-da-santa-oracao-2.html#breadcrumb\",\"itemListElement\":[{\"@type\":\"ListItem\",\"position\":1,\"name\":\"Home\",\"item\":\"https:\/\/franciscanos.org.br\/carisma\"},{\"@type\":\"ListItem\",\"position\":2,\"name\":\"Trabalhar sem perder o esp\u00edrito da santa ora\u00e7\u00e3o\"}]},{\"@type\":\"Person\",\"@id\":\"https:\/\/franciscanos.org.br\/carisma\/#\/schema\/person\/e352342a457f086dc6152f9c73a3d093\",\"name\":\"admin\",\"image\":{\"@type\":\"ImageObject\",\"inLanguage\":\"pt-BR\",\"@id\":\"https:\/\/franciscanos.org.br\/carisma\/#\/schema\/person\/image\/\",\"url\":\"https:\/\/secure.gravatar.com\/avatar\/e8495742d34d0ba6448ea1c628263b3e?s=96&d=mm&r=g\",\"contentUrl\":\"https:\/\/secure.gravatar.com\/avatar\/e8495742d34d0ba6448ea1c628263b3e?s=96&d=mm&r=g\",\"caption\":\"admin\"},\"url\":\"https:\/\/franciscanos.org.br\/carisma\/author\/admin\"}]}<\/script>\n<!-- \/ Yoast SEO plugin. -->","yoast_head_json":{"title":"Trabalhar sem perder o esp\u00edrito da santa ora\u00e7\u00e3o - Carisma - Franciscanos","robots":{"index":"index","follow":"follow","max-snippet":"max-snippet:-1","max-image-preview":"max-image-preview:large","max-video-preview":"max-video-preview:-1"},"canonical":"https:\/\/franciscanos.org.br\/carisma\/trabalhar-sem-perder-o-espirito-da-santa-oracao-2.html","og_locale":"pt_BR","og_type":"article","og_title":"Trabalhar sem perder o esp\u00edrito da santa ora\u00e7\u00e3o - Carisma - Franciscanos","og_description":"Franciscanamente","og_url":"https:\/\/franciscanos.org.br\/carisma\/trabalhar-sem-perder-o-espirito-da-santa-oracao-2.html","og_site_name":"Carisma - Franciscanos","article_published_time":"2015-11-05T09:44:58+00:00","og_image":[{"width":820,"height":451,"url":"https:\/\/franciscanos.org.br\/carisma\/wp-content\/uploads\/2018\/10\/francisco_zef.jpg","type":"image\/jpeg"}],"author":"admin","twitter_card":"summary_large_image","twitter_misc":{"Escrito por":"admin","Est. tempo de leitura":"3 minutos"},"schema":{"@context":"https:\/\/schema.org","@graph":[{"@type":"WebSite","@id":"https:\/\/franciscanos.org.br\/carisma\/#website","url":"https:\/\/franciscanos.org.br\/carisma\/","name":"Carisma - Franciscanos","description":"Prov\u00edncia Franciscana da Imaculada Concei\u00e7\u00e3o do Brasil - Ordem dos Frades Menores","potentialAction":[{"@type":"SearchAction","target":{"@type":"EntryPoint","urlTemplate":"https:\/\/franciscanos.org.br\/carisma\/?s={search_term_string}"},"query-input":"required name=search_term_string"}],"inLanguage":"pt-BR"},{"@type":"ImageObject","inLanguage":"pt-BR","@id":"https:\/\/franciscanos.org.br\/carisma\/trabalhar-sem-perder-o-espirito-da-santa-oracao-2.html#primaryimage","url":"https:\/\/franciscanos.org.br\/carisma\/wp-content\/uploads\/2018\/10\/francisco_zef.jpg","contentUrl":"https:\/\/franciscanos.org.br\/carisma\/wp-content\/uploads\/2018\/10\/francisco_zef.jpg","width":820,"height":451},{"@type":"WebPage","@id":"https:\/\/franciscanos.org.br\/carisma\/trabalhar-sem-perder-o-espirito-da-santa-oracao-2.html#webpage","url":"https:\/\/franciscanos.org.br\/carisma\/trabalhar-sem-perder-o-espirito-da-santa-oracao-2.html","name":"Trabalhar sem perder o esp\u00edrito da santa ora\u00e7\u00e3o - Carisma - Franciscanos","isPartOf":{"@id":"https:\/\/franciscanos.org.br\/carisma\/#website"},"primaryImageOfPage":{"@id":"https:\/\/franciscanos.org.br\/carisma\/trabalhar-sem-perder-o-espirito-da-santa-oracao-2.html#primaryimage"},"datePublished":"2015-11-05T09:44:58+00:00","dateModified":"2015-11-05T09:44:58+00:00","author":{"@id":"https:\/\/franciscanos.org.br\/carisma\/#\/schema\/person\/e352342a457f086dc6152f9c73a3d093"},"breadcrumb":{"@id":"https:\/\/franciscanos.org.br\/carisma\/trabalhar-sem-perder-o-espirito-da-santa-oracao-2.html#breadcrumb"},"inLanguage":"pt-BR","potentialAction":[{"@type":"ReadAction","target":["https:\/\/franciscanos.org.br\/carisma\/trabalhar-sem-perder-o-espirito-da-santa-oracao-2.html"]}]},{"@type":"BreadcrumbList","@id":"https:\/\/franciscanos.org.br\/carisma\/trabalhar-sem-perder-o-espirito-da-santa-oracao-2.html#breadcrumb","itemListElement":[{"@type":"ListItem","position":1,"name":"Home","item":"https:\/\/franciscanos.org.br\/carisma"},{"@type":"ListItem","position":2,"name":"Trabalhar sem perder o esp\u00edrito da santa ora\u00e7\u00e3o"}]},{"@type":"Person","@id":"https:\/\/franciscanos.org.br\/carisma\/#\/schema\/person\/e352342a457f086dc6152f9c73a3d093","name":"admin","image":{"@type":"ImageObject","inLanguage":"pt-BR","@id":"https:\/\/franciscanos.org.br\/carisma\/#\/schema\/person\/image\/","url":"https:\/\/secure.gravatar.com\/avatar\/e8495742d34d0ba6448ea1c628263b3e?s=96&d=mm&r=g","contentUrl":"https:\/\/secure.gravatar.com\/avatar\/e8495742d34d0ba6448ea1c628263b3e?s=96&d=mm&r=g","caption":"admin"},"url":"https:\/\/franciscanos.org.br\/carisma\/author\/admin"}]}},"_links":{"self":[{"href":"https:\/\/franciscanos.org.br\/carisma\/wp-json\/wp\/v2\/posts\/97799"}],"collection":[{"href":"https:\/\/franciscanos.org.br\/carisma\/wp-json\/wp\/v2\/posts"}],"about":[{"href":"https:\/\/franciscanos.org.br\/carisma\/wp-json\/wp\/v2\/types\/post"}],"author":[{"embeddable":true,"href":"https:\/\/franciscanos.org.br\/carisma\/wp-json\/wp\/v2\/users\/1"}],"replies":[{"embeddable":true,"href":"https:\/\/franciscanos.org.br\/carisma\/wp-json\/wp\/v2\/comments?post=97799"}],"version-history":[{"count":0,"href":"https:\/\/franciscanos.org.br\/carisma\/wp-json\/wp\/v2\/posts\/97799\/revisions"}],"wp:featuredmedia":[{"embeddable":true,"href":"https:\/\/franciscanos.org.br\/carisma\/wp-json\/wp\/v2\/media\/174707"}],"wp:attachment":[{"href":"https:\/\/franciscanos.org.br\/carisma\/wp-json\/wp\/v2\/media?parent=97799"}],"wp:term":[{"taxonomy":"category","embeddable":true,"href":"https:\/\/franciscanos.org.br\/carisma\/wp-json\/wp\/v2\/categories?post=97799"},{"taxonomy":"post_tag","embeddable":true,"href":"https:\/\/franciscanos.org.br\/carisma\/wp-json\/wp\/v2\/tags?post=97799"}],"curies":[{"name":"wp","href":"https:\/\/api.w.org\/{rel}","templated":true}]}}