{"id":95716,"date":"2015-10-04T06:53:25","date_gmt":"2015-10-04T09:53:25","guid":{"rendered":"http:\/\/franciscanos.org.br\/?p=95716"},"modified":"2019-09-17T07:23:51","modified_gmt":"2019-09-17T10:23:51","slug":"a-passagem-do-grande-passante-reflexao-para-hoje","status":"publish","type":"post","link":"https:\/\/franciscanos.org.br\/carisma\/a-passagem-do-grande-passante-reflexao-para-hoje.html","title":{"rendered":"A passagem do grande passante"},"content":{"rendered":"<p><img loading=\"lazy\" src=\"http:\/\/franciscanos.org.br\/wp-content\/uploads\/2015\/10\/morte1.jpg\" alt=\"morte\" width=\"820\" height=\"330\" \/><\/p>\n<p>Festa de Francisco de Assis! O mundo devia parar e contemplar esse que \u00e9 o Cristo redivivo, aquele que reescreveu em sua carne e em seu esp\u00edrito a vida de Cristo Jesus. Um Cristo entre n\u00f3s. O Papa Francisco est\u00e1 se deixando embeber do esp\u00edrito do <em>Poverello<\/em> e anda cantando cantigas simples que respiram o ar de Assis.<\/p>\n<p>Ele fora um homem das passagens. De lugar em lugar, sem domic\u00edlio, como forasteiro e peregrino, andando sempre em frente, ciente de que n\u00e3o \u00e9 poss\u00edvel instalar-se. Caminhar por estradas interiores, sair de um estado de busca em busca para sempre contemplar mais nitidamente o semblante do Amado que ele beija no leproso, saboreia ao ouvir suas palavras, adora na Eucaristia.<\/p>\n<p>Tantos irm\u00e3os e tantas irm\u00e3s. Os frades simples e humildes como Le\u00e3o e Jun\u00edpero, o culto e douto Ant\u00f4nio, professor, a irm\u00e3 Clara. Todos foram se enfileirando atr\u00e1s dele numa alegre prociss\u00e3o e num cortejo de gente nova.<\/p>\n<p>Num determinado momento era a hora de acolher com respeito a chegada da irm\u00e3 Morte que o levaria pela m\u00e3o a fazer a \u00faltima passagem e conduziria \u00e0 terra dos vivos.<\/p>\n<p>\u00c0 notinha do dia 3 de um outubro de muitos anos e s\u00e9culos passados, Francisco foi estendido em terra, na terra nua. \u00c0 volta os frades todos.<\/p>\n<p>\u201cE eis que um esfor\u00e7o de voz, cortado de agonias, come\u00e7a Francisco a entoar: A minha voz clama pelo Senhor, a minha voz sobe ao Senhor&#8230; Senhor, atende \u00e0 minha prece, pois me sinto deveras abatido. Livra-me dos meus perseguidores que s\u00e3o mais fortes do que eu. Arranca a minha alma desta pris\u00e3o para que eu louve o teu nome: os justos me coroar\u00e3o quando me tenhas feito justi\u00e7a\u201d. Assim descreve Frei Fernando F\u00e9lix Lopes, OFM (*).<\/p>\n<p>E ele continua: \u201cFr\u00e1gil barquinha que a tempestade arrastou ao mar alto, e de destro\u00e7a no embater com penedos solit\u00e1rios. Arromba-se o costado, caem rotas as velas, e em peda\u00e7os os mastros; e daquele ranger de destro\u00e7os, voz de crian\u00e7a, arg\u00eantea e bela, ergue-se e voa; \u00e9 a voz de tanta alegria que o mar se aquieta a escutar, como se um novo Orfeu tirasse dons in\u00e9ditos de uma nova lira\u201d.<\/p>\n<p>Francisco termina sua peregrina\u00e7\u00e3o. \u00c9 a celebra\u00e7\u00e3o de sua \u00faltima p\u00e1scoa. \u201cDaquele corpo em destro\u00e7os, ali estendido no ch\u00e3o, cresce e sobe a apagar-se, na dist\u00e2ncia das Alturas a melodia do salmo. E, subindo, a voz como se fora de um homem renascido na justi\u00e7a original, voz de crian\u00e7a, arg\u00eantea e bela, abre nas trevas da noite esteira de tanta luz que arrasta consigo um bando de cotovias entontecidas por aquela madrugada nova (&#8230;) Voara para os c\u00e9us um homem, um poeta, uma vis\u00e3o nova da vida: um homem como este n\u00e3o apareceu mais sobre a Terra!\u201d<br \/>\n<em>(*) O Poverello S.Francisco de Assis, Pe. Fernando F. Lopes, OFM, Editorial Franciscana de Braga, p. 493<\/em><\/p>\n<p><strong>Frei Almir Guimar\u00e3es<\/strong><\/p>\n","protected":false},"excerpt":{"rendered":"<p>Artigo de Frei Almir Guimar\u00e3es<\/p>\n","protected":false},"author":1,"featured_media":176686,"comment_status":"open","ping_status":"open","sticky":false,"template":"","format":"standard","meta":[],"categories":[11],"tags":[107],"yoast_head":"<!-- This site is optimized with the Yoast SEO plugin v19.2 - https:\/\/yoast.com\/wordpress\/plugins\/seo\/ -->\n<title>A passagem do grande passante - Carisma - Franciscanos<\/title>\n<meta name=\"robots\" content=\"index, follow, max-snippet:-1, max-image-preview:large, max-video-preview:-1\" \/>\n<link rel=\"canonical\" href=\"https:\/\/franciscanos.org.br\/carisma\/a-passagem-do-grande-passante-reflexao-para-hoje.html\" \/>\n<meta property=\"og:locale\" content=\"pt_BR\" \/>\n<meta property=\"og:type\" content=\"article\" \/>\n<meta property=\"og:title\" content=\"A passagem do grande passante - Carisma - Franciscanos\" \/>\n<meta property=\"og:description\" content=\"Artigo de Frei Almir Guimar\u00e3es\" \/>\n<meta property=\"og:url\" content=\"https:\/\/franciscanos.org.br\/carisma\/a-passagem-do-grande-passante-reflexao-para-hoje.html\" \/>\n<meta property=\"og:site_name\" content=\"Carisma - Franciscanos\" \/>\n<meta property=\"article:published_time\" content=\"2015-10-04T09:53:25+00:00\" \/>\n<meta property=\"article:modified_time\" content=\"2019-09-17T10:23:51+00:00\" \/>\n<meta property=\"og:image\" content=\"https:\/\/franciscanos.org.br\/carisma\/wp-content\/uploads\/2015\/10\/francisco_17.jpg\" \/>\n\t<meta property=\"og:image:width\" content=\"273\" \/>\n\t<meta property=\"og:image:height\" content=\"181\" \/>\n\t<meta property=\"og:image:type\" content=\"image\/jpeg\" \/>\n<meta name=\"author\" content=\"admin\" \/>\n<meta name=\"twitter:card\" content=\"summary_large_image\" \/>\n<meta name=\"twitter:label1\" content=\"Escrito por\" \/>\n\t<meta name=\"twitter:data1\" content=\"admin\" \/>\n\t<meta name=\"twitter:label2\" content=\"Est. tempo de leitura\" \/>\n\t<meta name=\"twitter:data2\" content=\"3 minutos\" \/>\n<script type=\"application\/ld+json\" class=\"yoast-schema-graph\">{\"@context\":\"https:\/\/schema.org\",\"@graph\":[{\"@type\":\"WebSite\",\"@id\":\"https:\/\/franciscanos.org.br\/carisma\/#website\",\"url\":\"https:\/\/franciscanos.org.br\/carisma\/\",\"name\":\"Carisma - Franciscanos\",\"description\":\"Prov\u00edncia Franciscana da Imaculada Concei\u00e7\u00e3o do Brasil - Ordem dos Frades Menores\",\"potentialAction\":[{\"@type\":\"SearchAction\",\"target\":{\"@type\":\"EntryPoint\",\"urlTemplate\":\"https:\/\/franciscanos.org.br\/carisma\/?s={search_term_string}\"},\"query-input\":\"required name=search_term_string\"}],\"inLanguage\":\"pt-BR\"},{\"@type\":\"ImageObject\",\"inLanguage\":\"pt-BR\",\"@id\":\"https:\/\/franciscanos.org.br\/carisma\/a-passagem-do-grande-passante-reflexao-para-hoje.html#primaryimage\",\"url\":\"https:\/\/franciscanos.org.br\/carisma\/wp-content\/uploads\/2015\/10\/francisco_17.jpg\",\"contentUrl\":\"https:\/\/franciscanos.org.br\/carisma\/wp-content\/uploads\/2015\/10\/francisco_17.jpg\",\"width\":273,\"height\":181},{\"@type\":\"WebPage\",\"@id\":\"https:\/\/franciscanos.org.br\/carisma\/a-passagem-do-grande-passante-reflexao-para-hoje.html#webpage\",\"url\":\"https:\/\/franciscanos.org.br\/carisma\/a-passagem-do-grande-passante-reflexao-para-hoje.html\",\"name\":\"A passagem do grande passante - Carisma - Franciscanos\",\"isPartOf\":{\"@id\":\"https:\/\/franciscanos.org.br\/carisma\/#website\"},\"primaryImageOfPage\":{\"@id\":\"https:\/\/franciscanos.org.br\/carisma\/a-passagem-do-grande-passante-reflexao-para-hoje.html#primaryimage\"},\"datePublished\":\"2015-10-04T09:53:25+00:00\",\"dateModified\":\"2019-09-17T10:23:51+00:00\",\"author\":{\"@id\":\"https:\/\/franciscanos.org.br\/carisma\/#\/schema\/person\/e352342a457f086dc6152f9c73a3d093\"},\"breadcrumb\":{\"@id\":\"https:\/\/franciscanos.org.br\/carisma\/a-passagem-do-grande-passante-reflexao-para-hoje.html#breadcrumb\"},\"inLanguage\":\"pt-BR\",\"potentialAction\":[{\"@type\":\"ReadAction\",\"target\":[\"https:\/\/franciscanos.org.br\/carisma\/a-passagem-do-grande-passante-reflexao-para-hoje.html\"]}]},{\"@type\":\"BreadcrumbList\",\"@id\":\"https:\/\/franciscanos.org.br\/carisma\/a-passagem-do-grande-passante-reflexao-para-hoje.html#breadcrumb\",\"itemListElement\":[{\"@type\":\"ListItem\",\"position\":1,\"name\":\"Home\",\"item\":\"https:\/\/franciscanos.org.br\/carisma\"},{\"@type\":\"ListItem\",\"position\":2,\"name\":\"A passagem do grande passante\"}]},{\"@type\":\"Person\",\"@id\":\"https:\/\/franciscanos.org.br\/carisma\/#\/schema\/person\/e352342a457f086dc6152f9c73a3d093\",\"name\":\"admin\",\"image\":{\"@type\":\"ImageObject\",\"inLanguage\":\"pt-BR\",\"@id\":\"https:\/\/franciscanos.org.br\/carisma\/#\/schema\/person\/image\/\",\"url\":\"https:\/\/secure.gravatar.com\/avatar\/e8495742d34d0ba6448ea1c628263b3e?s=96&d=mm&r=g\",\"contentUrl\":\"https:\/\/secure.gravatar.com\/avatar\/e8495742d34d0ba6448ea1c628263b3e?s=96&d=mm&r=g\",\"caption\":\"admin\"},\"url\":\"https:\/\/franciscanos.org.br\/carisma\/author\/admin\"}]}<\/script>\n<!-- \/ Yoast SEO plugin. -->","yoast_head_json":{"title":"A passagem do grande passante - Carisma - Franciscanos","robots":{"index":"index","follow":"follow","max-snippet":"max-snippet:-1","max-image-preview":"max-image-preview:large","max-video-preview":"max-video-preview:-1"},"canonical":"https:\/\/franciscanos.org.br\/carisma\/a-passagem-do-grande-passante-reflexao-para-hoje.html","og_locale":"pt_BR","og_type":"article","og_title":"A passagem do grande passante - Carisma - Franciscanos","og_description":"Artigo de Frei Almir Guimar\u00e3es","og_url":"https:\/\/franciscanos.org.br\/carisma\/a-passagem-do-grande-passante-reflexao-para-hoje.html","og_site_name":"Carisma - Franciscanos","article_published_time":"2015-10-04T09:53:25+00:00","article_modified_time":"2019-09-17T10:23:51+00:00","og_image":[{"width":273,"height":181,"url":"https:\/\/franciscanos.org.br\/carisma\/wp-content\/uploads\/2015\/10\/francisco_17.jpg","type":"image\/jpeg"}],"author":"admin","twitter_card":"summary_large_image","twitter_misc":{"Escrito por":"admin","Est. tempo de leitura":"3 minutos"},"schema":{"@context":"https:\/\/schema.org","@graph":[{"@type":"WebSite","@id":"https:\/\/franciscanos.org.br\/carisma\/#website","url":"https:\/\/franciscanos.org.br\/carisma\/","name":"Carisma - Franciscanos","description":"Prov\u00edncia Franciscana da Imaculada Concei\u00e7\u00e3o do Brasil - Ordem dos Frades Menores","potentialAction":[{"@type":"SearchAction","target":{"@type":"EntryPoint","urlTemplate":"https:\/\/franciscanos.org.br\/carisma\/?s={search_term_string}"},"query-input":"required name=search_term_string"}],"inLanguage":"pt-BR"},{"@type":"ImageObject","inLanguage":"pt-BR","@id":"https:\/\/franciscanos.org.br\/carisma\/a-passagem-do-grande-passante-reflexao-para-hoje.html#primaryimage","url":"https:\/\/franciscanos.org.br\/carisma\/wp-content\/uploads\/2015\/10\/francisco_17.jpg","contentUrl":"https:\/\/franciscanos.org.br\/carisma\/wp-content\/uploads\/2015\/10\/francisco_17.jpg","width":273,"height":181},{"@type":"WebPage","@id":"https:\/\/franciscanos.org.br\/carisma\/a-passagem-do-grande-passante-reflexao-para-hoje.html#webpage","url":"https:\/\/franciscanos.org.br\/carisma\/a-passagem-do-grande-passante-reflexao-para-hoje.html","name":"A passagem do grande passante - Carisma - Franciscanos","isPartOf":{"@id":"https:\/\/franciscanos.org.br\/carisma\/#website"},"primaryImageOfPage":{"@id":"https:\/\/franciscanos.org.br\/carisma\/a-passagem-do-grande-passante-reflexao-para-hoje.html#primaryimage"},"datePublished":"2015-10-04T09:53:25+00:00","dateModified":"2019-09-17T10:23:51+00:00","author":{"@id":"https:\/\/franciscanos.org.br\/carisma\/#\/schema\/person\/e352342a457f086dc6152f9c73a3d093"},"breadcrumb":{"@id":"https:\/\/franciscanos.org.br\/carisma\/a-passagem-do-grande-passante-reflexao-para-hoje.html#breadcrumb"},"inLanguage":"pt-BR","potentialAction":[{"@type":"ReadAction","target":["https:\/\/franciscanos.org.br\/carisma\/a-passagem-do-grande-passante-reflexao-para-hoje.html"]}]},{"@type":"BreadcrumbList","@id":"https:\/\/franciscanos.org.br\/carisma\/a-passagem-do-grande-passante-reflexao-para-hoje.html#breadcrumb","itemListElement":[{"@type":"ListItem","position":1,"name":"Home","item":"https:\/\/franciscanos.org.br\/carisma"},{"@type":"ListItem","position":2,"name":"A passagem do grande passante"}]},{"@type":"Person","@id":"https:\/\/franciscanos.org.br\/carisma\/#\/schema\/person\/e352342a457f086dc6152f9c73a3d093","name":"admin","image":{"@type":"ImageObject","inLanguage":"pt-BR","@id":"https:\/\/franciscanos.org.br\/carisma\/#\/schema\/person\/image\/","url":"https:\/\/secure.gravatar.com\/avatar\/e8495742d34d0ba6448ea1c628263b3e?s=96&d=mm&r=g","contentUrl":"https:\/\/secure.gravatar.com\/avatar\/e8495742d34d0ba6448ea1c628263b3e?s=96&d=mm&r=g","caption":"admin"},"url":"https:\/\/franciscanos.org.br\/carisma\/author\/admin"}]}},"_links":{"self":[{"href":"https:\/\/franciscanos.org.br\/carisma\/wp-json\/wp\/v2\/posts\/95716"}],"collection":[{"href":"https:\/\/franciscanos.org.br\/carisma\/wp-json\/wp\/v2\/posts"}],"about":[{"href":"https:\/\/franciscanos.org.br\/carisma\/wp-json\/wp\/v2\/types\/post"}],"author":[{"embeddable":true,"href":"https:\/\/franciscanos.org.br\/carisma\/wp-json\/wp\/v2\/users\/1"}],"replies":[{"embeddable":true,"href":"https:\/\/franciscanos.org.br\/carisma\/wp-json\/wp\/v2\/comments?post=95716"}],"version-history":[{"count":2,"href":"https:\/\/franciscanos.org.br\/carisma\/wp-json\/wp\/v2\/posts\/95716\/revisions"}],"predecessor-version":[{"id":176687,"href":"https:\/\/franciscanos.org.br\/carisma\/wp-json\/wp\/v2\/posts\/95716\/revisions\/176687"}],"wp:featuredmedia":[{"embeddable":true,"href":"https:\/\/franciscanos.org.br\/carisma\/wp-json\/wp\/v2\/media\/176686"}],"wp:attachment":[{"href":"https:\/\/franciscanos.org.br\/carisma\/wp-json\/wp\/v2\/media?parent=95716"}],"wp:term":[{"taxonomy":"category","embeddable":true,"href":"https:\/\/franciscanos.org.br\/carisma\/wp-json\/wp\/v2\/categories?post=95716"},{"taxonomy":"post_tag","embeddable":true,"href":"https:\/\/franciscanos.org.br\/carisma\/wp-json\/wp\/v2\/tags?post=95716"}],"curies":[{"name":"wp","href":"https:\/\/api.w.org\/{rel}","templated":true}]}}