{"id":95598,"date":"2015-10-03T16:53:39","date_gmt":"2015-10-03T19:53:39","guid":{"rendered":"http:\/\/franciscanos.org.br\/?p=95598"},"modified":"2015-10-03T16:53:39","modified_gmt":"2015-10-03T19:53:39","slug":"francisco-um-homem-feito-oracao","status":"publish","type":"post","link":"https:\/\/franciscanos.org.br\/carisma\/francisco-um-homem-feito-oracao.html","title":{"rendered":"Francisco, um homem feito ora\u00e7\u00e3o"},"content":{"rendered":"<p><img loading=\"lazy\" src=\"http:\/\/franciscanos.org.br\/wp-content\/uploads\/2015\/10\/francisco_03.jpg\" alt=\"francisco_03\" width=\"820\" height=\"619\" \/><\/p>\n<p>Francisco vive e se move em Deus. Isto quer dizer que vive da ora\u00e7\u00e3o.<\/p>\n<p>A ora\u00e7\u00e3o pertencia t\u00e3o plenamente \u00e0 natureza do santo que se poderia dizer: a ora\u00e7\u00e3o era sua ess\u00eancia. Celano se atreve a dizer: \u201cQuando Francisco orava, todo o seu ser era ora\u00e7\u00e3o\u201d (2Celano 95).<\/p>\n<p>Sua ora\u00e7\u00e3o era muito mais louvor do que pedido, tanto assim que Celano p\u00f4de resumir todo o processo de sua convers\u00e3o em forma de ora\u00e7\u00e3o: \u201cDeus colocou na boca do pr\u00f3digo Francisco o freio do louvor\u201d (1Celano,2).<\/p>\n<p>Este clamor de adora\u00e7\u00e3o a Deus foi a sua salva\u00e7\u00e3o. Tamb\u00e9m ele cai, como mais tarde Lutero, em ang\u00fastias e terror. Seu \u201cref\u00fagio\u201d se torna ent\u00e3o a ora\u00e7\u00e3o que o faz triunfar sobre os assaltos do inimigo: ele se ajoelhava em adora\u00e7\u00e3o. Ao final da Regra n\u00e3o-bulada encontra-se uma ora\u00e7\u00e3o. A ideia central est\u00e1 na quarta frase: \u201cTodos n\u00f3s somos pobres pecadores\u201d. E assim mesmo, a forma de ora\u00e7\u00e3o de Francisco \u00e9 sobretudo de a\u00e7\u00e3o de gra\u00e7as, seja diretamente ou por interm\u00e9dio de Maria ou dos santos. Nesta atitude, amplamente aberta, para acima e para fora, se rompe a estreiteza do individual e se supera o perigo de uma concentra\u00e7\u00e3o subjetivista: louvor, a\u00e7\u00e3o de gra\u00e7as e adora\u00e7\u00e3o no amor.<\/p>\n<p>A isso corresponde a forma fundamental de sua ora\u00e7\u00e3o: n\u00e3o era o desenrolar de uma s\u00e9rie ordenada e l\u00f3gica de pensamentos. Era antes feita de breves invoca\u00e7\u00f5es, de balbuciante louvor ao Alt\u00edssimo num crescendo de superlativos justapostos: louvor, admira\u00e7\u00e3o, glorifica\u00e7\u00e3o&#8230;<\/p>\n<p>Encontramos esta forma precisamente nas passagens que jorram mais espontaneamente na alma do santo: no C\u00e2ntico do Irm\u00e3o Sol, no Te Deum para Frei Le\u00e3o, ou nos Louvores ou Sanctus que Francisco cantou com Frei Le\u00e3o. A\u00ed se encontra esta ora\u00e7\u00e3o t\u00edpica: \u201cOnipotente, Sant\u00edssimo, Alt\u00edssimo e Sumo Deus. Tu \u00e9s o Sumo Bem, todo o Bem. Bem universal. Tu \u00e9s o \u00fanico Bem! A ti todo o louvor e toda gl\u00f3ria, toda a\u00e7\u00e3o de gra\u00e7as, toda honra, toda b\u00ean\u00e7\u00e3o, todo bem. Sim, tudo! Am\u00e9m\u201d.<\/p>\n<p><em>Francisco de Assis, O santo incompar\u00e1vel, Vozes\/CEFEPAL, p. 45-46<\/em><\/p>\n","protected":false},"excerpt":{"rendered":"<p>Franciscanamente<\/p>\n","protected":false},"author":1,"featured_media":174704,"comment_status":"open","ping_status":"open","sticky":false,"template":"","format":"standard","meta":[],"categories":[11],"tags":[],"yoast_head":"<!-- This site is optimized with the Yoast SEO plugin v19.2 - https:\/\/yoast.com\/wordpress\/plugins\/seo\/ -->\n<title>Francisco, um homem feito ora\u00e7\u00e3o - Carisma - Franciscanos<\/title>\n<meta name=\"robots\" content=\"index, follow, max-snippet:-1, max-image-preview:large, max-video-preview:-1\" \/>\n<link rel=\"canonical\" href=\"https:\/\/franciscanos.org.br\/carisma\/francisco-um-homem-feito-oracao.html\" \/>\n<meta property=\"og:locale\" content=\"pt_BR\" \/>\n<meta property=\"og:type\" content=\"article\" \/>\n<meta property=\"og:title\" content=\"Francisco, um homem feito ora\u00e7\u00e3o - Carisma - Franciscanos\" \/>\n<meta property=\"og:description\" content=\"Franciscanamente\" \/>\n<meta property=\"og:url\" content=\"https:\/\/franciscanos.org.br\/carisma\/francisco-um-homem-feito-oracao.html\" \/>\n<meta property=\"og:site_name\" content=\"Carisma - Franciscanos\" \/>\n<meta property=\"article:published_time\" content=\"2015-10-03T19:53:39+00:00\" \/>\n<meta property=\"og:image\" content=\"https:\/\/franciscanos.org.br\/carisma\/wp-content\/uploads\/2018\/10\/francisco_03.jpg\" \/>\n\t<meta property=\"og:image:width\" content=\"820\" \/>\n\t<meta property=\"og:image:height\" content=\"619\" \/>\n\t<meta property=\"og:image:type\" content=\"image\/jpeg\" \/>\n<meta name=\"author\" content=\"admin\" \/>\n<meta name=\"twitter:card\" content=\"summary_large_image\" \/>\n<meta name=\"twitter:label1\" content=\"Escrito por\" \/>\n\t<meta name=\"twitter:data1\" content=\"admin\" \/>\n\t<meta name=\"twitter:label2\" content=\"Est. tempo de leitura\" \/>\n\t<meta name=\"twitter:data2\" content=\"2 minutos\" \/>\n<script type=\"application\/ld+json\" class=\"yoast-schema-graph\">{\"@context\":\"https:\/\/schema.org\",\"@graph\":[{\"@type\":\"WebSite\",\"@id\":\"https:\/\/franciscanos.org.br\/carisma\/#website\",\"url\":\"https:\/\/franciscanos.org.br\/carisma\/\",\"name\":\"Carisma - Franciscanos\",\"description\":\"Prov\u00edncia Franciscana da Imaculada Concei\u00e7\u00e3o do Brasil - Ordem dos Frades Menores\",\"potentialAction\":[{\"@type\":\"SearchAction\",\"target\":{\"@type\":\"EntryPoint\",\"urlTemplate\":\"https:\/\/franciscanos.org.br\/carisma\/?s={search_term_string}\"},\"query-input\":\"required name=search_term_string\"}],\"inLanguage\":\"pt-BR\"},{\"@type\":\"ImageObject\",\"inLanguage\":\"pt-BR\",\"@id\":\"https:\/\/franciscanos.org.br\/carisma\/francisco-um-homem-feito-oracao.html#primaryimage\",\"url\":\"https:\/\/franciscanos.org.br\/carisma\/wp-content\/uploads\/2018\/10\/francisco_03.jpg\",\"contentUrl\":\"https:\/\/franciscanos.org.br\/carisma\/wp-content\/uploads\/2018\/10\/francisco_03.jpg\",\"width\":820,\"height\":619},{\"@type\":\"WebPage\",\"@id\":\"https:\/\/franciscanos.org.br\/carisma\/francisco-um-homem-feito-oracao.html#webpage\",\"url\":\"https:\/\/franciscanos.org.br\/carisma\/francisco-um-homem-feito-oracao.html\",\"name\":\"Francisco, um homem feito ora\u00e7\u00e3o - Carisma - Franciscanos\",\"isPartOf\":{\"@id\":\"https:\/\/franciscanos.org.br\/carisma\/#website\"},\"primaryImageOfPage\":{\"@id\":\"https:\/\/franciscanos.org.br\/carisma\/francisco-um-homem-feito-oracao.html#primaryimage\"},\"datePublished\":\"2015-10-03T19:53:39+00:00\",\"dateModified\":\"2015-10-03T19:53:39+00:00\",\"author\":{\"@id\":\"https:\/\/franciscanos.org.br\/carisma\/#\/schema\/person\/e352342a457f086dc6152f9c73a3d093\"},\"breadcrumb\":{\"@id\":\"https:\/\/franciscanos.org.br\/carisma\/francisco-um-homem-feito-oracao.html#breadcrumb\"},\"inLanguage\":\"pt-BR\",\"potentialAction\":[{\"@type\":\"ReadAction\",\"target\":[\"https:\/\/franciscanos.org.br\/carisma\/francisco-um-homem-feito-oracao.html\"]}]},{\"@type\":\"BreadcrumbList\",\"@id\":\"https:\/\/franciscanos.org.br\/carisma\/francisco-um-homem-feito-oracao.html#breadcrumb\",\"itemListElement\":[{\"@type\":\"ListItem\",\"position\":1,\"name\":\"Home\",\"item\":\"https:\/\/franciscanos.org.br\/carisma\"},{\"@type\":\"ListItem\",\"position\":2,\"name\":\"Francisco, um homem feito ora\u00e7\u00e3o\"}]},{\"@type\":\"Person\",\"@id\":\"https:\/\/franciscanos.org.br\/carisma\/#\/schema\/person\/e352342a457f086dc6152f9c73a3d093\",\"name\":\"admin\",\"image\":{\"@type\":\"ImageObject\",\"inLanguage\":\"pt-BR\",\"@id\":\"https:\/\/franciscanos.org.br\/carisma\/#\/schema\/person\/image\/\",\"url\":\"https:\/\/secure.gravatar.com\/avatar\/e8495742d34d0ba6448ea1c628263b3e?s=96&d=mm&r=g\",\"contentUrl\":\"https:\/\/secure.gravatar.com\/avatar\/e8495742d34d0ba6448ea1c628263b3e?s=96&d=mm&r=g\",\"caption\":\"admin\"},\"url\":\"https:\/\/franciscanos.org.br\/carisma\/author\/admin\"}]}<\/script>\n<!-- \/ Yoast SEO plugin. -->","yoast_head_json":{"title":"Francisco, um homem feito ora\u00e7\u00e3o - Carisma - Franciscanos","robots":{"index":"index","follow":"follow","max-snippet":"max-snippet:-1","max-image-preview":"max-image-preview:large","max-video-preview":"max-video-preview:-1"},"canonical":"https:\/\/franciscanos.org.br\/carisma\/francisco-um-homem-feito-oracao.html","og_locale":"pt_BR","og_type":"article","og_title":"Francisco, um homem feito ora\u00e7\u00e3o - Carisma - Franciscanos","og_description":"Franciscanamente","og_url":"https:\/\/franciscanos.org.br\/carisma\/francisco-um-homem-feito-oracao.html","og_site_name":"Carisma - Franciscanos","article_published_time":"2015-10-03T19:53:39+00:00","og_image":[{"width":820,"height":619,"url":"https:\/\/franciscanos.org.br\/carisma\/wp-content\/uploads\/2018\/10\/francisco_03.jpg","type":"image\/jpeg"}],"author":"admin","twitter_card":"summary_large_image","twitter_misc":{"Escrito por":"admin","Est. tempo de leitura":"2 minutos"},"schema":{"@context":"https:\/\/schema.org","@graph":[{"@type":"WebSite","@id":"https:\/\/franciscanos.org.br\/carisma\/#website","url":"https:\/\/franciscanos.org.br\/carisma\/","name":"Carisma - Franciscanos","description":"Prov\u00edncia Franciscana da Imaculada Concei\u00e7\u00e3o do Brasil - Ordem dos Frades Menores","potentialAction":[{"@type":"SearchAction","target":{"@type":"EntryPoint","urlTemplate":"https:\/\/franciscanos.org.br\/carisma\/?s={search_term_string}"},"query-input":"required name=search_term_string"}],"inLanguage":"pt-BR"},{"@type":"ImageObject","inLanguage":"pt-BR","@id":"https:\/\/franciscanos.org.br\/carisma\/francisco-um-homem-feito-oracao.html#primaryimage","url":"https:\/\/franciscanos.org.br\/carisma\/wp-content\/uploads\/2018\/10\/francisco_03.jpg","contentUrl":"https:\/\/franciscanos.org.br\/carisma\/wp-content\/uploads\/2018\/10\/francisco_03.jpg","width":820,"height":619},{"@type":"WebPage","@id":"https:\/\/franciscanos.org.br\/carisma\/francisco-um-homem-feito-oracao.html#webpage","url":"https:\/\/franciscanos.org.br\/carisma\/francisco-um-homem-feito-oracao.html","name":"Francisco, um homem feito ora\u00e7\u00e3o - Carisma - Franciscanos","isPartOf":{"@id":"https:\/\/franciscanos.org.br\/carisma\/#website"},"primaryImageOfPage":{"@id":"https:\/\/franciscanos.org.br\/carisma\/francisco-um-homem-feito-oracao.html#primaryimage"},"datePublished":"2015-10-03T19:53:39+00:00","dateModified":"2015-10-03T19:53:39+00:00","author":{"@id":"https:\/\/franciscanos.org.br\/carisma\/#\/schema\/person\/e352342a457f086dc6152f9c73a3d093"},"breadcrumb":{"@id":"https:\/\/franciscanos.org.br\/carisma\/francisco-um-homem-feito-oracao.html#breadcrumb"},"inLanguage":"pt-BR","potentialAction":[{"@type":"ReadAction","target":["https:\/\/franciscanos.org.br\/carisma\/francisco-um-homem-feito-oracao.html"]}]},{"@type":"BreadcrumbList","@id":"https:\/\/franciscanos.org.br\/carisma\/francisco-um-homem-feito-oracao.html#breadcrumb","itemListElement":[{"@type":"ListItem","position":1,"name":"Home","item":"https:\/\/franciscanos.org.br\/carisma"},{"@type":"ListItem","position":2,"name":"Francisco, um homem feito ora\u00e7\u00e3o"}]},{"@type":"Person","@id":"https:\/\/franciscanos.org.br\/carisma\/#\/schema\/person\/e352342a457f086dc6152f9c73a3d093","name":"admin","image":{"@type":"ImageObject","inLanguage":"pt-BR","@id":"https:\/\/franciscanos.org.br\/carisma\/#\/schema\/person\/image\/","url":"https:\/\/secure.gravatar.com\/avatar\/e8495742d34d0ba6448ea1c628263b3e?s=96&d=mm&r=g","contentUrl":"https:\/\/secure.gravatar.com\/avatar\/e8495742d34d0ba6448ea1c628263b3e?s=96&d=mm&r=g","caption":"admin"},"url":"https:\/\/franciscanos.org.br\/carisma\/author\/admin"}]}},"_links":{"self":[{"href":"https:\/\/franciscanos.org.br\/carisma\/wp-json\/wp\/v2\/posts\/95598"}],"collection":[{"href":"https:\/\/franciscanos.org.br\/carisma\/wp-json\/wp\/v2\/posts"}],"about":[{"href":"https:\/\/franciscanos.org.br\/carisma\/wp-json\/wp\/v2\/types\/post"}],"author":[{"embeddable":true,"href":"https:\/\/franciscanos.org.br\/carisma\/wp-json\/wp\/v2\/users\/1"}],"replies":[{"embeddable":true,"href":"https:\/\/franciscanos.org.br\/carisma\/wp-json\/wp\/v2\/comments?post=95598"}],"version-history":[{"count":0,"href":"https:\/\/franciscanos.org.br\/carisma\/wp-json\/wp\/v2\/posts\/95598\/revisions"}],"wp:featuredmedia":[{"embeddable":true,"href":"https:\/\/franciscanos.org.br\/carisma\/wp-json\/wp\/v2\/media\/174704"}],"wp:attachment":[{"href":"https:\/\/franciscanos.org.br\/carisma\/wp-json\/wp\/v2\/media?parent=95598"}],"wp:term":[{"taxonomy":"category","embeddable":true,"href":"https:\/\/franciscanos.org.br\/carisma\/wp-json\/wp\/v2\/categories?post=95598"},{"taxonomy":"post_tag","embeddable":true,"href":"https:\/\/franciscanos.org.br\/carisma\/wp-json\/wp\/v2\/tags?post=95598"}],"curies":[{"name":"wp","href":"https:\/\/api.w.org\/{rel}","templated":true}]}}